{"id":146569,"date":"2023-09-28T16:38:01","date_gmt":"2023-09-28T16:38:01","guid":{"rendered":"https:\/\/focus.s.nomatter.dev\/es\/?p=146569"},"modified":"2023-09-28T17:05:13","modified_gmt":"2023-09-28T17:05:13","slug":"como-afectara-la-sequia-del-canal-de-panama-a-la-economia-y-al-comercio-mundial","status":"publish","type":"post","link":"https:\/\/focus.s.nomatter.dev\/es\/blog\/como-afectara-la-sequia-del-canal-de-panama-a-la-economia-y-al-comercio-mundial\/","title":{"rendered":"\u00bfC\u00f3mo afectar\u00e1 la sequ\u00eda del Canal de Panam\u00e1 a la econom\u00eda y al comercio mundial?"},"content":{"rendered":"<p><strong>Alteraciones meteorol\u00f3gicas: <\/strong><\/p>\n<p>Panam\u00e1, el quinto pa\u00eds m\u00e1s lluvioso del mundo, atraviesa una de las temporadas m\u00e1s secas jam\u00e1s registradas debido al cambio clim\u00e1tico y a una gesti\u00f3n ineficaz del agua. Las escasas precipitaciones de este a\u00f1o han llevado el nivel de agua del Canal de Panam\u00e1 a m\u00ednimos casi hist\u00f3ricos. Consecuencias inmediatas: Como respuesta, las autoridades han impuesto restricciones al n\u00famero de buques que atraviesan el canal y a su capacidad m\u00e1xima. Los armadores tienen ahora que transportar menos carga, optar por rutas alternativas m\u00e1s largas y costosas, y enfrentarse a asombrosos cuellos de botella. El mes pasado, las colas de tr\u00e1nsito alcanzaron algunos d\u00edas los 160 buques -casi un 80% por encima de la media- y retrasaron algunos barcos hasta 21 d\u00edas.<\/p>\n<p><strong>El Ni\u00f1o ensombrece el panorama: <\/strong><\/p>\n<p>En julio, la Organizaci\u00f3n Meteorol\u00f3gica Mundial declar\u00f3 el inicio del patr\u00f3n clim\u00e1tico de El Ni\u00f1o, que traer\u00e1 condiciones m\u00e1s c\u00e1lidas y secas a Panam\u00e1. Como consecuencia, es probable que la actual sequ\u00eda se agrave en los pr\u00f3ximos meses, y que la escasez de agua y electricidad dificulte la actividad canalera. Mientras tanto, las aguas que alimentan el canal tambi\u00e9n abastecen de agua potable a la ciudad de Panam\u00e1, por lo que el racionamiento de recursos y los nuevos disturbios civiles que se avecinan podr\u00edan empujar a las autoridades a desviar agua para el consumo e imponer restricciones a\u00fan m\u00e1s estrictas a la actividad naviera.<\/p>\n<p><strong>Impacto econ\u00f3mico local:<\/strong><\/p>\n<p>Es probable que las interrupciones en el canal tengan un efecto limitado en la econom\u00eda de Panam\u00e1. Desde el cambio de siglo, la actividad del Canal ha representado menos del 8% del PIB nominal, y las sequ\u00edas anteriores -como durante el fen\u00f3meno de El Ni\u00f1o de 2015-2016- solo afectaron marginalmente a los ingresos. Nuestro Pron\u00f3stico de Consenso es que la econom\u00eda crecer\u00e1 c\u00f3modamente alrededor del 5% interanual en 2023 -el ritmo m\u00e1s fuerte en Centroam\u00e9rica- apoyada por una robusta actividad interna. Dicho esto, la econom\u00eda seguir\u00e1 sintiendo algo de presi\u00f3n debido a los menores ingresos fiscales procedentes del canal y, a su vez, a un crecimiento del gasto p\u00fablico potencialmente m\u00e1s d\u00e9bil de lo previsto.<\/p>\n<p><strong>Repercusiones mundiales:<\/strong><\/p>\n<p>Se calcula que el 5% del comercio internacional y el 40% de todo el tr\u00e1fico de contenedores de Estados Unidos pasan por el Canal de Panam\u00e1. Los precios al contado del transporte mar\u00edtimo entre China y Estados Unidos ya se han disparado m\u00e1s de un 30% tras las recientes restricciones. Si la sequ\u00eda se prolonga y se imponen m\u00e1s restricciones, los precios podr\u00edan aumentar a\u00fan m\u00e1s, ya que los buques se desviar\u00edan por rutas menos eficientes y m\u00e1s caras. Mientras tanto, las interrupciones log\u00edsticas podr\u00edan reavivar las presiones mundiales sobre los precios, en particular de los alimentos y la energ\u00eda, al quedar atascados en el canal los productos perecederos procedentes de Sudam\u00e9rica y las exportaciones de energ\u00eda de Estados Unidos.<\/p>\n<h2>Opini\u00f3n de nuestros analistas<\/h2>\n<p><strong>Los analistas del EIU<\/strong> comentaron el posible impacto de El Ni\u00f1o a finales de este a\u00f1o:<\/p>\n<p><em>\u00abUn fuerte fen\u00f3meno de El Ni\u00f1o podr\u00eda dar lugar a racionamientos de agua y\/o electricidad y, por tanto, tendr\u00eda un impacto m\u00e1s grave en las empresas de lo que sugieren actualmente nuestras previsiones a corto plazo. Un riesgo particular es que un fuerte El Ni\u00f1o exacerbe la estaci\u00f3n seca de 2024, dando lugar a niveles r\u00e9cord de agua en los lagos y limitando las operaciones del Canal el pr\u00f3ximo a\u00f1o.\u00bb<\/em><\/p>\n<p>Sobre las interrupciones en el Canal de Panam\u00e1, <strong>Steven Palacio, analista de JPMorgan<\/strong>, dijo:<\/p>\n<p><em>\u00abLa situaci\u00f3n es relevante tanto a nivel nacional -ya que el transporte representa una gran parte del PIB- como internacional, ya que el canal es una importante ruta comercial, en particular para EE.UU.. En el \u00e1mbito nacional, esto plantear\u00eda riesgos a la baja para nuestra previsi\u00f3n de crecimiento del PIB para 2023 del 5% interanual, pero los riesgos al alza se hab\u00edan ido acumulando en otras partes de la econom\u00eda, por lo que vemos los riesgos equilibrados.\u00bb<\/em><\/p>\n<p>&nbsp;<\/p>\n","protected":false},"excerpt":{"rendered":"<p>\u00bfC\u00f3mo afectar\u00e1 la sequ\u00eda del Canal de Panam\u00e1 a la econom\u00eda y al comercio mundial?<\/p>\n","protected":false},"author":7,"featured_media":26614,"comment_status":"closed","ping_status":"closed","sticky":false,"template":"","format":"standard","meta":{"_acf_changed":false,"editor_notices":[],"footnotes":""},"categories":[1702],"tags":[1804],"class_list":["post-146569","post","type-post","status-publish","format-standard","has-post-thumbnail","hentry","category-newsletters","tag-el-nino"],"acf":[],"yoast_head":"<!-- This site is optimized with the Yoast SEO Premium plugin v26.9 (Yoast SEO v26.9) - https:\/\/yoast.com\/product\/yoast-seo-premium-wordpress\/ -->\n<title>\u00bfC\u00f3mo afectar\u00e1 la sequ\u00eda del Canal de Panam\u00e1 a la econom\u00eda y al comercio mundial? - FocusEconomics [ES]<\/title>\n<meta name=\"description\" content=\"\u00bfC\u00f3mo afectar\u00e1 la sequ\u00eda del Canal de Panam\u00e1 a la econom\u00eda y al comercio mundial?\" class=\"yoast-seo-meta-tag\" \/>\n<meta name=\"robots\" content=\"noindex, follow, max-snippet:-1, max-image-preview:large, max-video-preview:-1\" \/>\n<meta property=\"og:locale\" content=\"es_ES\" class=\"yoast-seo-meta-tag\" \/>\n<meta property=\"og:type\" content=\"article\" class=\"yoast-seo-meta-tag\" \/>\n<meta property=\"og:title\" content=\"\u00bfC\u00f3mo afectar\u00e1 la sequ\u00eda del Canal de Panam\u00e1 a la econom\u00eda y al comercio mundial?\" class=\"yoast-seo-meta-tag\" \/>\n<meta property=\"og:description\" content=\"\u00bfC\u00f3mo afectar\u00e1 la sequ\u00eda del Canal de Panam\u00e1 a la econom\u00eda y al comercio mundial?\" class=\"yoast-seo-meta-tag\" \/>\n<meta property=\"og:url\" content=\"https:\/\/focus.s.nomatter.dev\/es\/blog\/como-afectara-la-sequia-del-canal-de-panama-a-la-economia-y-al-comercio-mundial\/\" class=\"yoast-seo-meta-tag\" \/>\n<meta property=\"og:site_name\" content=\"FocusEconomics [ES]\" class=\"yoast-seo-meta-tag\" \/>\n<meta property=\"article:publisher\" content=\"https:\/\/www.facebook.com\/FocusEconomics\" class=\"yoast-seo-meta-tag\" \/>\n<meta property=\"article:published_time\" content=\"2023-09-28T16:38:01+00:00\" class=\"yoast-seo-meta-tag\" \/>\n<meta property=\"article:modified_time\" content=\"2023-09-28T17:05:13+00:00\" class=\"yoast-seo-meta-tag\" \/>\n<meta property=\"og:image\" content=\"https:\/\/focus.nm-img.net\/uploads\/sites\/5\/2022\/11\/Panama-scaled.jpg\" class=\"yoast-seo-meta-tag\" \/>\n\t<meta property=\"og:image:width\" content=\"2560\" class=\"yoast-seo-meta-tag\" \/>\n\t<meta property=\"og:image:height\" content=\"671\" class=\"yoast-seo-meta-tag\" \/>\n\t<meta property=\"og:image:type\" content=\"image\/jpeg\" class=\"yoast-seo-meta-tag\" \/>\n<meta name=\"author\" content=\"Sibel A\u011flamaz\" class=\"yoast-seo-meta-tag\" \/>\n<meta name=\"twitter:card\" content=\"summary_large_image\" class=\"yoast-seo-meta-tag\" \/>\n<meta name=\"twitter:creator\" content=\"@FocusEconomics\" class=\"yoast-seo-meta-tag\" \/>\n<meta name=\"twitter:site\" content=\"@FocusEconomics\" class=\"yoast-seo-meta-tag\" \/>\n<meta name=\"twitter:label1\" content=\"Escrito por\" class=\"yoast-seo-meta-tag\" \/>\n\t<meta name=\"twitter:data1\" content=\"Sibel A\u011flamaz\" class=\"yoast-seo-meta-tag\" \/>\n\t<meta name=\"twitter:label2\" content=\"Tiempo de lectura\" class=\"yoast-seo-meta-tag\" \/>\n\t<meta name=\"twitter:data2\" content=\"3 minutos\" class=\"yoast-seo-meta-tag\" \/>\n<script type=\"application\/ld+json\" class=\"yoast-schema-graph\">{\"@context\":\"https:\/\/schema.org\",\"@graph\":[{\"@type\":\"Article\",\"@id\":\"https:\/\/focus.s.nomatter.dev\/es\/blog\/como-afectara-la-sequia-del-canal-de-panama-a-la-economia-y-al-comercio-mundial\/#article\",\"isPartOf\":{\"@id\":\"https:\/\/focus.s.nomatter.dev\/es\/blog\/como-afectara-la-sequia-del-canal-de-panama-a-la-economia-y-al-comercio-mundial\/\"},\"author\":{\"name\":\"Sibel A\u011flamaz\",\"@id\":\"https:\/\/focus.s.nomatter.dev\/es\/#\/schema\/person\/74ccc4de3a3df5da86a5bd7d82f542bc\"},\"headline\":\"\u00bfC\u00f3mo afectar\u00e1 la sequ\u00eda del Canal de Panam\u00e1 a la econom\u00eda y al comercio mundial?\",\"datePublished\":\"2023-09-28T16:38:01+00:00\",\"dateModified\":\"2023-09-28T17:05:13+00:00\",\"mainEntityOfPage\":{\"@id\":\"https:\/\/focus.s.nomatter.dev\/es\/blog\/como-afectara-la-sequia-del-canal-de-panama-a-la-economia-y-al-comercio-mundial\/\"},\"wordCount\":741,\"publisher\":{\"@id\":\"https:\/\/focus.s.nomatter.dev\/es\/#organization\"},\"image\":{\"@id\":\"https:\/\/focus.s.nomatter.dev\/es\/blog\/como-afectara-la-sequia-del-canal-de-panama-a-la-economia-y-al-comercio-mundial\/#primaryimage\"},\"thumbnailUrl\":\"https:\/\/focus-stg.nm-img.net\/uploads\/sites\/5\/2022\/11\/Panama-scaled.jpg\",\"keywords\":[\"El Ni\u00f1o\"],\"articleSection\":[\"Newsletters\"],\"inLanguage\":\"es\"},{\"@type\":\"WebPage\",\"@id\":\"https:\/\/focus.s.nomatter.dev\/es\/blog\/como-afectara-la-sequia-del-canal-de-panama-a-la-economia-y-al-comercio-mundial\/\",\"url\":\"https:\/\/focus.s.nomatter.dev\/es\/blog\/como-afectara-la-sequia-del-canal-de-panama-a-la-economia-y-al-comercio-mundial\/\",\"name\":\"\u00bfC\u00f3mo afectar\u00e1 la sequ\u00eda del Canal de Panam\u00e1 a la econom\u00eda y al comercio mundial? - FocusEconomics [ES]\",\"isPartOf\":{\"@id\":\"https:\/\/focus.s.nomatter.dev\/es\/#website\"},\"primaryImageOfPage\":{\"@id\":\"https:\/\/focus.s.nomatter.dev\/es\/blog\/como-afectara-la-sequia-del-canal-de-panama-a-la-economia-y-al-comercio-mundial\/#primaryimage\"},\"image\":{\"@id\":\"https:\/\/focus.s.nomatter.dev\/es\/blog\/como-afectara-la-sequia-del-canal-de-panama-a-la-economia-y-al-comercio-mundial\/#primaryimage\"},\"thumbnailUrl\":\"https:\/\/focus-stg.nm-img.net\/uploads\/sites\/5\/2022\/11\/Panama-scaled.jpg\",\"datePublished\":\"2023-09-28T16:38:01+00:00\",\"dateModified\":\"2023-09-28T17:05:13+00:00\",\"description\":\"\u00bfC\u00f3mo afectar\u00e1 la sequ\u00eda del Canal de Panam\u00e1 a la econom\u00eda y al comercio mundial?\",\"breadcrumb\":{\"@id\":\"https:\/\/focus.s.nomatter.dev\/es\/blog\/como-afectara-la-sequia-del-canal-de-panama-a-la-economia-y-al-comercio-mundial\/#breadcrumb\"},\"inLanguage\":\"es\",\"potentialAction\":[{\"@type\":\"ReadAction\",\"target\":[\"https:\/\/focus.s.nomatter.dev\/es\/blog\/como-afectara-la-sequia-del-canal-de-panama-a-la-economia-y-al-comercio-mundial\/\"]}]},{\"@type\":\"ImageObject\",\"inLanguage\":\"es\",\"@id\":\"https:\/\/focus.s.nomatter.dev\/es\/blog\/como-afectara-la-sequia-del-canal-de-panama-a-la-economia-y-al-comercio-mundial\/#primaryimage\",\"url\":\"https:\/\/focus-stg.nm-img.net\/uploads\/sites\/5\/2022\/11\/Panama-scaled.jpg\",\"contentUrl\":\"https:\/\/focus-stg.nm-img.net\/uploads\/sites\/5\/2022\/11\/Panama-scaled.jpg\",\"width\":2560,\"height\":671,\"caption\":\"The skyline in Panama City, Panama\"},{\"@type\":\"BreadcrumbList\",\"@id\":\"https:\/\/focus.s.nomatter.dev\/es\/blog\/como-afectara-la-sequia-del-canal-de-panama-a-la-economia-y-al-comercio-mundial\/#breadcrumb\",\"itemListElement\":[{\"@type\":\"ListItem\",\"position\":1,\"name\":\"Home\",\"item\":\"https:\/\/focus.s.nomatter.dev\/es\/\"},{\"@type\":\"ListItem\",\"position\":2,\"name\":\"\u00bfC\u00f3mo afectar\u00e1 la sequ\u00eda del Canal de Panam\u00e1 a la econom\u00eda y al comercio mundial?\"}]},{\"@type\":\"WebSite\",\"@id\":\"https:\/\/focus.s.nomatter.dev\/es\/#website\",\"url\":\"https:\/\/focus.s.nomatter.dev\/es\/\",\"name\":\"FocusEconomics\",\"description\":\"Economic Indicators, News and Forecasts\",\"publisher\":{\"@id\":\"https:\/\/focus.s.nomatter.dev\/es\/#organization\"},\"potentialAction\":[{\"@type\":\"SearchAction\",\"target\":{\"@type\":\"EntryPoint\",\"urlTemplate\":\"https:\/\/focus.s.nomatter.dev\/es\/search-results\/?global-search={search_term_string}\"},\"query-input\":{\"@type\":\"PropertyValueSpecification\",\"valueRequired\":true,\"valueName\":\"search_term_string\"}}],\"inLanguage\":\"es\"},{\"@type\":\"Organization\",\"@id\":\"https:\/\/focus.s.nomatter.dev\/es\/#organization\",\"name\":\"FocusEconomics\",\"url\":\"https:\/\/focus.s.nomatter.dev\/es\/\",\"logo\":{\"@type\":\"ImageObject\",\"inLanguage\":\"es\",\"@id\":\"https:\/\/focus.s.nomatter.dev\/es\/#\/schema\/logo\/image\/\",\"url\":\"https:\/\/focus-d7op8.kinsta.storage\/production\/uploads\/sites\/5\/2022\/08\/logo.svg\",\"contentUrl\":\"https:\/\/focus-d7op8.kinsta.storage\/production\/uploads\/sites\/5\/2022\/08\/logo.svg\",\"width\":277,\"height\":54,\"caption\":\"FocusEconomics\"},\"image\":{\"@id\":\"https:\/\/focus.s.nomatter.dev\/es\/#\/schema\/logo\/image\/\"},\"sameAs\":[\"https:\/\/www.facebook.com\/FocusEconomics\",\"https:\/\/x.com\/FocusEconomics\"]},{\"@type\":\"Person\",\"@id\":\"https:\/\/focus.s.nomatter.dev\/es\/#\/schema\/person\/74ccc4de3a3df5da86a5bd7d82f542bc\",\"name\":\"Sibel A\u011flamaz\"}]}<\/script>\n<!-- \/ Yoast SEO Premium plugin. -->","yoast_head_json":{"title":"\u00bfC\u00f3mo afectar\u00e1 la sequ\u00eda del Canal de Panam\u00e1 a la econom\u00eda y al comercio mundial? - FocusEconomics [ES]","description":"\u00bfC\u00f3mo afectar\u00e1 la sequ\u00eda del Canal de Panam\u00e1 a la econom\u00eda y al comercio mundial?","robots":{"index":"noindex","follow":"follow","max-snippet":"max-snippet:-1","max-image-preview":"max-image-preview:large","max-video-preview":"max-video-preview:-1"},"og_locale":"es_ES","og_type":"article","og_title":"\u00bfC\u00f3mo afectar\u00e1 la sequ\u00eda del Canal de Panam\u00e1 a la econom\u00eda y al comercio mundial?","og_description":"\u00bfC\u00f3mo afectar\u00e1 la sequ\u00eda del Canal de Panam\u00e1 a la econom\u00eda y al comercio mundial?","og_url":"https:\/\/focus.s.nomatter.dev\/es\/blog\/como-afectara-la-sequia-del-canal-de-panama-a-la-economia-y-al-comercio-mundial\/","og_site_name":"FocusEconomics [ES]","article_publisher":"https:\/\/www.facebook.com\/FocusEconomics","article_published_time":"2023-09-28T16:38:01+00:00","article_modified_time":"2023-09-28T17:05:13+00:00","og_image":[{"width":2560,"height":671,"url":"https:\/\/focus.nm-img.net\/uploads\/sites\/5\/2022\/11\/Panama-scaled.jpg","type":"image\/jpeg"}],"author":"Sibel A\u011flamaz","twitter_card":"summary_large_image","twitter_creator":"@FocusEconomics","twitter_site":"@FocusEconomics","twitter_misc":{"Escrito por":"Sibel A\u011flamaz","Tiempo de lectura":"3 minutos"},"schema":{"@context":"https:\/\/schema.org","@graph":[{"@type":"Article","@id":"https:\/\/focus.s.nomatter.dev\/es\/blog\/como-afectara-la-sequia-del-canal-de-panama-a-la-economia-y-al-comercio-mundial\/#article","isPartOf":{"@id":"https:\/\/focus.s.nomatter.dev\/es\/blog\/como-afectara-la-sequia-del-canal-de-panama-a-la-economia-y-al-comercio-mundial\/"},"author":{"name":"Sibel A\u011flamaz","@id":"https:\/\/focus.s.nomatter.dev\/es\/#\/schema\/person\/74ccc4de3a3df5da86a5bd7d82f542bc"},"headline":"\u00bfC\u00f3mo afectar\u00e1 la sequ\u00eda del Canal de Panam\u00e1 a la econom\u00eda y al comercio mundial?","datePublished":"2023-09-28T16:38:01+00:00","dateModified":"2023-09-28T17:05:13+00:00","mainEntityOfPage":{"@id":"https:\/\/focus.s.nomatter.dev\/es\/blog\/como-afectara-la-sequia-del-canal-de-panama-a-la-economia-y-al-comercio-mundial\/"},"wordCount":741,"publisher":{"@id":"https:\/\/focus.s.nomatter.dev\/es\/#organization"},"image":{"@id":"https:\/\/focus.s.nomatter.dev\/es\/blog\/como-afectara-la-sequia-del-canal-de-panama-a-la-economia-y-al-comercio-mundial\/#primaryimage"},"thumbnailUrl":"https:\/\/focus-stg.nm-img.net\/uploads\/sites\/5\/2022\/11\/Panama-scaled.jpg","keywords":["El Ni\u00f1o"],"articleSection":["Newsletters"],"inLanguage":"es"},{"@type":"WebPage","@id":"https:\/\/focus.s.nomatter.dev\/es\/blog\/como-afectara-la-sequia-del-canal-de-panama-a-la-economia-y-al-comercio-mundial\/","url":"https:\/\/focus.s.nomatter.dev\/es\/blog\/como-afectara-la-sequia-del-canal-de-panama-a-la-economia-y-al-comercio-mundial\/","name":"\u00bfC\u00f3mo afectar\u00e1 la sequ\u00eda del Canal de Panam\u00e1 a la econom\u00eda y al comercio mundial? - FocusEconomics [ES]","isPartOf":{"@id":"https:\/\/focus.s.nomatter.dev\/es\/#website"},"primaryImageOfPage":{"@id":"https:\/\/focus.s.nomatter.dev\/es\/blog\/como-afectara-la-sequia-del-canal-de-panama-a-la-economia-y-al-comercio-mundial\/#primaryimage"},"image":{"@id":"https:\/\/focus.s.nomatter.dev\/es\/blog\/como-afectara-la-sequia-del-canal-de-panama-a-la-economia-y-al-comercio-mundial\/#primaryimage"},"thumbnailUrl":"https:\/\/focus-stg.nm-img.net\/uploads\/sites\/5\/2022\/11\/Panama-scaled.jpg","datePublished":"2023-09-28T16:38:01+00:00","dateModified":"2023-09-28T17:05:13+00:00","description":"\u00bfC\u00f3mo afectar\u00e1 la sequ\u00eda del Canal de Panam\u00e1 a la econom\u00eda y al comercio mundial?","breadcrumb":{"@id":"https:\/\/focus.s.nomatter.dev\/es\/blog\/como-afectara-la-sequia-del-canal-de-panama-a-la-economia-y-al-comercio-mundial\/#breadcrumb"},"inLanguage":"es","potentialAction":[{"@type":"ReadAction","target":["https:\/\/focus.s.nomatter.dev\/es\/blog\/como-afectara-la-sequia-del-canal-de-panama-a-la-economia-y-al-comercio-mundial\/"]}]},{"@type":"ImageObject","inLanguage":"es","@id":"https:\/\/focus.s.nomatter.dev\/es\/blog\/como-afectara-la-sequia-del-canal-de-panama-a-la-economia-y-al-comercio-mundial\/#primaryimage","url":"https:\/\/focus-stg.nm-img.net\/uploads\/sites\/5\/2022\/11\/Panama-scaled.jpg","contentUrl":"https:\/\/focus-stg.nm-img.net\/uploads\/sites\/5\/2022\/11\/Panama-scaled.jpg","width":2560,"height":671,"caption":"The skyline in Panama City, Panama"},{"@type":"BreadcrumbList","@id":"https:\/\/focus.s.nomatter.dev\/es\/blog\/como-afectara-la-sequia-del-canal-de-panama-a-la-economia-y-al-comercio-mundial\/#breadcrumb","itemListElement":[{"@type":"ListItem","position":1,"name":"Home","item":"https:\/\/focus.s.nomatter.dev\/es\/"},{"@type":"ListItem","position":2,"name":"\u00bfC\u00f3mo afectar\u00e1 la sequ\u00eda del Canal de Panam\u00e1 a la econom\u00eda y al comercio mundial?"}]},{"@type":"WebSite","@id":"https:\/\/focus.s.nomatter.dev\/es\/#website","url":"https:\/\/focus.s.nomatter.dev\/es\/","name":"FocusEconomics","description":"Economic Indicators, News and Forecasts","publisher":{"@id":"https:\/\/focus.s.nomatter.dev\/es\/#organization"},"potentialAction":[{"@type":"SearchAction","target":{"@type":"EntryPoint","urlTemplate":"https:\/\/focus.s.nomatter.dev\/es\/search-results\/?global-search={search_term_string}"},"query-input":{"@type":"PropertyValueSpecification","valueRequired":true,"valueName":"search_term_string"}}],"inLanguage":"es"},{"@type":"Organization","@id":"https:\/\/focus.s.nomatter.dev\/es\/#organization","name":"FocusEconomics","url":"https:\/\/focus.s.nomatter.dev\/es\/","logo":{"@type":"ImageObject","inLanguage":"es","@id":"https:\/\/focus.s.nomatter.dev\/es\/#\/schema\/logo\/image\/","url":"https:\/\/focus-d7op8.kinsta.storage\/production\/uploads\/sites\/5\/2022\/08\/logo.svg","contentUrl":"https:\/\/focus-d7op8.kinsta.storage\/production\/uploads\/sites\/5\/2022\/08\/logo.svg","width":277,"height":54,"caption":"FocusEconomics"},"image":{"@id":"https:\/\/focus.s.nomatter.dev\/es\/#\/schema\/logo\/image\/"},"sameAs":["https:\/\/www.facebook.com\/FocusEconomics","https:\/\/x.com\/FocusEconomics"]},{"@type":"Person","@id":"https:\/\/focus.s.nomatter.dev\/es\/#\/schema\/person\/74ccc4de3a3df5da86a5bd7d82f542bc","name":"Sibel A\u011flamaz"}]}},"_links":{"self":[{"href":"https:\/\/focus.s.nomatter.dev\/es\/wp-json\/wp\/v2\/posts\/146569","targetHints":{"allow":["GET"]}}],"collection":[{"href":"https:\/\/focus.s.nomatter.dev\/es\/wp-json\/wp\/v2\/posts"}],"about":[{"href":"https:\/\/focus.s.nomatter.dev\/es\/wp-json\/wp\/v2\/types\/post"}],"author":[{"embeddable":true,"href":"https:\/\/focus.s.nomatter.dev\/es\/wp-json\/wp\/v2\/users\/7"}],"replies":[{"embeddable":true,"href":"https:\/\/focus.s.nomatter.dev\/es\/wp-json\/wp\/v2\/comments?post=146569"}],"version-history":[{"count":0,"href":"https:\/\/focus.s.nomatter.dev\/es\/wp-json\/wp\/v2\/posts\/146569\/revisions"}],"wp:featuredmedia":[{"embeddable":true,"href":"https:\/\/focus.s.nomatter.dev\/es\/wp-json\/wp\/v2\/media\/26614"}],"wp:attachment":[{"href":"https:\/\/focus.s.nomatter.dev\/es\/wp-json\/wp\/v2\/media?parent=146569"}],"wp:term":[{"taxonomy":"category","embeddable":true,"href":"https:\/\/focus.s.nomatter.dev\/es\/wp-json\/wp\/v2\/categories?post=146569"},{"taxonomy":"post_tag","embeddable":true,"href":"https:\/\/focus.s.nomatter.dev\/es\/wp-json\/wp\/v2\/tags?post=146569"}],"curies":[{"name":"wp","href":"https:\/\/api.w.org\/{rel}","templated":true}]}}