{"id":146572,"date":"2023-09-14T17:15:43","date_gmt":"2023-09-14T17:15:43","guid":{"rendered":"https:\/\/focus.s.nomatter.dev\/es\/?p=146572"},"modified":"2023-09-28T17:17:54","modified_gmt":"2023-09-28T17:17:54","slug":"alemania-sera-la-gran-economia-europea-con-peores-resultados-este-ano","status":"publish","type":"post","link":"https:\/\/focus.s.nomatter.dev\/es\/blog\/alemania-sera-la-gran-economia-europea-con-peores-resultados-este-ano\/","title":{"rendered":"Alemania ser\u00e1 la gran econom\u00eda europea con peores resultados este a\u00f1o"},"content":{"rendered":"<p><strong>Alemania vuelve a enfermar:<\/strong><\/p>\n<p>Tras la reunificaci\u00f3n en la d\u00e9cada de 1990, la econom\u00eda alemana fue calificada por los comentaristas como el \u00abkranke Mann Europas\u00bb, el \u00abenfermo de Europa\u00bb. Pero tras una serie de reformas impulsadas por el Gobierno, el pa\u00eds se convirti\u00f3 en la dinamo econ\u00f3mica de Europa, con un crecimiento a la par del de Estados Unidos entre mediados de la d\u00e9cada de 2000 y mediados de la de 2010. Sin embargo, los economistas encuestados por FocusEconomics prev\u00e9n que la econom\u00eda alemana se contraiga un 0,3% en 2023 y crezca un magro 0,9% en 2024, los peores resultados del G7. Varios factores han contribuido a este cambio de suerte.<\/p>\n<p><strong>Ahorro:<\/strong><\/p>\n<p>Nuestros panelistas esperan que el gasto privado y p\u00fablico disminuya este a\u00f1o. El descenso del consumo se debe en parte a la cultura del ahorro: en el primer trimestre de 2023, los hogares alemanes ahorraron el 20% de sus ingresos, el porcentaje m\u00e1s alto de la zona euro, lo que significa que la moderaci\u00f3n de la inflaci\u00f3n y el aumento de los salarios no se han traducido en un gasto adicional tan elevado como en otros pa\u00edses. Mientras tanto, las medidas gubernamentales para limitar las subidas de los precios de la energ\u00eda han sido menos generosas y se han introducido m\u00e1s tarde que en otros pa\u00edses de la zona euro, lo que ha permitido que el consumo se tambalee.<\/p>\n<p><strong>La p\u00e9rdida del gas ruso:<\/strong><\/p>\n<p>Alemania depend\u00eda de Rusia para m\u00e1s del 50% de sus importaciones de gas antes de la guerra. La guerra en Ucrania ha obligado a Alemania a importar de proveedores m\u00e1s caros, perjudicando la competitividad de su industria, que consume mucho gas, y avivando la inflaci\u00f3n de los precios al consumo. Nuestros panelistas esperan que el crecimiento de las exportaciones se ralentice hasta el 0,5% este a\u00f1o, desde el 3,4% de 2022.<\/p>\n<p><strong>Dependencia de las exportaciones y las importaciones:<\/strong><\/p>\n<p>Las exportaciones representaron el 50% del PIB de Alemania en 2022, muy por encima de Estados Unidos (11%), Reino Unido (33%) o Francia (34%). Por consiguiente, la menor demanda exterior como consecuencia del menor crecimiento del PIB mundial este a\u00f1o ha afectado especialmente a Alemania. A medida que la econom\u00eda mundial se recupere, el crecimiento del PIB alem\u00e1n tambi\u00e9n deber\u00eda hacerlo, pero las tasas de crecimiento seguir\u00e1n siendo inferiores a las de antes de la guerra de Ucrania.<\/p>\n","protected":false},"excerpt":{"rendered":"<p>Alemania ser\u00e1 la gran econom\u00eda europea con peores resultados este a\u00f1o<\/p>\n","protected":false},"author":7,"featured_media":26544,"comment_status":"closed","ping_status":"closed","sticky":false,"template":"","format":"standard","meta":{"_acf_changed":false,"editor_notices":[],"footnotes":""},"categories":[1702],"tags":[],"class_list":["post-146572","post","type-post","status-publish","format-standard","has-post-thumbnail","hentry","category-newsletters"],"acf":[],"yoast_head":"<!-- This site is optimized with the Yoast SEO Premium plugin v26.9 (Yoast SEO v26.9) - https:\/\/yoast.com\/product\/yoast-seo-premium-wordpress\/ -->\n<title>Alemania ser\u00e1 la gran econom\u00eda europea con peores resultados este a\u00f1o - FocusEconomics [ES]<\/title>\n<meta name=\"description\" content=\"Tras la reunificaci\u00f3n en la d\u00e9cada de 1990, Alemania era conocida como el &quot;enfermo de Europa&quot;. Sin embargo, las reformas impulsadas por el Gobierno y el gas ruso barato ayudaron a transformar el pa\u00eds en el motor econ\u00f3mico de Europa entre mediados de la d\u00e9cada de 2000 y mediados de la de 2010. Ahora, nuestros panelistas esperan que el PIB alem\u00e1n sea el peor del G7 este a\u00f1o y el pr\u00f3ximo. \u00bfA qu\u00e9 se debe este cambio de tendencia? Nuestro economista especializado en Alemania, Matthew Cunningham, nos lo explica en nuestro \u00faltimo art\u00edculo.\" class=\"yoast-seo-meta-tag\" \/>\n<meta name=\"robots\" content=\"noindex, follow, max-snippet:-1, max-image-preview:large, max-video-preview:-1\" \/>\n<meta property=\"og:locale\" content=\"es_ES\" class=\"yoast-seo-meta-tag\" \/>\n<meta property=\"og:type\" content=\"article\" class=\"yoast-seo-meta-tag\" \/>\n<meta property=\"og:title\" content=\"Alemania ser\u00e1 la gran econom\u00eda europea con peores resultados este a\u00f1o\" class=\"yoast-seo-meta-tag\" \/>\n<meta property=\"og:description\" content=\"Tras la reunificaci\u00f3n en la d\u00e9cada de 1990, Alemania era conocida como el &quot;enfermo de Europa&quot;. Sin embargo, las reformas impulsadas por el Gobierno y el gas ruso barato ayudaron a transformar el pa\u00eds en el motor econ\u00f3mico de Europa entre mediados de la d\u00e9cada de 2000 y mediados de la de 2010. Ahora, nuestros panelistas esperan que el PIB alem\u00e1n sea el peor del G7 este a\u00f1o y el pr\u00f3ximo. \u00bfA qu\u00e9 se debe este cambio de tendencia? Nuestro economista especializado en Alemania, Matthew Cunningham, nos lo explica en nuestro \u00faltimo art\u00edculo.\" class=\"yoast-seo-meta-tag\" \/>\n<meta property=\"og:url\" content=\"https:\/\/focus.s.nomatter.dev\/es\/blog\/alemania-sera-la-gran-economia-europea-con-peores-resultados-este-ano\/\" class=\"yoast-seo-meta-tag\" \/>\n<meta property=\"og:site_name\" content=\"FocusEconomics [ES]\" class=\"yoast-seo-meta-tag\" \/>\n<meta property=\"article:publisher\" content=\"https:\/\/www.facebook.com\/FocusEconomics\" class=\"yoast-seo-meta-tag\" \/>\n<meta property=\"article:published_time\" content=\"2023-09-14T17:15:43+00:00\" class=\"yoast-seo-meta-tag\" \/>\n<meta property=\"article:modified_time\" content=\"2023-09-28T17:17:54+00:00\" class=\"yoast-seo-meta-tag\" \/>\n<meta property=\"og:image\" content=\"https:\/\/focus.nm-img.net\/uploads\/sites\/5\/2022\/11\/Germany-scaled.jpg\" class=\"yoast-seo-meta-tag\" \/>\n\t<meta property=\"og:image:width\" content=\"2560\" class=\"yoast-seo-meta-tag\" \/>\n\t<meta property=\"og:image:height\" content=\"671\" class=\"yoast-seo-meta-tag\" \/>\n\t<meta property=\"og:image:type\" content=\"image\/jpeg\" class=\"yoast-seo-meta-tag\" \/>\n<meta name=\"author\" content=\"Sibel A\u011flamaz\" class=\"yoast-seo-meta-tag\" \/>\n<meta name=\"twitter:card\" content=\"summary_large_image\" class=\"yoast-seo-meta-tag\" \/>\n<meta name=\"twitter:creator\" content=\"@FocusEconomics\" class=\"yoast-seo-meta-tag\" \/>\n<meta name=\"twitter:site\" content=\"@FocusEconomics\" class=\"yoast-seo-meta-tag\" \/>\n<meta name=\"twitter:label1\" content=\"Escrito por\" class=\"yoast-seo-meta-tag\" \/>\n\t<meta name=\"twitter:data1\" content=\"Sibel A\u011flamaz\" class=\"yoast-seo-meta-tag\" \/>\n\t<meta name=\"twitter:label2\" content=\"Tiempo de lectura\" class=\"yoast-seo-meta-tag\" \/>\n\t<meta name=\"twitter:data2\" content=\"2 minutos\" class=\"yoast-seo-meta-tag\" \/>\n<script type=\"application\/ld+json\" class=\"yoast-schema-graph\">{\"@context\":\"https:\/\/schema.org\",\"@graph\":[{\"@type\":\"Article\",\"@id\":\"https:\/\/focus.s.nomatter.dev\/es\/blog\/alemania-sera-la-gran-economia-europea-con-peores-resultados-este-ano\/#article\",\"isPartOf\":{\"@id\":\"https:\/\/focus.s.nomatter.dev\/es\/blog\/alemania-sera-la-gran-economia-europea-con-peores-resultados-este-ano\/\"},\"author\":{\"name\":\"Sibel A\u011flamaz\",\"@id\":\"https:\/\/focus.s.nomatter.dev\/es\/#\/schema\/person\/74ccc4de3a3df5da86a5bd7d82f542bc\"},\"headline\":\"Alemania ser\u00e1 la gran econom\u00eda europea con peores resultados este a\u00f1o\",\"datePublished\":\"2023-09-14T17:15:43+00:00\",\"dateModified\":\"2023-09-28T17:17:54+00:00\",\"mainEntityOfPage\":{\"@id\":\"https:\/\/focus.s.nomatter.dev\/es\/blog\/alemania-sera-la-gran-economia-europea-con-peores-resultados-este-ano\/\"},\"wordCount\":416,\"publisher\":{\"@id\":\"https:\/\/focus.s.nomatter.dev\/es\/#organization\"},\"image\":{\"@id\":\"https:\/\/focus.s.nomatter.dev\/es\/blog\/alemania-sera-la-gran-economia-europea-con-peores-resultados-este-ano\/#primaryimage\"},\"thumbnailUrl\":\"https:\/\/focus-stg.nm-img.net\/uploads\/sites\/5\/2022\/11\/Germany-scaled.jpg\",\"articleSection\":[\"Newsletters\"],\"inLanguage\":\"es\"},{\"@type\":\"WebPage\",\"@id\":\"https:\/\/focus.s.nomatter.dev\/es\/blog\/alemania-sera-la-gran-economia-europea-con-peores-resultados-este-ano\/\",\"url\":\"https:\/\/focus.s.nomatter.dev\/es\/blog\/alemania-sera-la-gran-economia-europea-con-peores-resultados-este-ano\/\",\"name\":\"Alemania ser\u00e1 la gran econom\u00eda europea con peores resultados este a\u00f1o - FocusEconomics [ES]\",\"isPartOf\":{\"@id\":\"https:\/\/focus.s.nomatter.dev\/es\/#website\"},\"primaryImageOfPage\":{\"@id\":\"https:\/\/focus.s.nomatter.dev\/es\/blog\/alemania-sera-la-gran-economia-europea-con-peores-resultados-este-ano\/#primaryimage\"},\"image\":{\"@id\":\"https:\/\/focus.s.nomatter.dev\/es\/blog\/alemania-sera-la-gran-economia-europea-con-peores-resultados-este-ano\/#primaryimage\"},\"thumbnailUrl\":\"https:\/\/focus-stg.nm-img.net\/uploads\/sites\/5\/2022\/11\/Germany-scaled.jpg\",\"datePublished\":\"2023-09-14T17:15:43+00:00\",\"dateModified\":\"2023-09-28T17:17:54+00:00\",\"description\":\"Tras la reunificaci\u00f3n en la d\u00e9cada de 1990, Alemania era conocida como el \\\"enfermo de Europa\\\". Sin embargo, las reformas impulsadas por el Gobierno y el gas ruso barato ayudaron a transformar el pa\u00eds en el motor econ\u00f3mico de Europa entre mediados de la d\u00e9cada de 2000 y mediados de la de 2010. Ahora, nuestros panelistas esperan que el PIB alem\u00e1n sea el peor del G7 este a\u00f1o y el pr\u00f3ximo. \u00bfA qu\u00e9 se debe este cambio de tendencia? Nuestro economista especializado en Alemania, Matthew Cunningham, nos lo explica en nuestro \u00faltimo art\u00edculo.\",\"breadcrumb\":{\"@id\":\"https:\/\/focus.s.nomatter.dev\/es\/blog\/alemania-sera-la-gran-economia-europea-con-peores-resultados-este-ano\/#breadcrumb\"},\"inLanguage\":\"es\",\"potentialAction\":[{\"@type\":\"ReadAction\",\"target\":[\"https:\/\/focus.s.nomatter.dev\/es\/blog\/alemania-sera-la-gran-economia-europea-con-peores-resultados-este-ano\/\"]}]},{\"@type\":\"ImageObject\",\"inLanguage\":\"es\",\"@id\":\"https:\/\/focus.s.nomatter.dev\/es\/blog\/alemania-sera-la-gran-economia-europea-con-peores-resultados-este-ano\/#primaryimage\",\"url\":\"https:\/\/focus-stg.nm-img.net\/uploads\/sites\/5\/2022\/11\/Germany-scaled.jpg\",\"contentUrl\":\"https:\/\/focus-stg.nm-img.net\/uploads\/sites\/5\/2022\/11\/Germany-scaled.jpg\",\"width\":2560,\"height\":671,\"caption\":\"Brandenburg Gate in Berlin, Germany\"},{\"@type\":\"BreadcrumbList\",\"@id\":\"https:\/\/focus.s.nomatter.dev\/es\/blog\/alemania-sera-la-gran-economia-europea-con-peores-resultados-este-ano\/#breadcrumb\",\"itemListElement\":[{\"@type\":\"ListItem\",\"position\":1,\"name\":\"Home\",\"item\":\"https:\/\/focus.s.nomatter.dev\/es\/\"},{\"@type\":\"ListItem\",\"position\":2,\"name\":\"Alemania ser\u00e1 la gran econom\u00eda europea con peores resultados este a\u00f1o\"}]},{\"@type\":\"WebSite\",\"@id\":\"https:\/\/focus.s.nomatter.dev\/es\/#website\",\"url\":\"https:\/\/focus.s.nomatter.dev\/es\/\",\"name\":\"FocusEconomics\",\"description\":\"Economic Indicators, News and Forecasts\",\"publisher\":{\"@id\":\"https:\/\/focus.s.nomatter.dev\/es\/#organization\"},\"potentialAction\":[{\"@type\":\"SearchAction\",\"target\":{\"@type\":\"EntryPoint\",\"urlTemplate\":\"https:\/\/focus.s.nomatter.dev\/es\/search-results\/?global-search={search_term_string}\"},\"query-input\":{\"@type\":\"PropertyValueSpecification\",\"valueRequired\":true,\"valueName\":\"search_term_string\"}}],\"inLanguage\":\"es\"},{\"@type\":\"Organization\",\"@id\":\"https:\/\/focus.s.nomatter.dev\/es\/#organization\",\"name\":\"FocusEconomics\",\"url\":\"https:\/\/focus.s.nomatter.dev\/es\/\",\"logo\":{\"@type\":\"ImageObject\",\"inLanguage\":\"es\",\"@id\":\"https:\/\/focus.s.nomatter.dev\/es\/#\/schema\/logo\/image\/\",\"url\":\"https:\/\/focus-d7op8.kinsta.storage\/production\/uploads\/sites\/5\/2022\/08\/logo.svg\",\"contentUrl\":\"https:\/\/focus-d7op8.kinsta.storage\/production\/uploads\/sites\/5\/2022\/08\/logo.svg\",\"width\":277,\"height\":54,\"caption\":\"FocusEconomics\"},\"image\":{\"@id\":\"https:\/\/focus.s.nomatter.dev\/es\/#\/schema\/logo\/image\/\"},\"sameAs\":[\"https:\/\/www.facebook.com\/FocusEconomics\",\"https:\/\/x.com\/FocusEconomics\"]},{\"@type\":\"Person\",\"@id\":\"https:\/\/focus.s.nomatter.dev\/es\/#\/schema\/person\/74ccc4de3a3df5da86a5bd7d82f542bc\",\"name\":\"Sibel A\u011flamaz\"}]}<\/script>\n<!-- \/ Yoast SEO Premium plugin. -->","yoast_head_json":{"title":"Alemania ser\u00e1 la gran econom\u00eda europea con peores resultados este a\u00f1o - FocusEconomics [ES]","description":"Tras la reunificaci\u00f3n en la d\u00e9cada de 1990, Alemania era conocida como el \"enfermo de Europa\". Sin embargo, las reformas impulsadas por el Gobierno y el gas ruso barato ayudaron a transformar el pa\u00eds en el motor econ\u00f3mico de Europa entre mediados de la d\u00e9cada de 2000 y mediados de la de 2010. Ahora, nuestros panelistas esperan que el PIB alem\u00e1n sea el peor del G7 este a\u00f1o y el pr\u00f3ximo. \u00bfA qu\u00e9 se debe este cambio de tendencia? Nuestro economista especializado en Alemania, Matthew Cunningham, nos lo explica en nuestro \u00faltimo art\u00edculo.","robots":{"index":"noindex","follow":"follow","max-snippet":"max-snippet:-1","max-image-preview":"max-image-preview:large","max-video-preview":"max-video-preview:-1"},"og_locale":"es_ES","og_type":"article","og_title":"Alemania ser\u00e1 la gran econom\u00eda europea con peores resultados este a\u00f1o","og_description":"Tras la reunificaci\u00f3n en la d\u00e9cada de 1990, Alemania era conocida como el \"enfermo de Europa\". Sin embargo, las reformas impulsadas por el Gobierno y el gas ruso barato ayudaron a transformar el pa\u00eds en el motor econ\u00f3mico de Europa entre mediados de la d\u00e9cada de 2000 y mediados de la de 2010. Ahora, nuestros panelistas esperan que el PIB alem\u00e1n sea el peor del G7 este a\u00f1o y el pr\u00f3ximo. \u00bfA qu\u00e9 se debe este cambio de tendencia? Nuestro economista especializado en Alemania, Matthew Cunningham, nos lo explica en nuestro \u00faltimo art\u00edculo.","og_url":"https:\/\/focus.s.nomatter.dev\/es\/blog\/alemania-sera-la-gran-economia-europea-con-peores-resultados-este-ano\/","og_site_name":"FocusEconomics [ES]","article_publisher":"https:\/\/www.facebook.com\/FocusEconomics","article_published_time":"2023-09-14T17:15:43+00:00","article_modified_time":"2023-09-28T17:17:54+00:00","og_image":[{"width":2560,"height":671,"url":"https:\/\/focus.nm-img.net\/uploads\/sites\/5\/2022\/11\/Germany-scaled.jpg","type":"image\/jpeg"}],"author":"Sibel A\u011flamaz","twitter_card":"summary_large_image","twitter_creator":"@FocusEconomics","twitter_site":"@FocusEconomics","twitter_misc":{"Escrito por":"Sibel A\u011flamaz","Tiempo de lectura":"2 minutos"},"schema":{"@context":"https:\/\/schema.org","@graph":[{"@type":"Article","@id":"https:\/\/focus.s.nomatter.dev\/es\/blog\/alemania-sera-la-gran-economia-europea-con-peores-resultados-este-ano\/#article","isPartOf":{"@id":"https:\/\/focus.s.nomatter.dev\/es\/blog\/alemania-sera-la-gran-economia-europea-con-peores-resultados-este-ano\/"},"author":{"name":"Sibel A\u011flamaz","@id":"https:\/\/focus.s.nomatter.dev\/es\/#\/schema\/person\/74ccc4de3a3df5da86a5bd7d82f542bc"},"headline":"Alemania ser\u00e1 la gran econom\u00eda europea con peores resultados este a\u00f1o","datePublished":"2023-09-14T17:15:43+00:00","dateModified":"2023-09-28T17:17:54+00:00","mainEntityOfPage":{"@id":"https:\/\/focus.s.nomatter.dev\/es\/blog\/alemania-sera-la-gran-economia-europea-con-peores-resultados-este-ano\/"},"wordCount":416,"publisher":{"@id":"https:\/\/focus.s.nomatter.dev\/es\/#organization"},"image":{"@id":"https:\/\/focus.s.nomatter.dev\/es\/blog\/alemania-sera-la-gran-economia-europea-con-peores-resultados-este-ano\/#primaryimage"},"thumbnailUrl":"https:\/\/focus-stg.nm-img.net\/uploads\/sites\/5\/2022\/11\/Germany-scaled.jpg","articleSection":["Newsletters"],"inLanguage":"es"},{"@type":"WebPage","@id":"https:\/\/focus.s.nomatter.dev\/es\/blog\/alemania-sera-la-gran-economia-europea-con-peores-resultados-este-ano\/","url":"https:\/\/focus.s.nomatter.dev\/es\/blog\/alemania-sera-la-gran-economia-europea-con-peores-resultados-este-ano\/","name":"Alemania ser\u00e1 la gran econom\u00eda europea con peores resultados este a\u00f1o - FocusEconomics [ES]","isPartOf":{"@id":"https:\/\/focus.s.nomatter.dev\/es\/#website"},"primaryImageOfPage":{"@id":"https:\/\/focus.s.nomatter.dev\/es\/blog\/alemania-sera-la-gran-economia-europea-con-peores-resultados-este-ano\/#primaryimage"},"image":{"@id":"https:\/\/focus.s.nomatter.dev\/es\/blog\/alemania-sera-la-gran-economia-europea-con-peores-resultados-este-ano\/#primaryimage"},"thumbnailUrl":"https:\/\/focus-stg.nm-img.net\/uploads\/sites\/5\/2022\/11\/Germany-scaled.jpg","datePublished":"2023-09-14T17:15:43+00:00","dateModified":"2023-09-28T17:17:54+00:00","description":"Tras la reunificaci\u00f3n en la d\u00e9cada de 1990, Alemania era conocida como el \"enfermo de Europa\". Sin embargo, las reformas impulsadas por el Gobierno y el gas ruso barato ayudaron a transformar el pa\u00eds en el motor econ\u00f3mico de Europa entre mediados de la d\u00e9cada de 2000 y mediados de la de 2010. Ahora, nuestros panelistas esperan que el PIB alem\u00e1n sea el peor del G7 este a\u00f1o y el pr\u00f3ximo. \u00bfA qu\u00e9 se debe este cambio de tendencia? Nuestro economista especializado en Alemania, Matthew Cunningham, nos lo explica en nuestro \u00faltimo art\u00edculo.","breadcrumb":{"@id":"https:\/\/focus.s.nomatter.dev\/es\/blog\/alemania-sera-la-gran-economia-europea-con-peores-resultados-este-ano\/#breadcrumb"},"inLanguage":"es","potentialAction":[{"@type":"ReadAction","target":["https:\/\/focus.s.nomatter.dev\/es\/blog\/alemania-sera-la-gran-economia-europea-con-peores-resultados-este-ano\/"]}]},{"@type":"ImageObject","inLanguage":"es","@id":"https:\/\/focus.s.nomatter.dev\/es\/blog\/alemania-sera-la-gran-economia-europea-con-peores-resultados-este-ano\/#primaryimage","url":"https:\/\/focus-stg.nm-img.net\/uploads\/sites\/5\/2022\/11\/Germany-scaled.jpg","contentUrl":"https:\/\/focus-stg.nm-img.net\/uploads\/sites\/5\/2022\/11\/Germany-scaled.jpg","width":2560,"height":671,"caption":"Brandenburg Gate in Berlin, Germany"},{"@type":"BreadcrumbList","@id":"https:\/\/focus.s.nomatter.dev\/es\/blog\/alemania-sera-la-gran-economia-europea-con-peores-resultados-este-ano\/#breadcrumb","itemListElement":[{"@type":"ListItem","position":1,"name":"Home","item":"https:\/\/focus.s.nomatter.dev\/es\/"},{"@type":"ListItem","position":2,"name":"Alemania ser\u00e1 la gran econom\u00eda europea con peores resultados este a\u00f1o"}]},{"@type":"WebSite","@id":"https:\/\/focus.s.nomatter.dev\/es\/#website","url":"https:\/\/focus.s.nomatter.dev\/es\/","name":"FocusEconomics","description":"Economic Indicators, News and Forecasts","publisher":{"@id":"https:\/\/focus.s.nomatter.dev\/es\/#organization"},"potentialAction":[{"@type":"SearchAction","target":{"@type":"EntryPoint","urlTemplate":"https:\/\/focus.s.nomatter.dev\/es\/search-results\/?global-search={search_term_string}"},"query-input":{"@type":"PropertyValueSpecification","valueRequired":true,"valueName":"search_term_string"}}],"inLanguage":"es"},{"@type":"Organization","@id":"https:\/\/focus.s.nomatter.dev\/es\/#organization","name":"FocusEconomics","url":"https:\/\/focus.s.nomatter.dev\/es\/","logo":{"@type":"ImageObject","inLanguage":"es","@id":"https:\/\/focus.s.nomatter.dev\/es\/#\/schema\/logo\/image\/","url":"https:\/\/focus-d7op8.kinsta.storage\/production\/uploads\/sites\/5\/2022\/08\/logo.svg","contentUrl":"https:\/\/focus-d7op8.kinsta.storage\/production\/uploads\/sites\/5\/2022\/08\/logo.svg","width":277,"height":54,"caption":"FocusEconomics"},"image":{"@id":"https:\/\/focus.s.nomatter.dev\/es\/#\/schema\/logo\/image\/"},"sameAs":["https:\/\/www.facebook.com\/FocusEconomics","https:\/\/x.com\/FocusEconomics"]},{"@type":"Person","@id":"https:\/\/focus.s.nomatter.dev\/es\/#\/schema\/person\/74ccc4de3a3df5da86a5bd7d82f542bc","name":"Sibel A\u011flamaz"}]}},"_links":{"self":[{"href":"https:\/\/focus.s.nomatter.dev\/es\/wp-json\/wp\/v2\/posts\/146572","targetHints":{"allow":["GET"]}}],"collection":[{"href":"https:\/\/focus.s.nomatter.dev\/es\/wp-json\/wp\/v2\/posts"}],"about":[{"href":"https:\/\/focus.s.nomatter.dev\/es\/wp-json\/wp\/v2\/types\/post"}],"author":[{"embeddable":true,"href":"https:\/\/focus.s.nomatter.dev\/es\/wp-json\/wp\/v2\/users\/7"}],"replies":[{"embeddable":true,"href":"https:\/\/focus.s.nomatter.dev\/es\/wp-json\/wp\/v2\/comments?post=146572"}],"version-history":[{"count":0,"href":"https:\/\/focus.s.nomatter.dev\/es\/wp-json\/wp\/v2\/posts\/146572\/revisions"}],"wp:featuredmedia":[{"embeddable":true,"href":"https:\/\/focus.s.nomatter.dev\/es\/wp-json\/wp\/v2\/media\/26544"}],"wp:attachment":[{"href":"https:\/\/focus.s.nomatter.dev\/es\/wp-json\/wp\/v2\/media?parent=146572"}],"wp:term":[{"taxonomy":"category","embeddable":true,"href":"https:\/\/focus.s.nomatter.dev\/es\/wp-json\/wp\/v2\/categories?post=146572"},{"taxonomy":"post_tag","embeddable":true,"href":"https:\/\/focus.s.nomatter.dev\/es\/wp-json\/wp\/v2\/tags?post=146572"}],"curies":[{"name":"wp","href":"https:\/\/api.w.org\/{rel}","templated":true}]}}