{"id":146574,"date":"2023-09-21T16:01:28","date_gmt":"2023-09-21T16:01:28","guid":{"rendered":"https:\/\/focus.s.nomatter.dev\/es\/?p=146574"},"modified":"2023-09-28T17:01:43","modified_gmt":"2023-09-28T17:01:43","slug":"que-significa-para-la-economia-argentina-la-sorprendente-victoria-del-libertario-milei-en-las-primarias","status":"publish","type":"post","link":"https:\/\/focus.s.nomatter.dev\/es\/blog\/que-significa-para-la-economia-argentina-la-sorprendente-victoria-del-libertario-milei-en-las-primarias\/","title":{"rendered":"\u00bfQu\u00e9 significa para la econom\u00eda argentina la sorprendente victoria del libertario Milei en las primarias?"},"content":{"rendered":"<div class=\"reader-article-content reader-article-content--content-blocks\" dir=\"ltr\">\n<p><strong>Una plataforma pol\u00edtica radical:<\/strong><\/p>\n<p>El economista de derechas y diputado en activo Javier Milei fue el m\u00e1s votado en las elecciones primarias de Argentina, por delante de las coaliciones tradicionales de centro-izquierda y centro-derecha, por lo que tiene posibilidades reales de hacerse con la presidencia en las elecciones generales previstas para octubre. Milei propone profundos recortes del gasto, la dolarizaci\u00f3n, las privatizaciones y la eliminaci\u00f3n del mercado de capitales y otros controles sobre la actividad del sector privado.<\/p>\n<p><strong>Dolor a corto plazo:<\/strong><\/p>\n<p>En los pr\u00f3ximos meses, el resultado de su victoria en las primarias ser\u00e1 una mayor inflaci\u00f3n y una recesi\u00f3n econ\u00f3mica m\u00e1s profunda; el Banco Central devalu\u00f3 el peso en aproximadamente una quinta parte y subi\u00f3 los tipos de inter\u00e9s en 21 puntos b\u00e1sicos en respuesta a una liquidaci\u00f3n del mercado tras la noche electoral. Entre los panelistas que han revisado sus previsiones en los \u00faltimos d\u00edas, Goldman Sachs considera que la inflaci\u00f3n terminar\u00e1 este a\u00f1o en el 140%, mientras que JPMorgan prev\u00e9 un 190%. Se prev\u00e9n nuevas subidas de los tipos de inter\u00e9s y un debilitamiento de la moneda para finales de 2023.<\/p>\n<p><strong>Incertidumbre a largo plazo:<\/strong><\/p>\n<p>Si Milei se convierte en el pr\u00f3ximo presidente, una aplicaci\u00f3n satisfactoria de su plan de dolarizaci\u00f3n podr\u00eda hacer que la inflaci\u00f3n disminuyera r\u00e1pidamente y reducir la prima de riesgo asociada a los activos argentinos, apoyando la inversi\u00f3n. La liberalizaci\u00f3n econ\u00f3mica y la retirada de la mano dura del Estado podr\u00edan avivar el esp\u00edritu animal de las empresas. Sin embargo, la econom\u00eda carece de d\u00f3lares, y la dolarizaci\u00f3n nunca se ha intentado en una econom\u00eda que se acerque al tama\u00f1o de la argentina.<\/p>\n<h2>Opini\u00f3n de nuestros analistas<\/h2>\n<p>En cuanto a las perspectivas de inflaci\u00f3n, <strong>los analistas de Goldman Sachs<\/strong> afirman:<\/p>\n<p><em>\u00abAhora esperamos que la inflaci\u00f3n general acabe el a\u00f1o en el 140%, 10 puntos porcentuales por encima de nuestra previsi\u00f3n anterior. A pesar del amplio conjunto de controles de precios en la econom\u00eda, la din\u00e1mica de la inflaci\u00f3n sigue empeorando y las presiones sobre el tipo de cambio siguen siendo intensas. La credibilidad de la pol\u00edtica es escasa, los intentos del Gobierno de contener el aumento de los precios han sido infructuosos, las expectativas de inflaci\u00f3n siguen sin anclarse y las reservas internacionales se sit\u00faan en un nivel cr\u00edtico.\u00bb<\/em><\/p>\n<p>Sobre el panorama pol\u00edtico,<strong> los analistas de la EIU<\/strong> afirman:<\/p>\n<p><em>\u00abDe cara a octubre, el Sr. Milei arrastra un fuerte impulso. Su ret\u00f3rica combativa y antisistema refleja la frustraci\u00f3n de los votantes ante la incapacidad de los partidos pol\u00edticos establecidos para hacer frente a la persistente volatilidad econ\u00f3mica. Sin embargo, la victoria de Milei no est\u00e1 garantizada. Por un lado, los votantes pueden estar menos dispuestos a apoyar a un candidato de derecha radical en la primera vuelta que en las primarias. Por otro lado, Bullrich, que gan\u00f3 las primarias de la JC, puede desafiar a Milei con credibilidad, dadas sus credenciales de derechista, y moderar su posici\u00f3n lo suficiente como para captar los votos de los indecisos centristas\u00bb.<\/em><\/p>\n<p>&nbsp;<\/p>\n<\/div>\n","protected":false},"excerpt":{"rendered":"<p>Una plataforma pol\u00edtica radical: El economista de derechas y diputado en activo Javier Milei fue el m\u00e1s votado en las elecciones primarias de Argentina, por delante de las coaliciones tradicionales de centro-izquierda y centro-derecha, por lo que tiene posibilidades reales de hacerse con la presidencia en las elecciones generales previstas para octubre. Milei propone profundos<\/p>\n","protected":false},"author":7,"featured_media":50047,"comment_status":"closed","ping_status":"closed","sticky":false,"template":"","format":"standard","meta":{"_acf_changed":false,"editor_notices":[],"footnotes":""},"categories":[1702],"tags":[1801,1802],"class_list":["post-146574","post","type-post","status-publish","format-standard","has-post-thumbnail","hentry","category-newsletters","tag-argentina","tag-pib"],"acf":[],"yoast_head":"<!-- This site is optimized with the Yoast SEO Premium plugin v26.9 (Yoast SEO v26.9) - https:\/\/yoast.com\/product\/yoast-seo-premium-wordpress\/ -->\n<title>\u00bfQu\u00e9 significa para la econom\u00eda argentina la sorprendente victoria del libertario Milei en las primarias? - FocusEconomics [ES]<\/title>\n<meta name=\"description\" content=\"En nuestro \u00faltimo art\u00edculo de opini\u00f3n, analizamos nuestras previsiones para la econom\u00eda argentina tras el vuelco pol\u00edtico de las elecciones primarias de agosto.\" class=\"yoast-seo-meta-tag\" \/>\n<meta name=\"robots\" content=\"noindex, nofollow\" \/>\n<meta property=\"og:locale\" content=\"es_ES\" class=\"yoast-seo-meta-tag\" \/>\n<meta property=\"og:type\" content=\"article\" class=\"yoast-seo-meta-tag\" \/>\n<meta property=\"og:title\" content=\"\u00bfQu\u00e9 significa para la econom\u00eda argentina la sorprendente victoria del libertario Milei en las primarias?\" class=\"yoast-seo-meta-tag\" \/>\n<meta property=\"og:description\" content=\"En nuestro \u00faltimo art\u00edculo de opini\u00f3n, analizamos nuestras previsiones para la econom\u00eda argentina tras el vuelco pol\u00edtico de las elecciones primarias de agosto.\" class=\"yoast-seo-meta-tag\" \/>\n<meta property=\"og:url\" content=\"https:\/\/focus.s.nomatter.dev\/es\/blog\/que-significa-para-la-economia-argentina-la-sorprendente-victoria-del-libertario-milei-en-las-primarias\/\" class=\"yoast-seo-meta-tag\" \/>\n<meta property=\"og:site_name\" content=\"FocusEconomics [ES]\" class=\"yoast-seo-meta-tag\" \/>\n<meta property=\"article:publisher\" content=\"https:\/\/www.facebook.com\/FocusEconomics\" class=\"yoast-seo-meta-tag\" \/>\n<meta property=\"article:published_time\" content=\"2023-09-21T16:01:28+00:00\" class=\"yoast-seo-meta-tag\" \/>\n<meta property=\"article:modified_time\" content=\"2023-09-28T17:01:43+00:00\" class=\"yoast-seo-meta-tag\" \/>\n<meta property=\"og:image\" content=\"https:\/\/focus.nm-img.net\/uploads\/sites\/5\/2023\/02\/Argentina-scaled.jpg\" class=\"yoast-seo-meta-tag\" \/>\n\t<meta property=\"og:image:width\" content=\"2560\" class=\"yoast-seo-meta-tag\" \/>\n\t<meta property=\"og:image:height\" content=\"671\" class=\"yoast-seo-meta-tag\" \/>\n\t<meta property=\"og:image:type\" content=\"image\/jpeg\" class=\"yoast-seo-meta-tag\" \/>\n<meta name=\"author\" content=\"Sibel A\u011flamaz\" class=\"yoast-seo-meta-tag\" \/>\n<meta name=\"twitter:card\" content=\"summary_large_image\" class=\"yoast-seo-meta-tag\" \/>\n<meta name=\"twitter:creator\" content=\"@FocusEconomics\" class=\"yoast-seo-meta-tag\" \/>\n<meta name=\"twitter:site\" content=\"@FocusEconomics\" class=\"yoast-seo-meta-tag\" \/>\n<meta name=\"twitter:label1\" content=\"Escrito por\" class=\"yoast-seo-meta-tag\" \/>\n\t<meta name=\"twitter:data1\" content=\"Sibel A\u011flamaz\" class=\"yoast-seo-meta-tag\" \/>\n\t<meta name=\"twitter:label2\" content=\"Tiempo de lectura\" class=\"yoast-seo-meta-tag\" \/>\n\t<meta name=\"twitter:data2\" content=\"3 minutos\" class=\"yoast-seo-meta-tag\" \/>\n<script type=\"application\/ld+json\" class=\"yoast-schema-graph\">{\"@context\":\"https:\/\/schema.org\",\"@graph\":[{\"@type\":\"Article\",\"@id\":\"https:\/\/focus.s.nomatter.dev\/es\/blog\/que-significa-para-la-economia-argentina-la-sorprendente-victoria-del-libertario-milei-en-las-primarias\/#article\",\"isPartOf\":{\"@id\":\"https:\/\/focus.s.nomatter.dev\/es\/blog\/que-significa-para-la-economia-argentina-la-sorprendente-victoria-del-libertario-milei-en-las-primarias\/\"},\"author\":{\"name\":\"Sibel A\u011flamaz\",\"@id\":\"https:\/\/focus.s.nomatter.dev\/es\/#\/schema\/person\/74ccc4de3a3df5da86a5bd7d82f542bc\"},\"headline\":\"\u00bfQu\u00e9 significa para la econom\u00eda argentina la sorprendente victoria del libertario Milei en las primarias?\",\"datePublished\":\"2023-09-21T16:01:28+00:00\",\"dateModified\":\"2023-09-28T17:01:43+00:00\",\"mainEntityOfPage\":{\"@id\":\"https:\/\/focus.s.nomatter.dev\/es\/blog\/que-significa-para-la-economia-argentina-la-sorprendente-victoria-del-libertario-milei-en-las-primarias\/\"},\"wordCount\":558,\"publisher\":{\"@id\":\"https:\/\/focus.s.nomatter.dev\/es\/#organization\"},\"image\":{\"@id\":\"https:\/\/focus.s.nomatter.dev\/es\/blog\/que-significa-para-la-economia-argentina-la-sorprendente-victoria-del-libertario-milei-en-las-primarias\/#primaryimage\"},\"thumbnailUrl\":\"https:\/\/focus-stg.nm-img.net\/uploads\/sites\/5\/2023\/02\/Argentina-scaled.jpg\",\"keywords\":[\"Argentina\",\"PIB\"],\"articleSection\":[\"Newsletters\"],\"inLanguage\":\"es\"},{\"@type\":\"WebPage\",\"@id\":\"https:\/\/focus.s.nomatter.dev\/es\/blog\/que-significa-para-la-economia-argentina-la-sorprendente-victoria-del-libertario-milei-en-las-primarias\/\",\"url\":\"https:\/\/focus.s.nomatter.dev\/es\/blog\/que-significa-para-la-economia-argentina-la-sorprendente-victoria-del-libertario-milei-en-las-primarias\/\",\"name\":\"\u00bfQu\u00e9 significa para la econom\u00eda argentina la sorprendente victoria del libertario Milei en las primarias? - FocusEconomics [ES]\",\"isPartOf\":{\"@id\":\"https:\/\/focus.s.nomatter.dev\/es\/#website\"},\"primaryImageOfPage\":{\"@id\":\"https:\/\/focus.s.nomatter.dev\/es\/blog\/que-significa-para-la-economia-argentina-la-sorprendente-victoria-del-libertario-milei-en-las-primarias\/#primaryimage\"},\"image\":{\"@id\":\"https:\/\/focus.s.nomatter.dev\/es\/blog\/que-significa-para-la-economia-argentina-la-sorprendente-victoria-del-libertario-milei-en-las-primarias\/#primaryimage\"},\"thumbnailUrl\":\"https:\/\/focus-stg.nm-img.net\/uploads\/sites\/5\/2023\/02\/Argentina-scaled.jpg\",\"datePublished\":\"2023-09-21T16:01:28+00:00\",\"dateModified\":\"2023-09-28T17:01:43+00:00\",\"description\":\"En nuestro \u00faltimo art\u00edculo de opini\u00f3n, analizamos nuestras previsiones para la econom\u00eda argentina tras el vuelco pol\u00edtico de las elecciones primarias de agosto.\",\"breadcrumb\":{\"@id\":\"https:\/\/focus.s.nomatter.dev\/es\/blog\/que-significa-para-la-economia-argentina-la-sorprendente-victoria-del-libertario-milei-en-las-primarias\/#breadcrumb\"},\"inLanguage\":\"es\",\"potentialAction\":[{\"@type\":\"ReadAction\",\"target\":[\"https:\/\/focus.s.nomatter.dev\/es\/blog\/que-significa-para-la-economia-argentina-la-sorprendente-victoria-del-libertario-milei-en-las-primarias\/\"]}]},{\"@type\":\"ImageObject\",\"inLanguage\":\"es\",\"@id\":\"https:\/\/focus.s.nomatter.dev\/es\/blog\/que-significa-para-la-economia-argentina-la-sorprendente-victoria-del-libertario-milei-en-las-primarias\/#primaryimage\",\"url\":\"https:\/\/focus-stg.nm-img.net\/uploads\/sites\/5\/2023\/02\/Argentina-scaled.jpg\",\"contentUrl\":\"https:\/\/focus-stg.nm-img.net\/uploads\/sites\/5\/2023\/02\/Argentina-scaled.jpg\",\"width\":2560,\"height\":671},{\"@type\":\"BreadcrumbList\",\"@id\":\"https:\/\/focus.s.nomatter.dev\/es\/blog\/que-significa-para-la-economia-argentina-la-sorprendente-victoria-del-libertario-milei-en-las-primarias\/#breadcrumb\",\"itemListElement\":[{\"@type\":\"ListItem\",\"position\":1,\"name\":\"Home\",\"item\":\"https:\/\/focus.s.nomatter.dev\/es\/\"},{\"@type\":\"ListItem\",\"position\":2,\"name\":\"\u00bfQu\u00e9 significa para la econom\u00eda argentina la sorprendente victoria del libertario Milei en las primarias?\"}]},{\"@type\":\"WebSite\",\"@id\":\"https:\/\/focus.s.nomatter.dev\/es\/#website\",\"url\":\"https:\/\/focus.s.nomatter.dev\/es\/\",\"name\":\"FocusEconomics\",\"description\":\"Economic Indicators, News and Forecasts\",\"publisher\":{\"@id\":\"https:\/\/focus.s.nomatter.dev\/es\/#organization\"},\"potentialAction\":[{\"@type\":\"SearchAction\",\"target\":{\"@type\":\"EntryPoint\",\"urlTemplate\":\"https:\/\/focus.s.nomatter.dev\/es\/search-results\/?global-search={search_term_string}\"},\"query-input\":{\"@type\":\"PropertyValueSpecification\",\"valueRequired\":true,\"valueName\":\"search_term_string\"}}],\"inLanguage\":\"es\"},{\"@type\":\"Organization\",\"@id\":\"https:\/\/focus.s.nomatter.dev\/es\/#organization\",\"name\":\"FocusEconomics\",\"url\":\"https:\/\/focus.s.nomatter.dev\/es\/\",\"logo\":{\"@type\":\"ImageObject\",\"inLanguage\":\"es\",\"@id\":\"https:\/\/focus.s.nomatter.dev\/es\/#\/schema\/logo\/image\/\",\"url\":\"https:\/\/focus-d7op8.kinsta.storage\/production\/uploads\/sites\/5\/2022\/08\/logo.svg\",\"contentUrl\":\"https:\/\/focus-d7op8.kinsta.storage\/production\/uploads\/sites\/5\/2022\/08\/logo.svg\",\"width\":277,\"height\":54,\"caption\":\"FocusEconomics\"},\"image\":{\"@id\":\"https:\/\/focus.s.nomatter.dev\/es\/#\/schema\/logo\/image\/\"},\"sameAs\":[\"https:\/\/www.facebook.com\/FocusEconomics\",\"https:\/\/x.com\/FocusEconomics\"]},{\"@type\":\"Person\",\"@id\":\"https:\/\/focus.s.nomatter.dev\/es\/#\/schema\/person\/74ccc4de3a3df5da86a5bd7d82f542bc\",\"name\":\"Sibel A\u011flamaz\"}]}<\/script>\n<!-- \/ Yoast SEO Premium plugin. -->","yoast_head_json":{"title":"\u00bfQu\u00e9 significa para la econom\u00eda argentina la sorprendente victoria del libertario Milei en las primarias? - FocusEconomics [ES]","description":"En nuestro \u00faltimo art\u00edculo de opini\u00f3n, analizamos nuestras previsiones para la econom\u00eda argentina tras el vuelco pol\u00edtico de las elecciones primarias de agosto.","robots":{"index":"noindex","follow":"nofollow"},"og_locale":"es_ES","og_type":"article","og_title":"\u00bfQu\u00e9 significa para la econom\u00eda argentina la sorprendente victoria del libertario Milei en las primarias?","og_description":"En nuestro \u00faltimo art\u00edculo de opini\u00f3n, analizamos nuestras previsiones para la econom\u00eda argentina tras el vuelco pol\u00edtico de las elecciones primarias de agosto.","og_url":"https:\/\/focus.s.nomatter.dev\/es\/blog\/que-significa-para-la-economia-argentina-la-sorprendente-victoria-del-libertario-milei-en-las-primarias\/","og_site_name":"FocusEconomics [ES]","article_publisher":"https:\/\/www.facebook.com\/FocusEconomics","article_published_time":"2023-09-21T16:01:28+00:00","article_modified_time":"2023-09-28T17:01:43+00:00","og_image":[{"width":2560,"height":671,"url":"https:\/\/focus.nm-img.net\/uploads\/sites\/5\/2023\/02\/Argentina-scaled.jpg","type":"image\/jpeg"}],"author":"Sibel A\u011flamaz","twitter_card":"summary_large_image","twitter_creator":"@FocusEconomics","twitter_site":"@FocusEconomics","twitter_misc":{"Escrito por":"Sibel A\u011flamaz","Tiempo de lectura":"3 minutos"},"schema":{"@context":"https:\/\/schema.org","@graph":[{"@type":"Article","@id":"https:\/\/focus.s.nomatter.dev\/es\/blog\/que-significa-para-la-economia-argentina-la-sorprendente-victoria-del-libertario-milei-en-las-primarias\/#article","isPartOf":{"@id":"https:\/\/focus.s.nomatter.dev\/es\/blog\/que-significa-para-la-economia-argentina-la-sorprendente-victoria-del-libertario-milei-en-las-primarias\/"},"author":{"name":"Sibel A\u011flamaz","@id":"https:\/\/focus.s.nomatter.dev\/es\/#\/schema\/person\/74ccc4de3a3df5da86a5bd7d82f542bc"},"headline":"\u00bfQu\u00e9 significa para la econom\u00eda argentina la sorprendente victoria del libertario Milei en las primarias?","datePublished":"2023-09-21T16:01:28+00:00","dateModified":"2023-09-28T17:01:43+00:00","mainEntityOfPage":{"@id":"https:\/\/focus.s.nomatter.dev\/es\/blog\/que-significa-para-la-economia-argentina-la-sorprendente-victoria-del-libertario-milei-en-las-primarias\/"},"wordCount":558,"publisher":{"@id":"https:\/\/focus.s.nomatter.dev\/es\/#organization"},"image":{"@id":"https:\/\/focus.s.nomatter.dev\/es\/blog\/que-significa-para-la-economia-argentina-la-sorprendente-victoria-del-libertario-milei-en-las-primarias\/#primaryimage"},"thumbnailUrl":"https:\/\/focus-stg.nm-img.net\/uploads\/sites\/5\/2023\/02\/Argentina-scaled.jpg","keywords":["Argentina","PIB"],"articleSection":["Newsletters"],"inLanguage":"es"},{"@type":"WebPage","@id":"https:\/\/focus.s.nomatter.dev\/es\/blog\/que-significa-para-la-economia-argentina-la-sorprendente-victoria-del-libertario-milei-en-las-primarias\/","url":"https:\/\/focus.s.nomatter.dev\/es\/blog\/que-significa-para-la-economia-argentina-la-sorprendente-victoria-del-libertario-milei-en-las-primarias\/","name":"\u00bfQu\u00e9 significa para la econom\u00eda argentina la sorprendente victoria del libertario Milei en las primarias? - FocusEconomics [ES]","isPartOf":{"@id":"https:\/\/focus.s.nomatter.dev\/es\/#website"},"primaryImageOfPage":{"@id":"https:\/\/focus.s.nomatter.dev\/es\/blog\/que-significa-para-la-economia-argentina-la-sorprendente-victoria-del-libertario-milei-en-las-primarias\/#primaryimage"},"image":{"@id":"https:\/\/focus.s.nomatter.dev\/es\/blog\/que-significa-para-la-economia-argentina-la-sorprendente-victoria-del-libertario-milei-en-las-primarias\/#primaryimage"},"thumbnailUrl":"https:\/\/focus-stg.nm-img.net\/uploads\/sites\/5\/2023\/02\/Argentina-scaled.jpg","datePublished":"2023-09-21T16:01:28+00:00","dateModified":"2023-09-28T17:01:43+00:00","description":"En nuestro \u00faltimo art\u00edculo de opini\u00f3n, analizamos nuestras previsiones para la econom\u00eda argentina tras el vuelco pol\u00edtico de las elecciones primarias de agosto.","breadcrumb":{"@id":"https:\/\/focus.s.nomatter.dev\/es\/blog\/que-significa-para-la-economia-argentina-la-sorprendente-victoria-del-libertario-milei-en-las-primarias\/#breadcrumb"},"inLanguage":"es","potentialAction":[{"@type":"ReadAction","target":["https:\/\/focus.s.nomatter.dev\/es\/blog\/que-significa-para-la-economia-argentina-la-sorprendente-victoria-del-libertario-milei-en-las-primarias\/"]}]},{"@type":"ImageObject","inLanguage":"es","@id":"https:\/\/focus.s.nomatter.dev\/es\/blog\/que-significa-para-la-economia-argentina-la-sorprendente-victoria-del-libertario-milei-en-las-primarias\/#primaryimage","url":"https:\/\/focus-stg.nm-img.net\/uploads\/sites\/5\/2023\/02\/Argentina-scaled.jpg","contentUrl":"https:\/\/focus-stg.nm-img.net\/uploads\/sites\/5\/2023\/02\/Argentina-scaled.jpg","width":2560,"height":671},{"@type":"BreadcrumbList","@id":"https:\/\/focus.s.nomatter.dev\/es\/blog\/que-significa-para-la-economia-argentina-la-sorprendente-victoria-del-libertario-milei-en-las-primarias\/#breadcrumb","itemListElement":[{"@type":"ListItem","position":1,"name":"Home","item":"https:\/\/focus.s.nomatter.dev\/es\/"},{"@type":"ListItem","position":2,"name":"\u00bfQu\u00e9 significa para la econom\u00eda argentina la sorprendente victoria del libertario Milei en las primarias?"}]},{"@type":"WebSite","@id":"https:\/\/focus.s.nomatter.dev\/es\/#website","url":"https:\/\/focus.s.nomatter.dev\/es\/","name":"FocusEconomics","description":"Economic Indicators, News and Forecasts","publisher":{"@id":"https:\/\/focus.s.nomatter.dev\/es\/#organization"},"potentialAction":[{"@type":"SearchAction","target":{"@type":"EntryPoint","urlTemplate":"https:\/\/focus.s.nomatter.dev\/es\/search-results\/?global-search={search_term_string}"},"query-input":{"@type":"PropertyValueSpecification","valueRequired":true,"valueName":"search_term_string"}}],"inLanguage":"es"},{"@type":"Organization","@id":"https:\/\/focus.s.nomatter.dev\/es\/#organization","name":"FocusEconomics","url":"https:\/\/focus.s.nomatter.dev\/es\/","logo":{"@type":"ImageObject","inLanguage":"es","@id":"https:\/\/focus.s.nomatter.dev\/es\/#\/schema\/logo\/image\/","url":"https:\/\/focus-d7op8.kinsta.storage\/production\/uploads\/sites\/5\/2022\/08\/logo.svg","contentUrl":"https:\/\/focus-d7op8.kinsta.storage\/production\/uploads\/sites\/5\/2022\/08\/logo.svg","width":277,"height":54,"caption":"FocusEconomics"},"image":{"@id":"https:\/\/focus.s.nomatter.dev\/es\/#\/schema\/logo\/image\/"},"sameAs":["https:\/\/www.facebook.com\/FocusEconomics","https:\/\/x.com\/FocusEconomics"]},{"@type":"Person","@id":"https:\/\/focus.s.nomatter.dev\/es\/#\/schema\/person\/74ccc4de3a3df5da86a5bd7d82f542bc","name":"Sibel A\u011flamaz"}]}},"_links":{"self":[{"href":"https:\/\/focus.s.nomatter.dev\/es\/wp-json\/wp\/v2\/posts\/146574","targetHints":{"allow":["GET"]}}],"collection":[{"href":"https:\/\/focus.s.nomatter.dev\/es\/wp-json\/wp\/v2\/posts"}],"about":[{"href":"https:\/\/focus.s.nomatter.dev\/es\/wp-json\/wp\/v2\/types\/post"}],"author":[{"embeddable":true,"href":"https:\/\/focus.s.nomatter.dev\/es\/wp-json\/wp\/v2\/users\/7"}],"replies":[{"embeddable":true,"href":"https:\/\/focus.s.nomatter.dev\/es\/wp-json\/wp\/v2\/comments?post=146574"}],"version-history":[{"count":0,"href":"https:\/\/focus.s.nomatter.dev\/es\/wp-json\/wp\/v2\/posts\/146574\/revisions"}],"wp:featuredmedia":[{"embeddable":true,"href":"https:\/\/focus.s.nomatter.dev\/es\/wp-json\/wp\/v2\/media\/50047"}],"wp:attachment":[{"href":"https:\/\/focus.s.nomatter.dev\/es\/wp-json\/wp\/v2\/media?parent=146574"}],"wp:term":[{"taxonomy":"category","embeddable":true,"href":"https:\/\/focus.s.nomatter.dev\/es\/wp-json\/wp\/v2\/categories?post=146574"},{"taxonomy":"post_tag","embeddable":true,"href":"https:\/\/focus.s.nomatter.dev\/es\/wp-json\/wp\/v2\/tags?post=146574"}],"curies":[{"name":"wp","href":"https:\/\/api.w.org\/{rel}","templated":true}]}}