{"id":147665,"date":"2023-11-09T10:51:37","date_gmt":"2023-11-09T10:51:37","guid":{"rendered":"https:\/\/focus.s.nomatter.dev\/es\/?p=147665"},"modified":"2023-11-09T10:50:50","modified_gmt":"2023-11-09T10:50:50","slug":"cual-es-la-perspectiva-para-la-economia-de-venezuela-tras-la-reduccion-de-las-sanciones-de-ee-uu","status":"publish","type":"post","link":"https:\/\/focus.s.nomatter.dev\/es\/blog\/cual-es-la-perspectiva-para-la-economia-de-venezuela-tras-la-reduccion-de-las-sanciones-de-ee-uu\/","title":{"rendered":"\u00bfCu\u00e1l es la perspectiva para la econom\u00eda de Venezuela tras la reducci\u00f3n de las sanciones de EE. UU.?"},"content":{"rendered":"<p><b><span data-contrast=\"none\">Acuerdo entre EE. UU. y Venezuela:<\/span><\/b><\/p>\n<p><span data-contrast=\"none\">En octubre, EE. UU. emiti\u00f3 una licencia de seis meses que permite transacciones en el sector energ\u00e9tico de Venezuela y con la compa\u00f1\u00eda nacional de oro de Venezuela, y redujo las restricciones comerciales sobre la deuda de la compa\u00f1\u00eda estatal de petr\u00f3leo de Venezuela (PDVSA). Esto ocurri\u00f3 despu\u00e9s de que la administraci\u00f3n de Maduro y la oposici\u00f3n pol\u00edtica venezolana acordaran celebrar elecciones en el segundo semestre de 2024.<\/span><span data-ccp-props=\"{&quot;201341983&quot;:0,&quot;335559738&quot;:300,&quot;335559739&quot;:300,&quot;335559740&quot;:240}\">\u00a0<\/span><\/p>\n<p><b><span data-contrast=\"none\">Nuestras previsiones del PIB mejoran:<\/span><\/b><\/p>\n<p><span data-contrast=\"none\"> Durante el \u00faltimo mes, nuestros panelistas han aumentado sus pron\u00f3sticos de crecimiento del PIB para 2024 en 0.4 puntos porcentuales a la luz del acuerdo. Nuestro Consenso es ahora de una expansi\u00f3n econ\u00f3mica del 3.7% para el pr\u00f3ximo a\u00f1o, lo que marcar\u00eda una de las tasas m\u00e1s r\u00e1pidas en Am\u00e9rica Latina. Pero es importante poner esta cifra en contexto: Incluso al final de 2024, la econom\u00eda ser\u00e1 solo alrededor de un tercio de su tama\u00f1o de hace una d\u00e9cada, despu\u00e9s de siete a\u00f1os consecutivos de contracciones desde 2014 hasta 2020. Adem\u00e1s, a\u00f1os de desinversi\u00f3n y mala gesti\u00f3n significan que la producci\u00f3n de petr\u00f3leo permanecer\u00e1 como una fracci\u00f3n de su nivel anterior a la crisis de casi 3 millones de barriles por d\u00eda (mbpd); la Administraci\u00f3n de Informaci\u00f3n de Energ\u00eda (EIA) espera que la producci\u00f3n solo aumente de 0.7 a 0.9 mbpd en los pr\u00f3ximos 12 meses a la luz del reciente acuerdo. Y otras caracter\u00edsticas del panorama econ\u00f3mico siguen siendo sombr\u00edas: Nuestros panelistas esperan que la inflaci\u00f3n de tres d\u00edgitos persista hasta 2025 debido a la falta de confianza en la moneda local.<\/span><span data-ccp-props=\"{&quot;201341983&quot;:0,&quot;335559738&quot;:300,&quot;335559739&quot;:300,&quot;335559740&quot;:240}\">\u00a0<\/span><\/p>\n<p><b><span data-contrast=\"none\">El retorno de las sanciones est\u00e1 en el aire:<\/span><\/b><\/p>\n<p><span data-contrast=\"none\">Solo dos semanas despu\u00e9s de que EE. UU. acord\u00f3 suavizar las restricciones sobre Venezuela, el Tribunal Supremo de Venezuela anul\u00f3 los resultados de las elecciones primarias de la oposici\u00f3n, que fueron ganadas por Mar\u00eda Corina Machado con una abrumadora mayor\u00eda de votos. Por tanto, existe el riesgo de que vuelvan las sanciones a corto plazo, dado que el acuerdo alcanzado entre EE. UU y Venezuela se supeditaba a que se realizaran elecciones justas. Independientemente del fallo del Tribunal Supremo, es dif\u00edcil imaginar que el r\u00e9gimen de Maduro ceda voluntariamente el control a la oposici\u00f3n: Como resultado, las relaciones con EE. UU. permanecer\u00e1n tensas y la econom\u00eda disfuncional durante nuestro horizonte de pron\u00f3sticos hasta 2028.<\/span><span data-ccp-props=\"{&quot;201341983&quot;:0,&quot;335559738&quot;:300,&quot;335559739&quot;:300,&quot;335559740&quot;:240}\">\u00a0<\/span><\/p>\n<p><img loading=\"lazy\" decoding=\"async\" class=\"alignnone wp-image-147666\" src=\"https:\/\/focus-economics.imgix.net\/wp-content\/uploads\/sites\/5\/2023\/11\/FocusEconomics-Venezuela-November-2023-1024x616.png\" alt=\"\" width=\"698\" height=\"420\" srcset=\"https:\/\/focus-d7op8.kinsta.storage\/staging\/uploads\/sites\/5\/2023\/11\/FocusEconomics-Venezuela-November-2023-1024x616.png 1024w, https:\/\/focus-d7op8.kinsta.storage\/staging\/uploads\/sites\/5\/2023\/11\/FocusEconomics-Venezuela-November-2023-300x181.png 300w, https:\/\/focus-d7op8.kinsta.storage\/staging\/uploads\/sites\/5\/2023\/11\/FocusEconomics-Venezuela-November-2023-768x462.png 768w, https:\/\/focus-d7op8.kinsta.storage\/staging\/uploads\/sites\/5\/2023\/11\/FocusEconomics-Venezuela-November-2023-1536x925.png 1536w, https:\/\/focus-d7op8.kinsta.storage\/staging\/uploads\/sites\/5\/2023\/11\/FocusEconomics-Venezuela-November-2023.png 1585w\" sizes=\"auto, (max-width: 698px) 100vw, 698px\" \/><\/p>\n<h2><b><span data-contrast=\"none\">Perspectivas de nuestros analistas<\/span><\/b><span data-contrast=\"none\">\u00a0<\/span><span data-ccp-props=\"{&quot;201341983&quot;:0,&quot;335559738&quot;:300,&quot;335559739&quot;:300,&quot;335559740&quot;:240}\">\u00a0<\/span><\/h2>\n<p><span data-contrast=\"none\">Sobre los recientes acontecimientos pol\u00edticos, los <\/span><b><span data-contrast=\"none\">analistas de EIU<\/span><\/b><span data-contrast=\"none\"> dijeron:\u00a0<\/span><span data-ccp-props=\"{&quot;201341983&quot;:0,&quot;335559738&quot;:300,&quot;335559739&quot;:300,&quot;335559740&quot;:240}\">\u00a0<\/span><\/p>\n<p><span data-contrast=\"none\">\u00ab<\/span><i><span data-contrast=\"none\">La medida del TSJ es desconcertante, dado que EE. UU. ha dejado claro que reimpondr\u00e1 sanciones si se impide que la Sra. Machado se postule, y particularmente porque la reducci\u00f3n de las sanciones solo ha estado en vigor durante unos pocos d\u00edas y por lo tanto a\u00fan no ha proporcionado ning\u00fan beneficio econ\u00f3mico significativo. Por lo tanto, pensamos que el r\u00e9gimen est\u00e1 tanteando el terreno y que revocar\u00e1 totalmente o en parte el fallo, dependiendo de la respuesta de EE. UU. Incluso si el fallo se revierte, sin embargo, esperamos que el r\u00e9gimen eventualmente rompa sus compromisos de la hoja de ruta una vez que el per\u00edodo de seis meses de alivio de sanciones haya terminado<\/span><\/i><span data-contrast=\"none\">\u00bb<\/span><i><span data-contrast=\"none\">.<\/span><\/i><span data-ccp-props=\"{&quot;201341983&quot;:0,&quot;335559738&quot;:300,&quot;335559739&quot;:300,&quot;335559740&quot;:240}\">\u00a0<\/span><\/p>\n<p><span data-contrast=\"none\">Sobre la producci\u00f3n de petr\u00f3leo, los <\/span><b><span data-contrast=\"none\">analistas de EIA<\/span><\/b><span data-contrast=\"none\"> dijeron:\u00a0<\/span><span data-ccp-props=\"{&quot;201341983&quot;:0,&quot;335559738&quot;:300,&quot;335559739&quot;:300,&quot;335559740&quot;:240}\">\u00a0<\/span><\/p>\n<p><span data-contrast=\"none\">\u00ab<\/span><i><span data-contrast=\"none\">Las empresas operadas por ENI, Repsol y Maurel &amp; Prom podr\u00edan aumentar la producci\u00f3n en un adicional de 50,000 b\/d a corto plazo, [\u2026]. Como resultado, evaluamos que estas empresas podr\u00edan elevar la producci\u00f3n total de Venezuela a unos 900,000 b\/d para finales de 2024. Aumentos adicionales en la producci\u00f3n de crudo de Venezuela tardar\u00e1n m\u00e1s. Gran parte de la capacidad de producci\u00f3n de crudo e infraestructura de Venezuela ha sufrido por la falta prolongada de acceso a capital y mantenimiento regular. El potencial para un mayor crecimiento sigue siendo muy incierto en este momento porque se requerir\u00eda una inversi\u00f3n nueva significativa para una producci\u00f3n adicional<\/span><\/i><span data-contrast=\"none\">\u00bb<\/span><i><span data-contrast=\"none\">.<\/span><\/i><span data-ccp-props=\"{&quot;201341983&quot;:0,&quot;335559738&quot;:300,&quot;335559739&quot;:300,&quot;335559740&quot;:240}\">\u00a0<\/span><\/p>\n<h2><b><span data-contrast=\"none\">Nuestro \u00faltimo an\u00e1lisis<\/span><\/b><span data-ccp-props=\"{&quot;201341983&quot;:0,&quot;335559738&quot;:300,&quot;335559739&quot;:300,&quot;335559740&quot;:240}\">\u00a0<\/span><\/h2>\n<ul>\n<li><span data-contrast=\"none\">Las exportaciones de China decepcionaron en octubre. Obtenga m\u00e1s detalles <\/span><a href=\"https:\/\/focus.s.nomatter.dev\/countries\/china\/news\/trade\/merchandise-exports-decline-in-october-4\/\"><span data-contrast=\"none\">aqu\u00ed<\/span><\/a><span data-contrast=\"none\">.\u00a0<\/span><span data-ccp-props=\"{&quot;201341983&quot;:0,&quot;335559738&quot;:300,&quot;335559739&quot;:0,&quot;335559740&quot;:240}\">\u00a0<\/span><\/li>\n<li><span data-contrast=\"none\">El desempleo en la zona euro aument\u00f3 en septiembre. Lea m\u00e1s <\/span><a href=\"https:\/\/focus.s.nomatter.dev\/countries\/euro-area\/news\/unemployment\/unemployment-rate-rises-in-september\/\"><span data-contrast=\"none\">aqu\u00ed<\/span><\/a><span data-contrast=\"none\">.<\/span><span data-ccp-props=\"{&quot;201341983&quot;:0,&quot;335559738&quot;:300,&quot;335559739&quot;:0,&quot;335559740&quot;:240}\">\u00a0<\/span><\/li>\n<\/ul>\n","protected":false},"excerpt":{"rendered":"<p>Acuerdo entre EE. UU. y Venezuela: En octubre, EE. UU. emiti\u00f3 una licencia de seis meses que permite transacciones en el sector energ\u00e9tico de Venezuela y con la compa\u00f1\u00eda nacional de oro de Venezuela, y redujo las restricciones comerciales sobre la deuda de la compa\u00f1\u00eda estatal de petr\u00f3leo de Venezuela (PDVSA). Esto ocurri\u00f3 despu\u00e9s de<\/p>\n","protected":false},"author":7,"featured_media":26671,"comment_status":"closed","ping_status":"closed","sticky":false,"template":"","format":"standard","meta":{"_acf_changed":false,"editor_notices":[],"footnotes":""},"categories":[1702],"tags":[1802,1811],"class_list":["post-147665","post","type-post","status-publish","format-standard","has-post-thumbnail","hentry","category-newsletters","tag-pib","tag-venezuela"],"acf":[],"yoast_head":"<!-- This site is optimized with the Yoast SEO Premium plugin v26.9 (Yoast SEO v26.9) - https:\/\/yoast.com\/product\/yoast-seo-premium-wordpress\/ -->\n<title>\u00bfCu\u00e1l es la perspectiva para la econom\u00eda de Venezuela tras la reducci\u00f3n de las sanciones de EE. UU.? - FocusEconomics [ES]<\/title>\n<meta name=\"description\" content=\"En nuestra \u00faltima an\u00e1lisis, examinamos nuestras Previsiones de Consenso para Venezuela, luego del anuncio de Estados Unidos a mediados de octubre de que suavizar\u00eda las sanciones.\" class=\"yoast-seo-meta-tag\" \/>\n<meta name=\"robots\" content=\"noindex, nofollow\" \/>\n<meta property=\"og:locale\" content=\"es_ES\" class=\"yoast-seo-meta-tag\" \/>\n<meta property=\"og:type\" content=\"article\" class=\"yoast-seo-meta-tag\" \/>\n<meta property=\"og:title\" content=\"\u00bfCu\u00e1l es la perspectiva para la econom\u00eda de Venezuela tras la reducci\u00f3n de las sanciones de EE. UU.?\" class=\"yoast-seo-meta-tag\" \/>\n<meta property=\"og:description\" content=\"En nuestra \u00faltima an\u00e1lisis, examinamos nuestras Previsiones de Consenso para Venezuela, luego del anuncio de Estados Unidos a mediados de octubre de que suavizar\u00eda las sanciones.\" class=\"yoast-seo-meta-tag\" \/>\n<meta property=\"og:url\" content=\"https:\/\/focus.s.nomatter.dev\/es\/blog\/cual-es-la-perspectiva-para-la-economia-de-venezuela-tras-la-reduccion-de-las-sanciones-de-ee-uu\/\" class=\"yoast-seo-meta-tag\" \/>\n<meta property=\"og:site_name\" content=\"FocusEconomics [ES]\" class=\"yoast-seo-meta-tag\" \/>\n<meta property=\"article:publisher\" content=\"https:\/\/www.facebook.com\/FocusEconomics\" class=\"yoast-seo-meta-tag\" \/>\n<meta property=\"article:published_time\" content=\"2023-11-09T10:51:37+00:00\" class=\"yoast-seo-meta-tag\" \/>\n<meta property=\"og:image\" content=\"https:\/\/focus.nm-img.net\/uploads\/sites\/5\/2022\/11\/Venezuela-scaled.jpg\" class=\"yoast-seo-meta-tag\" \/>\n\t<meta property=\"og:image:width\" content=\"2560\" class=\"yoast-seo-meta-tag\" \/>\n\t<meta property=\"og:image:height\" content=\"671\" class=\"yoast-seo-meta-tag\" \/>\n\t<meta property=\"og:image:type\" content=\"image\/jpeg\" class=\"yoast-seo-meta-tag\" \/>\n<meta name=\"author\" content=\"Sibel A\u011flamaz\" class=\"yoast-seo-meta-tag\" \/>\n<meta name=\"twitter:card\" content=\"summary_large_image\" class=\"yoast-seo-meta-tag\" \/>\n<meta name=\"twitter:creator\" content=\"@FocusEconomics\" class=\"yoast-seo-meta-tag\" \/>\n<meta name=\"twitter:site\" content=\"@FocusEconomics\" class=\"yoast-seo-meta-tag\" \/>\n<meta name=\"twitter:label1\" content=\"Escrito por\" class=\"yoast-seo-meta-tag\" \/>\n\t<meta name=\"twitter:data1\" content=\"Sibel A\u011flamaz\" class=\"yoast-seo-meta-tag\" \/>\n\t<meta name=\"twitter:label2\" content=\"Tiempo de lectura\" class=\"yoast-seo-meta-tag\" \/>\n\t<meta name=\"twitter:data2\" content=\"4 minutos\" class=\"yoast-seo-meta-tag\" \/>\n<script type=\"application\/ld+json\" class=\"yoast-schema-graph\">{\"@context\":\"https:\/\/schema.org\",\"@graph\":[{\"@type\":\"Article\",\"@id\":\"https:\/\/focus.s.nomatter.dev\/es\/blog\/cual-es-la-perspectiva-para-la-economia-de-venezuela-tras-la-reduccion-de-las-sanciones-de-ee-uu\/#article\",\"isPartOf\":{\"@id\":\"https:\/\/focus.s.nomatter.dev\/es\/blog\/cual-es-la-perspectiva-para-la-economia-de-venezuela-tras-la-reduccion-de-las-sanciones-de-ee-uu\/\"},\"author\":{\"name\":\"Sibel A\u011flamaz\",\"@id\":\"https:\/\/focus.s.nomatter.dev\/es\/#\/schema\/person\/74ccc4de3a3df5da86a5bd7d82f542bc\"},\"headline\":\"\u00bfCu\u00e1l es la perspectiva para la econom\u00eda de Venezuela tras la reducci\u00f3n de las sanciones de EE. UU.?\",\"datePublished\":\"2023-11-09T10:51:37+00:00\",\"mainEntityOfPage\":{\"@id\":\"https:\/\/focus.s.nomatter.dev\/es\/blog\/cual-es-la-perspectiva-para-la-economia-de-venezuela-tras-la-reduccion-de-las-sanciones-de-ee-uu\/\"},\"wordCount\":738,\"publisher\":{\"@id\":\"https:\/\/focus.s.nomatter.dev\/es\/#organization\"},\"image\":{\"@id\":\"https:\/\/focus.s.nomatter.dev\/es\/blog\/cual-es-la-perspectiva-para-la-economia-de-venezuela-tras-la-reduccion-de-las-sanciones-de-ee-uu\/#primaryimage\"},\"thumbnailUrl\":\"https:\/\/focus-stg.nm-img.net\/uploads\/sites\/5\/2022\/11\/Venezuela-scaled.jpg\",\"keywords\":[\"PIB\",\"Venezuela\"],\"articleSection\":[\"Newsletters\"],\"inLanguage\":\"es\"},{\"@type\":\"WebPage\",\"@id\":\"https:\/\/focus.s.nomatter.dev\/es\/blog\/cual-es-la-perspectiva-para-la-economia-de-venezuela-tras-la-reduccion-de-las-sanciones-de-ee-uu\/\",\"url\":\"https:\/\/focus.s.nomatter.dev\/es\/blog\/cual-es-la-perspectiva-para-la-economia-de-venezuela-tras-la-reduccion-de-las-sanciones-de-ee-uu\/\",\"name\":\"\u00bfCu\u00e1l es la perspectiva para la econom\u00eda de Venezuela tras la reducci\u00f3n de las sanciones de EE. UU.? - FocusEconomics [ES]\",\"isPartOf\":{\"@id\":\"https:\/\/focus.s.nomatter.dev\/es\/#website\"},\"primaryImageOfPage\":{\"@id\":\"https:\/\/focus.s.nomatter.dev\/es\/blog\/cual-es-la-perspectiva-para-la-economia-de-venezuela-tras-la-reduccion-de-las-sanciones-de-ee-uu\/#primaryimage\"},\"image\":{\"@id\":\"https:\/\/focus.s.nomatter.dev\/es\/blog\/cual-es-la-perspectiva-para-la-economia-de-venezuela-tras-la-reduccion-de-las-sanciones-de-ee-uu\/#primaryimage\"},\"thumbnailUrl\":\"https:\/\/focus-stg.nm-img.net\/uploads\/sites\/5\/2022\/11\/Venezuela-scaled.jpg\",\"datePublished\":\"2023-11-09T10:51:37+00:00\",\"description\":\"En nuestra \u00faltima an\u00e1lisis, examinamos nuestras Previsiones de Consenso para Venezuela, luego del anuncio de Estados Unidos a mediados de octubre de que suavizar\u00eda las sanciones.\",\"breadcrumb\":{\"@id\":\"https:\/\/focus.s.nomatter.dev\/es\/blog\/cual-es-la-perspectiva-para-la-economia-de-venezuela-tras-la-reduccion-de-las-sanciones-de-ee-uu\/#breadcrumb\"},\"inLanguage\":\"es\",\"potentialAction\":[{\"@type\":\"ReadAction\",\"target\":[\"https:\/\/focus.s.nomatter.dev\/es\/blog\/cual-es-la-perspectiva-para-la-economia-de-venezuela-tras-la-reduccion-de-las-sanciones-de-ee-uu\/\"]}]},{\"@type\":\"ImageObject\",\"inLanguage\":\"es\",\"@id\":\"https:\/\/focus.s.nomatter.dev\/es\/blog\/cual-es-la-perspectiva-para-la-economia-de-venezuela-tras-la-reduccion-de-las-sanciones-de-ee-uu\/#primaryimage\",\"url\":\"https:\/\/focus-stg.nm-img.net\/uploads\/sites\/5\/2022\/11\/Venezuela-scaled.jpg\",\"contentUrl\":\"https:\/\/focus-stg.nm-img.net\/uploads\/sites\/5\/2022\/11\/Venezuela-scaled.jpg\",\"width\":2560,\"height\":671,\"caption\":\"Venezuela skyline with mountains\"},{\"@type\":\"BreadcrumbList\",\"@id\":\"https:\/\/focus.s.nomatter.dev\/es\/blog\/cual-es-la-perspectiva-para-la-economia-de-venezuela-tras-la-reduccion-de-las-sanciones-de-ee-uu\/#breadcrumb\",\"itemListElement\":[{\"@type\":\"ListItem\",\"position\":1,\"name\":\"Home\",\"item\":\"https:\/\/focus.s.nomatter.dev\/es\/\"},{\"@type\":\"ListItem\",\"position\":2,\"name\":\"\u00bfCu\u00e1l es la perspectiva para la econom\u00eda de Venezuela tras la reducci\u00f3n de las sanciones de EE. UU.?\"}]},{\"@type\":\"WebSite\",\"@id\":\"https:\/\/focus.s.nomatter.dev\/es\/#website\",\"url\":\"https:\/\/focus.s.nomatter.dev\/es\/\",\"name\":\"FocusEconomics\",\"description\":\"Economic Indicators, News and Forecasts\",\"publisher\":{\"@id\":\"https:\/\/focus.s.nomatter.dev\/es\/#organization\"},\"potentialAction\":[{\"@type\":\"SearchAction\",\"target\":{\"@type\":\"EntryPoint\",\"urlTemplate\":\"https:\/\/focus.s.nomatter.dev\/es\/search-results\/?global-search={search_term_string}\"},\"query-input\":{\"@type\":\"PropertyValueSpecification\",\"valueRequired\":true,\"valueName\":\"search_term_string\"}}],\"inLanguage\":\"es\"},{\"@type\":\"Organization\",\"@id\":\"https:\/\/focus.s.nomatter.dev\/es\/#organization\",\"name\":\"FocusEconomics\",\"url\":\"https:\/\/focus.s.nomatter.dev\/es\/\",\"logo\":{\"@type\":\"ImageObject\",\"inLanguage\":\"es\",\"@id\":\"https:\/\/focus.s.nomatter.dev\/es\/#\/schema\/logo\/image\/\",\"url\":\"https:\/\/focus-d7op8.kinsta.storage\/production\/uploads\/sites\/5\/2022\/08\/logo.svg\",\"contentUrl\":\"https:\/\/focus-d7op8.kinsta.storage\/production\/uploads\/sites\/5\/2022\/08\/logo.svg\",\"width\":277,\"height\":54,\"caption\":\"FocusEconomics\"},\"image\":{\"@id\":\"https:\/\/focus.s.nomatter.dev\/es\/#\/schema\/logo\/image\/\"},\"sameAs\":[\"https:\/\/www.facebook.com\/FocusEconomics\",\"https:\/\/x.com\/FocusEconomics\"]},{\"@type\":\"Person\",\"@id\":\"https:\/\/focus.s.nomatter.dev\/es\/#\/schema\/person\/74ccc4de3a3df5da86a5bd7d82f542bc\",\"name\":\"Sibel A\u011flamaz\"}]}<\/script>\n<!-- \/ Yoast SEO Premium plugin. -->","yoast_head_json":{"title":"\u00bfCu\u00e1l es la perspectiva para la econom\u00eda de Venezuela tras la reducci\u00f3n de las sanciones de EE. UU.? - FocusEconomics [ES]","description":"En nuestra \u00faltima an\u00e1lisis, examinamos nuestras Previsiones de Consenso para Venezuela, luego del anuncio de Estados Unidos a mediados de octubre de que suavizar\u00eda las sanciones.","robots":{"index":"noindex","follow":"nofollow"},"og_locale":"es_ES","og_type":"article","og_title":"\u00bfCu\u00e1l es la perspectiva para la econom\u00eda de Venezuela tras la reducci\u00f3n de las sanciones de EE. UU.?","og_description":"En nuestra \u00faltima an\u00e1lisis, examinamos nuestras Previsiones de Consenso para Venezuela, luego del anuncio de Estados Unidos a mediados de octubre de que suavizar\u00eda las sanciones.","og_url":"https:\/\/focus.s.nomatter.dev\/es\/blog\/cual-es-la-perspectiva-para-la-economia-de-venezuela-tras-la-reduccion-de-las-sanciones-de-ee-uu\/","og_site_name":"FocusEconomics [ES]","article_publisher":"https:\/\/www.facebook.com\/FocusEconomics","article_published_time":"2023-11-09T10:51:37+00:00","og_image":[{"width":2560,"height":671,"url":"https:\/\/focus.nm-img.net\/uploads\/sites\/5\/2022\/11\/Venezuela-scaled.jpg","type":"image\/jpeg"}],"author":"Sibel A\u011flamaz","twitter_card":"summary_large_image","twitter_creator":"@FocusEconomics","twitter_site":"@FocusEconomics","twitter_misc":{"Escrito por":"Sibel A\u011flamaz","Tiempo de lectura":"4 minutos"},"schema":{"@context":"https:\/\/schema.org","@graph":[{"@type":"Article","@id":"https:\/\/focus.s.nomatter.dev\/es\/blog\/cual-es-la-perspectiva-para-la-economia-de-venezuela-tras-la-reduccion-de-las-sanciones-de-ee-uu\/#article","isPartOf":{"@id":"https:\/\/focus.s.nomatter.dev\/es\/blog\/cual-es-la-perspectiva-para-la-economia-de-venezuela-tras-la-reduccion-de-las-sanciones-de-ee-uu\/"},"author":{"name":"Sibel A\u011flamaz","@id":"https:\/\/focus.s.nomatter.dev\/es\/#\/schema\/person\/74ccc4de3a3df5da86a5bd7d82f542bc"},"headline":"\u00bfCu\u00e1l es la perspectiva para la econom\u00eda de Venezuela tras la reducci\u00f3n de las sanciones de EE. UU.?","datePublished":"2023-11-09T10:51:37+00:00","mainEntityOfPage":{"@id":"https:\/\/focus.s.nomatter.dev\/es\/blog\/cual-es-la-perspectiva-para-la-economia-de-venezuela-tras-la-reduccion-de-las-sanciones-de-ee-uu\/"},"wordCount":738,"publisher":{"@id":"https:\/\/focus.s.nomatter.dev\/es\/#organization"},"image":{"@id":"https:\/\/focus.s.nomatter.dev\/es\/blog\/cual-es-la-perspectiva-para-la-economia-de-venezuela-tras-la-reduccion-de-las-sanciones-de-ee-uu\/#primaryimage"},"thumbnailUrl":"https:\/\/focus-stg.nm-img.net\/uploads\/sites\/5\/2022\/11\/Venezuela-scaled.jpg","keywords":["PIB","Venezuela"],"articleSection":["Newsletters"],"inLanguage":"es"},{"@type":"WebPage","@id":"https:\/\/focus.s.nomatter.dev\/es\/blog\/cual-es-la-perspectiva-para-la-economia-de-venezuela-tras-la-reduccion-de-las-sanciones-de-ee-uu\/","url":"https:\/\/focus.s.nomatter.dev\/es\/blog\/cual-es-la-perspectiva-para-la-economia-de-venezuela-tras-la-reduccion-de-las-sanciones-de-ee-uu\/","name":"\u00bfCu\u00e1l es la perspectiva para la econom\u00eda de Venezuela tras la reducci\u00f3n de las sanciones de EE. UU.? - FocusEconomics [ES]","isPartOf":{"@id":"https:\/\/focus.s.nomatter.dev\/es\/#website"},"primaryImageOfPage":{"@id":"https:\/\/focus.s.nomatter.dev\/es\/blog\/cual-es-la-perspectiva-para-la-economia-de-venezuela-tras-la-reduccion-de-las-sanciones-de-ee-uu\/#primaryimage"},"image":{"@id":"https:\/\/focus.s.nomatter.dev\/es\/blog\/cual-es-la-perspectiva-para-la-economia-de-venezuela-tras-la-reduccion-de-las-sanciones-de-ee-uu\/#primaryimage"},"thumbnailUrl":"https:\/\/focus-stg.nm-img.net\/uploads\/sites\/5\/2022\/11\/Venezuela-scaled.jpg","datePublished":"2023-11-09T10:51:37+00:00","description":"En nuestra \u00faltima an\u00e1lisis, examinamos nuestras Previsiones de Consenso para Venezuela, luego del anuncio de Estados Unidos a mediados de octubre de que suavizar\u00eda las sanciones.","breadcrumb":{"@id":"https:\/\/focus.s.nomatter.dev\/es\/blog\/cual-es-la-perspectiva-para-la-economia-de-venezuela-tras-la-reduccion-de-las-sanciones-de-ee-uu\/#breadcrumb"},"inLanguage":"es","potentialAction":[{"@type":"ReadAction","target":["https:\/\/focus.s.nomatter.dev\/es\/blog\/cual-es-la-perspectiva-para-la-economia-de-venezuela-tras-la-reduccion-de-las-sanciones-de-ee-uu\/"]}]},{"@type":"ImageObject","inLanguage":"es","@id":"https:\/\/focus.s.nomatter.dev\/es\/blog\/cual-es-la-perspectiva-para-la-economia-de-venezuela-tras-la-reduccion-de-las-sanciones-de-ee-uu\/#primaryimage","url":"https:\/\/focus-stg.nm-img.net\/uploads\/sites\/5\/2022\/11\/Venezuela-scaled.jpg","contentUrl":"https:\/\/focus-stg.nm-img.net\/uploads\/sites\/5\/2022\/11\/Venezuela-scaled.jpg","width":2560,"height":671,"caption":"Venezuela skyline with mountains"},{"@type":"BreadcrumbList","@id":"https:\/\/focus.s.nomatter.dev\/es\/blog\/cual-es-la-perspectiva-para-la-economia-de-venezuela-tras-la-reduccion-de-las-sanciones-de-ee-uu\/#breadcrumb","itemListElement":[{"@type":"ListItem","position":1,"name":"Home","item":"https:\/\/focus.s.nomatter.dev\/es\/"},{"@type":"ListItem","position":2,"name":"\u00bfCu\u00e1l es la perspectiva para la econom\u00eda de Venezuela tras la reducci\u00f3n de las sanciones de EE. UU.?"}]},{"@type":"WebSite","@id":"https:\/\/focus.s.nomatter.dev\/es\/#website","url":"https:\/\/focus.s.nomatter.dev\/es\/","name":"FocusEconomics","description":"Economic Indicators, News and Forecasts","publisher":{"@id":"https:\/\/focus.s.nomatter.dev\/es\/#organization"},"potentialAction":[{"@type":"SearchAction","target":{"@type":"EntryPoint","urlTemplate":"https:\/\/focus.s.nomatter.dev\/es\/search-results\/?global-search={search_term_string}"},"query-input":{"@type":"PropertyValueSpecification","valueRequired":true,"valueName":"search_term_string"}}],"inLanguage":"es"},{"@type":"Organization","@id":"https:\/\/focus.s.nomatter.dev\/es\/#organization","name":"FocusEconomics","url":"https:\/\/focus.s.nomatter.dev\/es\/","logo":{"@type":"ImageObject","inLanguage":"es","@id":"https:\/\/focus.s.nomatter.dev\/es\/#\/schema\/logo\/image\/","url":"https:\/\/focus-d7op8.kinsta.storage\/production\/uploads\/sites\/5\/2022\/08\/logo.svg","contentUrl":"https:\/\/focus-d7op8.kinsta.storage\/production\/uploads\/sites\/5\/2022\/08\/logo.svg","width":277,"height":54,"caption":"FocusEconomics"},"image":{"@id":"https:\/\/focus.s.nomatter.dev\/es\/#\/schema\/logo\/image\/"},"sameAs":["https:\/\/www.facebook.com\/FocusEconomics","https:\/\/x.com\/FocusEconomics"]},{"@type":"Person","@id":"https:\/\/focus.s.nomatter.dev\/es\/#\/schema\/person\/74ccc4de3a3df5da86a5bd7d82f542bc","name":"Sibel A\u011flamaz"}]}},"_links":{"self":[{"href":"https:\/\/focus.s.nomatter.dev\/es\/wp-json\/wp\/v2\/posts\/147665","targetHints":{"allow":["GET"]}}],"collection":[{"href":"https:\/\/focus.s.nomatter.dev\/es\/wp-json\/wp\/v2\/posts"}],"about":[{"href":"https:\/\/focus.s.nomatter.dev\/es\/wp-json\/wp\/v2\/types\/post"}],"author":[{"embeddable":true,"href":"https:\/\/focus.s.nomatter.dev\/es\/wp-json\/wp\/v2\/users\/7"}],"replies":[{"embeddable":true,"href":"https:\/\/focus.s.nomatter.dev\/es\/wp-json\/wp\/v2\/comments?post=147665"}],"version-history":[{"count":0,"href":"https:\/\/focus.s.nomatter.dev\/es\/wp-json\/wp\/v2\/posts\/147665\/revisions"}],"wp:featuredmedia":[{"embeddable":true,"href":"https:\/\/focus.s.nomatter.dev\/es\/wp-json\/wp\/v2\/media\/26671"}],"wp:attachment":[{"href":"https:\/\/focus.s.nomatter.dev\/es\/wp-json\/wp\/v2\/media?parent=147665"}],"wp:term":[{"taxonomy":"category","embeddable":true,"href":"https:\/\/focus.s.nomatter.dev\/es\/wp-json\/wp\/v2\/categories?post=147665"},{"taxonomy":"post_tag","embeddable":true,"href":"https:\/\/focus.s.nomatter.dev\/es\/wp-json\/wp\/v2\/tags?post=147665"}],"curies":[{"name":"wp","href":"https:\/\/api.w.org\/{rel}","templated":true}]}}