{"id":147873,"date":"2023-11-17T10:19:31","date_gmt":"2023-11-17T10:19:31","guid":{"rendered":"https:\/\/focus.s.nomatter.dev\/es\/?p=147873"},"modified":"2023-11-17T10:20:59","modified_gmt":"2023-11-17T10:20:59","slug":"el-nino-y-su-impacto-economico","status":"publish","type":"post","link":"https:\/\/focus.s.nomatter.dev\/es\/blog\/el-nino-y-su-impacto-economico\/","title":{"rendered":"El Ni\u00f1o y su impacto econ\u00f3mico"},"content":{"rendered":"<p><strong>Am\u00e9rica Latina:<\/strong><\/p>\n<p>M\u00e9xico, el tercer exportador agr\u00edcola m\u00e1s grande de la regi\u00f3n, podr\u00eda producir menos caf\u00e9, frutas y verduras como resultado de la menor precipitaci\u00f3n debido a El Ni\u00f1o; el patr\u00f3n clim\u00e1tico tiende a reducir la precipitaci\u00f3n en el sur del pa\u00eds, junto con Am\u00e9rica Central y el norte de Am\u00e9rica del Sur. Por otro lado, pero con efectos igualmente negativos, El Ni\u00f1o aumenta los riesgos de inundaciones y, por lo tanto, da\u00f1os a los cultivos en Ecuador y Per\u00fa, el quinto sexto exportador agr\u00edcola m\u00e1s grande de la regi\u00f3n, respectivamente. M\u00e1s positivamente, el patr\u00f3n clim\u00e1tico deber\u00eda aumentar las lluvias en la regi\u00f3n de las Pampas, lo cual ser\u00e1 bien recibido por los agricultores despu\u00e9s de las recientes sequ\u00edas.<\/p>\n<p><strong>Sudeste Asi\u00e1tico:<\/strong><\/p>\n<p>Ciclones, sequ\u00edas e inundaciones son algunas de las formas en que El Ni\u00f1o podr\u00eda da\u00f1ar la econom\u00eda de la regi\u00f3n. El monz\u00f3n de la India este a\u00f1o fue el m\u00e1s seco en 5 a\u00f1os, con estimaciones iniciales del gobierno que sugieren que la producci\u00f3n de cultivos de kharif, como arroz, ma\u00edz, legumbres y mijo, todos cosechados en el cuarto trimestre, ha disminuido en comparaci\u00f3n con el a\u00f1o anterior como resultado.<\/p>\n<p><strong>\u00c1frica subsahariana (SSA):<\/strong><\/p>\n<p>Aproximadamente el 30% del PIB de SSA est\u00e1 compuesto por la producci\u00f3n agr\u00edcola. Como resultado, la regi\u00f3n est\u00e1 en riesgo debido a El Ni\u00f1o, especialmente en el sur. \u00c1frica Austral fue la regi\u00f3n m\u00e1s afectada del continente durante el \u00faltimo El Ni\u00f1o en 2015\u201316, sufriendo su peor sequ\u00eda en 30 a\u00f1os. La sequ\u00eda alcanz\u00f3 su punto m\u00e1ximo en noviembre de 2015, en medio de la temporada de siembra; esto provoc\u00f3 que la producci\u00f3n de cereales fue casi 10 millones de toneladas menor a la demanda en la cosecha del a\u00f1o siguiente.<\/p>\n<p><strong><img loading=\"lazy\" decoding=\"async\" class=\"alignnone wp-image-147879\" src=\"https:\/\/focus-economics.imgix.net\/wp-content\/uploads\/sites\/5\/2023\/11\/FocusEconomics-GDP-by-region-November-2023-1024x773.png\" alt=\"\" width=\"701\" height=\"529\" srcset=\"https:\/\/focus-d7op8.kinsta.storage\/staging\/uploads\/sites\/5\/2023\/11\/FocusEconomics-GDP-by-region-November-2023-1024x773.png 1024w, https:\/\/focus-d7op8.kinsta.storage\/staging\/uploads\/sites\/5\/2023\/11\/FocusEconomics-GDP-by-region-November-2023-300x227.png 300w, https:\/\/focus-d7op8.kinsta.storage\/staging\/uploads\/sites\/5\/2023\/11\/FocusEconomics-GDP-by-region-November-2023-768x580.png 768w, https:\/\/focus-d7op8.kinsta.storage\/staging\/uploads\/sites\/5\/2023\/11\/FocusEconomics-GDP-by-region-November-2023-1536x1160.png 1536w, https:\/\/focus-d7op8.kinsta.storage\/staging\/uploads\/sites\/5\/2023\/11\/FocusEconomics-GDP-by-region-November-2023.png 1894w\" sizes=\"auto, (max-width: 701px) 100vw, 701px\" \/><\/strong><\/p>\n<p><strong>Materias primas:<\/strong><\/p>\n<p>Como se mencion\u00f3 anteriormente, el principal impacto econ\u00f3mico de El Ni\u00f1o ocurrir\u00e1 a trav\u00e9s de la agricultura. Se espera que los precios del arroz permanezcan elevados en 2024 debido a los efectos del patr\u00f3n clim\u00e1tico en la producci\u00f3n en los principales productores como India. Mientras tanto, el clima adverso tambi\u00e9n podr\u00eda afectar la producci\u00f3n de az\u00facar en Brasil, India y Tailandia. Dicho esto, el patr\u00f3n clim\u00e1tico podr\u00eda aumentar la producci\u00f3n de ma\u00edz, soja y trigo a trav\u00e9s de su impacto en las lluvias en la regi\u00f3n de las Pampas en Am\u00e9rica Latina. Por ahora, el Consensos de nuestro panelistas es que el precio medio de los productos agr\u00edcolas se reducir\u00e1 el a\u00f1o que viene, aunque estas previsiones tienen un sesgo al alza debido a El Ni\u00f1o.<\/p>\n<h2><strong>Perspectiva de nuestros analistas:<\/strong><\/h2>\n<p><strong>Analistas de ING <\/strong>comentaron:<\/p>\n<p><em>\u201cA\u00fan estamos viendo otra ronda de medidas proteccionistas alimentarias tomadas por algunos gobiernos. Esto es m\u00e1s evidente en India. El a\u00f1o pasado, el gobierno prohibi\u00f3 las exportaciones de trigo y, m\u00e1s recientemente, tambi\u00e9n ha restringido algunas exportaciones de arroz [&#8230;]. Parte de estas preocupaciones de seguridad alimentaria interna se deben al impacto que El Ni\u00f1o est\u00e1 teniendo en el monz\u00f3n indio esta temporada. Y el gobierno tambi\u00e9n puede sentir la necesidad de tomar medidas para aliviar los precios de los alimentos con elecciones el pr\u00f3ximo a\u00f1o. Sin embargo, para los mercados globales, estas medidas podr\u00edan aumentar algunos precios agr\u00edcolas<\/em><em>.\u201d<\/em><\/p>\n<p><strong>Analistas de JPMorgan <\/strong>comentaron:<\/p>\n<p><em>\u201cLa buena noticia es que El Ni\u00f1o deber\u00eda poner fin a las condiciones de sequ\u00eda [en Argentina]. Esperamos que las entradas de exportaciones el pr\u00f3ximo a\u00f1o se recuperen fuertemente a medida que las condiciones clim\u00e1ticas se normalicen. Y as\u00ed pronosticamos que las exportaciones aumentar\u00e1n alrededor de $20 mil millones el pr\u00f3ximo a\u00f1o a $85 mil millones<\/em><em>.\u201d<\/em><\/p>\n<h2><strong>Nuestro \u00faltimo an\u00e1lisis: <\/strong><\/h2>\n<ul>\n<li>El peque\u00f1o ajuste de la pol\u00edtica monetaria del BOJ en octubre decepcion\u00f3 a los inversores. <a href=\"https:\/\/focus.s.nomatter.dev\/countries\/japan\/news\/monetary-policy\/boj-disappoints-investors-after-minor-ycc-tweak-in-october\/\">Obt\u00e9n m\u00e1s detalles aqu\u00ed<\/a>.<\/li>\n<li>Las exportaciones de mercanc\u00edas chinas disminuyeron en octubre, sin cumplir las expectativas del mercado. <a href=\"https:\/\/focus.s.nomatter.dev\/countries\/china\/news\/trade\/merchandise-exports-decline-in-october-4\/\">Lee m\u00e1s aqu\u00ed<\/a>.<\/li>\n<\/ul>\n<p><a href=\"https:\/\/focus.s.nomatter.dev\/blog\/special-report-el-nino\/\" data-cke-saved-href=\"https:\/\/focus.s.nomatter.dev\/blog\/special-report-el-nino\/\"><img loading=\"lazy\" decoding=\"async\" class=\"alignnone\" src=\"https:\/\/info.focus-economics.com\/l\/871881\/2023-11-17\/ncgk85\/871881\/170021269383dua9qK\/El_nino.PNG\" alt=\"\" width=\"570\" height=\"325\" border=\"0\" data-cke-saved-src=\"https:\/\/info.focus-economics.com\/l\/871881\/2023-11-17\/ncgk85\/871881\/170021269383dua9qK\/El_nino.PNG\" \/><\/a><\/p>\n<p><a href=\"https:\/\/focus.s.nomatter.dev\/es\/blog\/informe-especial-el-nino\/\">Haz clic aqu\u00ed para acceder a nuestro nuevo informe especial sobre el posible impacto econ\u00f3mico del fen\u00f3meno de El Ni\u00f1o de este a\u00f1o.<\/a><\/p>\n<p><em>\u00a0<\/em><\/p>\n","protected":false},"excerpt":{"rendered":"<p>Existe un 55% de probabilidad de que El Ni\u00f1o de este a\u00f1o, declarado por el servicio meteorol\u00f3gico de Estados Unidos en junio, sea \u00abfuerte\u00bb y un 35% de probabilidad de que sea \u00abhist\u00f3ricamente fuerte\u00bb. En 1997-98, el El Ni\u00f1o m\u00e1s fuerte de la historia caus\u00f3 da\u00f1os econ\u00f3micos por valor de mil millones de d\u00f3lares seg\u00fan el Banco Mundial. El principal impacto del patr\u00f3n clim\u00e1tico ser\u00e1 en la producci\u00f3n agr\u00edcola y, como consecuencia, en los precios de los alimentos y la inflaci\u00f3n<\/p>\n","protected":false},"author":7,"featured_media":147773,"comment_status":"closed","ping_status":"closed","sticky":false,"template":"","format":"standard","meta":{"_acf_changed":false,"editor_notices":[],"footnotes":""},"categories":[1702],"tags":[1802,1804],"class_list":["post-147873","post","type-post","status-publish","format-standard","has-post-thumbnail","hentry","category-newsletters","tag-pib","tag-el-nino"],"acf":[],"yoast_head":"<!-- This site is optimized with the Yoast SEO Premium plugin v26.9 (Yoast SEO v26.9) - https:\/\/yoast.com\/product\/yoast-seo-premium-wordpress\/ -->\n<title>El Ni\u00f1o y su impacto econ\u00f3mico - FocusEconomics [ES]<\/title>\n<meta name=\"robots\" content=\"noindex, follow, max-snippet:-1, max-image-preview:large, max-video-preview:-1\" \/>\n<meta property=\"og:locale\" content=\"es_ES\" class=\"yoast-seo-meta-tag\" \/>\n<meta property=\"og:type\" content=\"article\" class=\"yoast-seo-meta-tag\" \/>\n<meta property=\"og:title\" content=\"El Ni\u00f1o y su impacto econ\u00f3mico\" class=\"yoast-seo-meta-tag\" \/>\n<meta property=\"og:description\" content=\"Existe un 55% de probabilidad de que El Ni\u00f1o de este a\u00f1o, declarado por el servicio meteorol\u00f3gico de Estados Unidos en junio, sea &quot;fuerte&quot; y un 35% de probabilidad de que sea &quot;hist\u00f3ricamente fuerte&quot;. En 1997-98, el El Ni\u00f1o m\u00e1s fuerte de la historia caus\u00f3 da\u00f1os econ\u00f3micos por valor de mil millones de d\u00f3lares seg\u00fan el Banco Mundial. El principal impacto del patr\u00f3n clim\u00e1tico ser\u00e1 en la producci\u00f3n agr\u00edcola y, como consecuencia, en los precios de los alimentos y la inflaci\u00f3n\" class=\"yoast-seo-meta-tag\" \/>\n<meta property=\"og:url\" content=\"https:\/\/focus.s.nomatter.dev\/es\/blog\/el-nino-y-su-impacto-economico\/\" class=\"yoast-seo-meta-tag\" \/>\n<meta property=\"og:site_name\" content=\"FocusEconomics [ES]\" class=\"yoast-seo-meta-tag\" \/>\n<meta property=\"article:publisher\" content=\"https:\/\/www.facebook.com\/FocusEconomics\" class=\"yoast-seo-meta-tag\" \/>\n<meta property=\"article:published_time\" content=\"2023-11-17T10:19:31+00:00\" class=\"yoast-seo-meta-tag\" \/>\n<meta property=\"article:modified_time\" content=\"2023-11-17T10:20:59+00:00\" class=\"yoast-seo-meta-tag\" \/>\n<meta property=\"og:image\" content=\"https:\/\/focus.nm-img.net\/uploads\/sites\/5\/2023\/11\/johannes-plenio-2QUvkQTBh5s-unsplash.jpg\" class=\"yoast-seo-meta-tag\" \/>\n\t<meta property=\"og:image:width\" content=\"2552\" class=\"yoast-seo-meta-tag\" \/>\n\t<meta property=\"og:image:height\" content=\"1424\" class=\"yoast-seo-meta-tag\" \/>\n\t<meta property=\"og:image:type\" content=\"image\/jpeg\" class=\"yoast-seo-meta-tag\" \/>\n<meta name=\"author\" content=\"Sibel A\u011flamaz\" class=\"yoast-seo-meta-tag\" \/>\n<meta name=\"twitter:card\" content=\"summary_large_image\" class=\"yoast-seo-meta-tag\" \/>\n<meta name=\"twitter:creator\" content=\"@FocusEconomics\" class=\"yoast-seo-meta-tag\" \/>\n<meta name=\"twitter:site\" content=\"@FocusEconomics\" class=\"yoast-seo-meta-tag\" \/>\n<meta name=\"twitter:label1\" content=\"Escrito por\" class=\"yoast-seo-meta-tag\" \/>\n\t<meta name=\"twitter:data1\" content=\"Sibel A\u011flamaz\" class=\"yoast-seo-meta-tag\" \/>\n\t<meta name=\"twitter:label2\" content=\"Tiempo de lectura\" class=\"yoast-seo-meta-tag\" \/>\n\t<meta name=\"twitter:data2\" content=\"4 minutos\" class=\"yoast-seo-meta-tag\" \/>\n<script type=\"application\/ld+json\" class=\"yoast-schema-graph\">{\"@context\":\"https:\/\/schema.org\",\"@graph\":[{\"@type\":\"Article\",\"@id\":\"https:\/\/focus.s.nomatter.dev\/es\/blog\/el-nino-y-su-impacto-economico\/#article\",\"isPartOf\":{\"@id\":\"https:\/\/focus.s.nomatter.dev\/es\/blog\/el-nino-y-su-impacto-economico\/\"},\"author\":{\"name\":\"Sibel A\u011flamaz\",\"@id\":\"https:\/\/focus.s.nomatter.dev\/es\/#\/schema\/person\/74ccc4de3a3df5da86a5bd7d82f542bc\"},\"headline\":\"El Ni\u00f1o y su impacto econ\u00f3mico\",\"datePublished\":\"2023-11-17T10:19:31+00:00\",\"dateModified\":\"2023-11-17T10:20:59+00:00\",\"mainEntityOfPage\":{\"@id\":\"https:\/\/focus.s.nomatter.dev\/es\/blog\/el-nino-y-su-impacto-economico\/\"},\"wordCount\":747,\"publisher\":{\"@id\":\"https:\/\/focus.s.nomatter.dev\/es\/#organization\"},\"image\":{\"@id\":\"https:\/\/focus.s.nomatter.dev\/es\/blog\/el-nino-y-su-impacto-economico\/#primaryimage\"},\"thumbnailUrl\":\"https:\/\/focus-stg.nm-img.net\/uploads\/sites\/5\/2023\/11\/johannes-plenio-2QUvkQTBh5s-unsplash.jpg\",\"keywords\":[\"PIB\",\"El Ni\u00f1o\"],\"articleSection\":[\"Newsletters\"],\"inLanguage\":\"es\"},{\"@type\":\"WebPage\",\"@id\":\"https:\/\/focus.s.nomatter.dev\/es\/blog\/el-nino-y-su-impacto-economico\/\",\"url\":\"https:\/\/focus.s.nomatter.dev\/es\/blog\/el-nino-y-su-impacto-economico\/\",\"name\":\"El Ni\u00f1o y su impacto econ\u00f3mico - FocusEconomics [ES]\",\"isPartOf\":{\"@id\":\"https:\/\/focus.s.nomatter.dev\/es\/#website\"},\"primaryImageOfPage\":{\"@id\":\"https:\/\/focus.s.nomatter.dev\/es\/blog\/el-nino-y-su-impacto-economico\/#primaryimage\"},\"image\":{\"@id\":\"https:\/\/focus.s.nomatter.dev\/es\/blog\/el-nino-y-su-impacto-economico\/#primaryimage\"},\"thumbnailUrl\":\"https:\/\/focus-stg.nm-img.net\/uploads\/sites\/5\/2023\/11\/johannes-plenio-2QUvkQTBh5s-unsplash.jpg\",\"datePublished\":\"2023-11-17T10:19:31+00:00\",\"dateModified\":\"2023-11-17T10:20:59+00:00\",\"breadcrumb\":{\"@id\":\"https:\/\/focus.s.nomatter.dev\/es\/blog\/el-nino-y-su-impacto-economico\/#breadcrumb\"},\"inLanguage\":\"es\",\"potentialAction\":[{\"@type\":\"ReadAction\",\"target\":[\"https:\/\/focus.s.nomatter.dev\/es\/blog\/el-nino-y-su-impacto-economico\/\"]}]},{\"@type\":\"ImageObject\",\"inLanguage\":\"es\",\"@id\":\"https:\/\/focus.s.nomatter.dev\/es\/blog\/el-nino-y-su-impacto-economico\/#primaryimage\",\"url\":\"https:\/\/focus-stg.nm-img.net\/uploads\/sites\/5\/2023\/11\/johannes-plenio-2QUvkQTBh5s-unsplash.jpg\",\"contentUrl\":\"https:\/\/focus-stg.nm-img.net\/uploads\/sites\/5\/2023\/11\/johannes-plenio-2QUvkQTBh5s-unsplash.jpg\",\"width\":2552,\"height\":1424},{\"@type\":\"BreadcrumbList\",\"@id\":\"https:\/\/focus.s.nomatter.dev\/es\/blog\/el-nino-y-su-impacto-economico\/#breadcrumb\",\"itemListElement\":[{\"@type\":\"ListItem\",\"position\":1,\"name\":\"Home\",\"item\":\"https:\/\/focus.s.nomatter.dev\/es\/\"},{\"@type\":\"ListItem\",\"position\":2,\"name\":\"El Ni\u00f1o y su impacto econ\u00f3mico\"}]},{\"@type\":\"WebSite\",\"@id\":\"https:\/\/focus.s.nomatter.dev\/es\/#website\",\"url\":\"https:\/\/focus.s.nomatter.dev\/es\/\",\"name\":\"FocusEconomics\",\"description\":\"Economic Indicators, News and Forecasts\",\"publisher\":{\"@id\":\"https:\/\/focus.s.nomatter.dev\/es\/#organization\"},\"potentialAction\":[{\"@type\":\"SearchAction\",\"target\":{\"@type\":\"EntryPoint\",\"urlTemplate\":\"https:\/\/focus.s.nomatter.dev\/es\/search-results\/?global-search={search_term_string}\"},\"query-input\":{\"@type\":\"PropertyValueSpecification\",\"valueRequired\":true,\"valueName\":\"search_term_string\"}}],\"inLanguage\":\"es\"},{\"@type\":\"Organization\",\"@id\":\"https:\/\/focus.s.nomatter.dev\/es\/#organization\",\"name\":\"FocusEconomics\",\"url\":\"https:\/\/focus.s.nomatter.dev\/es\/\",\"logo\":{\"@type\":\"ImageObject\",\"inLanguage\":\"es\",\"@id\":\"https:\/\/focus.s.nomatter.dev\/es\/#\/schema\/logo\/image\/\",\"url\":\"https:\/\/focus-d7op8.kinsta.storage\/production\/uploads\/sites\/5\/2022\/08\/logo.svg\",\"contentUrl\":\"https:\/\/focus-d7op8.kinsta.storage\/production\/uploads\/sites\/5\/2022\/08\/logo.svg\",\"width\":277,\"height\":54,\"caption\":\"FocusEconomics\"},\"image\":{\"@id\":\"https:\/\/focus.s.nomatter.dev\/es\/#\/schema\/logo\/image\/\"},\"sameAs\":[\"https:\/\/www.facebook.com\/FocusEconomics\",\"https:\/\/x.com\/FocusEconomics\"]},{\"@type\":\"Person\",\"@id\":\"https:\/\/focus.s.nomatter.dev\/es\/#\/schema\/person\/74ccc4de3a3df5da86a5bd7d82f542bc\",\"name\":\"Sibel A\u011flamaz\"}]}<\/script>\n<!-- \/ Yoast SEO Premium plugin. -->","yoast_head_json":{"title":"El Ni\u00f1o y su impacto econ\u00f3mico - FocusEconomics [ES]","robots":{"index":"noindex","follow":"follow","max-snippet":"max-snippet:-1","max-image-preview":"max-image-preview:large","max-video-preview":"max-video-preview:-1"},"og_locale":"es_ES","og_type":"article","og_title":"El Ni\u00f1o y su impacto econ\u00f3mico","og_description":"Existe un 55% de probabilidad de que El Ni\u00f1o de este a\u00f1o, declarado por el servicio meteorol\u00f3gico de Estados Unidos en junio, sea \"fuerte\" y un 35% de probabilidad de que sea \"hist\u00f3ricamente fuerte\". En 1997-98, el El Ni\u00f1o m\u00e1s fuerte de la historia caus\u00f3 da\u00f1os econ\u00f3micos por valor de mil millones de d\u00f3lares seg\u00fan el Banco Mundial. El principal impacto del patr\u00f3n clim\u00e1tico ser\u00e1 en la producci\u00f3n agr\u00edcola y, como consecuencia, en los precios de los alimentos y la inflaci\u00f3n","og_url":"https:\/\/focus.s.nomatter.dev\/es\/blog\/el-nino-y-su-impacto-economico\/","og_site_name":"FocusEconomics [ES]","article_publisher":"https:\/\/www.facebook.com\/FocusEconomics","article_published_time":"2023-11-17T10:19:31+00:00","article_modified_time":"2023-11-17T10:20:59+00:00","og_image":[{"width":2552,"height":1424,"url":"https:\/\/focus.nm-img.net\/uploads\/sites\/5\/2023\/11\/johannes-plenio-2QUvkQTBh5s-unsplash.jpg","type":"image\/jpeg"}],"author":"Sibel A\u011flamaz","twitter_card":"summary_large_image","twitter_creator":"@FocusEconomics","twitter_site":"@FocusEconomics","twitter_misc":{"Escrito por":"Sibel A\u011flamaz","Tiempo de lectura":"4 minutos"},"schema":{"@context":"https:\/\/schema.org","@graph":[{"@type":"Article","@id":"https:\/\/focus.s.nomatter.dev\/es\/blog\/el-nino-y-su-impacto-economico\/#article","isPartOf":{"@id":"https:\/\/focus.s.nomatter.dev\/es\/blog\/el-nino-y-su-impacto-economico\/"},"author":{"name":"Sibel A\u011flamaz","@id":"https:\/\/focus.s.nomatter.dev\/es\/#\/schema\/person\/74ccc4de3a3df5da86a5bd7d82f542bc"},"headline":"El Ni\u00f1o y su impacto econ\u00f3mico","datePublished":"2023-11-17T10:19:31+00:00","dateModified":"2023-11-17T10:20:59+00:00","mainEntityOfPage":{"@id":"https:\/\/focus.s.nomatter.dev\/es\/blog\/el-nino-y-su-impacto-economico\/"},"wordCount":747,"publisher":{"@id":"https:\/\/focus.s.nomatter.dev\/es\/#organization"},"image":{"@id":"https:\/\/focus.s.nomatter.dev\/es\/blog\/el-nino-y-su-impacto-economico\/#primaryimage"},"thumbnailUrl":"https:\/\/focus-stg.nm-img.net\/uploads\/sites\/5\/2023\/11\/johannes-plenio-2QUvkQTBh5s-unsplash.jpg","keywords":["PIB","El Ni\u00f1o"],"articleSection":["Newsletters"],"inLanguage":"es"},{"@type":"WebPage","@id":"https:\/\/focus.s.nomatter.dev\/es\/blog\/el-nino-y-su-impacto-economico\/","url":"https:\/\/focus.s.nomatter.dev\/es\/blog\/el-nino-y-su-impacto-economico\/","name":"El Ni\u00f1o y su impacto econ\u00f3mico - FocusEconomics [ES]","isPartOf":{"@id":"https:\/\/focus.s.nomatter.dev\/es\/#website"},"primaryImageOfPage":{"@id":"https:\/\/focus.s.nomatter.dev\/es\/blog\/el-nino-y-su-impacto-economico\/#primaryimage"},"image":{"@id":"https:\/\/focus.s.nomatter.dev\/es\/blog\/el-nino-y-su-impacto-economico\/#primaryimage"},"thumbnailUrl":"https:\/\/focus-stg.nm-img.net\/uploads\/sites\/5\/2023\/11\/johannes-plenio-2QUvkQTBh5s-unsplash.jpg","datePublished":"2023-11-17T10:19:31+00:00","dateModified":"2023-11-17T10:20:59+00:00","breadcrumb":{"@id":"https:\/\/focus.s.nomatter.dev\/es\/blog\/el-nino-y-su-impacto-economico\/#breadcrumb"},"inLanguage":"es","potentialAction":[{"@type":"ReadAction","target":["https:\/\/focus.s.nomatter.dev\/es\/blog\/el-nino-y-su-impacto-economico\/"]}]},{"@type":"ImageObject","inLanguage":"es","@id":"https:\/\/focus.s.nomatter.dev\/es\/blog\/el-nino-y-su-impacto-economico\/#primaryimage","url":"https:\/\/focus-stg.nm-img.net\/uploads\/sites\/5\/2023\/11\/johannes-plenio-2QUvkQTBh5s-unsplash.jpg","contentUrl":"https:\/\/focus-stg.nm-img.net\/uploads\/sites\/5\/2023\/11\/johannes-plenio-2QUvkQTBh5s-unsplash.jpg","width":2552,"height":1424},{"@type":"BreadcrumbList","@id":"https:\/\/focus.s.nomatter.dev\/es\/blog\/el-nino-y-su-impacto-economico\/#breadcrumb","itemListElement":[{"@type":"ListItem","position":1,"name":"Home","item":"https:\/\/focus.s.nomatter.dev\/es\/"},{"@type":"ListItem","position":2,"name":"El Ni\u00f1o y su impacto econ\u00f3mico"}]},{"@type":"WebSite","@id":"https:\/\/focus.s.nomatter.dev\/es\/#website","url":"https:\/\/focus.s.nomatter.dev\/es\/","name":"FocusEconomics","description":"Economic Indicators, News and Forecasts","publisher":{"@id":"https:\/\/focus.s.nomatter.dev\/es\/#organization"},"potentialAction":[{"@type":"SearchAction","target":{"@type":"EntryPoint","urlTemplate":"https:\/\/focus.s.nomatter.dev\/es\/search-results\/?global-search={search_term_string}"},"query-input":{"@type":"PropertyValueSpecification","valueRequired":true,"valueName":"search_term_string"}}],"inLanguage":"es"},{"@type":"Organization","@id":"https:\/\/focus.s.nomatter.dev\/es\/#organization","name":"FocusEconomics","url":"https:\/\/focus.s.nomatter.dev\/es\/","logo":{"@type":"ImageObject","inLanguage":"es","@id":"https:\/\/focus.s.nomatter.dev\/es\/#\/schema\/logo\/image\/","url":"https:\/\/focus-d7op8.kinsta.storage\/production\/uploads\/sites\/5\/2022\/08\/logo.svg","contentUrl":"https:\/\/focus-d7op8.kinsta.storage\/production\/uploads\/sites\/5\/2022\/08\/logo.svg","width":277,"height":54,"caption":"FocusEconomics"},"image":{"@id":"https:\/\/focus.s.nomatter.dev\/es\/#\/schema\/logo\/image\/"},"sameAs":["https:\/\/www.facebook.com\/FocusEconomics","https:\/\/x.com\/FocusEconomics"]},{"@type":"Person","@id":"https:\/\/focus.s.nomatter.dev\/es\/#\/schema\/person\/74ccc4de3a3df5da86a5bd7d82f542bc","name":"Sibel A\u011flamaz"}]}},"_links":{"self":[{"href":"https:\/\/focus.s.nomatter.dev\/es\/wp-json\/wp\/v2\/posts\/147873","targetHints":{"allow":["GET"]}}],"collection":[{"href":"https:\/\/focus.s.nomatter.dev\/es\/wp-json\/wp\/v2\/posts"}],"about":[{"href":"https:\/\/focus.s.nomatter.dev\/es\/wp-json\/wp\/v2\/types\/post"}],"author":[{"embeddable":true,"href":"https:\/\/focus.s.nomatter.dev\/es\/wp-json\/wp\/v2\/users\/7"}],"replies":[{"embeddable":true,"href":"https:\/\/focus.s.nomatter.dev\/es\/wp-json\/wp\/v2\/comments?post=147873"}],"version-history":[{"count":0,"href":"https:\/\/focus.s.nomatter.dev\/es\/wp-json\/wp\/v2\/posts\/147873\/revisions"}],"wp:featuredmedia":[{"embeddable":true,"href":"https:\/\/focus.s.nomatter.dev\/es\/wp-json\/wp\/v2\/media\/147773"}],"wp:attachment":[{"href":"https:\/\/focus.s.nomatter.dev\/es\/wp-json\/wp\/v2\/media?parent=147873"}],"wp:term":[{"taxonomy":"category","embeddable":true,"href":"https:\/\/focus.s.nomatter.dev\/es\/wp-json\/wp\/v2\/categories?post=147873"},{"taxonomy":"post_tag","embeddable":true,"href":"https:\/\/focus.s.nomatter.dev\/es\/wp-json\/wp\/v2\/tags?post=147873"}],"curies":[{"name":"wp","href":"https:\/\/api.w.org\/{rel}","templated":true}]}}