{"id":149122,"date":"2025-10-30T10:24:42","date_gmt":"2025-10-30T10:24:42","guid":{"rendered":"https:\/\/focus.s.nomatter.dev\/es\/?p=149122"},"modified":"2025-02-06T10:17:08","modified_gmt":"2025-02-06T10:17:08","slug":"goodbye-el-nino-hello-la-nina-commodity-price-forecasts-change-with-the-weather","status":"publish","type":"post","link":"https:\/\/focus.s.nomatter.dev\/es\/blog\/goodbye-el-nino-hello-la-nina-commodity-price-forecasts-change-with-the-weather\/","title":{"rendered":"Adi\u00f3s El Ni\u00f1o, \u00bfhola La Ni\u00f1a? Los pron\u00f3sticos de precios de productos b\u00e1sicos cambian con el clima."},"content":{"rendered":"<p data-ccp-border-top=\"0.3333333333333333px solid #e3e3e3\" data-ccp-padding-top=\"0px\" data-ccp-border-bottom=\"0.3333333333333333px solid #e3e3e3\" data-ccp-padding-bottom=\"0px\"><em>El patr\u00f3n clim\u00e1tico de El Ni\u00f1o en curso est\u00e1 listo para restringir la producci\u00f3n agr\u00edcola en 2024, como lo hizo el a\u00f1o pasado, a pesar de ser menos fuerte de lo inicialmente temido. Adem\u00e1s, La Ni\u00f1a, el \u00abinverso\u00bb de El Ni\u00f1o, tiene una probabilidad del 55% de desarrollarse en junio-agosto, seg\u00fan el servicio meteorol\u00f3gico de Estados Unidos, lo que reduce a\u00fan m\u00e1s la producci\u00f3n del sector primario. Este art\u00edculo de an\u00e1lisis explora la evoluci\u00f3n de los pron\u00f3sticos de precios de productos b\u00e1sicos dadas las cambiantes condiciones clim\u00e1ticas.\u00a0<\/em><\/p>\n<p data-ccp-border-top=\"0.3333333333333333px solid #e3e3e3\" data-ccp-padding-top=\"0px\" data-ccp-border-bottom=\"0.3333333333333333px solid #e3e3e3\" data-ccp-padding-bottom=\"0px\"><b><span data-contrast=\"none\">El patr\u00f3n clim\u00e1tico de El Ni\u00f1o elev\u00f3 los precios de los productos b\u00e1sicos en 2023:<\/span><\/b><span data-ccp-props=\"{&quot;134233117&quot;:false,&quot;134233118&quot;:false,&quot;201341983&quot;:0,&quot;335557856&quot;:16777215,&quot;335559738&quot;:300,&quot;335559739&quot;:300,&quot;335559740&quot;:240,&quot;335572071&quot;:2,&quot;335572072&quot;:0,&quot;335572073&quot;:14935011,&quot;335572075&quot;:2,&quot;335572076&quot;:0,&quot;335572077&quot;:14935011,&quot;335572079&quot;:2,&quot;335572080&quot;:0,&quot;335572081&quot;:14935011,&quot;335572083&quot;:2,&quot;335572084&quot;:0,&quot;335572085&quot;:14935011,&quot;469789798&quot;:&quot;single&quot;,&quot;469789802&quot;:&quot;single&quot;,&quot;469789806&quot;:&quot;single&quot;,&quot;469789810&quot;:&quot;single&quot;}\">\u00a0<\/span><\/p>\n<p data-ccp-border-top=\"0.3333333333333333px solid #e3e3e3\" data-ccp-padding-top=\"0px\" data-ccp-border-bottom=\"0.3333333333333333px solid #e3e3e3\" data-ccp-padding-bottom=\"0px\"><span data-contrast=\"none\">El a\u00f1o pasado, el precio de los <\/span><a href=\"https:\/\/focus.s.nomatter.dev\/es\/commodities\/agricola\/\"><span data-contrast=\"none\">productos b\u00e1sicos agr\u00edcolas<\/span><\/a><span data-contrast=\"none\"> \u00abblandos\u00bb, como el <\/span><a href=\"https:\/\/focus.s.nomatter.dev\/commodities\/agricultural\/coffee\/\"><span data-contrast=\"none\">caf\u00e9<\/span><\/a><span data-contrast=\"none\">, <\/span><a href=\"https:\/\/focus.s.nomatter.dev\/es\/commodities\/agricola\/cocoa\/\"><span data-contrast=\"none\">cacao<\/span><\/a><span data-contrast=\"none\">, <\/span><a href=\"https:\/\/focus.s.nomatter.dev\/es\/commodities\/agricola\/sugar\/\"><span data-contrast=\"none\">az\u00facar<\/span><\/a><span data-contrast=\"none\">, <\/span><a href=\"https:\/\/focus.s.nomatter.dev\/es\/commodities\/agricola\/corn\/\"><span data-contrast=\"none\">ma\u00edz<\/span><\/a><span data-contrast=\"none\">, <\/span><a href=\"https:\/\/focus.s.nomatter.dev\/es\/commodities\/agricola\/soybeans\/\"><span data-contrast=\"none\">soja<\/span><\/a><span data-contrast=\"none\"> y m\u00e1s, aument\u00f3 un 12,3% respecto al a\u00f1o anterior, seg\u00fan el \u00edndice Dow Jones-UBS. Esto provoc\u00f3 que la inflaci\u00f3n global disminuyera menos bruscamente el a\u00f1o pasado, despu\u00e9s de haber aumentado en 2022 debido a la interrupci\u00f3n en el suministro de productos b\u00e1sicos debido a la invasi\u00f3n de Rusia a Ucrania. A su vez, esto ha frenado los movimientos de los bancos centrales para bajar las tasas de inter\u00e9s.<\/span><span data-ccp-props=\"{&quot;134233117&quot;:false,&quot;134233118&quot;:false,&quot;201341983&quot;:0,&quot;335557856&quot;:16777215,&quot;335559738&quot;:300,&quot;335559739&quot;:300,&quot;335559740&quot;:240,&quot;335572071&quot;:2,&quot;335572072&quot;:0,&quot;335572073&quot;:14935011,&quot;335572075&quot;:2,&quot;335572076&quot;:0,&quot;335572077&quot;:14935011,&quot;335572079&quot;:2,&quot;335572080&quot;:0,&quot;335572081&quot;:14935011,&quot;335572083&quot;:2,&quot;335572084&quot;:0,&quot;335572085&quot;:14935011,&quot;469789798&quot;:&quot;single&quot;,&quot;469789802&quot;:&quot;single&quot;,&quot;469789806&quot;:&quot;single&quot;,&quot;469789810&quot;:&quot;single&quot;}\">\u00a0<\/span><\/p>\n<p data-ccp-border-top=\"0.3333333333333333px solid #e3e3e3\" data-ccp-padding-top=\"0px\" data-ccp-border-bottom=\"0.3333333333333333px solid #e3e3e3\" data-ccp-padding-bottom=\"0px\"><span data-contrast=\"none\">En <\/span><a href=\"https:\/\/focus.s.nomatter.dev\/es\/regions\/latin-america\/\"><span data-contrast=\"none\">Am\u00e9rica Latina<\/span><\/a><span data-contrast=\"none\">, el sector primario de Brasil ha sido particularmente afectado por el clima extremo. En <\/span><a href=\"https:\/\/focus.s.nomatter.dev\/es\/online-store\/east-and-south-asia\/\"><span data-contrast=\"none\">Asia<\/span><\/a><span data-contrast=\"none\">, el monz\u00f3n de 2023 fue el m\u00e1s seco en cinco a\u00f1os en India, reduciendo la producci\u00f3n de cultivos clave como el arroz y llevando a la imposici\u00f3n de varias restricciones a la exportaci\u00f3n. En <\/span><a href=\"https:\/\/focus.s.nomatter.dev\/es\/regions\/sub-saharan-africa\/\"><span data-contrast=\"none\">\u00c1frica<\/span><\/a><span data-contrast=\"none\">, Costa de Marfil vio una ca\u00edda interanual de m\u00e1s del 35% en la entrega de cacao a los puertos del pa\u00eds en octubre-enero.<\/span><span data-ccp-props=\"{&quot;134233117&quot;:false,&quot;134233118&quot;:false,&quot;201341983&quot;:0,&quot;335557856&quot;:16777215,&quot;335559738&quot;:300,&quot;335559739&quot;:300,&quot;335559740&quot;:240,&quot;335572071&quot;:2,&quot;335572072&quot;:0,&quot;335572073&quot;:14935011,&quot;335572075&quot;:2,&quot;335572076&quot;:0,&quot;335572077&quot;:14935011,&quot;335572079&quot;:2,&quot;335572080&quot;:0,&quot;335572081&quot;:14935011,&quot;335572083&quot;:2,&quot;335572084&quot;:0,&quot;335572085&quot;:14935011,&quot;469789798&quot;:&quot;single&quot;,&quot;469789802&quot;:&quot;single&quot;,&quot;469789806&quot;:&quot;single&quot;,&quot;469789810&quot;:&quot;single&quot;}\">\u00a0<\/span><\/p>\n<p data-ccp-border-top=\"0.3333333333333333px solid #e3e3e3\" data-ccp-padding-top=\"0px\" data-ccp-border-bottom=\"0.3333333333333333px solid #e3e3e3\" data-ccp-padding-bottom=\"0px\"><img loading=\"lazy\" decoding=\"async\" class=\"alignnone wp-image-149127\" src=\"https:\/\/focus-economics.imgix.net\/wp-content\/uploads\/sites\/5\/2024\/02\/newsletter-graphs-commodity-agriculture-feb24-1-1024x535.png\" alt=\"\" width=\"771\" height=\"403\" srcset=\"https:\/\/focus-d7op8.kinsta.storage\/staging\/uploads\/sites\/5\/2024\/02\/newsletter-graphs-commodity-agriculture-feb24-1-1024x535.png 1024w, https:\/\/focus-d7op8.kinsta.storage\/staging\/uploads\/sites\/5\/2024\/02\/newsletter-graphs-commodity-agriculture-feb24-1-300x157.png 300w, https:\/\/focus-d7op8.kinsta.storage\/staging\/uploads\/sites\/5\/2024\/02\/newsletter-graphs-commodity-agriculture-feb24-1-768x401.png 768w, https:\/\/focus-d7op8.kinsta.storage\/staging\/uploads\/sites\/5\/2024\/02\/newsletter-graphs-commodity-agriculture-feb24-1.png 1200w\" sizes=\"auto, (max-width: 771px) 100vw, 771px\" \/><\/p>\n<p data-ccp-border-top=\"0.3333333333333333px solid #e3e3e3\" data-ccp-padding-top=\"0px\" data-ccp-border-bottom=\"0.3333333333333333px solid #e3e3e3\" data-ccp-padding-bottom=\"0px\"><b><span data-contrast=\"none\">Los pron\u00f3sticos de precios de productos b\u00e1sicos seguir\u00e1n elevados:<\/span><\/b><span data-ccp-props=\"{&quot;134233117&quot;:false,&quot;134233118&quot;:false,&quot;201341983&quot;:0,&quot;335557856&quot;:16777215,&quot;335559738&quot;:300,&quot;335559739&quot;:300,&quot;335559740&quot;:240,&quot;335572071&quot;:2,&quot;335572072&quot;:0,&quot;335572073&quot;:14935011,&quot;335572075&quot;:2,&quot;335572076&quot;:0,&quot;335572077&quot;:14935011,&quot;335572079&quot;:2,&quot;335572080&quot;:0,&quot;335572081&quot;:14935011,&quot;335572083&quot;:2,&quot;335572084&quot;:0,&quot;335572085&quot;:14935011,&quot;469789798&quot;:&quot;single&quot;,&quot;469789802&quot;:&quot;single&quot;,&quot;469789806&quot;:&quot;single&quot;,&quot;469789810&quot;:&quot;single&quot;}\">\u00a0<\/span><\/p>\n<p data-ccp-border-top=\"0.3333333333333333px solid #e3e3e3\" data-ccp-padding-top=\"0px\" data-ccp-border-bottom=\"0.3333333333333333px solid #e3e3e3\" data-ccp-padding-bottom=\"0px\"><span data-contrast=\"none\">Seg\u00fan el servicio meteorol\u00f3gico de Estados Unidos, hay un 79% de probabilidad de que el patr\u00f3n clim\u00e1tico de El Ni\u00f1o termine en abril-junio, lo que sugiere que la econom\u00eda mundial ya ha soportado lo peor del fen\u00f3meno clim\u00e1tico. Dicho esto, el impacto econ\u00f3mico de El Ni\u00f1o probablemente se ver\u00e1 incluso despu\u00e9s de su finalizaci\u00f3n, ya que se cosechan los cultivos; en los \u00faltimos seis meses, nuestros panelistas han aumentado sus pron\u00f3sticos de precios de productos b\u00e1sicos para el cuarto trimestre de 2024 para az\u00facar, cacao, caf\u00e9, <\/span><a href=\"https:\/\/focus.s.nomatter.dev\/es\/commodities\/agricola\/palm-oil\/\"><span data-contrast=\"none\">aceite de palma<\/span><\/a><span data-contrast=\"none\"> y <\/span><a href=\"https:\/\/focus.s.nomatter.dev\/es\/commodities\/agricola\/rice\/\"><span data-contrast=\"none\">arroz<\/span><\/a><span data-contrast=\"none\">.<\/span><span data-ccp-props=\"{&quot;134233117&quot;:false,&quot;134233118&quot;:false,&quot;201341983&quot;:0,&quot;335557856&quot;:16777215,&quot;335559738&quot;:300,&quot;335559739&quot;:300,&quot;335559740&quot;:240,&quot;335572071&quot;:2,&quot;335572072&quot;:0,&quot;335572073&quot;:14935011,&quot;335572075&quot;:2,&quot;335572076&quot;:0,&quot;335572077&quot;:14935011,&quot;335572079&quot;:2,&quot;335572080&quot;:0,&quot;335572081&quot;:14935011,&quot;335572083&quot;:2,&quot;335572084&quot;:0,&quot;335572085&quot;:14935011,&quot;469789798&quot;:&quot;single&quot;,&quot;469789802&quot;:&quot;single&quot;,&quot;469789806&quot;:&quot;single&quot;,&quot;469789810&quot;:&quot;single&quot;}\">\u00a0<\/span><\/p>\n<p data-ccp-border-top=\"0.3333333333333333px solid #e3e3e3\" data-ccp-padding-top=\"0px\" data-ccp-border-bottom=\"0.3333333333333333px solid #e3e3e3\" data-ccp-padding-bottom=\"0px\"><span data-contrast=\"none\">La Ni\u00f1a a veces se conoce como el \u00abanti-El Ni\u00f1o\u00bb y ocurre cuando los vientos alisios se fortalecen y empujan agua c\u00e1lida hacia Asia y agua fr\u00eda hacia la costa oeste de las Am\u00e9ricas. Si hay una La Ni\u00f1a fuerte m\u00e1s adelante este a\u00f1o, es probable que se vea afectada la producci\u00f3n de trigo y ma\u00edz en Estados Unidos, as\u00ed como la producci\u00f3n de soja y ma\u00edz en Am\u00e9rica Latina. Dicho esto, una La Ni\u00f1a moderada podr\u00eda aumentar ligeramente la producci\u00f3n agr\u00edcola y reducir los pron\u00f3sticos de precios de productos b\u00e1sicos.<\/span><span data-ccp-props=\"{&quot;134233117&quot;:false,&quot;134233118&quot;:false,&quot;201341983&quot;:0,&quot;335557856&quot;:16777215,&quot;335559738&quot;:300,&quot;335559739&quot;:300,&quot;335559740&quot;:240,&quot;335572071&quot;:2,&quot;335572072&quot;:0,&quot;335572073&quot;:14935011,&quot;335572075&quot;:2,&quot;335572076&quot;:0,&quot;335572077&quot;:14935011,&quot;335572079&quot;:2,&quot;335572080&quot;:0,&quot;335572081&quot;:14935011,&quot;335572083&quot;:2,&quot;335572084&quot;:0,&quot;335572085&quot;:14935011,&quot;469789798&quot;:&quot;single&quot;,&quot;469789802&quot;:&quot;single&quot;,&quot;469789806&quot;:&quot;single&quot;,&quot;469789810&quot;:&quot;single&quot;}\">\u00a0<\/span><\/p>\n<h2 data-ccp-border-top=\"0.3333333333333333px solid #e3e3e3\" data-ccp-padding-top=\"0px\" data-ccp-border-bottom=\"0.3333333333333333px solid #e3e3e3\" data-ccp-padding-bottom=\"0px\"><b><span data-contrast=\"none\">Visi\u00f3n de nuestros analistas:<\/span><\/b><span data-ccp-props=\"{&quot;134233117&quot;:false,&quot;134233118&quot;:false,&quot;201341983&quot;:0,&quot;335557856&quot;:16777215,&quot;335559738&quot;:300,&quot;335559739&quot;:300,&quot;335559740&quot;:240,&quot;335572071&quot;:2,&quot;335572072&quot;:0,&quot;335572073&quot;:14935011,&quot;335572075&quot;:2,&quot;335572076&quot;:0,&quot;335572077&quot;:14935011,&quot;335572079&quot;:2,&quot;335572080&quot;:0,&quot;335572081&quot;:14935011,&quot;335572083&quot;:2,&quot;335572084&quot;:0,&quot;335572085&quot;:14935011,&quot;469789798&quot;:&quot;single&quot;,&quot;469789802&quot;:&quot;single&quot;,&quot;469789806&quot;:&quot;single&quot;,&quot;469789810&quot;:&quot;single&quot;}\">\u00a0<\/span><\/h2>\n<p data-ccp-border-top=\"0.3333333333333333px solid #e3e3e3\" data-ccp-padding-top=\"0px\" data-ccp-border-bottom=\"0.3333333333333333px solid #e3e3e3\" data-ccp-padding-bottom=\"0px\"><span data-contrast=\"none\">Sobre las perspectivas de precios del caf\u00e9 y el cacao,<\/span><b><span data-contrast=\"none\"> los analistas de la EIU dijeron<\/span><\/b><span data-contrast=\"none\">:<\/span><span data-ccp-props=\"{&quot;134233117&quot;:false,&quot;134233118&quot;:false,&quot;201341983&quot;:0,&quot;335557856&quot;:16777215,&quot;335559738&quot;:300,&quot;335559739&quot;:300,&quot;335559740&quot;:240,&quot;335572071&quot;:2,&quot;335572072&quot;:0,&quot;335572073&quot;:14935011,&quot;335572075&quot;:2,&quot;335572076&quot;:0,&quot;335572077&quot;:14935011,&quot;335572079&quot;:2,&quot;335572080&quot;:0,&quot;335572081&quot;:14935011,&quot;335572083&quot;:2,&quot;335572084&quot;:0,&quot;335572085&quot;:14935011,&quot;469789798&quot;:&quot;single&quot;,&quot;469789802&quot;:&quot;single&quot;,&quot;469789806&quot;:&quot;single&quot;,&quot;469789810&quot;:&quot;single&quot;}\">\u00a0<\/span><\/p>\n<p data-ccp-border-top=\"0.3333333333333333px solid #e3e3e3\" data-ccp-padding-top=\"0px\" data-ccp-border-bottom=\"0.3333333333333333px solid #e3e3e3\" data-ccp-padding-bottom=\"0px\"><em>\u00abLos precios de los productos alimenticios, piensos y bebidas (FFB) aumentar\u00e1n a lo largo de 2024, impulsados principalmente por las bebidas, ya que El Ni\u00f1o afectar\u00e1 la producci\u00f3n y, por lo tanto, los precios del caf\u00e9 y el cacao aumentar\u00e1n. Hay algo de alivio a la vista, con la Administraci\u00f3n Nacional Oce\u00e1nica y Atmosf\u00e9rica de Estados Unidos (NOAA) dando un 72% de probabilidades de que El Ni\u00f1o llegue a su fin a mediados de a\u00f1o. Pero el da\u00f1o a las cosechas de esta temporada ya estar\u00e1 hecho para entonces, con una previsi\u00f3n de ca\u00edda del 9% y 13% respectivamente en la producci\u00f3n de caf\u00e9 y cacao en la temporada de cultivo 2023\/24\u00bb.\u00a0<\/em><\/p>\n<p data-ccp-border-top=\"0.3333333333333333px solid #e3e3e3\" data-ccp-padding-top=\"0px\" data-ccp-border-bottom=\"0.3333333333333333px solid #e3e3e3\" data-ccp-padding-bottom=\"0px\"><b><span data-contrast=\"none\">Los analistas de Fitch Solutions <\/span><\/b><span data-contrast=\"none\">comentaron sobre las restricciones a la exportaci\u00f3n de India:<\/span><span data-ccp-props=\"{&quot;134233117&quot;:false,&quot;134233118&quot;:false,&quot;201341983&quot;:0,&quot;335557856&quot;:16777215,&quot;335559738&quot;:300,&quot;335559739&quot;:300,&quot;335559740&quot;:240,&quot;335572071&quot;:2,&quot;335572072&quot;:0,&quot;335572073&quot;:14935011,&quot;335572075&quot;:2,&quot;335572076&quot;:0,&quot;335572077&quot;:14935011,&quot;335572079&quot;:2,&quot;335572080&quot;:0,&quot;335572081&quot;:14935011,&quot;335572083&quot;:2,&quot;335572084&quot;:0,&quot;335572085&quot;:14935011,&quot;469789798&quot;:&quot;single&quot;,&quot;469789802&quot;:&quot;single&quot;,&quot;469789806&quot;:&quot;single&quot;,&quot;469789810&quot;:&quot;single&quot;}\">\u00a0<\/span><\/p>\n<p data-ccp-border-top=\"0.3333333333333333px solid #e3e3e3\" data-ccp-padding-top=\"0px\"><em>\u00abEn septiembre de 2022, India introdujo una prohibici\u00f3n a las exportaciones de arroz partido, seguida de la introducci\u00f3n en julio de 2023 de una prohibici\u00f3n a las exportaciones de arroz blanco no basmati y la introducci\u00f3n en agosto de 2023 de un arancel del 20% a las exportaciones de arroz parboiled y la introducci\u00f3n de un precio m\u00ednimo para las exportaciones de arroz basmati. Como resultado, India, que es el mayor exportador mundial con una considerable ventaja [&#8230;] vio entre el 80% y el 90% de sus exportaciones de arroz sujetas a restricciones a la exportaci\u00f3n, con entre el 40% y el 50% sujetas a una prohibici\u00f3n total de exportaci\u00f3n [&#8230;]. Las preocupaciones sobre los flujos de exportaci\u00f3n tambi\u00e9n se han visto exacerbadas por el actual El Ni\u00f1o, que se asocia con precipitaciones por debajo del promedio en gran parte del sudeste asi\u00e1tico, as\u00ed como con una reducci\u00f3n de las lluvias monz\u00f3nicas en India.\u00bb\u00a0<\/em><\/p>\n<h3>Vivimos en una \u00e9poca de incertidumbre sin precedentes. Las actualizaciones diarias est\u00e1n aqu\u00ed para ayudarle a navegar por ella.<\/h3>\n<p><a href=\"https:\/\/focus.s.nomatter.dev\/daily-updates-demo\/\"><img loading=\"lazy\" decoding=\"async\" class=\"alignnone wp-image-148497\" src=\"https:\/\/focus-economics.imgix.net\/wp-content\/uploads\/sites\/5\/2023\/12\/Daily-Forecast-Commodities-1024x535.png\" alt=\"\" width=\"567\" height=\"296\" srcset=\"https:\/\/focus-d7op8.kinsta.storage\/staging\/uploads\/sites\/5\/2023\/12\/Daily-Forecast-Commodities-1024x535.png 1024w, https:\/\/focus-d7op8.kinsta.storage\/staging\/uploads\/sites\/5\/2023\/12\/Daily-Forecast-Commodities-300x157.png 300w, https:\/\/focus-d7op8.kinsta.storage\/staging\/uploads\/sites\/5\/2023\/12\/Daily-Forecast-Commodities-768x401.png 768w, https:\/\/focus-d7op8.kinsta.storage\/staging\/uploads\/sites\/5\/2023\/12\/Daily-Forecast-Commodities.png 1254w\" sizes=\"auto, (max-width: 567px) 100vw, 567px\" \/><\/a><\/p>\n<p>Para explorar esta apasionante novedad,\u00a0<a href=\"https:\/\/focus.s.nomatter.dev\/daily-updates-demo\/\">estaremos encantados de ofrecerle una demostraci\u00f3n o prueba gratuita<\/a>. P\u00f3ngase en contacto con nosotros si est\u00e1 interesado en llevar su visi\u00f3n econ\u00f3mica al siguiente nivel<\/p>\n","protected":false},"excerpt":{"rendered":"<p>El patr\u00f3n clim\u00e1tico de El Ni\u00f1o en curso est\u00e1 listo para restringir la producci\u00f3n agr\u00edcola en 2024, como lo hizo el a\u00f1o pasado, a pesar de ser menos fuerte de lo inicialmente temido. Adem\u00e1s, La Ni\u00f1a, el \u00abinverso\u00bb de El Ni\u00f1o, tiene una probabilidad del 55% de desarrollarse en junio-agosto, seg\u00fan el servicio meteorol\u00f3gico de<\/p>\n","protected":false},"author":7,"featured_media":147773,"comment_status":"closed","ping_status":"closed","sticky":false,"template":"","format":"standard","meta":{"_acf_changed":false,"editor_notices":[],"footnotes":""},"categories":[1],"tags":[1728,1804,1837],"class_list":["post-149122","post","type-post","status-publish","format-standard","has-post-thumbnail","hentry","category-uncategorized","tag-commodities","tag-el-nino","tag-materias-primas"],"acf":[],"yoast_head":"<!-- This site is optimized with the Yoast SEO Premium plugin v26.9 (Yoast SEO v26.9) - https:\/\/yoast.com\/product\/yoast-seo-premium-wordpress\/ -->\n<title>Adi\u00f3s El Ni\u00f1o, \u00bfhola La Ni\u00f1a? Los pron\u00f3sticos de precios de productos b\u00e1sicos cambian con el clima. - FocusEconomics [ES]<\/title>\n<meta name=\"robots\" content=\"noindex, follow, max-snippet:-1, max-image-preview:large, max-video-preview:-1\" \/>\n<meta property=\"og:locale\" content=\"es_ES\" class=\"yoast-seo-meta-tag\" \/>\n<meta property=\"og:type\" content=\"article\" class=\"yoast-seo-meta-tag\" \/>\n<meta property=\"og:title\" content=\"Adi\u00f3s El Ni\u00f1o, \u00bfhola La Ni\u00f1a? Los pron\u00f3sticos de precios de productos b\u00e1sicos cambian con el clima.\" class=\"yoast-seo-meta-tag\" \/>\n<meta property=\"og:description\" content=\"El patr\u00f3n clim\u00e1tico de El Ni\u00f1o en curso est\u00e1 listo para restringir la producci\u00f3n agr\u00edcola en 2024, como lo hizo el a\u00f1o pasado, a pesar de ser menos fuerte de lo inicialmente temido. Adem\u00e1s, La Ni\u00f1a, el \u00abinverso\u00bb de El Ni\u00f1o, tiene una probabilidad del 55% de desarrollarse en junio-agosto, seg\u00fan el servicio meteorol\u00f3gico de\" class=\"yoast-seo-meta-tag\" \/>\n<meta property=\"og:url\" content=\"https:\/\/focus.s.nomatter.dev\/es\/blog\/goodbye-el-nino-hello-la-nina-commodity-price-forecasts-change-with-the-weather\/\" class=\"yoast-seo-meta-tag\" \/>\n<meta property=\"og:site_name\" content=\"FocusEconomics [ES]\" class=\"yoast-seo-meta-tag\" \/>\n<meta property=\"article:publisher\" content=\"https:\/\/www.facebook.com\/FocusEconomics\" class=\"yoast-seo-meta-tag\" \/>\n<meta property=\"article:published_time\" content=\"2025-10-30T10:24:42+00:00\" class=\"yoast-seo-meta-tag\" \/>\n<meta property=\"og:image\" content=\"https:\/\/focus.nm-img.net\/uploads\/sites\/5\/2023\/11\/johannes-plenio-2QUvkQTBh5s-unsplash.jpg\" class=\"yoast-seo-meta-tag\" \/>\n\t<meta property=\"og:image:width\" content=\"2552\" class=\"yoast-seo-meta-tag\" \/>\n\t<meta property=\"og:image:height\" content=\"1424\" class=\"yoast-seo-meta-tag\" \/>\n\t<meta property=\"og:image:type\" content=\"image\/jpeg\" class=\"yoast-seo-meta-tag\" \/>\n<meta name=\"author\" content=\"Sibel A\u011flamaz\" class=\"yoast-seo-meta-tag\" \/>\n<meta name=\"twitter:card\" content=\"summary_large_image\" class=\"yoast-seo-meta-tag\" \/>\n<meta name=\"twitter:creator\" content=\"@FocusEconomics\" class=\"yoast-seo-meta-tag\" \/>\n<meta name=\"twitter:site\" content=\"@FocusEconomics\" class=\"yoast-seo-meta-tag\" \/>\n<meta name=\"twitter:label1\" content=\"Escrito por\" class=\"yoast-seo-meta-tag\" \/>\n\t<meta name=\"twitter:data1\" content=\"Sibel A\u011flamaz\" class=\"yoast-seo-meta-tag\" \/>\n\t<meta name=\"twitter:label2\" content=\"Tiempo de lectura\" class=\"yoast-seo-meta-tag\" \/>\n\t<meta name=\"twitter:data2\" content=\"5 minutos\" class=\"yoast-seo-meta-tag\" \/>\n<script type=\"application\/ld+json\" class=\"yoast-schema-graph\">{\"@context\":\"https:\/\/schema.org\",\"@graph\":[{\"@type\":\"Article\",\"@id\":\"https:\/\/focus.s.nomatter.dev\/es\/blog\/goodbye-el-nino-hello-la-nina-commodity-price-forecasts-change-with-the-weather\/#article\",\"isPartOf\":{\"@id\":\"https:\/\/focus.s.nomatter.dev\/es\/blog\/goodbye-el-nino-hello-la-nina-commodity-price-forecasts-change-with-the-weather\/\"},\"author\":{\"name\":\"Sibel A\u011flamaz\",\"@id\":\"https:\/\/focus.s.nomatter.dev\/es\/#\/schema\/person\/74ccc4de3a3df5da86a5bd7d82f542bc\"},\"headline\":\"Adi\u00f3s El Ni\u00f1o, \u00bfhola La Ni\u00f1a? Los pron\u00f3sticos de precios de productos b\u00e1sicos cambian con el clima.\",\"datePublished\":\"2025-10-30T10:24:42+00:00\",\"mainEntityOfPage\":{\"@id\":\"https:\/\/focus.s.nomatter.dev\/es\/blog\/goodbye-el-nino-hello-la-nina-commodity-price-forecasts-change-with-the-weather\/\"},\"wordCount\":923,\"publisher\":{\"@id\":\"https:\/\/focus.s.nomatter.dev\/es\/#organization\"},\"image\":{\"@id\":\"https:\/\/focus.s.nomatter.dev\/es\/blog\/goodbye-el-nino-hello-la-nina-commodity-price-forecasts-change-with-the-weather\/#primaryimage\"},\"thumbnailUrl\":\"https:\/\/focus-stg.nm-img.net\/uploads\/sites\/5\/2023\/11\/johannes-plenio-2QUvkQTBh5s-unsplash.jpg\",\"keywords\":[\"Commodities\",\"El Ni\u00f1o\",\"materias primas\"],\"articleSection\":[\"Uncategorized\"],\"inLanguage\":\"es\"},{\"@type\":\"WebPage\",\"@id\":\"https:\/\/focus.s.nomatter.dev\/es\/blog\/goodbye-el-nino-hello-la-nina-commodity-price-forecasts-change-with-the-weather\/\",\"url\":\"https:\/\/focus.s.nomatter.dev\/es\/blog\/goodbye-el-nino-hello-la-nina-commodity-price-forecasts-change-with-the-weather\/\",\"name\":\"Adi\u00f3s El Ni\u00f1o, \u00bfhola La Ni\u00f1a? Los pron\u00f3sticos de precios de productos b\u00e1sicos cambian con el clima. - FocusEconomics [ES]\",\"isPartOf\":{\"@id\":\"https:\/\/focus.s.nomatter.dev\/es\/#website\"},\"primaryImageOfPage\":{\"@id\":\"https:\/\/focus.s.nomatter.dev\/es\/blog\/goodbye-el-nino-hello-la-nina-commodity-price-forecasts-change-with-the-weather\/#primaryimage\"},\"image\":{\"@id\":\"https:\/\/focus.s.nomatter.dev\/es\/blog\/goodbye-el-nino-hello-la-nina-commodity-price-forecasts-change-with-the-weather\/#primaryimage\"},\"thumbnailUrl\":\"https:\/\/focus-stg.nm-img.net\/uploads\/sites\/5\/2023\/11\/johannes-plenio-2QUvkQTBh5s-unsplash.jpg\",\"datePublished\":\"2025-10-30T10:24:42+00:00\",\"breadcrumb\":{\"@id\":\"https:\/\/focus.s.nomatter.dev\/es\/blog\/goodbye-el-nino-hello-la-nina-commodity-price-forecasts-change-with-the-weather\/#breadcrumb\"},\"inLanguage\":\"es\",\"potentialAction\":[{\"@type\":\"ReadAction\",\"target\":[\"https:\/\/focus.s.nomatter.dev\/es\/blog\/goodbye-el-nino-hello-la-nina-commodity-price-forecasts-change-with-the-weather\/\"]}]},{\"@type\":\"ImageObject\",\"inLanguage\":\"es\",\"@id\":\"https:\/\/focus.s.nomatter.dev\/es\/blog\/goodbye-el-nino-hello-la-nina-commodity-price-forecasts-change-with-the-weather\/#primaryimage\",\"url\":\"https:\/\/focus-stg.nm-img.net\/uploads\/sites\/5\/2023\/11\/johannes-plenio-2QUvkQTBh5s-unsplash.jpg\",\"contentUrl\":\"https:\/\/focus-stg.nm-img.net\/uploads\/sites\/5\/2023\/11\/johannes-plenio-2QUvkQTBh5s-unsplash.jpg\",\"width\":2552,\"height\":1424},{\"@type\":\"BreadcrumbList\",\"@id\":\"https:\/\/focus.s.nomatter.dev\/es\/blog\/goodbye-el-nino-hello-la-nina-commodity-price-forecasts-change-with-the-weather\/#breadcrumb\",\"itemListElement\":[{\"@type\":\"ListItem\",\"position\":1,\"name\":\"Home\",\"item\":\"https:\/\/focus.s.nomatter.dev\/es\/\"},{\"@type\":\"ListItem\",\"position\":2,\"name\":\"Adi\u00f3s El Ni\u00f1o, \u00bfhola La Ni\u00f1a? Los pron\u00f3sticos de precios de productos b\u00e1sicos cambian con el clima.\"}]},{\"@type\":\"WebSite\",\"@id\":\"https:\/\/focus.s.nomatter.dev\/es\/#website\",\"url\":\"https:\/\/focus.s.nomatter.dev\/es\/\",\"name\":\"FocusEconomics\",\"description\":\"Economic Indicators, News and Forecasts\",\"publisher\":{\"@id\":\"https:\/\/focus.s.nomatter.dev\/es\/#organization\"},\"potentialAction\":[{\"@type\":\"SearchAction\",\"target\":{\"@type\":\"EntryPoint\",\"urlTemplate\":\"https:\/\/focus.s.nomatter.dev\/es\/search-results\/?global-search={search_term_string}\"},\"query-input\":{\"@type\":\"PropertyValueSpecification\",\"valueRequired\":true,\"valueName\":\"search_term_string\"}}],\"inLanguage\":\"es\"},{\"@type\":\"Organization\",\"@id\":\"https:\/\/focus.s.nomatter.dev\/es\/#organization\",\"name\":\"FocusEconomics\",\"url\":\"https:\/\/focus.s.nomatter.dev\/es\/\",\"logo\":{\"@type\":\"ImageObject\",\"inLanguage\":\"es\",\"@id\":\"https:\/\/focus.s.nomatter.dev\/es\/#\/schema\/logo\/image\/\",\"url\":\"https:\/\/focus-d7op8.kinsta.storage\/production\/uploads\/sites\/5\/2022\/08\/logo.svg\",\"contentUrl\":\"https:\/\/focus-d7op8.kinsta.storage\/production\/uploads\/sites\/5\/2022\/08\/logo.svg\",\"width\":277,\"height\":54,\"caption\":\"FocusEconomics\"},\"image\":{\"@id\":\"https:\/\/focus.s.nomatter.dev\/es\/#\/schema\/logo\/image\/\"},\"sameAs\":[\"https:\/\/www.facebook.com\/FocusEconomics\",\"https:\/\/x.com\/FocusEconomics\"]},{\"@type\":\"Person\",\"@id\":\"https:\/\/focus.s.nomatter.dev\/es\/#\/schema\/person\/74ccc4de3a3df5da86a5bd7d82f542bc\",\"name\":\"Sibel A\u011flamaz\"}]}<\/script>\n<!-- \/ Yoast SEO Premium plugin. -->","yoast_head_json":{"title":"Adi\u00f3s El Ni\u00f1o, \u00bfhola La Ni\u00f1a? Los pron\u00f3sticos de precios de productos b\u00e1sicos cambian con el clima. - FocusEconomics [ES]","robots":{"index":"noindex","follow":"follow","max-snippet":"max-snippet:-1","max-image-preview":"max-image-preview:large","max-video-preview":"max-video-preview:-1"},"og_locale":"es_ES","og_type":"article","og_title":"Adi\u00f3s El Ni\u00f1o, \u00bfhola La Ni\u00f1a? Los pron\u00f3sticos de precios de productos b\u00e1sicos cambian con el clima.","og_description":"El patr\u00f3n clim\u00e1tico de El Ni\u00f1o en curso est\u00e1 listo para restringir la producci\u00f3n agr\u00edcola en 2024, como lo hizo el a\u00f1o pasado, a pesar de ser menos fuerte de lo inicialmente temido. Adem\u00e1s, La Ni\u00f1a, el \u00abinverso\u00bb de El Ni\u00f1o, tiene una probabilidad del 55% de desarrollarse en junio-agosto, seg\u00fan el servicio meteorol\u00f3gico de","og_url":"https:\/\/focus.s.nomatter.dev\/es\/blog\/goodbye-el-nino-hello-la-nina-commodity-price-forecasts-change-with-the-weather\/","og_site_name":"FocusEconomics [ES]","article_publisher":"https:\/\/www.facebook.com\/FocusEconomics","article_published_time":"2025-10-30T10:24:42+00:00","og_image":[{"width":2552,"height":1424,"url":"https:\/\/focus.nm-img.net\/uploads\/sites\/5\/2023\/11\/johannes-plenio-2QUvkQTBh5s-unsplash.jpg","type":"image\/jpeg"}],"author":"Sibel A\u011flamaz","twitter_card":"summary_large_image","twitter_creator":"@FocusEconomics","twitter_site":"@FocusEconomics","twitter_misc":{"Escrito por":"Sibel A\u011flamaz","Tiempo de lectura":"5 minutos"},"schema":{"@context":"https:\/\/schema.org","@graph":[{"@type":"Article","@id":"https:\/\/focus.s.nomatter.dev\/es\/blog\/goodbye-el-nino-hello-la-nina-commodity-price-forecasts-change-with-the-weather\/#article","isPartOf":{"@id":"https:\/\/focus.s.nomatter.dev\/es\/blog\/goodbye-el-nino-hello-la-nina-commodity-price-forecasts-change-with-the-weather\/"},"author":{"name":"Sibel A\u011flamaz","@id":"https:\/\/focus.s.nomatter.dev\/es\/#\/schema\/person\/74ccc4de3a3df5da86a5bd7d82f542bc"},"headline":"Adi\u00f3s El Ni\u00f1o, \u00bfhola La Ni\u00f1a? Los pron\u00f3sticos de precios de productos b\u00e1sicos cambian con el clima.","datePublished":"2025-10-30T10:24:42+00:00","mainEntityOfPage":{"@id":"https:\/\/focus.s.nomatter.dev\/es\/blog\/goodbye-el-nino-hello-la-nina-commodity-price-forecasts-change-with-the-weather\/"},"wordCount":923,"publisher":{"@id":"https:\/\/focus.s.nomatter.dev\/es\/#organization"},"image":{"@id":"https:\/\/focus.s.nomatter.dev\/es\/blog\/goodbye-el-nino-hello-la-nina-commodity-price-forecasts-change-with-the-weather\/#primaryimage"},"thumbnailUrl":"https:\/\/focus-stg.nm-img.net\/uploads\/sites\/5\/2023\/11\/johannes-plenio-2QUvkQTBh5s-unsplash.jpg","keywords":["Commodities","El Ni\u00f1o","materias primas"],"articleSection":["Uncategorized"],"inLanguage":"es"},{"@type":"WebPage","@id":"https:\/\/focus.s.nomatter.dev\/es\/blog\/goodbye-el-nino-hello-la-nina-commodity-price-forecasts-change-with-the-weather\/","url":"https:\/\/focus.s.nomatter.dev\/es\/blog\/goodbye-el-nino-hello-la-nina-commodity-price-forecasts-change-with-the-weather\/","name":"Adi\u00f3s El Ni\u00f1o, \u00bfhola La Ni\u00f1a? Los pron\u00f3sticos de precios de productos b\u00e1sicos cambian con el clima. - FocusEconomics [ES]","isPartOf":{"@id":"https:\/\/focus.s.nomatter.dev\/es\/#website"},"primaryImageOfPage":{"@id":"https:\/\/focus.s.nomatter.dev\/es\/blog\/goodbye-el-nino-hello-la-nina-commodity-price-forecasts-change-with-the-weather\/#primaryimage"},"image":{"@id":"https:\/\/focus.s.nomatter.dev\/es\/blog\/goodbye-el-nino-hello-la-nina-commodity-price-forecasts-change-with-the-weather\/#primaryimage"},"thumbnailUrl":"https:\/\/focus-stg.nm-img.net\/uploads\/sites\/5\/2023\/11\/johannes-plenio-2QUvkQTBh5s-unsplash.jpg","datePublished":"2025-10-30T10:24:42+00:00","breadcrumb":{"@id":"https:\/\/focus.s.nomatter.dev\/es\/blog\/goodbye-el-nino-hello-la-nina-commodity-price-forecasts-change-with-the-weather\/#breadcrumb"},"inLanguage":"es","potentialAction":[{"@type":"ReadAction","target":["https:\/\/focus.s.nomatter.dev\/es\/blog\/goodbye-el-nino-hello-la-nina-commodity-price-forecasts-change-with-the-weather\/"]}]},{"@type":"ImageObject","inLanguage":"es","@id":"https:\/\/focus.s.nomatter.dev\/es\/blog\/goodbye-el-nino-hello-la-nina-commodity-price-forecasts-change-with-the-weather\/#primaryimage","url":"https:\/\/focus-stg.nm-img.net\/uploads\/sites\/5\/2023\/11\/johannes-plenio-2QUvkQTBh5s-unsplash.jpg","contentUrl":"https:\/\/focus-stg.nm-img.net\/uploads\/sites\/5\/2023\/11\/johannes-plenio-2QUvkQTBh5s-unsplash.jpg","width":2552,"height":1424},{"@type":"BreadcrumbList","@id":"https:\/\/focus.s.nomatter.dev\/es\/blog\/goodbye-el-nino-hello-la-nina-commodity-price-forecasts-change-with-the-weather\/#breadcrumb","itemListElement":[{"@type":"ListItem","position":1,"name":"Home","item":"https:\/\/focus.s.nomatter.dev\/es\/"},{"@type":"ListItem","position":2,"name":"Adi\u00f3s El Ni\u00f1o, \u00bfhola La Ni\u00f1a? Los pron\u00f3sticos de precios de productos b\u00e1sicos cambian con el clima."}]},{"@type":"WebSite","@id":"https:\/\/focus.s.nomatter.dev\/es\/#website","url":"https:\/\/focus.s.nomatter.dev\/es\/","name":"FocusEconomics","description":"Economic Indicators, News and Forecasts","publisher":{"@id":"https:\/\/focus.s.nomatter.dev\/es\/#organization"},"potentialAction":[{"@type":"SearchAction","target":{"@type":"EntryPoint","urlTemplate":"https:\/\/focus.s.nomatter.dev\/es\/search-results\/?global-search={search_term_string}"},"query-input":{"@type":"PropertyValueSpecification","valueRequired":true,"valueName":"search_term_string"}}],"inLanguage":"es"},{"@type":"Organization","@id":"https:\/\/focus.s.nomatter.dev\/es\/#organization","name":"FocusEconomics","url":"https:\/\/focus.s.nomatter.dev\/es\/","logo":{"@type":"ImageObject","inLanguage":"es","@id":"https:\/\/focus.s.nomatter.dev\/es\/#\/schema\/logo\/image\/","url":"https:\/\/focus-d7op8.kinsta.storage\/production\/uploads\/sites\/5\/2022\/08\/logo.svg","contentUrl":"https:\/\/focus-d7op8.kinsta.storage\/production\/uploads\/sites\/5\/2022\/08\/logo.svg","width":277,"height":54,"caption":"FocusEconomics"},"image":{"@id":"https:\/\/focus.s.nomatter.dev\/es\/#\/schema\/logo\/image\/"},"sameAs":["https:\/\/www.facebook.com\/FocusEconomics","https:\/\/x.com\/FocusEconomics"]},{"@type":"Person","@id":"https:\/\/focus.s.nomatter.dev\/es\/#\/schema\/person\/74ccc4de3a3df5da86a5bd7d82f542bc","name":"Sibel A\u011flamaz"}]}},"_links":{"self":[{"href":"https:\/\/focus.s.nomatter.dev\/es\/wp-json\/wp\/v2\/posts\/149122","targetHints":{"allow":["GET"]}}],"collection":[{"href":"https:\/\/focus.s.nomatter.dev\/es\/wp-json\/wp\/v2\/posts"}],"about":[{"href":"https:\/\/focus.s.nomatter.dev\/es\/wp-json\/wp\/v2\/types\/post"}],"author":[{"embeddable":true,"href":"https:\/\/focus.s.nomatter.dev\/es\/wp-json\/wp\/v2\/users\/7"}],"replies":[{"embeddable":true,"href":"https:\/\/focus.s.nomatter.dev\/es\/wp-json\/wp\/v2\/comments?post=149122"}],"version-history":[{"count":4,"href":"https:\/\/focus.s.nomatter.dev\/es\/wp-json\/wp\/v2\/posts\/149122\/revisions"}],"predecessor-version":[{"id":155618,"href":"https:\/\/focus.s.nomatter.dev\/es\/wp-json\/wp\/v2\/posts\/149122\/revisions\/155618"}],"wp:featuredmedia":[{"embeddable":true,"href":"https:\/\/focus.s.nomatter.dev\/es\/wp-json\/wp\/v2\/media\/147773"}],"wp:attachment":[{"href":"https:\/\/focus.s.nomatter.dev\/es\/wp-json\/wp\/v2\/media?parent=149122"}],"wp:term":[{"taxonomy":"category","embeddable":true,"href":"https:\/\/focus.s.nomatter.dev\/es\/wp-json\/wp\/v2\/categories?post=149122"},{"taxonomy":"post_tag","embeddable":true,"href":"https:\/\/focus.s.nomatter.dev\/es\/wp-json\/wp\/v2\/tags?post=149122"}],"curies":[{"name":"wp","href":"https:\/\/api.w.org\/{rel}","templated":true}]}}