{"id":149161,"date":"2025-11-04T15:14:33","date_gmt":"2025-11-04T15:14:33","guid":{"rendered":"https:\/\/focus.s.nomatter.dev\/es\/?p=149161"},"modified":"2025-02-12T10:04:09","modified_gmt":"2025-02-12T10:04:09","slug":"las-perspectivas-del-comercio-mundial","status":"publish","type":"post","link":"https:\/\/focus.s.nomatter.dev\/es\/blog\/las-perspectivas-del-comercio-mundial\/","title":{"rendered":"Las principales opiniones de nuestros analistas sobre las perspectivas del comercio mundial"},"content":{"rendered":"<p><strong>Los flujos comerciales mundiales experimentaron un auge en la d\u00e9cada de 1990 y principios de la de 2000, coincidiendo con un periodo de fuerte <a href=\"https:\/\/focus.s.nomatter.dev\/economic-indicator\/gdp\/\">crecimiento econ\u00f3mico<\/a>, la fundaci\u00f3n de la Organizaci\u00f3n Mundial del Comercio, el auge de China y otras econom\u00edas de Asia Oriental como centros manufactureros, y una relativa calma pol\u00edtica tras la ca\u00edda de la Uni\u00f3n Sovi\u00e9tica. Pero el impulso se ha ralentizado desde entonces, sacudido por factores como la pandemia, el aumento de las tensiones geopol\u00edticas, la guerra y el proteccionismo; mientras que entre 1990 y 2008 el volumen del comercio mundial aument\u00f3 un 6% anual de media, el crecimiento se redujo a s\u00f3lo un 3% en la d\u00e9cada de 2010. Y los pr\u00f3ximos a\u00f1os no parecen m\u00e1s halag\u00fce\u00f1os para las perspectivas del comercio mundial.<\/strong><\/p>\n<h2><strong>Nuestras previsiones de consenso para las perspectivas del comercio mundial<\/strong><\/h2>\n<p>Nuestros analistas esperan que el crecimiento real de las exportaciones de bienes y servicios aumente este a\u00f1o y el pr\u00f3ximo a partir de la d\u00e9bil cifra de 2023. Asimismo, las <a href=\"https:\/\/focus.s.nomatter.dev\/economic-indicator\/exports-usd\/\">exportaciones nominales de mercanc\u00edas<\/a> deber\u00edan acelerarse en 2024 y 2025 tras la contracci\u00f3n de 2023. La relajaci\u00f3n de la pol\u00edtica monetaria mundial y el repunte de la demanda mundial de productos electr\u00f3nicos respaldar\u00e1n las perspectivas comerciales, a pesar de la ca\u00edda de los precios de las materias primas. Dicho esto, el crecimiento de las exportaciones mundiales seguir\u00e1 siendo notablemente inferior a la media de los 10 a\u00f1os anteriores a la pandemia. Los riesgos parecen estar sesgados a la baja: En una reciente encuesta realizada a 61 de nuestros analistas, la pol\u00edtica comercial de EE.UU., los conflictos en Oriente Medio y entre Rusia y Ucrania, las condiciones meteorol\u00f3gicas extremas y el aumento de los tipos de inter\u00e9s a largo plazo se mencionaron con frecuencia como riesgos a la baja.<\/p>\n<h2><strong>Aranceles de EE.UU. y la UE a China<\/strong><\/h2>\n<p>Como se indica en nuestro <a href=\"https:\/\/focus.s.nomatter.dev\/blog\/global-trade-outlook\/\">\u00faltimo informe especial<\/a>, aproximadamente cuatro quintas partes de los analistas encuestados esperan que Estados Unidos aumente los aranceles sobre China este a\u00f1o o el pr\u00f3ximo. Donald Trump -que actualmente lidera las encuestas de cara a las elecciones presidenciales de noviembre- ha planteado la idea de imponer aranceles de hasta el 60% a las importaciones chinas, y de imponer un arancel de referencia del 10% a todas las importaciones procedentes del resto del mundo. La presi\u00f3n pol\u00edtica tambi\u00e9n podr\u00eda obligar a Biden o a otro candidato dem\u00f3crata a imponer m\u00e1s aranceles. Al mismo tiempo, dos tercios de los analistas encuestados ven a la UE imponiendo aranceles a los veh\u00edculos el\u00e9ctricos chinos debido al deseo del bloque de proteger su gran industria automovil\u00edstica nacional; ya est\u00e1 en marcha una investigaci\u00f3n de la UE sobre si las empresas chinas de veh\u00edculos el\u00e9ctricos han recibido subvenciones estatales injustas.<\/p>\n<p><img loading=\"lazy\" decoding=\"async\" class=\" wp-image-149181\" src=\"https:\/\/focus-economics.imgix.net\/wp-content\/uploads\/sites\/5\/2024\/02\/Newsletter-graph-29-FEB-1-300x157.png\" alt=\"Aproximadamente dos tercios de los panelistas encuestados esperan que EE.UU. imponga m\u00e1s aranceles a China este a\u00f1o o el pr\u00f3ximo.\" width=\"759\" height=\"397\" srcset=\"https:\/\/focus-d7op8.kinsta.storage\/staging\/uploads\/sites\/5\/2024\/02\/Newsletter-graph-29-FEB-1-300x157.png 300w, https:\/\/focus-d7op8.kinsta.storage\/staging\/uploads\/sites\/5\/2024\/02\/Newsletter-graph-29-FEB-1-1024x535.png 1024w, https:\/\/focus-d7op8.kinsta.storage\/staging\/uploads\/sites\/5\/2024\/02\/Newsletter-graph-29-FEB-1-768x401.png 768w, https:\/\/focus-d7op8.kinsta.storage\/staging\/uploads\/sites\/5\/2024\/02\/Newsletter-graph-29-FEB-1.png 1200w\" sizes=\"auto, (max-width: 759px) 100vw, 759px\" \/><\/p>\n<p><strong>En resumen, es poco probable que en los pr\u00f3ximos a\u00f1os los flujos comerciales mundiales vuelvan a experimentar el crecimiento explosivo que experimentaron hasta finales de la d\u00e9cada de 2000. Esto se debe, en parte, a las previsiones de menor crecimiento global de la econom\u00eda mundial. Pero tambi\u00e9n se ha producido un cambio radical en la forma en que las naciones ven el comercio internacional, con los tres mayores bloques econ\u00f3micos -Estados Unidos, China y la UE- empe\u00f1ados en impulsar su capacidad de fabricaci\u00f3n aut\u00f3ctona y proteger las industrias estrat\u00e9gicas de la competencia extranjera. Los partidarios del libre comercio sin trabas pueden tener ventaja en el argumento econ\u00f3mico -la globalizaci\u00f3n ha elevado sin duda el nivel de vida-, pero el argumento pol\u00edtico dista mucho de estar ganado.<\/strong><\/p>\n<h2>Opiniones de nuestros analistas<\/h2>\n<p>Sobre una victoria electoral de Trump, Diego Alejandro G\u00f3mez Guti\u00e9rrez de <strong>Corficolombiana<\/strong> dijo:<\/p>\n<p><em>\u00abSi Trump gana las elecciones de 2024, podemos esperar una pol\u00edtica comercial caracterizada por un mayor \u00e9nfasis en el nearshoring, con el objetivo de acercar la fabricaci\u00f3n y la producci\u00f3n a los Estados Unidos. Este enfoque puede implicar la aplicaci\u00f3n de mayores impuestos a la importaci\u00f3n dirigidos espec\u00edficamente a los productos chinos, como se ha visto en administraciones anteriores. Adem\u00e1s, es probable que se intensifiquen los esfuerzos para corregir los desequilibrios percibidos en las relaciones comerciales. Esta direcci\u00f3n pol\u00edtica podr\u00eda conducir a un mayor grado de fragmentaci\u00f3n en las cadenas de valor mundiales, a medida que las empresas reeval\u00faan y reestructuran sus redes de suministro para alinearse con el cambiante panorama comercial.\u00bb<\/em><\/p>\n<p>Sobre las restricciones de EE.UU. a China, Nick Marro, <strong>de EIU,<\/strong> dijo:<\/p>\n<p><em>\u00abA EE.UU. le preocupa mucho que sus actuales controles a la exportaci\u00f3n y otras restricciones comerciales no hayan logrado frenar de forma significativa los avances tecnol\u00f3gicos de China, especialmente en lo que se refiere a la fabricaci\u00f3n de chips sofisticados. Esperamos un endurecimiento de las restricciones existentes, potencialmente dirigidas a la tecnolog\u00eda m\u00e1s madura en sectores como los equipos de fabricaci\u00f3n de chips, con el fin de presionar a\u00fan m\u00e1s a la industria china de semiconductores\u00bb. Es probable que se impongan otras restricciones a la inteligencia artificial, la computaci\u00f3n cu\u00e1ntica e industrias similares de &#8216;pr\u00f3xima generaci\u00f3n&#8217;.\u00bb<\/em><\/p>\n<h2>Nuestro \u00faltimo an\u00e1lisis<\/h2>\n<p>Es probable que las pr\u00f3ximas elecciones portuguesas aporten <a href=\"https:\/\/focus.s.nomatter.dev\/es\/countries\/portugal\/news\/politica\/parliamentary-elections-to-bring-policy-continuity-despite-political-fragmentation\/\">continuidad pol\u00edtica<\/a>.<\/p>\n<hr \/>\n<h3>Las \u00faltimas previsiones econ\u00f3micas al alcance de su mano con actualizaciones diarias<\/h3>\n<div class=\"reader-article-content reader-article-content--content-blocks\" dir=\"ltr\">\n<p><a href=\"https:\/\/focus.s.nomatter.dev\/daily-updates-demo\/\"><img loading=\"lazy\" decoding=\"async\" class=\"alignnone wp-image-58158\" src=\"https:\/\/focus-economics.imgix.net\/wp-content\/uploads\/2023\/12\/daily-1024x496.png\" alt=\"\" width=\"696\" height=\"337\" \/><\/a><\/p>\n<p>Para explorar esta emocionante novedad, estaremos encantados de ofrecerle una <a href=\"https:\/\/focus.s.nomatter.dev\/es\/prueba-gratuita\/\">demostraci\u00f3n o prueba gratuita<\/a>.<\/p>\n<\/div>\n","protected":false},"excerpt":{"rendered":"<p>Los flujos comerciales mundiales experimentaron un auge en la d\u00e9cada de 1990 y principios de la de 2000, coincidiendo con un periodo de fuerte crecimiento econ\u00f3mico, la fundaci\u00f3n de la Organizaci\u00f3n Mundial del Comercio, el auge de China y otras econom\u00edas de Asia Oriental como centros manufactureros, y una relativa calma pol\u00edtica tras la ca\u00edda<\/p>\n","protected":false},"author":13,"featured_media":149151,"comment_status":"closed","ping_status":"closed","sticky":false,"template":"","format":"standard","meta":{"_acf_changed":false,"editor_notices":[],"footnotes":""},"categories":[1],"tags":[1694,1809,1845],"class_list":["post-149161","post","type-post","status-publish","format-standard","has-post-thumbnail","hentry","category-uncategorized","tag-china","tag-estados-unidos","tag-tipos-de-interes"],"acf":[],"yoast_head":"<!-- This site is optimized with the Yoast SEO Premium plugin v26.9 (Yoast SEO v26.9) - https:\/\/yoast.com\/product\/yoast-seo-premium-wordpress\/ -->\n<title>Las principales opiniones de nuestros analistas sobre las perspectivas del comercio mundial - FocusEconomics [ES]<\/title>\n<meta name=\"robots\" content=\"noindex, follow, max-snippet:-1, max-image-preview:large, max-video-preview:-1\" \/>\n<meta property=\"og:locale\" content=\"es_ES\" class=\"yoast-seo-meta-tag\" \/>\n<meta property=\"og:type\" content=\"article\" class=\"yoast-seo-meta-tag\" \/>\n<meta property=\"og:title\" content=\"Las principales opiniones de nuestros analistas sobre las perspectivas del comercio mundial\" class=\"yoast-seo-meta-tag\" \/>\n<meta property=\"og:description\" content=\"Los flujos comerciales mundiales experimentaron un auge en la d\u00e9cada de 1990 y principios de la de 2000, coincidiendo con un periodo de fuerte crecimiento econ\u00f3mico, la fundaci\u00f3n de la Organizaci\u00f3n Mundial del Comercio, el auge de China y otras econom\u00edas de Asia Oriental como centros manufactureros, y una relativa calma pol\u00edtica tras la ca\u00edda\" class=\"yoast-seo-meta-tag\" \/>\n<meta property=\"og:url\" content=\"https:\/\/focus.s.nomatter.dev\/es\/blog\/las-perspectivas-del-comercio-mundial\/\" class=\"yoast-seo-meta-tag\" \/>\n<meta property=\"og:site_name\" content=\"FocusEconomics [ES]\" class=\"yoast-seo-meta-tag\" \/>\n<meta property=\"article:publisher\" content=\"https:\/\/www.facebook.com\/FocusEconomics\" class=\"yoast-seo-meta-tag\" \/>\n<meta property=\"article:published_time\" content=\"2025-11-04T15:14:33+00:00\" class=\"yoast-seo-meta-tag\" \/>\n<meta property=\"og:image\" content=\"https:\/\/focus.nm-img.net\/uploads\/sites\/5\/2024\/02\/kurt-cotoaga-cV73uDwuti0-unsplash-scaled.jpg\" class=\"yoast-seo-meta-tag\" \/>\n\t<meta property=\"og:image:width\" content=\"2560\" class=\"yoast-seo-meta-tag\" \/>\n\t<meta property=\"og:image:height\" content=\"1707\" class=\"yoast-seo-meta-tag\" \/>\n\t<meta property=\"og:image:type\" content=\"image\/jpeg\" class=\"yoast-seo-meta-tag\" \/>\n<meta name=\"author\" content=\"Taylor\" class=\"yoast-seo-meta-tag\" \/>\n<meta name=\"twitter:card\" content=\"summary_large_image\" class=\"yoast-seo-meta-tag\" \/>\n<meta name=\"twitter:creator\" content=\"@FocusEconomics\" class=\"yoast-seo-meta-tag\" \/>\n<meta name=\"twitter:site\" content=\"@FocusEconomics\" class=\"yoast-seo-meta-tag\" \/>\n<meta name=\"twitter:label1\" content=\"Escrito por\" class=\"yoast-seo-meta-tag\" \/>\n\t<meta name=\"twitter:data1\" content=\"Taylor\" class=\"yoast-seo-meta-tag\" \/>\n\t<meta name=\"twitter:label2\" content=\"Tiempo de lectura\" class=\"yoast-seo-meta-tag\" \/>\n\t<meta name=\"twitter:data2\" content=\"5 minutos\" class=\"yoast-seo-meta-tag\" \/>\n<script type=\"application\/ld+json\" class=\"yoast-schema-graph\">{\"@context\":\"https:\/\/schema.org\",\"@graph\":[{\"@type\":\"Article\",\"@id\":\"https:\/\/focus.s.nomatter.dev\/es\/blog\/las-perspectivas-del-comercio-mundial\/#article\",\"isPartOf\":{\"@id\":\"https:\/\/focus.s.nomatter.dev\/es\/blog\/las-perspectivas-del-comercio-mundial\/\"},\"author\":{\"name\":\"Taylor\",\"@id\":\"https:\/\/focus.s.nomatter.dev\/es\/#\/schema\/person\/a05533977b70cda059081186a397e017\"},\"headline\":\"Las principales opiniones de nuestros analistas sobre las perspectivas del comercio mundial\",\"datePublished\":\"2025-11-04T15:14:33+00:00\",\"mainEntityOfPage\":{\"@id\":\"https:\/\/focus.s.nomatter.dev\/es\/blog\/las-perspectivas-del-comercio-mundial\/\"},\"wordCount\":944,\"publisher\":{\"@id\":\"https:\/\/focus.s.nomatter.dev\/es\/#organization\"},\"image\":{\"@id\":\"https:\/\/focus.s.nomatter.dev\/es\/blog\/las-perspectivas-del-comercio-mundial\/#primaryimage\"},\"thumbnailUrl\":\"https:\/\/focus-stg.nm-img.net\/uploads\/sites\/5\/2024\/02\/kurt-cotoaga-cV73uDwuti0-unsplash-scaled.jpg\",\"keywords\":[\"China\",\"Estados Unidos\",\"tipos de inter\u00e9s\"],\"articleSection\":[\"Uncategorized\"],\"inLanguage\":\"es\"},{\"@type\":\"WebPage\",\"@id\":\"https:\/\/focus.s.nomatter.dev\/es\/blog\/las-perspectivas-del-comercio-mundial\/\",\"url\":\"https:\/\/focus.s.nomatter.dev\/es\/blog\/las-perspectivas-del-comercio-mundial\/\",\"name\":\"Las principales opiniones de nuestros analistas sobre las perspectivas del comercio mundial - FocusEconomics [ES]\",\"isPartOf\":{\"@id\":\"https:\/\/focus.s.nomatter.dev\/es\/#website\"},\"primaryImageOfPage\":{\"@id\":\"https:\/\/focus.s.nomatter.dev\/es\/blog\/las-perspectivas-del-comercio-mundial\/#primaryimage\"},\"image\":{\"@id\":\"https:\/\/focus.s.nomatter.dev\/es\/blog\/las-perspectivas-del-comercio-mundial\/#primaryimage\"},\"thumbnailUrl\":\"https:\/\/focus-stg.nm-img.net\/uploads\/sites\/5\/2024\/02\/kurt-cotoaga-cV73uDwuti0-unsplash-scaled.jpg\",\"datePublished\":\"2025-11-04T15:14:33+00:00\",\"breadcrumb\":{\"@id\":\"https:\/\/focus.s.nomatter.dev\/es\/blog\/las-perspectivas-del-comercio-mundial\/#breadcrumb\"},\"inLanguage\":\"es\",\"potentialAction\":[{\"@type\":\"ReadAction\",\"target\":[\"https:\/\/focus.s.nomatter.dev\/es\/blog\/las-perspectivas-del-comercio-mundial\/\"]}]},{\"@type\":\"ImageObject\",\"inLanguage\":\"es\",\"@id\":\"https:\/\/focus.s.nomatter.dev\/es\/blog\/las-perspectivas-del-comercio-mundial\/#primaryimage\",\"url\":\"https:\/\/focus-stg.nm-img.net\/uploads\/sites\/5\/2024\/02\/kurt-cotoaga-cV73uDwuti0-unsplash-scaled.jpg\",\"contentUrl\":\"https:\/\/focus-stg.nm-img.net\/uploads\/sites\/5\/2024\/02\/kurt-cotoaga-cV73uDwuti0-unsplash-scaled.jpg\",\"width\":2560,\"height\":1707},{\"@type\":\"BreadcrumbList\",\"@id\":\"https:\/\/focus.s.nomatter.dev\/es\/blog\/las-perspectivas-del-comercio-mundial\/#breadcrumb\",\"itemListElement\":[{\"@type\":\"ListItem\",\"position\":1,\"name\":\"Home\",\"item\":\"https:\/\/focus.s.nomatter.dev\/es\/\"},{\"@type\":\"ListItem\",\"position\":2,\"name\":\"Las principales opiniones de nuestros analistas sobre las perspectivas del comercio mundial\"}]},{\"@type\":\"WebSite\",\"@id\":\"https:\/\/focus.s.nomatter.dev\/es\/#website\",\"url\":\"https:\/\/focus.s.nomatter.dev\/es\/\",\"name\":\"FocusEconomics\",\"description\":\"Economic Indicators, News and Forecasts\",\"publisher\":{\"@id\":\"https:\/\/focus.s.nomatter.dev\/es\/#organization\"},\"potentialAction\":[{\"@type\":\"SearchAction\",\"target\":{\"@type\":\"EntryPoint\",\"urlTemplate\":\"https:\/\/focus.s.nomatter.dev\/es\/search-results\/?global-search={search_term_string}\"},\"query-input\":{\"@type\":\"PropertyValueSpecification\",\"valueRequired\":true,\"valueName\":\"search_term_string\"}}],\"inLanguage\":\"es\"},{\"@type\":\"Organization\",\"@id\":\"https:\/\/focus.s.nomatter.dev\/es\/#organization\",\"name\":\"FocusEconomics\",\"url\":\"https:\/\/focus.s.nomatter.dev\/es\/\",\"logo\":{\"@type\":\"ImageObject\",\"inLanguage\":\"es\",\"@id\":\"https:\/\/focus.s.nomatter.dev\/es\/#\/schema\/logo\/image\/\",\"url\":\"https:\/\/focus-d7op8.kinsta.storage\/production\/uploads\/sites\/5\/2022\/08\/logo.svg\",\"contentUrl\":\"https:\/\/focus-d7op8.kinsta.storage\/production\/uploads\/sites\/5\/2022\/08\/logo.svg\",\"width\":277,\"height\":54,\"caption\":\"FocusEconomics\"},\"image\":{\"@id\":\"https:\/\/focus.s.nomatter.dev\/es\/#\/schema\/logo\/image\/\"},\"sameAs\":[\"https:\/\/www.facebook.com\/FocusEconomics\",\"https:\/\/x.com\/FocusEconomics\"]},{\"@type\":\"Person\",\"@id\":\"https:\/\/focus.s.nomatter.dev\/es\/#\/schema\/person\/a05533977b70cda059081186a397e017\",\"name\":\"Taylor\"}]}<\/script>\n<!-- \/ Yoast SEO Premium plugin. -->","yoast_head_json":{"title":"Las principales opiniones de nuestros analistas sobre las perspectivas del comercio mundial - FocusEconomics [ES]","robots":{"index":"noindex","follow":"follow","max-snippet":"max-snippet:-1","max-image-preview":"max-image-preview:large","max-video-preview":"max-video-preview:-1"},"og_locale":"es_ES","og_type":"article","og_title":"Las principales opiniones de nuestros analistas sobre las perspectivas del comercio mundial","og_description":"Los flujos comerciales mundiales experimentaron un auge en la d\u00e9cada de 1990 y principios de la de 2000, coincidiendo con un periodo de fuerte crecimiento econ\u00f3mico, la fundaci\u00f3n de la Organizaci\u00f3n Mundial del Comercio, el auge de China y otras econom\u00edas de Asia Oriental como centros manufactureros, y una relativa calma pol\u00edtica tras la ca\u00edda","og_url":"https:\/\/focus.s.nomatter.dev\/es\/blog\/las-perspectivas-del-comercio-mundial\/","og_site_name":"FocusEconomics [ES]","article_publisher":"https:\/\/www.facebook.com\/FocusEconomics","article_published_time":"2025-11-04T15:14:33+00:00","og_image":[{"width":2560,"height":1707,"url":"https:\/\/focus.nm-img.net\/uploads\/sites\/5\/2024\/02\/kurt-cotoaga-cV73uDwuti0-unsplash-scaled.jpg","type":"image\/jpeg"}],"author":"Taylor","twitter_card":"summary_large_image","twitter_creator":"@FocusEconomics","twitter_site":"@FocusEconomics","twitter_misc":{"Escrito por":"Taylor","Tiempo de lectura":"5 minutos"},"schema":{"@context":"https:\/\/schema.org","@graph":[{"@type":"Article","@id":"https:\/\/focus.s.nomatter.dev\/es\/blog\/las-perspectivas-del-comercio-mundial\/#article","isPartOf":{"@id":"https:\/\/focus.s.nomatter.dev\/es\/blog\/las-perspectivas-del-comercio-mundial\/"},"author":{"name":"Taylor","@id":"https:\/\/focus.s.nomatter.dev\/es\/#\/schema\/person\/a05533977b70cda059081186a397e017"},"headline":"Las principales opiniones de nuestros analistas sobre las perspectivas del comercio mundial","datePublished":"2025-11-04T15:14:33+00:00","mainEntityOfPage":{"@id":"https:\/\/focus.s.nomatter.dev\/es\/blog\/las-perspectivas-del-comercio-mundial\/"},"wordCount":944,"publisher":{"@id":"https:\/\/focus.s.nomatter.dev\/es\/#organization"},"image":{"@id":"https:\/\/focus.s.nomatter.dev\/es\/blog\/las-perspectivas-del-comercio-mundial\/#primaryimage"},"thumbnailUrl":"https:\/\/focus-stg.nm-img.net\/uploads\/sites\/5\/2024\/02\/kurt-cotoaga-cV73uDwuti0-unsplash-scaled.jpg","keywords":["China","Estados Unidos","tipos de inter\u00e9s"],"articleSection":["Uncategorized"],"inLanguage":"es"},{"@type":"WebPage","@id":"https:\/\/focus.s.nomatter.dev\/es\/blog\/las-perspectivas-del-comercio-mundial\/","url":"https:\/\/focus.s.nomatter.dev\/es\/blog\/las-perspectivas-del-comercio-mundial\/","name":"Las principales opiniones de nuestros analistas sobre las perspectivas del comercio mundial - FocusEconomics [ES]","isPartOf":{"@id":"https:\/\/focus.s.nomatter.dev\/es\/#website"},"primaryImageOfPage":{"@id":"https:\/\/focus.s.nomatter.dev\/es\/blog\/las-perspectivas-del-comercio-mundial\/#primaryimage"},"image":{"@id":"https:\/\/focus.s.nomatter.dev\/es\/blog\/las-perspectivas-del-comercio-mundial\/#primaryimage"},"thumbnailUrl":"https:\/\/focus-stg.nm-img.net\/uploads\/sites\/5\/2024\/02\/kurt-cotoaga-cV73uDwuti0-unsplash-scaled.jpg","datePublished":"2025-11-04T15:14:33+00:00","breadcrumb":{"@id":"https:\/\/focus.s.nomatter.dev\/es\/blog\/las-perspectivas-del-comercio-mundial\/#breadcrumb"},"inLanguage":"es","potentialAction":[{"@type":"ReadAction","target":["https:\/\/focus.s.nomatter.dev\/es\/blog\/las-perspectivas-del-comercio-mundial\/"]}]},{"@type":"ImageObject","inLanguage":"es","@id":"https:\/\/focus.s.nomatter.dev\/es\/blog\/las-perspectivas-del-comercio-mundial\/#primaryimage","url":"https:\/\/focus-stg.nm-img.net\/uploads\/sites\/5\/2024\/02\/kurt-cotoaga-cV73uDwuti0-unsplash-scaled.jpg","contentUrl":"https:\/\/focus-stg.nm-img.net\/uploads\/sites\/5\/2024\/02\/kurt-cotoaga-cV73uDwuti0-unsplash-scaled.jpg","width":2560,"height":1707},{"@type":"BreadcrumbList","@id":"https:\/\/focus.s.nomatter.dev\/es\/blog\/las-perspectivas-del-comercio-mundial\/#breadcrumb","itemListElement":[{"@type":"ListItem","position":1,"name":"Home","item":"https:\/\/focus.s.nomatter.dev\/es\/"},{"@type":"ListItem","position":2,"name":"Las principales opiniones de nuestros analistas sobre las perspectivas del comercio mundial"}]},{"@type":"WebSite","@id":"https:\/\/focus.s.nomatter.dev\/es\/#website","url":"https:\/\/focus.s.nomatter.dev\/es\/","name":"FocusEconomics","description":"Economic Indicators, News and Forecasts","publisher":{"@id":"https:\/\/focus.s.nomatter.dev\/es\/#organization"},"potentialAction":[{"@type":"SearchAction","target":{"@type":"EntryPoint","urlTemplate":"https:\/\/focus.s.nomatter.dev\/es\/search-results\/?global-search={search_term_string}"},"query-input":{"@type":"PropertyValueSpecification","valueRequired":true,"valueName":"search_term_string"}}],"inLanguage":"es"},{"@type":"Organization","@id":"https:\/\/focus.s.nomatter.dev\/es\/#organization","name":"FocusEconomics","url":"https:\/\/focus.s.nomatter.dev\/es\/","logo":{"@type":"ImageObject","inLanguage":"es","@id":"https:\/\/focus.s.nomatter.dev\/es\/#\/schema\/logo\/image\/","url":"https:\/\/focus-d7op8.kinsta.storage\/production\/uploads\/sites\/5\/2022\/08\/logo.svg","contentUrl":"https:\/\/focus-d7op8.kinsta.storage\/production\/uploads\/sites\/5\/2022\/08\/logo.svg","width":277,"height":54,"caption":"FocusEconomics"},"image":{"@id":"https:\/\/focus.s.nomatter.dev\/es\/#\/schema\/logo\/image\/"},"sameAs":["https:\/\/www.facebook.com\/FocusEconomics","https:\/\/x.com\/FocusEconomics"]},{"@type":"Person","@id":"https:\/\/focus.s.nomatter.dev\/es\/#\/schema\/person\/a05533977b70cda059081186a397e017","name":"Taylor"}]}},"_links":{"self":[{"href":"https:\/\/focus.s.nomatter.dev\/es\/wp-json\/wp\/v2\/posts\/149161","targetHints":{"allow":["GET"]}}],"collection":[{"href":"https:\/\/focus.s.nomatter.dev\/es\/wp-json\/wp\/v2\/posts"}],"about":[{"href":"https:\/\/focus.s.nomatter.dev\/es\/wp-json\/wp\/v2\/types\/post"}],"author":[{"embeddable":true,"href":"https:\/\/focus.s.nomatter.dev\/es\/wp-json\/wp\/v2\/users\/13"}],"replies":[{"embeddable":true,"href":"https:\/\/focus.s.nomatter.dev\/es\/wp-json\/wp\/v2\/comments?post=149161"}],"version-history":[{"count":1,"href":"https:\/\/focus.s.nomatter.dev\/es\/wp-json\/wp\/v2\/posts\/149161\/revisions"}],"predecessor-version":[{"id":155553,"href":"https:\/\/focus.s.nomatter.dev\/es\/wp-json\/wp\/v2\/posts\/149161\/revisions\/155553"}],"wp:featuredmedia":[{"embeddable":true,"href":"https:\/\/focus.s.nomatter.dev\/es\/wp-json\/wp\/v2\/media\/149151"}],"wp:attachment":[{"href":"https:\/\/focus.s.nomatter.dev\/es\/wp-json\/wp\/v2\/media?parent=149161"}],"wp:term":[{"taxonomy":"category","embeddable":true,"href":"https:\/\/focus.s.nomatter.dev\/es\/wp-json\/wp\/v2\/categories?post=149161"},{"taxonomy":"post_tag","embeddable":true,"href":"https:\/\/focus.s.nomatter.dev\/es\/wp-json\/wp\/v2\/tags?post=149161"}],"curies":[{"name":"wp","href":"https:\/\/api.w.org\/{rel}","templated":true}]}}