{"id":150255,"date":"2025-10-27T13:16:30","date_gmt":"2025-10-27T13:16:30","guid":{"rendered":"https:\/\/focus.s.nomatter.dev\/es\/?p=150255"},"modified":"2025-11-04T15:24:12","modified_gmt":"2025-11-04T15:24:12","slug":"cuales-son-las-perspectivas-a-largo-plazo-para-las-materias-primas","status":"publish","type":"post","link":"https:\/\/focus.s.nomatter.dev\/es\/blog\/cuales-son-las-perspectivas-a-largo-plazo-para-las-materias-primas\/","title":{"rendered":"\u00bfCu\u00e1les son las perspectivas a largo plazo para las materias primas?"},"content":{"rendered":"<p>La evoluci\u00f3n de los precios de las materias primas durante la pr\u00f3xima d\u00e9cada vendr\u00e1 determinada en gran medida por la transici\u00f3n energ\u00e9tica verde, que supondr\u00e1 un impulso para algunas materias primas y reducir\u00e1 la demanda de otras. Para profundizar en las perspectivas del precio del crudo y de los metales para la pr\u00f3xima d\u00e9cada, puede descargar <a href=\"https:\/\/focus.s.nomatter.dev\/es\/blog\/perspectivas-a-largo-plazo-de-las-materias-primas\/\">nuestro \u00faltimo informe especial<\/a> sobre materias primas, en el que examinamos de cerca el papel de la transici\u00f3n energ\u00e9tica y otros factores clave de la oferta y la demanda.<\/p>\n<p><img loading=\"lazy\" decoding=\"async\" class=\" wp-image-150262\" src=\"https:\/\/focus-economics.imgix.net\/wp-content\/uploads\/sites\/5\/2024\/03\/newsletter-graphs_20th-March-2024-300x157.png\" alt=\"\" width=\"776\" height=\"406\" srcset=\"https:\/\/focus-d7op8.kinsta.storage\/staging\/uploads\/sites\/5\/2024\/03\/newsletter-graphs_20th-March-2024-300x157.png 300w, https:\/\/focus-d7op8.kinsta.storage\/staging\/uploads\/sites\/5\/2024\/03\/newsletter-graphs_20th-March-2024-1024x535.png 1024w, https:\/\/focus-d7op8.kinsta.storage\/staging\/uploads\/sites\/5\/2024\/03\/newsletter-graphs_20th-March-2024-768x401.png 768w, https:\/\/focus-d7op8.kinsta.storage\/staging\/uploads\/sites\/5\/2024\/03\/newsletter-graphs_20th-March-2024-1536x803.png 1536w, https:\/\/focus-d7op8.kinsta.storage\/staging\/uploads\/sites\/5\/2024\/03\/newsletter-graphs_20th-March-2024-2048x1070.png 2048w\" sizes=\"auto, (max-width: 776px) 100vw, 776px\" \/><\/p>\n<h2>Perspectivas del crudo: los precios bajar\u00e1n pero se mantendr\u00e1n elevados<\/h2>\n<p>Como se indica en nuestro informe especial, nuestros panelistas prev\u00e9n que los precios al contado del Brent y el WTI caigan alrededor de un 10% desde los niveles de 2023 durante la pr\u00f3xima d\u00e9cada. Tanto la demanda como la oferta determinar\u00e1n las perspectivas del crudo. La demanda disminuir\u00e1 a medida que los pa\u00edses se decanten por las energ\u00edas renovables y los combustibles f\u00f3siles menos contaminantes en un intento de mitigar el cambio clim\u00e1tico. Sin embargo, los precios se mantendr\u00e1n hist\u00f3ricamente elevados debido a la creciente demanda de China e India. En cuanto a la oferta, se prev\u00e9 que la producci\u00f3n aumente m\u00e1s que la demanda, debido sobre todo al aumento de la producci\u00f3n en Estados Unidos y en los pa\u00edses latinoamericanos no pertenecientes a la OPEP, lo que ejercer\u00e1 una mayor presi\u00f3n a la baja sobre los precios.<\/p>\n<h2>Las perspectivas de los precios de los metales son dispares<\/h2>\n<p>El cobre y el cobre experimentar\u00e1n una tendencia al alza de precios en la pr\u00f3xima d\u00e9cada, impulsados por la creciente demanda derivada de la transici\u00f3n ecol\u00f3gica. Ambos <a href=\"https:\/\/focus.s.nomatter.dev\/es\/commodities\/metales-base\/\">metales<\/a> son altamente conductores y rentables, lo que los hace ideales para una amplia gama de tecnolog\u00edas de energ\u00edas renovables relacionadas con la electricidad. Adem\u00e1s, la producci\u00f3n de ambos metales crecer\u00e1 a un ritmo inferior al de la demanda, lo que reforzar\u00e1 los precios.<\/p>\n<p>En cambio, se prev\u00e9 que los precios del n\u00edquel y el mineral de hierro bajen en la pr\u00f3xima d\u00e9cada. Se prev\u00e9 que el mercado del n\u00edquel se encuentre en un amplio super\u00e1vit este a\u00f1o y el fuerte crecimiento de la producci\u00f3n limitar\u00e1 las subidas de precios en los pr\u00f3ximos cinco a\u00f1os. Mientras tanto, a diferencia de la mayor\u00eda de los metales b\u00e1sicos, el mineral de hierro no se beneficiar\u00e1 de la transici\u00f3n energ\u00e9tica: La demanda de este metal caer\u00e1 a medida que los fabricantes de acero se pasen al acero verde, que se produce en hornos el\u00e9ctricos que requieren mucho menos mineral de hierro.<\/p>\n<p>En la pr\u00f3xima d\u00e9cada, el precio del oro se situar\u00e1 muy por encima de la media de los \u00faltimos 10 a\u00f1os. A largo plazo, el descenso del rendimiento de los bonos estadounidenses y el crecimiento del mercado de la joyer\u00eda deber\u00edan traducirse en una fuerte demanda de oro. Dicho esto, los precios hist\u00f3ricamente elevados incitar\u00e1n a las mineras a aumentar la producci\u00f3n, lo que limitar\u00e1 las subidas de precios. Consulta las previsiones completas y los escenarios alternativos en nuestro <a href=\"https:\/\/focus.s.nomatter.dev\/es\/\">Consensus Forecast.<\/a><\/p>\n<h2>Visi\u00f3n de nuestra red de analistas<\/h2>\n<p>Sobre las perspectivas del crudo, los analistas de <strong>EIU<\/strong> afirman:<\/p>\n<p><em>\u00abA partir de 2025, el crecimiento de la demanda disminuir\u00e1 de forma m\u00e1s significativa a medida que las tendencias a largo plazo vuelvan a cobrar protagonismo. Esperamos que el consumo de petr\u00f3leo en los pa\u00edses de la OCDE siga disminuyendo, dada la atenci\u00f3n que estos pa\u00edses prestan a la eficiencia energ\u00e9tica y a las medidas para hacer frente al cambio clim\u00e1tico. En los pa\u00edses no pertenecientes a la OCDE se observan tendencias similares, pero dado su grado de desarrollo y su fuerte crecimiento econ\u00f3mico, la demanda de petr\u00f3leo seguir\u00e1 creciendo a un ritmo moderado en esos pa\u00edses durante al menos unos a\u00f1os m\u00e1s.\u00bb<\/em><\/p>\n<p>En cuanto a la oferta de cobre, los analistas de <strong>ANZ<\/strong> comentaron:<\/p>\n<p><em>\u00abLa inversi\u00f3n es cada vez m\u00e1s dif\u00edcil. En Sudam\u00e9rica, las empresas mineras y los promotores de proyectos tienen que ganarse a las comunidades y obtener la aceptaci\u00f3n pol\u00edtica antes de seguir adelante. Para ello, es necesario llegar a la sociedad, dedicar tiempo y paciencia, y se han promulgado pol\u00edticas y leyes que dificultan la aprobaci\u00f3n, la construcci\u00f3n y la puesta en marcha de una mina\u00bb.<\/em><\/p>\n<h3>Nuestro \u00faltimo an\u00e1lisis:<\/h3>\n<p>En un reciente informe especial, examinamos las <a href=\"https:\/\/focus.s.nomatter.dev\/es\/blog\/perspectivas-de-la-asean\/\">perspectivas econ\u00f3micas de la ASEAN<\/a> para 2024 y a\u00f1os posteriores.<\/p>\n<div class=\"reader-article-content reader-article-content--content-blocks\" dir=\"ltr\">\n<hr \/>\n<h3>Descargue nuestro informe especial gratuito sobre las perspectivas de los precios de las materias primas<\/h3>\n<\/div>\n<p><a href=\"https:\/\/focus.s.nomatter.dev\/es\/blog\/perspectivas-a-largo-plazo-de-las-materias-primas\/\"><img loading=\"lazy\" decoding=\"async\" class=\"alignnone wp-image-59907\" src=\"https:\/\/focus-economics.imgix.net\/wp-content\/uploads\/2024\/03\/MicrosoftTeams-image-2-300x137.png\" alt=\"\" width=\"783\" height=\"358\" \/><\/a><\/p>\n<p><!--more--><\/p>\n<div class=\"reader-article-content reader-article-content--content-blocks\" dir=\"ltr\"><\/div>\n","protected":false},"excerpt":{"rendered":"<p>La evoluci\u00f3n de los precios de las materias primas durante la pr\u00f3xima d\u00e9cada vendr\u00e1 determinada en gran medida por la transici\u00f3n energ\u00e9tica verde, que supondr\u00e1 un impulso para algunas materias primas y reducir\u00e1 la demanda de otras. Para profundizar en las perspectivas del precio del crudo y de los metales para la pr\u00f3xima d\u00e9cada, puede<\/p>\n","protected":false},"author":13,"featured_media":150259,"comment_status":"closed","ping_status":"closed","sticky":false,"template":"","format":"standard","meta":{"_acf_changed":false,"editor_notices":[],"footnotes":""},"categories":[1],"tags":[1838,1839,1840],"class_list":["post-150255","post","type-post","status-publish","format-standard","has-post-thumbnail","hentry","category-uncategorized","tag-transicion-energetica","tag-petroleo","tag-metales"],"acf":[],"yoast_head":"<!-- This site is optimized with the Yoast SEO Premium plugin v26.9 (Yoast SEO v26.9) - https:\/\/yoast.com\/product\/yoast-seo-premium-wordpress\/ -->\n<title>\u00bfCu\u00e1les son las perspectivas a largo plazo para las materias primas? - FocusEconomics [ES]<\/title>\n<meta name=\"robots\" content=\"noindex, follow, max-snippet:-1, max-image-preview:large, max-video-preview:-1\" \/>\n<meta property=\"og:locale\" content=\"es_ES\" class=\"yoast-seo-meta-tag\" \/>\n<meta property=\"og:type\" content=\"article\" class=\"yoast-seo-meta-tag\" \/>\n<meta property=\"og:title\" content=\"\u00bfCu\u00e1les son las perspectivas a largo plazo para las materias primas?\" class=\"yoast-seo-meta-tag\" \/>\n<meta property=\"og:description\" content=\"La evoluci\u00f3n de los precios de las materias primas durante la pr\u00f3xima d\u00e9cada vendr\u00e1 determinada en gran medida por la transici\u00f3n energ\u00e9tica verde, que supondr\u00e1 un impulso para algunas materias primas y reducir\u00e1 la demanda de otras. Para profundizar en las perspectivas del precio del crudo y de los metales para la pr\u00f3xima d\u00e9cada, puede\" class=\"yoast-seo-meta-tag\" \/>\n<meta property=\"og:url\" content=\"https:\/\/focus.s.nomatter.dev\/es\/blog\/cuales-son-las-perspectivas-a-largo-plazo-para-las-materias-primas\/\" class=\"yoast-seo-meta-tag\" \/>\n<meta property=\"og:site_name\" content=\"FocusEconomics [ES]\" class=\"yoast-seo-meta-tag\" \/>\n<meta property=\"article:publisher\" content=\"https:\/\/www.facebook.com\/FocusEconomics\" class=\"yoast-seo-meta-tag\" \/>\n<meta property=\"article:published_time\" content=\"2025-10-27T13:16:30+00:00\" class=\"yoast-seo-meta-tag\" \/>\n<meta property=\"article:modified_time\" content=\"2025-11-04T15:24:12+00:00\" class=\"yoast-seo-meta-tag\" \/>\n<meta property=\"og:image\" content=\"https:\/\/focus-d7op8.kinsta.storage\/production\/uploads\/sites\/5\/2024\/03\/erwan-hesry-RJjY5Hpnifk-unsplash.jpg\" class=\"yoast-seo-meta-tag\" \/>\n\t<meta property=\"og:image:width\" content=\"1920\" class=\"yoast-seo-meta-tag\" \/>\n\t<meta property=\"og:image:height\" content=\"1280\" class=\"yoast-seo-meta-tag\" \/>\n\t<meta property=\"og:image:type\" content=\"image\/jpeg\" class=\"yoast-seo-meta-tag\" \/>\n<meta name=\"author\" content=\"Taylor\" class=\"yoast-seo-meta-tag\" \/>\n<meta name=\"twitter:card\" content=\"summary_large_image\" class=\"yoast-seo-meta-tag\" \/>\n<meta name=\"twitter:creator\" content=\"@FocusEconomics\" class=\"yoast-seo-meta-tag\" \/>\n<meta name=\"twitter:site\" content=\"@FocusEconomics\" class=\"yoast-seo-meta-tag\" \/>\n<meta name=\"twitter:label1\" content=\"Escrito por\" class=\"yoast-seo-meta-tag\" \/>\n\t<meta name=\"twitter:data1\" content=\"Taylor\" class=\"yoast-seo-meta-tag\" \/>\n\t<meta name=\"twitter:label2\" content=\"Tiempo de lectura\" class=\"yoast-seo-meta-tag\" \/>\n\t<meta name=\"twitter:data2\" content=\"4 minutos\" class=\"yoast-seo-meta-tag\" \/>\n<script type=\"application\/ld+json\" class=\"yoast-schema-graph\">{\"@context\":\"https:\/\/schema.org\",\"@graph\":[{\"@type\":\"Article\",\"@id\":\"https:\/\/focus.s.nomatter.dev\/es\/blog\/cuales-son-las-perspectivas-a-largo-plazo-para-las-materias-primas\/#article\",\"isPartOf\":{\"@id\":\"https:\/\/focus.s.nomatter.dev\/es\/blog\/cuales-son-las-perspectivas-a-largo-plazo-para-las-materias-primas\/\"},\"author\":{\"name\":\"Taylor\",\"@id\":\"https:\/\/focus.s.nomatter.dev\/es\/#\/schema\/person\/a05533977b70cda059081186a397e017\"},\"headline\":\"\u00bfCu\u00e1les son las perspectivas a largo plazo para las materias primas?\",\"datePublished\":\"2025-10-27T13:16:30+00:00\",\"dateModified\":\"2025-11-04T15:24:12+00:00\",\"mainEntityOfPage\":{\"@id\":\"https:\/\/focus.s.nomatter.dev\/es\/blog\/cuales-son-las-perspectivas-a-largo-plazo-para-las-materias-primas\/\"},\"wordCount\":820,\"publisher\":{\"@id\":\"https:\/\/focus.s.nomatter.dev\/es\/#organization\"},\"image\":{\"@id\":\"https:\/\/focus.s.nomatter.dev\/es\/blog\/cuales-son-las-perspectivas-a-largo-plazo-para-las-materias-primas\/#primaryimage\"},\"thumbnailUrl\":\"https:\/\/focus-stg.nm-img.net\/uploads\/sites\/5\/2024\/03\/erwan-hesry-RJjY5Hpnifk-unsplash.jpg\",\"keywords\":[\"transici\u00f3n energ\u00e9tica\",\"petr\u00f3leo\",\"metales\"],\"articleSection\":[\"Uncategorized\"],\"inLanguage\":\"es\"},{\"@type\":\"WebPage\",\"@id\":\"https:\/\/focus.s.nomatter.dev\/es\/blog\/cuales-son-las-perspectivas-a-largo-plazo-para-las-materias-primas\/\",\"url\":\"https:\/\/focus.s.nomatter.dev\/es\/blog\/cuales-son-las-perspectivas-a-largo-plazo-para-las-materias-primas\/\",\"name\":\"\u00bfCu\u00e1les son las perspectivas a largo plazo para las materias primas? - FocusEconomics [ES]\",\"isPartOf\":{\"@id\":\"https:\/\/focus.s.nomatter.dev\/es\/#website\"},\"primaryImageOfPage\":{\"@id\":\"https:\/\/focus.s.nomatter.dev\/es\/blog\/cuales-son-las-perspectivas-a-largo-plazo-para-las-materias-primas\/#primaryimage\"},\"image\":{\"@id\":\"https:\/\/focus.s.nomatter.dev\/es\/blog\/cuales-son-las-perspectivas-a-largo-plazo-para-las-materias-primas\/#primaryimage\"},\"thumbnailUrl\":\"https:\/\/focus-stg.nm-img.net\/uploads\/sites\/5\/2024\/03\/erwan-hesry-RJjY5Hpnifk-unsplash.jpg\",\"datePublished\":\"2025-10-27T13:16:30+00:00\",\"dateModified\":\"2025-11-04T15:24:12+00:00\",\"breadcrumb\":{\"@id\":\"https:\/\/focus.s.nomatter.dev\/es\/blog\/cuales-son-las-perspectivas-a-largo-plazo-para-las-materias-primas\/#breadcrumb\"},\"inLanguage\":\"es\",\"potentialAction\":[{\"@type\":\"ReadAction\",\"target\":[\"https:\/\/focus.s.nomatter.dev\/es\/blog\/cuales-son-las-perspectivas-a-largo-plazo-para-las-materias-primas\/\"]}]},{\"@type\":\"ImageObject\",\"inLanguage\":\"es\",\"@id\":\"https:\/\/focus.s.nomatter.dev\/es\/blog\/cuales-son-las-perspectivas-a-largo-plazo-para-las-materias-primas\/#primaryimage\",\"url\":\"https:\/\/focus-stg.nm-img.net\/uploads\/sites\/5\/2024\/03\/erwan-hesry-RJjY5Hpnifk-unsplash.jpg\",\"contentUrl\":\"https:\/\/focus-stg.nm-img.net\/uploads\/sites\/5\/2024\/03\/erwan-hesry-RJjY5Hpnifk-unsplash.jpg\",\"width\":1920,\"height\":1280},{\"@type\":\"BreadcrumbList\",\"@id\":\"https:\/\/focus.s.nomatter.dev\/es\/blog\/cuales-son-las-perspectivas-a-largo-plazo-para-las-materias-primas\/#breadcrumb\",\"itemListElement\":[{\"@type\":\"ListItem\",\"position\":1,\"name\":\"Home\",\"item\":\"https:\/\/focus.s.nomatter.dev\/es\/\"},{\"@type\":\"ListItem\",\"position\":2,\"name\":\"\u00bfCu\u00e1les son las perspectivas a largo plazo para las materias primas?\"}]},{\"@type\":\"WebSite\",\"@id\":\"https:\/\/focus.s.nomatter.dev\/es\/#website\",\"url\":\"https:\/\/focus.s.nomatter.dev\/es\/\",\"name\":\"FocusEconomics\",\"description\":\"Economic Indicators, News and Forecasts\",\"publisher\":{\"@id\":\"https:\/\/focus.s.nomatter.dev\/es\/#organization\"},\"potentialAction\":[{\"@type\":\"SearchAction\",\"target\":{\"@type\":\"EntryPoint\",\"urlTemplate\":\"https:\/\/focus.s.nomatter.dev\/es\/search-results\/?global-search={search_term_string}\"},\"query-input\":{\"@type\":\"PropertyValueSpecification\",\"valueRequired\":true,\"valueName\":\"search_term_string\"}}],\"inLanguage\":\"es\"},{\"@type\":\"Organization\",\"@id\":\"https:\/\/focus.s.nomatter.dev\/es\/#organization\",\"name\":\"FocusEconomics\",\"url\":\"https:\/\/focus.s.nomatter.dev\/es\/\",\"logo\":{\"@type\":\"ImageObject\",\"inLanguage\":\"es\",\"@id\":\"https:\/\/focus.s.nomatter.dev\/es\/#\/schema\/logo\/image\/\",\"url\":\"https:\/\/focus-d7op8.kinsta.storage\/production\/uploads\/sites\/5\/2022\/08\/logo.svg\",\"contentUrl\":\"https:\/\/focus-d7op8.kinsta.storage\/production\/uploads\/sites\/5\/2022\/08\/logo.svg\",\"width\":277,\"height\":54,\"caption\":\"FocusEconomics\"},\"image\":{\"@id\":\"https:\/\/focus.s.nomatter.dev\/es\/#\/schema\/logo\/image\/\"},\"sameAs\":[\"https:\/\/www.facebook.com\/FocusEconomics\",\"https:\/\/x.com\/FocusEconomics\"]},{\"@type\":\"Person\",\"@id\":\"https:\/\/focus.s.nomatter.dev\/es\/#\/schema\/person\/a05533977b70cda059081186a397e017\",\"name\":\"Taylor\"}]}<\/script>\n<!-- \/ Yoast SEO Premium plugin. -->","yoast_head_json":{"title":"\u00bfCu\u00e1les son las perspectivas a largo plazo para las materias primas? - FocusEconomics [ES]","robots":{"index":"noindex","follow":"follow","max-snippet":"max-snippet:-1","max-image-preview":"max-image-preview:large","max-video-preview":"max-video-preview:-1"},"og_locale":"es_ES","og_type":"article","og_title":"\u00bfCu\u00e1les son las perspectivas a largo plazo para las materias primas?","og_description":"La evoluci\u00f3n de los precios de las materias primas durante la pr\u00f3xima d\u00e9cada vendr\u00e1 determinada en gran medida por la transici\u00f3n energ\u00e9tica verde, que supondr\u00e1 un impulso para algunas materias primas y reducir\u00e1 la demanda de otras. Para profundizar en las perspectivas del precio del crudo y de los metales para la pr\u00f3xima d\u00e9cada, puede","og_url":"https:\/\/focus.s.nomatter.dev\/es\/blog\/cuales-son-las-perspectivas-a-largo-plazo-para-las-materias-primas\/","og_site_name":"FocusEconomics [ES]","article_publisher":"https:\/\/www.facebook.com\/FocusEconomics","article_published_time":"2025-10-27T13:16:30+00:00","article_modified_time":"2025-11-04T15:24:12+00:00","og_image":[{"width":1920,"height":1280,"url":"https:\/\/focus-d7op8.kinsta.storage\/production\/uploads\/sites\/5\/2024\/03\/erwan-hesry-RJjY5Hpnifk-unsplash.jpg","type":"image\/jpeg"}],"author":"Taylor","twitter_card":"summary_large_image","twitter_creator":"@FocusEconomics","twitter_site":"@FocusEconomics","twitter_misc":{"Escrito por":"Taylor","Tiempo de lectura":"4 minutos"},"schema":{"@context":"https:\/\/schema.org","@graph":[{"@type":"Article","@id":"https:\/\/focus.s.nomatter.dev\/es\/blog\/cuales-son-las-perspectivas-a-largo-plazo-para-las-materias-primas\/#article","isPartOf":{"@id":"https:\/\/focus.s.nomatter.dev\/es\/blog\/cuales-son-las-perspectivas-a-largo-plazo-para-las-materias-primas\/"},"author":{"name":"Taylor","@id":"https:\/\/focus.s.nomatter.dev\/es\/#\/schema\/person\/a05533977b70cda059081186a397e017"},"headline":"\u00bfCu\u00e1les son las perspectivas a largo plazo para las materias primas?","datePublished":"2025-10-27T13:16:30+00:00","dateModified":"2025-11-04T15:24:12+00:00","mainEntityOfPage":{"@id":"https:\/\/focus.s.nomatter.dev\/es\/blog\/cuales-son-las-perspectivas-a-largo-plazo-para-las-materias-primas\/"},"wordCount":820,"publisher":{"@id":"https:\/\/focus.s.nomatter.dev\/es\/#organization"},"image":{"@id":"https:\/\/focus.s.nomatter.dev\/es\/blog\/cuales-son-las-perspectivas-a-largo-plazo-para-las-materias-primas\/#primaryimage"},"thumbnailUrl":"https:\/\/focus-stg.nm-img.net\/uploads\/sites\/5\/2024\/03\/erwan-hesry-RJjY5Hpnifk-unsplash.jpg","keywords":["transici\u00f3n energ\u00e9tica","petr\u00f3leo","metales"],"articleSection":["Uncategorized"],"inLanguage":"es"},{"@type":"WebPage","@id":"https:\/\/focus.s.nomatter.dev\/es\/blog\/cuales-son-las-perspectivas-a-largo-plazo-para-las-materias-primas\/","url":"https:\/\/focus.s.nomatter.dev\/es\/blog\/cuales-son-las-perspectivas-a-largo-plazo-para-las-materias-primas\/","name":"\u00bfCu\u00e1les son las perspectivas a largo plazo para las materias primas? - FocusEconomics [ES]","isPartOf":{"@id":"https:\/\/focus.s.nomatter.dev\/es\/#website"},"primaryImageOfPage":{"@id":"https:\/\/focus.s.nomatter.dev\/es\/blog\/cuales-son-las-perspectivas-a-largo-plazo-para-las-materias-primas\/#primaryimage"},"image":{"@id":"https:\/\/focus.s.nomatter.dev\/es\/blog\/cuales-son-las-perspectivas-a-largo-plazo-para-las-materias-primas\/#primaryimage"},"thumbnailUrl":"https:\/\/focus-stg.nm-img.net\/uploads\/sites\/5\/2024\/03\/erwan-hesry-RJjY5Hpnifk-unsplash.jpg","datePublished":"2025-10-27T13:16:30+00:00","dateModified":"2025-11-04T15:24:12+00:00","breadcrumb":{"@id":"https:\/\/focus.s.nomatter.dev\/es\/blog\/cuales-son-las-perspectivas-a-largo-plazo-para-las-materias-primas\/#breadcrumb"},"inLanguage":"es","potentialAction":[{"@type":"ReadAction","target":["https:\/\/focus.s.nomatter.dev\/es\/blog\/cuales-son-las-perspectivas-a-largo-plazo-para-las-materias-primas\/"]}]},{"@type":"ImageObject","inLanguage":"es","@id":"https:\/\/focus.s.nomatter.dev\/es\/blog\/cuales-son-las-perspectivas-a-largo-plazo-para-las-materias-primas\/#primaryimage","url":"https:\/\/focus-stg.nm-img.net\/uploads\/sites\/5\/2024\/03\/erwan-hesry-RJjY5Hpnifk-unsplash.jpg","contentUrl":"https:\/\/focus-stg.nm-img.net\/uploads\/sites\/5\/2024\/03\/erwan-hesry-RJjY5Hpnifk-unsplash.jpg","width":1920,"height":1280},{"@type":"BreadcrumbList","@id":"https:\/\/focus.s.nomatter.dev\/es\/blog\/cuales-son-las-perspectivas-a-largo-plazo-para-las-materias-primas\/#breadcrumb","itemListElement":[{"@type":"ListItem","position":1,"name":"Home","item":"https:\/\/focus.s.nomatter.dev\/es\/"},{"@type":"ListItem","position":2,"name":"\u00bfCu\u00e1les son las perspectivas a largo plazo para las materias primas?"}]},{"@type":"WebSite","@id":"https:\/\/focus.s.nomatter.dev\/es\/#website","url":"https:\/\/focus.s.nomatter.dev\/es\/","name":"FocusEconomics","description":"Economic Indicators, News and Forecasts","publisher":{"@id":"https:\/\/focus.s.nomatter.dev\/es\/#organization"},"potentialAction":[{"@type":"SearchAction","target":{"@type":"EntryPoint","urlTemplate":"https:\/\/focus.s.nomatter.dev\/es\/search-results\/?global-search={search_term_string}"},"query-input":{"@type":"PropertyValueSpecification","valueRequired":true,"valueName":"search_term_string"}}],"inLanguage":"es"},{"@type":"Organization","@id":"https:\/\/focus.s.nomatter.dev\/es\/#organization","name":"FocusEconomics","url":"https:\/\/focus.s.nomatter.dev\/es\/","logo":{"@type":"ImageObject","inLanguage":"es","@id":"https:\/\/focus.s.nomatter.dev\/es\/#\/schema\/logo\/image\/","url":"https:\/\/focus-d7op8.kinsta.storage\/production\/uploads\/sites\/5\/2022\/08\/logo.svg","contentUrl":"https:\/\/focus-d7op8.kinsta.storage\/production\/uploads\/sites\/5\/2022\/08\/logo.svg","width":277,"height":54,"caption":"FocusEconomics"},"image":{"@id":"https:\/\/focus.s.nomatter.dev\/es\/#\/schema\/logo\/image\/"},"sameAs":["https:\/\/www.facebook.com\/FocusEconomics","https:\/\/x.com\/FocusEconomics"]},{"@type":"Person","@id":"https:\/\/focus.s.nomatter.dev\/es\/#\/schema\/person\/a05533977b70cda059081186a397e017","name":"Taylor"}]}},"_links":{"self":[{"href":"https:\/\/focus.s.nomatter.dev\/es\/wp-json\/wp\/v2\/posts\/150255","targetHints":{"allow":["GET"]}}],"collection":[{"href":"https:\/\/focus.s.nomatter.dev\/es\/wp-json\/wp\/v2\/posts"}],"about":[{"href":"https:\/\/focus.s.nomatter.dev\/es\/wp-json\/wp\/v2\/types\/post"}],"author":[{"embeddable":true,"href":"https:\/\/focus.s.nomatter.dev\/es\/wp-json\/wp\/v2\/users\/13"}],"replies":[{"embeddable":true,"href":"https:\/\/focus.s.nomatter.dev\/es\/wp-json\/wp\/v2\/comments?post=150255"}],"version-history":[{"count":5,"href":"https:\/\/focus.s.nomatter.dev\/es\/wp-json\/wp\/v2\/posts\/150255\/revisions"}],"predecessor-version":[{"id":158091,"href":"https:\/\/focus.s.nomatter.dev\/es\/wp-json\/wp\/v2\/posts\/150255\/revisions\/158091"}],"wp:featuredmedia":[{"embeddable":true,"href":"https:\/\/focus.s.nomatter.dev\/es\/wp-json\/wp\/v2\/media\/150259"}],"wp:attachment":[{"href":"https:\/\/focus.s.nomatter.dev\/es\/wp-json\/wp\/v2\/media?parent=150255"}],"wp:term":[{"taxonomy":"category","embeddable":true,"href":"https:\/\/focus.s.nomatter.dev\/es\/wp-json\/wp\/v2\/categories?post=150255"},{"taxonomy":"post_tag","embeddable":true,"href":"https:\/\/focus.s.nomatter.dev\/es\/wp-json\/wp\/v2\/tags?post=150255"}],"curies":[{"name":"wp","href":"https:\/\/api.w.org\/{rel}","templated":true}]}}