{"id":150335,"date":"2024-04-04T15:00:54","date_gmt":"2024-04-04T15:00:54","guid":{"rendered":"https:\/\/focus.s.nomatter.dev\/es\/?p=150335"},"modified":"2024-04-04T15:01:10","modified_gmt":"2024-04-04T15:01:10","slug":"whats-next-for-natural-gas-prices","status":"publish","type":"post","link":"https:\/\/focus.s.nomatter.dev\/es\/blog\/whats-next-for-natural-gas-prices\/","title":{"rendered":"\u00bfQu\u00e9 pasar\u00e1 con los precios del gas natural?"},"content":{"rendered":"<p>Los precios del gas natural se dispararon en 2021-2022 hasta alcanzar los niveles m\u00e1s altos desde la crisis financiera. Desde entonces han bajado, pero la dif\u00edcil situaci\u00f3n de los consumidores de este combustible -hogares, empresas e inversores- dista mucho de haber terminado. El espectro de las guerras regionales en <a href=\"https:\/\/focus.s.nomatter.dev\/es\/regions\/central-and-eastern-europe\/\" target=\"_blank\" rel=\"noopener\">Europa del Este<\/a> y <a href=\"https:\/\/focus.s.nomatter.dev\/es\/regions\/middle-east-and-north-africa\/\">Oriente Medio<\/a> sigue amenazando el suministro. Y en medio de todo esto, las econom\u00edas de los gigantes del gas, Qatar y Estados Unidos, han visto c\u00f3mo sus vol\u00famenes de exportaci\u00f3n de GNL se disparaban en los \u00faltimos a\u00f1os. En nuestro \u00faltimo <a href=\"https:\/\/focus.s.nomatter.dev\/es\/blog\/perspectivas-del-mercado-del-gas-natural\/\" target=\"_blank\" rel=\"noopener\">informe especial<\/a>, hemos sondeado a los principales analistas del mercado sobre las perspectivas del mercado del gas natural para los pr\u00f3ximos cinco a\u00f1os.<\/p>\n<h2>En 2024, los precios del gas natural bajar\u00e1n<\/h2>\n<p>La previsi\u00f3n para los <a href=\"https:\/\/focus.s.nomatter.dev\/es\/commodities\/energia\/natural-gas\/\" target=\"_blank\" rel=\"noopener\">precios del gas natural<\/a> en 2024 es que bajen en Asia y <a href=\"https:\/\/focus.s.nomatter.dev\/es\/commodities\/energia\/natural-gas-eu\/\" target=\"_blank\" rel=\"noopener\">Europa<\/a> a partir de 2023, y que se mantengan estables en EE.UU. En las tres regiones, los inventarios est\u00e1n mucho m\u00e1s llenos de lo normal, lastrados por el clima templado, la d\u00e9bil producci\u00f3n industrial y el paso a las energ\u00edas renovables. Estos factores seguir\u00e1n presionando a la baja los precios en 2024.<\/p>\n<h2>En 2025, los precios subir\u00e1n<\/h2>\n<p>El Consenso prev\u00e9 que los precios del gas natural suban en Europa y EE.UU., superando la media de 10 a\u00f1os anterior a la pandemia en ambos pa\u00edses. En Asia, los precios se mantendr\u00e1n estables, aunque superar\u00e1n la media anterior a la pandemia. El Ni\u00f1o, que elev\u00f3 las temperaturas el invierno pasado, no volver\u00e1 el a\u00f1o que viene, lo que aumentar\u00e1 la demanda de calefacci\u00f3n. El aumento de la producci\u00f3n industrial y el mantenimiento de las sanciones occidentales a Rusia avivar\u00e1n a\u00fan m\u00e1s los precios.<\/p>\n<h2>Pero persisten los riesgos<\/h2>\n<p>Uno de los riesgos detallados en nuestro informe sobre el gas natural es la reciente congelaci\u00f3n por parte de la Administraci\u00f3n Biden de las nuevas licencias de exportaci\u00f3n de GNL. Sin embargo, la prohibici\u00f3n podr\u00eda deshacerse pronto, ya que recientes informes de los medios de comunicaci\u00f3n sugieren que el presidente republicano de la C\u00e1mara de Representantes, Mike Johnson, podr\u00eda ofrecerse a impulsar un paquete de ayuda militar para Ucrania si, entre otras condiciones, Biden suprime las restricciones.<\/p>\n<p><img loading=\"lazy\" decoding=\"async\" class=\"alignnone wp-image-150350\" src=\"https:\/\/focus-economics.imgix.net\/wp-content\/uploads\/sites\/5\/2024\/04\/newsletter-graphs-1-300x157.png\" alt=\"\" width=\"652\" height=\"341\" srcset=\"https:\/\/focus-d7op8.kinsta.storage\/staging\/uploads\/sites\/5\/2024\/04\/newsletter-graphs-1-300x157.png 300w, https:\/\/focus-d7op8.kinsta.storage\/staging\/uploads\/sites\/5\/2024\/04\/newsletter-graphs-1-1024x535.png 1024w, https:\/\/focus-d7op8.kinsta.storage\/staging\/uploads\/sites\/5\/2024\/04\/newsletter-graphs-1-768x401.png 768w, https:\/\/focus-d7op8.kinsta.storage\/staging\/uploads\/sites\/5\/2024\/04\/newsletter-graphs-1-1536x803.png 1536w, https:\/\/focus-d7op8.kinsta.storage\/staging\/uploads\/sites\/5\/2024\/04\/newsletter-graphs-1-2048x1070.png 2048w\" sizes=\"auto, (max-width: 652px) 100vw, 652px\" \/><\/p>\n<h3>Opiniones de nuestros panelistas<\/h3>\n<p>Seg\u00fan los analistas de <strong>Goldman Sachs<\/strong>:<\/p>\n<p>\u00abEl d\u00e9ficit estructural del gas natural europeo a\u00fan no se ha resuelto del todo, ya que el aumento del suministro de GNL a\u00fan no compensa totalmente la p\u00e9rdida de importaciones rusas. As\u00ed pues, los precios europeos del gas siguen siendo vulnerables a las interrupciones del suministro o a los aumentos de la demanda. Este es especialmente el caso durante el invierno, cuando la calefacci\u00f3n, que depende de las condiciones meteorol\u00f3gicas, constituye la mayor parte de la demanda y los episodios de fr\u00edo pueden provocar una r\u00e1pida ca\u00edda de las existencias y un aumento de los precios.\u00bb<\/p>\n<p>Los analistas de <strong>Desjardins<\/strong> comentaron:<\/p>\n<p>\u00abEl anuncio de la administraci\u00f3n Biden de pausar el proceso de aprobaci\u00f3n de la construcci\u00f3n de nuevas terminales de exportaci\u00f3n de gas natural licuado (GNL) [&#8230;] ha reavivado el temor a un exceso de oferta en el mercado. Adem\u00e1s, el clima c\u00e1lido en Norteam\u00e9rica ha reducido la demanda de calefacci\u00f3n. En los \u00faltimos 12 meses [hasta marzo], la temperatura media en Estados Unidos ha sido 1,3 \u00b0C superior a la media hist\u00f3rica. En combinaci\u00f3n con la producci\u00f3n r\u00e9cord estadounidense, estos factores hicieron bajar los precios del Henry Hub\u00bb.<\/p>\n<div class=\"reader-article-content reader-article-content--content-blocks\" dir=\"ltr\">\n<hr \/>\n<h3>Descargue nuestro informe especial gratuito sobre las perspectivas de los precios del gas natural<\/h3>\n<\/div>\n<p><a href=\"https:\/\/focus.s.nomatter.dev\/es\/blog\/perspectivas-del-mercado-del-gas-natural\/\"><img loading=\"lazy\" decoding=\"async\" class=\"alignnone wp-image-150348\" src=\"https:\/\/focus-economics.imgix.net\/wp-content\/uploads\/sites\/5\/2024\/04\/Image-cards-Natural-gas-market-1-300x137.png\" alt=\"\" width=\"918\" height=\"419\" srcset=\"https:\/\/focus-d7op8.kinsta.storage\/staging\/uploads\/sites\/5\/2024\/04\/Image-cards-Natural-gas-market-1-300x137.png 300w, https:\/\/focus-d7op8.kinsta.storage\/staging\/uploads\/sites\/5\/2024\/04\/Image-cards-Natural-gas-market-1-1024x469.png 1024w, https:\/\/focus-d7op8.kinsta.storage\/staging\/uploads\/sites\/5\/2024\/04\/Image-cards-Natural-gas-market-1-768x352.png 768w, https:\/\/focus-d7op8.kinsta.storage\/staging\/uploads\/sites\/5\/2024\/04\/Image-cards-Natural-gas-market-1-1536x703.png 1536w, https:\/\/focus-d7op8.kinsta.storage\/staging\/uploads\/sites\/5\/2024\/04\/Image-cards-Natural-gas-market-1-2048x937.png 2048w\" sizes=\"auto, (max-width: 918px) 100vw, 918px\" \/><\/a><\/p>\n<p><!--more--><\/p>\n<p><!--more--><\/p>\n","protected":false},"excerpt":{"rendered":"<p>Los precios del gas natural se dispararon en 2021-2022 hasta alcanzar los niveles m\u00e1s altos desde la crisis financiera. Desde entonces han bajado, pero la dif\u00edcil situaci\u00f3n de los consumidores de este combustible -hogares, empresas e inversores- dista mucho de haber terminado. El espectro de las guerras regionales en Europa del Este y Oriente Medio<\/p>\n","protected":false},"author":13,"featured_media":150339,"comment_status":"closed","ping_status":"closed","sticky":false,"template":"","format":"standard","meta":{"_acf_changed":false,"editor_notices":[],"footnotes":""},"categories":[1],"tags":[1810,1837,1846],"class_list":["post-150335","post","type-post","status-publish","format-standard","has-post-thumbnail","hentry","category-uncategorized","tag-energia","tag-materias-primas","tag-gas-natural"],"acf":[],"yoast_head":"<!-- This site is optimized with the Yoast SEO Premium plugin v26.9 (Yoast SEO v26.9) - https:\/\/yoast.com\/product\/yoast-seo-premium-wordpress\/ -->\n<title>\u00bfQu\u00e9 pasar\u00e1 con los precios del gas natural? - FocusEconomics [ES]<\/title>\n<meta name=\"robots\" content=\"noindex, follow, max-snippet:-1, max-image-preview:large, max-video-preview:-1\" \/>\n<meta property=\"og:locale\" content=\"es_ES\" class=\"yoast-seo-meta-tag\" \/>\n<meta property=\"og:type\" content=\"article\" class=\"yoast-seo-meta-tag\" \/>\n<meta property=\"og:title\" content=\"\u00bfQu\u00e9 pasar\u00e1 con los precios del gas natural?\" class=\"yoast-seo-meta-tag\" \/>\n<meta property=\"og:description\" content=\"Los precios del gas natural se dispararon en 2021-2022 hasta alcanzar los niveles m\u00e1s altos desde la crisis financiera. Desde entonces han bajado, pero la dif\u00edcil situaci\u00f3n de los consumidores de este combustible -hogares, empresas e inversores- dista mucho de haber terminado. El espectro de las guerras regionales en Europa del Este y Oriente Medio\" class=\"yoast-seo-meta-tag\" \/>\n<meta property=\"og:url\" content=\"https:\/\/focus.s.nomatter.dev\/es\/blog\/whats-next-for-natural-gas-prices\/\" class=\"yoast-seo-meta-tag\" \/>\n<meta property=\"og:site_name\" content=\"FocusEconomics [ES]\" class=\"yoast-seo-meta-tag\" \/>\n<meta property=\"article:publisher\" content=\"https:\/\/www.facebook.com\/FocusEconomics\" class=\"yoast-seo-meta-tag\" \/>\n<meta property=\"article:published_time\" content=\"2024-04-04T15:00:54+00:00\" class=\"yoast-seo-meta-tag\" \/>\n<meta property=\"article:modified_time\" content=\"2024-04-04T15:01:10+00:00\" class=\"yoast-seo-meta-tag\" \/>\n<meta property=\"og:image\" content=\"https:\/\/focus.nm-img.net\/uploads\/sites\/5\/2024\/04\/chris-liverani-XLFu0PM5Qsg-unsplash-e1712241986441.jpg\" class=\"yoast-seo-meta-tag\" \/>\n\t<meta property=\"og:image:width\" content=\"1920\" class=\"yoast-seo-meta-tag\" \/>\n\t<meta property=\"og:image:height\" content=\"380\" class=\"yoast-seo-meta-tag\" \/>\n\t<meta property=\"og:image:type\" content=\"image\/jpeg\" class=\"yoast-seo-meta-tag\" \/>\n<meta name=\"author\" content=\"Taylor\" class=\"yoast-seo-meta-tag\" \/>\n<meta name=\"twitter:card\" content=\"summary_large_image\" class=\"yoast-seo-meta-tag\" \/>\n<meta name=\"twitter:creator\" content=\"@FocusEconomics\" class=\"yoast-seo-meta-tag\" \/>\n<meta name=\"twitter:site\" content=\"@FocusEconomics\" class=\"yoast-seo-meta-tag\" \/>\n<meta name=\"twitter:label1\" content=\"Escrito por\" class=\"yoast-seo-meta-tag\" \/>\n\t<meta name=\"twitter:data1\" content=\"Taylor\" class=\"yoast-seo-meta-tag\" \/>\n\t<meta name=\"twitter:label2\" content=\"Tiempo de lectura\" class=\"yoast-seo-meta-tag\" \/>\n\t<meta name=\"twitter:data2\" content=\"4 minutos\" class=\"yoast-seo-meta-tag\" \/>\n<script type=\"application\/ld+json\" class=\"yoast-schema-graph\">{\"@context\":\"https:\/\/schema.org\",\"@graph\":[{\"@type\":\"Article\",\"@id\":\"https:\/\/focus.s.nomatter.dev\/es\/blog\/whats-next-for-natural-gas-prices\/#article\",\"isPartOf\":{\"@id\":\"https:\/\/focus.s.nomatter.dev\/es\/blog\/whats-next-for-natural-gas-prices\/\"},\"author\":{\"name\":\"Taylor\",\"@id\":\"https:\/\/focus.s.nomatter.dev\/es\/#\/schema\/person\/a05533977b70cda059081186a397e017\"},\"headline\":\"\u00bfQu\u00e9 pasar\u00e1 con los precios del gas natural?\",\"datePublished\":\"2024-04-04T15:00:54+00:00\",\"dateModified\":\"2024-04-04T15:01:10+00:00\",\"mainEntityOfPage\":{\"@id\":\"https:\/\/focus.s.nomatter.dev\/es\/blog\/whats-next-for-natural-gas-prices\/\"},\"wordCount\":637,\"publisher\":{\"@id\":\"https:\/\/focus.s.nomatter.dev\/es\/#organization\"},\"image\":{\"@id\":\"https:\/\/focus.s.nomatter.dev\/es\/blog\/whats-next-for-natural-gas-prices\/#primaryimage\"},\"thumbnailUrl\":\"https:\/\/focus-stg.nm-img.net\/uploads\/sites\/5\/2024\/04\/chris-liverani-XLFu0PM5Qsg-unsplash-e1712241986441.jpg\",\"keywords\":[\"energ\u00eda\",\"materias primas\",\"gas natural\"],\"articleSection\":[\"Uncategorized\"],\"inLanguage\":\"es\"},{\"@type\":\"WebPage\",\"@id\":\"https:\/\/focus.s.nomatter.dev\/es\/blog\/whats-next-for-natural-gas-prices\/\",\"url\":\"https:\/\/focus.s.nomatter.dev\/es\/blog\/whats-next-for-natural-gas-prices\/\",\"name\":\"\u00bfQu\u00e9 pasar\u00e1 con los precios del gas natural? - FocusEconomics [ES]\",\"isPartOf\":{\"@id\":\"https:\/\/focus.s.nomatter.dev\/es\/#website\"},\"primaryImageOfPage\":{\"@id\":\"https:\/\/focus.s.nomatter.dev\/es\/blog\/whats-next-for-natural-gas-prices\/#primaryimage\"},\"image\":{\"@id\":\"https:\/\/focus.s.nomatter.dev\/es\/blog\/whats-next-for-natural-gas-prices\/#primaryimage\"},\"thumbnailUrl\":\"https:\/\/focus-stg.nm-img.net\/uploads\/sites\/5\/2024\/04\/chris-liverani-XLFu0PM5Qsg-unsplash-e1712241986441.jpg\",\"datePublished\":\"2024-04-04T15:00:54+00:00\",\"dateModified\":\"2024-04-04T15:01:10+00:00\",\"breadcrumb\":{\"@id\":\"https:\/\/focus.s.nomatter.dev\/es\/blog\/whats-next-for-natural-gas-prices\/#breadcrumb\"},\"inLanguage\":\"es\",\"potentialAction\":[{\"@type\":\"ReadAction\",\"target\":[\"https:\/\/focus.s.nomatter.dev\/es\/blog\/whats-next-for-natural-gas-prices\/\"]}]},{\"@type\":\"ImageObject\",\"inLanguage\":\"es\",\"@id\":\"https:\/\/focus.s.nomatter.dev\/es\/blog\/whats-next-for-natural-gas-prices\/#primaryimage\",\"url\":\"https:\/\/focus-stg.nm-img.net\/uploads\/sites\/5\/2024\/04\/chris-liverani-XLFu0PM5Qsg-unsplash-e1712241986441.jpg\",\"contentUrl\":\"https:\/\/focus-stg.nm-img.net\/uploads\/sites\/5\/2024\/04\/chris-liverani-XLFu0PM5Qsg-unsplash-e1712241986441.jpg\",\"width\":1920,\"height\":380},{\"@type\":\"BreadcrumbList\",\"@id\":\"https:\/\/focus.s.nomatter.dev\/es\/blog\/whats-next-for-natural-gas-prices\/#breadcrumb\",\"itemListElement\":[{\"@type\":\"ListItem\",\"position\":1,\"name\":\"Home\",\"item\":\"https:\/\/focus.s.nomatter.dev\/es\/\"},{\"@type\":\"ListItem\",\"position\":2,\"name\":\"\u00bfQu\u00e9 pasar\u00e1 con los precios del gas natural?\"}]},{\"@type\":\"WebSite\",\"@id\":\"https:\/\/focus.s.nomatter.dev\/es\/#website\",\"url\":\"https:\/\/focus.s.nomatter.dev\/es\/\",\"name\":\"FocusEconomics\",\"description\":\"Economic Indicators, News and Forecasts\",\"publisher\":{\"@id\":\"https:\/\/focus.s.nomatter.dev\/es\/#organization\"},\"potentialAction\":[{\"@type\":\"SearchAction\",\"target\":{\"@type\":\"EntryPoint\",\"urlTemplate\":\"https:\/\/focus.s.nomatter.dev\/es\/search-results\/?global-search={search_term_string}\"},\"query-input\":{\"@type\":\"PropertyValueSpecification\",\"valueRequired\":true,\"valueName\":\"search_term_string\"}}],\"inLanguage\":\"es\"},{\"@type\":\"Organization\",\"@id\":\"https:\/\/focus.s.nomatter.dev\/es\/#organization\",\"name\":\"FocusEconomics\",\"url\":\"https:\/\/focus.s.nomatter.dev\/es\/\",\"logo\":{\"@type\":\"ImageObject\",\"inLanguage\":\"es\",\"@id\":\"https:\/\/focus.s.nomatter.dev\/es\/#\/schema\/logo\/image\/\",\"url\":\"https:\/\/focus-d7op8.kinsta.storage\/production\/uploads\/sites\/5\/2022\/08\/logo.svg\",\"contentUrl\":\"https:\/\/focus-d7op8.kinsta.storage\/production\/uploads\/sites\/5\/2022\/08\/logo.svg\",\"width\":277,\"height\":54,\"caption\":\"FocusEconomics\"},\"image\":{\"@id\":\"https:\/\/focus.s.nomatter.dev\/es\/#\/schema\/logo\/image\/\"},\"sameAs\":[\"https:\/\/www.facebook.com\/FocusEconomics\",\"https:\/\/x.com\/FocusEconomics\"]},{\"@type\":\"Person\",\"@id\":\"https:\/\/focus.s.nomatter.dev\/es\/#\/schema\/person\/a05533977b70cda059081186a397e017\",\"name\":\"Taylor\"}]}<\/script>\n<!-- \/ Yoast SEO Premium plugin. -->","yoast_head_json":{"title":"\u00bfQu\u00e9 pasar\u00e1 con los precios del gas natural? - FocusEconomics [ES]","robots":{"index":"noindex","follow":"follow","max-snippet":"max-snippet:-1","max-image-preview":"max-image-preview:large","max-video-preview":"max-video-preview:-1"},"og_locale":"es_ES","og_type":"article","og_title":"\u00bfQu\u00e9 pasar\u00e1 con los precios del gas natural?","og_description":"Los precios del gas natural se dispararon en 2021-2022 hasta alcanzar los niveles m\u00e1s altos desde la crisis financiera. Desde entonces han bajado, pero la dif\u00edcil situaci\u00f3n de los consumidores de este combustible -hogares, empresas e inversores- dista mucho de haber terminado. El espectro de las guerras regionales en Europa del Este y Oriente Medio","og_url":"https:\/\/focus.s.nomatter.dev\/es\/blog\/whats-next-for-natural-gas-prices\/","og_site_name":"FocusEconomics [ES]","article_publisher":"https:\/\/www.facebook.com\/FocusEconomics","article_published_time":"2024-04-04T15:00:54+00:00","article_modified_time":"2024-04-04T15:01:10+00:00","og_image":[{"width":1920,"height":380,"url":"https:\/\/focus.nm-img.net\/uploads\/sites\/5\/2024\/04\/chris-liverani-XLFu0PM5Qsg-unsplash-e1712241986441.jpg","type":"image\/jpeg"}],"author":"Taylor","twitter_card":"summary_large_image","twitter_creator":"@FocusEconomics","twitter_site":"@FocusEconomics","twitter_misc":{"Escrito por":"Taylor","Tiempo de lectura":"4 minutos"},"schema":{"@context":"https:\/\/schema.org","@graph":[{"@type":"Article","@id":"https:\/\/focus.s.nomatter.dev\/es\/blog\/whats-next-for-natural-gas-prices\/#article","isPartOf":{"@id":"https:\/\/focus.s.nomatter.dev\/es\/blog\/whats-next-for-natural-gas-prices\/"},"author":{"name":"Taylor","@id":"https:\/\/focus.s.nomatter.dev\/es\/#\/schema\/person\/a05533977b70cda059081186a397e017"},"headline":"\u00bfQu\u00e9 pasar\u00e1 con los precios del gas natural?","datePublished":"2024-04-04T15:00:54+00:00","dateModified":"2024-04-04T15:01:10+00:00","mainEntityOfPage":{"@id":"https:\/\/focus.s.nomatter.dev\/es\/blog\/whats-next-for-natural-gas-prices\/"},"wordCount":637,"publisher":{"@id":"https:\/\/focus.s.nomatter.dev\/es\/#organization"},"image":{"@id":"https:\/\/focus.s.nomatter.dev\/es\/blog\/whats-next-for-natural-gas-prices\/#primaryimage"},"thumbnailUrl":"https:\/\/focus-stg.nm-img.net\/uploads\/sites\/5\/2024\/04\/chris-liverani-XLFu0PM5Qsg-unsplash-e1712241986441.jpg","keywords":["energ\u00eda","materias primas","gas natural"],"articleSection":["Uncategorized"],"inLanguage":"es"},{"@type":"WebPage","@id":"https:\/\/focus.s.nomatter.dev\/es\/blog\/whats-next-for-natural-gas-prices\/","url":"https:\/\/focus.s.nomatter.dev\/es\/blog\/whats-next-for-natural-gas-prices\/","name":"\u00bfQu\u00e9 pasar\u00e1 con los precios del gas natural? - FocusEconomics [ES]","isPartOf":{"@id":"https:\/\/focus.s.nomatter.dev\/es\/#website"},"primaryImageOfPage":{"@id":"https:\/\/focus.s.nomatter.dev\/es\/blog\/whats-next-for-natural-gas-prices\/#primaryimage"},"image":{"@id":"https:\/\/focus.s.nomatter.dev\/es\/blog\/whats-next-for-natural-gas-prices\/#primaryimage"},"thumbnailUrl":"https:\/\/focus-stg.nm-img.net\/uploads\/sites\/5\/2024\/04\/chris-liverani-XLFu0PM5Qsg-unsplash-e1712241986441.jpg","datePublished":"2024-04-04T15:00:54+00:00","dateModified":"2024-04-04T15:01:10+00:00","breadcrumb":{"@id":"https:\/\/focus.s.nomatter.dev\/es\/blog\/whats-next-for-natural-gas-prices\/#breadcrumb"},"inLanguage":"es","potentialAction":[{"@type":"ReadAction","target":["https:\/\/focus.s.nomatter.dev\/es\/blog\/whats-next-for-natural-gas-prices\/"]}]},{"@type":"ImageObject","inLanguage":"es","@id":"https:\/\/focus.s.nomatter.dev\/es\/blog\/whats-next-for-natural-gas-prices\/#primaryimage","url":"https:\/\/focus-stg.nm-img.net\/uploads\/sites\/5\/2024\/04\/chris-liverani-XLFu0PM5Qsg-unsplash-e1712241986441.jpg","contentUrl":"https:\/\/focus-stg.nm-img.net\/uploads\/sites\/5\/2024\/04\/chris-liverani-XLFu0PM5Qsg-unsplash-e1712241986441.jpg","width":1920,"height":380},{"@type":"BreadcrumbList","@id":"https:\/\/focus.s.nomatter.dev\/es\/blog\/whats-next-for-natural-gas-prices\/#breadcrumb","itemListElement":[{"@type":"ListItem","position":1,"name":"Home","item":"https:\/\/focus.s.nomatter.dev\/es\/"},{"@type":"ListItem","position":2,"name":"\u00bfQu\u00e9 pasar\u00e1 con los precios del gas natural?"}]},{"@type":"WebSite","@id":"https:\/\/focus.s.nomatter.dev\/es\/#website","url":"https:\/\/focus.s.nomatter.dev\/es\/","name":"FocusEconomics","description":"Economic Indicators, News and Forecasts","publisher":{"@id":"https:\/\/focus.s.nomatter.dev\/es\/#organization"},"potentialAction":[{"@type":"SearchAction","target":{"@type":"EntryPoint","urlTemplate":"https:\/\/focus.s.nomatter.dev\/es\/search-results\/?global-search={search_term_string}"},"query-input":{"@type":"PropertyValueSpecification","valueRequired":true,"valueName":"search_term_string"}}],"inLanguage":"es"},{"@type":"Organization","@id":"https:\/\/focus.s.nomatter.dev\/es\/#organization","name":"FocusEconomics","url":"https:\/\/focus.s.nomatter.dev\/es\/","logo":{"@type":"ImageObject","inLanguage":"es","@id":"https:\/\/focus.s.nomatter.dev\/es\/#\/schema\/logo\/image\/","url":"https:\/\/focus-d7op8.kinsta.storage\/production\/uploads\/sites\/5\/2022\/08\/logo.svg","contentUrl":"https:\/\/focus-d7op8.kinsta.storage\/production\/uploads\/sites\/5\/2022\/08\/logo.svg","width":277,"height":54,"caption":"FocusEconomics"},"image":{"@id":"https:\/\/focus.s.nomatter.dev\/es\/#\/schema\/logo\/image\/"},"sameAs":["https:\/\/www.facebook.com\/FocusEconomics","https:\/\/x.com\/FocusEconomics"]},{"@type":"Person","@id":"https:\/\/focus.s.nomatter.dev\/es\/#\/schema\/person\/a05533977b70cda059081186a397e017","name":"Taylor"}]}},"_links":{"self":[{"href":"https:\/\/focus.s.nomatter.dev\/es\/wp-json\/wp\/v2\/posts\/150335","targetHints":{"allow":["GET"]}}],"collection":[{"href":"https:\/\/focus.s.nomatter.dev\/es\/wp-json\/wp\/v2\/posts"}],"about":[{"href":"https:\/\/focus.s.nomatter.dev\/es\/wp-json\/wp\/v2\/types\/post"}],"author":[{"embeddable":true,"href":"https:\/\/focus.s.nomatter.dev\/es\/wp-json\/wp\/v2\/users\/13"}],"replies":[{"embeddable":true,"href":"https:\/\/focus.s.nomatter.dev\/es\/wp-json\/wp\/v2\/comments?post=150335"}],"version-history":[{"count":0,"href":"https:\/\/focus.s.nomatter.dev\/es\/wp-json\/wp\/v2\/posts\/150335\/revisions"}],"wp:featuredmedia":[{"embeddable":true,"href":"https:\/\/focus.s.nomatter.dev\/es\/wp-json\/wp\/v2\/media\/150339"}],"wp:attachment":[{"href":"https:\/\/focus.s.nomatter.dev\/es\/wp-json\/wp\/v2\/media?parent=150335"}],"wp:term":[{"taxonomy":"category","embeddable":true,"href":"https:\/\/focus.s.nomatter.dev\/es\/wp-json\/wp\/v2\/categories?post=150335"},{"taxonomy":"post_tag","embeddable":true,"href":"https:\/\/focus.s.nomatter.dev\/es\/wp-json\/wp\/v2\/tags?post=150335"}],"curies":[{"name":"wp","href":"https:\/\/api.w.org\/{rel}","templated":true}]}}