{"id":150715,"date":"2024-04-19T10:24:07","date_gmt":"2024-04-19T10:24:07","guid":{"rendered":"https:\/\/focus.s.nomatter.dev\/es\/?p=150715"},"modified":"2025-02-12T09:06:37","modified_gmt":"2025-02-12T09:06:37","slug":"how-will-sky-high-tensions-with-israel-affect-irans-economy","status":"publish","type":"post","link":"https:\/\/focus.s.nomatter.dev\/es\/blog\/how-will-sky-high-tensions-with-israel-affect-irans-economy\/","title":{"rendered":"\u00bfC\u00f3mo afectar\u00e1 a la econom\u00eda iran\u00ed el aumento de las tensiones con Israel?"},"content":{"rendered":"<div class=\"reader-article-content reader-article-content--content-blocks\" dir=\"ltr\">\n<p>A mediados de abril, Ir\u00e1n lanz\u00f3 una andanada de cohetes y aviones teledirigidos contra Israel, un ataque directo sin precedentes que marca una importante escalada de tensiones entre los dos eternos enemigos geopol\u00edticos. Sin embargo, aunque las amenazas externas a la econom\u00eda iran\u00ed han aumentado, el sector energ\u00e9tico del pa\u00eds parece ir viento en popa, y las noticias destacan que las exportaciones de petr\u00f3leo iran\u00ed han alcanzado recientemente su nivel m\u00e1s alto en seis a\u00f1os. En este doble contexto, \u00bfqu\u00e9 creen<a href=\"https:\/\/focus.s.nomatter.dev\/es\/about-us\/\" target=\"_blank\" rel=\"noopener\"> nuestros panelistas<\/a> que le espera a la econom\u00eda iran\u00ed?<\/p>\n<\/div>\n<h2><strong>Aumentar\u00e1n las exportaciones de petr\u00f3leo iran\u00ed<\/strong><\/h2>\n<p>Nuestro Consenso es que la producci\u00f3n de petr\u00f3leo de Ir\u00e1n alcance una media de 3,1 millones de barriles diarios este a\u00f1o, lo que supondr\u00eda la lectura m\u00e1s alta desde 2018 -el a\u00f1o en que el entonces presidente de Estados Unidos, Donald Trump, se retir\u00f3 del acuerdo nuclear y reimpuso sanciones a Teher\u00e1n-. Esto contrastar\u00e1 fuertemente con los otros grandes exportadores de petr\u00f3leo de Oriente Medio, que a diferencia de Ir\u00e1n est\u00e1n sujetos en su mayor\u00eda a las restricciones de la OPEP: Se prev\u00e9 que la producci\u00f3n de Irak, Kuwait, Arabia Saud\u00ed y los EAU disminuya este a\u00f1o. En consecuencia, la econom\u00eda iran\u00ed deber\u00eda crecer m\u00e1s r\u00e1pidamente que la media de Oriente Medio y el Norte de \u00c1frica en 2024.<\/p>\n<h2><strong>Las nuevas sanciones ser\u00e1n ineficaces<\/strong><\/h2>\n<p>Aunque se dice que los pa\u00edses occidentales est\u00e1n preparando nuevas sanciones contra el sector petrolero iran\u00ed, es probable que no den en el blanco, dada la considerable experiencia y habilidad de Ir\u00e1n para evitar las sanciones, y el hecho de que casi todo el petr\u00f3leo del pa\u00eds ya se vende a China, no a Occidente. Adem\u00e1s, es poco probable que el presidente de Estados Unidos, Joe Biden, presione con fuerza para hacer cumplir las sanciones, dado que una menor oferta de petr\u00f3leo podr\u00eda espolear las ya persistentes presiones inflacionistas y mermar as\u00ed sus posibilidades de vencer a Trump en las elecciones de noviembre.<\/p>\n<div class=\"reader-article-content reader-article-content--content-blocks\" dir=\"ltr\">\n<h2><strong>La econom\u00eda iran\u00ed se moderar\u00e1 internamente<\/strong><\/h2>\n<p>Puede que el deterioro de la geopol\u00edtica no perjudique demasiado al sector petrolero, pero no ocurre lo mismo con la demanda interna. La moneda nacional se ha depreciado m\u00e1s de una cuarta parte en lo que va de a\u00f1o en el mercado paralelo como consecuencia de las tensiones pol\u00edticas, lo que dejar\u00e1 a Ir\u00e1n con el poco envidiable r\u00e9cord de tener este a\u00f1o la segunda tasa de inflaci\u00f3n m\u00e1s alta de la regi\u00f3n, despu\u00e9s de L\u00edbano, seg\u00fan nuestros panelistas. Esto agravar\u00e1 las ya dif\u00edciles condiciones econ\u00f3micas nacionales y afectar\u00e1 a su vez al gasto de los consumidores y a la inversi\u00f3n.<\/p>\n<h2><strong>El conflicto con Israel es el elefante en la habitaci\u00f3n<\/strong><\/h2>\n<p>Por supuesto, las previsiones de nuestros panelistas asumen que no habr\u00e1 una guerra total entre Ir\u00e1n e Israel. Si esto ocurriera -lo que no est\u00e1 descartado, dado el liderazgo militar de l\u00ednea dura en ambos pa\u00edses y el alto riesgo de un error de c\u00e1lculo pol\u00edtico- todas las apuestas se cancelar\u00edan, y la econom\u00eda de Ir\u00e1n dir\u00eda adi\u00f3s r\u00e1pidamente a su actual capacidad de recuperaci\u00f3n.<\/p>\n<p><img loading=\"lazy\" decoding=\"async\" class=\"alignnone  wp-image-150733\" src=\"https:\/\/focus-economics.imgix.net\/wp-content\/uploads\/sites\/5\/2024\/04\/Newsletter-graph-April-19-300x157.png\" alt=\"\" width=\"650\" height=\"340\" srcset=\"https:\/\/focus-d7op8.kinsta.storage\/staging\/uploads\/sites\/5\/2024\/04\/Newsletter-graph-April-19-300x157.png 300w, https:\/\/focus-d7op8.kinsta.storage\/staging\/uploads\/sites\/5\/2024\/04\/Newsletter-graph-April-19-1024x535.png 1024w, https:\/\/focus-d7op8.kinsta.storage\/staging\/uploads\/sites\/5\/2024\/04\/Newsletter-graph-April-19-768x401.png 768w, https:\/\/focus-d7op8.kinsta.storage\/staging\/uploads\/sites\/5\/2024\/04\/Newsletter-graph-April-19-1536x803.png 1536w, https:\/\/focus-d7op8.kinsta.storage\/staging\/uploads\/sites\/5\/2024\/04\/Newsletter-graph-April-19-2048x1070.png 2048w\" sizes=\"auto, (max-width: 650px) 100vw, 650px\" \/><\/p>\n<h2><strong>Opiniones de nuestros panelistas<\/strong><\/h2>\n<p>En cuanto al sector petrolero, los analistas de <strong>Goldman Sachs<\/strong> afirmaron:<\/p>\n<p><em>\u00abEstimamos que la producci\u00f3n de crudo iran\u00ed ha aumentado unos 0,6 mb\/d (o m\u00e1s del 20%) en los dos \u00faltimos a\u00f1os. Si el mercado pusiera en precio una mayor probabilidad de reducci\u00f3n del suministro de Ir\u00e1n, esto podr\u00eda contribuir a una mayor prima de riesgo geopol\u00edtico. [&#8230;] Aunque la prima de riesgo geopol\u00edtico -la compensaci\u00f3n que exigen los inversores por el riesgo de que las perturbaciones geopol\u00edticas reduzcan el suministro de petr\u00f3leo- es dif\u00edcil de calcular, nuestra estimaci\u00f3n aproximada, basada en nuestro marco de fijaci\u00f3n de precios y en el coste de la cobertura, se situar\u00eda en torno a 5-10 $\/bbl\u00bb.<\/em><\/p>\n<p>En cuanto a la situaci\u00f3n econ\u00f3mica interna, los analistas de <strong>EIU<\/strong> afirman:<\/p>\n<p><em>\u00abLas graves dificultades econ\u00f3micas y la pol\u00edtica exterior de confrontaci\u00f3n de la que se derivan principalmente seguir\u00e1n creando un profundo descontento p\u00fablico a lo largo de 2024-28, desencadenando repetidos brotes de agitaci\u00f3n social. La sensaci\u00f3n de asedio del r\u00e9gimen por parte de fuerzas hostiles tanto nacionales como internacionales impulsar\u00e1 una represi\u00f3n cada vez m\u00e1s dura.\u00bb<\/em><\/p>\n<hr \/>\n<h3>Descargue nuestro informe especial gratuito sobre las perspectivas de los precios del gas natural<\/h3>\n<\/div>\n<p><a href=\"https:\/\/focus.s.nomatter.dev\/es\/blog\/perspectivas-del-mercado-del-gas-natural\/\"><img loading=\"lazy\" decoding=\"async\" class=\"alignnone wp-image-150348 \" src=\"https:\/\/focus-economics.imgix.net\/wp-content\/uploads\/sites\/5\/2024\/04\/Image-cards-Natural-gas-market-1-300x137.png\" alt=\"\" width=\"718\" height=\"328\" srcset=\"https:\/\/focus-d7op8.kinsta.storage\/staging\/uploads\/sites\/5\/2024\/04\/Image-cards-Natural-gas-market-1-300x137.png 300w, https:\/\/focus-d7op8.kinsta.storage\/staging\/uploads\/sites\/5\/2024\/04\/Image-cards-Natural-gas-market-1-1024x469.png 1024w, https:\/\/focus-d7op8.kinsta.storage\/staging\/uploads\/sites\/5\/2024\/04\/Image-cards-Natural-gas-market-1-768x352.png 768w, https:\/\/focus-d7op8.kinsta.storage\/staging\/uploads\/sites\/5\/2024\/04\/Image-cards-Natural-gas-market-1-1536x703.png 1536w, https:\/\/focus-d7op8.kinsta.storage\/staging\/uploads\/sites\/5\/2024\/04\/Image-cards-Natural-gas-market-1-2048x937.png 2048w\" sizes=\"auto, (max-width: 718px) 100vw, 718px\" \/><\/a><\/p>\n<p><!--more--><\/p>\n<p><!--more--><\/p>\n","protected":false},"excerpt":{"rendered":"<p>La econom\u00eda iran\u00ed deber\u00eda beneficiarse este a\u00f1o del aumento de las exportaciones de petr\u00f3leo, que  alcanzaron su nivel m\u00e1s alto en seis a\u00f1os.\u202f<\/p>\n","protected":false},"author":13,"featured_media":150720,"comment_status":"closed","ping_status":"closed","sticky":false,"template":"","format":"standard","meta":{"_acf_changed":false,"editor_notices":[],"footnotes":""},"categories":[1],"tags":[1732,1839,1851,1852],"class_list":["post-150715","post","type-post","status-publish","format-standard","has-post-thumbnail","hentry","category-uncategorized","tag-israel","tag-petroleo","tag-medio-oriente","tag-iran"],"acf":[],"yoast_head":"<!-- This site is optimized with the Yoast SEO Premium plugin v26.9 (Yoast SEO v26.9) - https:\/\/yoast.com\/product\/yoast-seo-premium-wordpress\/ -->\n<title>Perspectivas iran\u00edes de econom\u00eda y exportaciones de petr\u00f3leo.<\/title>\n<meta name=\"description\" content=\"La econom\u00eda iran\u00ed deber\u00eda beneficiarse este a\u00f1o del aumento de las exportaciones de petr\u00f3leo, que alcanzaron su nivel m\u00e1s alto en seis a\u00f1os.\u202f\" class=\"yoast-seo-meta-tag\" \/>\n<meta name=\"robots\" content=\"noindex, follow, max-snippet:-1, max-image-preview:large, max-video-preview:-1\" \/>\n<meta property=\"og:locale\" content=\"es_ES\" class=\"yoast-seo-meta-tag\" \/>\n<meta property=\"og:type\" content=\"article\" class=\"yoast-seo-meta-tag\" \/>\n<meta property=\"og:title\" content=\"\u00bfC\u00f3mo afectar\u00e1 a la econom\u00eda iran\u00ed el aumento de las tensiones con Israel?\" class=\"yoast-seo-meta-tag\" \/>\n<meta property=\"og:description\" content=\"La econom\u00eda iran\u00ed deber\u00eda beneficiarse este a\u00f1o del aumento de las exportaciones de petr\u00f3leo, que alcanzaron su nivel m\u00e1s alto en seis a\u00f1os.\u202f\" class=\"yoast-seo-meta-tag\" \/>\n<meta property=\"og:url\" content=\"https:\/\/focus.s.nomatter.dev\/es\/blog\/how-will-sky-high-tensions-with-israel-affect-irans-economy\/\" class=\"yoast-seo-meta-tag\" \/>\n<meta property=\"og:site_name\" content=\"FocusEconomics [ES]\" class=\"yoast-seo-meta-tag\" \/>\n<meta property=\"article:publisher\" content=\"https:\/\/www.facebook.com\/FocusEconomics\" class=\"yoast-seo-meta-tag\" \/>\n<meta property=\"article:published_time\" content=\"2024-04-19T10:24:07+00:00\" class=\"yoast-seo-meta-tag\" \/>\n<meta property=\"article:modified_time\" content=\"2025-02-12T09:06:37+00:00\" class=\"yoast-seo-meta-tag\" \/>\n<meta property=\"og:image\" content=\"https:\/\/focus.nm-img.net\/uploads\/sites\/5\/2024\/04\/skyline-tehran-sunset-scaled.jpg\" class=\"yoast-seo-meta-tag\" \/>\n\t<meta property=\"og:image:width\" content=\"2560\" class=\"yoast-seo-meta-tag\" \/>\n\t<meta property=\"og:image:height\" content=\"1707\" class=\"yoast-seo-meta-tag\" \/>\n\t<meta property=\"og:image:type\" content=\"image\/jpeg\" class=\"yoast-seo-meta-tag\" \/>\n<meta name=\"author\" content=\"Taylor\" class=\"yoast-seo-meta-tag\" \/>\n<meta name=\"twitter:card\" content=\"summary_large_image\" class=\"yoast-seo-meta-tag\" \/>\n<meta name=\"twitter:creator\" content=\"@FocusEconomics\" class=\"yoast-seo-meta-tag\" \/>\n<meta name=\"twitter:site\" content=\"@FocusEconomics\" class=\"yoast-seo-meta-tag\" \/>\n<meta name=\"twitter:label1\" content=\"Escrito por\" class=\"yoast-seo-meta-tag\" \/>\n\t<meta name=\"twitter:data1\" content=\"Taylor\" class=\"yoast-seo-meta-tag\" \/>\n\t<meta name=\"twitter:label2\" content=\"Tiempo de lectura\" class=\"yoast-seo-meta-tag\" \/>\n\t<meta name=\"twitter:data2\" content=\"4 minutos\" class=\"yoast-seo-meta-tag\" \/>\n<script type=\"application\/ld+json\" class=\"yoast-schema-graph\">{\"@context\":\"https:\/\/schema.org\",\"@graph\":[{\"@type\":\"Article\",\"@id\":\"https:\/\/focus.s.nomatter.dev\/es\/blog\/how-will-sky-high-tensions-with-israel-affect-irans-economy\/#article\",\"isPartOf\":{\"@id\":\"https:\/\/focus.s.nomatter.dev\/es\/blog\/how-will-sky-high-tensions-with-israel-affect-irans-economy\/\"},\"author\":{\"name\":\"Taylor\",\"@id\":\"https:\/\/focus.s.nomatter.dev\/es\/#\/schema\/person\/a05533977b70cda059081186a397e017\"},\"headline\":\"\u00bfC\u00f3mo afectar\u00e1 a la econom\u00eda iran\u00ed el aumento de las tensiones con Israel?\",\"datePublished\":\"2024-04-19T10:24:07+00:00\",\"dateModified\":\"2025-02-12T09:06:37+00:00\",\"mainEntityOfPage\":{\"@id\":\"https:\/\/focus.s.nomatter.dev\/es\/blog\/how-will-sky-high-tensions-with-israel-affect-irans-economy\/\"},\"wordCount\":807,\"publisher\":{\"@id\":\"https:\/\/focus.s.nomatter.dev\/es\/#organization\"},\"image\":{\"@id\":\"https:\/\/focus.s.nomatter.dev\/es\/blog\/how-will-sky-high-tensions-with-israel-affect-irans-economy\/#primaryimage\"},\"thumbnailUrl\":\"https:\/\/focus-stg.nm-img.net\/uploads\/sites\/5\/2024\/04\/skyline-tehran-sunset-scaled.jpg\",\"keywords\":[\"Israel\",\"petr\u00f3leo\",\"medio oriente\",\"Ir\u00e1n\"],\"articleSection\":[\"Uncategorized\"],\"inLanguage\":\"es\"},{\"@type\":\"WebPage\",\"@id\":\"https:\/\/focus.s.nomatter.dev\/es\/blog\/how-will-sky-high-tensions-with-israel-affect-irans-economy\/\",\"url\":\"https:\/\/focus.s.nomatter.dev\/es\/blog\/how-will-sky-high-tensions-with-israel-affect-irans-economy\/\",\"name\":\"Perspectivas iran\u00edes de econom\u00eda y exportaciones de petr\u00f3leo.\",\"isPartOf\":{\"@id\":\"https:\/\/focus.s.nomatter.dev\/es\/#website\"},\"primaryImageOfPage\":{\"@id\":\"https:\/\/focus.s.nomatter.dev\/es\/blog\/how-will-sky-high-tensions-with-israel-affect-irans-economy\/#primaryimage\"},\"image\":{\"@id\":\"https:\/\/focus.s.nomatter.dev\/es\/blog\/how-will-sky-high-tensions-with-israel-affect-irans-economy\/#primaryimage\"},\"thumbnailUrl\":\"https:\/\/focus-stg.nm-img.net\/uploads\/sites\/5\/2024\/04\/skyline-tehran-sunset-scaled.jpg\",\"datePublished\":\"2024-04-19T10:24:07+00:00\",\"dateModified\":\"2025-02-12T09:06:37+00:00\",\"description\":\"La econom\u00eda iran\u00ed deber\u00eda beneficiarse este a\u00f1o del aumento de las exportaciones de petr\u00f3leo, que alcanzaron su nivel m\u00e1s alto en seis a\u00f1os.\u202f\",\"breadcrumb\":{\"@id\":\"https:\/\/focus.s.nomatter.dev\/es\/blog\/how-will-sky-high-tensions-with-israel-affect-irans-economy\/#breadcrumb\"},\"inLanguage\":\"es\",\"potentialAction\":[{\"@type\":\"ReadAction\",\"target\":[\"https:\/\/focus.s.nomatter.dev\/es\/blog\/how-will-sky-high-tensions-with-israel-affect-irans-economy\/\"]}]},{\"@type\":\"ImageObject\",\"inLanguage\":\"es\",\"@id\":\"https:\/\/focus.s.nomatter.dev\/es\/blog\/how-will-sky-high-tensions-with-israel-affect-irans-economy\/#primaryimage\",\"url\":\"https:\/\/focus-stg.nm-img.net\/uploads\/sites\/5\/2024\/04\/skyline-tehran-sunset-scaled.jpg\",\"contentUrl\":\"https:\/\/focus-stg.nm-img.net\/uploads\/sites\/5\/2024\/04\/skyline-tehran-sunset-scaled.jpg\",\"width\":2560,\"height\":1707,\"caption\":\"Skyline of Tehran with Milad tower at sunset.\"},{\"@type\":\"BreadcrumbList\",\"@id\":\"https:\/\/focus.s.nomatter.dev\/es\/blog\/how-will-sky-high-tensions-with-israel-affect-irans-economy\/#breadcrumb\",\"itemListElement\":[{\"@type\":\"ListItem\",\"position\":1,\"name\":\"Home\",\"item\":\"https:\/\/focus.s.nomatter.dev\/es\/\"},{\"@type\":\"ListItem\",\"position\":2,\"name\":\"\u00bfC\u00f3mo afectar\u00e1 a la econom\u00eda iran\u00ed el aumento de las tensiones con Israel?\"}]},{\"@type\":\"WebSite\",\"@id\":\"https:\/\/focus.s.nomatter.dev\/es\/#website\",\"url\":\"https:\/\/focus.s.nomatter.dev\/es\/\",\"name\":\"FocusEconomics\",\"description\":\"Economic Indicators, News and Forecasts\",\"publisher\":{\"@id\":\"https:\/\/focus.s.nomatter.dev\/es\/#organization\"},\"potentialAction\":[{\"@type\":\"SearchAction\",\"target\":{\"@type\":\"EntryPoint\",\"urlTemplate\":\"https:\/\/focus.s.nomatter.dev\/es\/search-results\/?global-search={search_term_string}\"},\"query-input\":{\"@type\":\"PropertyValueSpecification\",\"valueRequired\":true,\"valueName\":\"search_term_string\"}}],\"inLanguage\":\"es\"},{\"@type\":\"Organization\",\"@id\":\"https:\/\/focus.s.nomatter.dev\/es\/#organization\",\"name\":\"FocusEconomics\",\"url\":\"https:\/\/focus.s.nomatter.dev\/es\/\",\"logo\":{\"@type\":\"ImageObject\",\"inLanguage\":\"es\",\"@id\":\"https:\/\/focus.s.nomatter.dev\/es\/#\/schema\/logo\/image\/\",\"url\":\"https:\/\/focus-d7op8.kinsta.storage\/production\/uploads\/sites\/5\/2022\/08\/logo.svg\",\"contentUrl\":\"https:\/\/focus-d7op8.kinsta.storage\/production\/uploads\/sites\/5\/2022\/08\/logo.svg\",\"width\":277,\"height\":54,\"caption\":\"FocusEconomics\"},\"image\":{\"@id\":\"https:\/\/focus.s.nomatter.dev\/es\/#\/schema\/logo\/image\/\"},\"sameAs\":[\"https:\/\/www.facebook.com\/FocusEconomics\",\"https:\/\/x.com\/FocusEconomics\"]},{\"@type\":\"Person\",\"@id\":\"https:\/\/focus.s.nomatter.dev\/es\/#\/schema\/person\/a05533977b70cda059081186a397e017\",\"name\":\"Taylor\"}]}<\/script>\n<!-- \/ Yoast SEO Premium plugin. -->","yoast_head_json":{"title":"Perspectivas iran\u00edes de econom\u00eda y exportaciones de petr\u00f3leo.","description":"La econom\u00eda iran\u00ed deber\u00eda beneficiarse este a\u00f1o del aumento de las exportaciones de petr\u00f3leo, que alcanzaron su nivel m\u00e1s alto en seis a\u00f1os.\u202f","robots":{"index":"noindex","follow":"follow","max-snippet":"max-snippet:-1","max-image-preview":"max-image-preview:large","max-video-preview":"max-video-preview:-1"},"og_locale":"es_ES","og_type":"article","og_title":"\u00bfC\u00f3mo afectar\u00e1 a la econom\u00eda iran\u00ed el aumento de las tensiones con Israel?","og_description":"La econom\u00eda iran\u00ed deber\u00eda beneficiarse este a\u00f1o del aumento de las exportaciones de petr\u00f3leo, que alcanzaron su nivel m\u00e1s alto en seis a\u00f1os.\u202f","og_url":"https:\/\/focus.s.nomatter.dev\/es\/blog\/how-will-sky-high-tensions-with-israel-affect-irans-economy\/","og_site_name":"FocusEconomics [ES]","article_publisher":"https:\/\/www.facebook.com\/FocusEconomics","article_published_time":"2024-04-19T10:24:07+00:00","article_modified_time":"2025-02-12T09:06:37+00:00","og_image":[{"width":2560,"height":1707,"url":"https:\/\/focus.nm-img.net\/uploads\/sites\/5\/2024\/04\/skyline-tehran-sunset-scaled.jpg","type":"image\/jpeg"}],"author":"Taylor","twitter_card":"summary_large_image","twitter_creator":"@FocusEconomics","twitter_site":"@FocusEconomics","twitter_misc":{"Escrito por":"Taylor","Tiempo de lectura":"4 minutos"},"schema":{"@context":"https:\/\/schema.org","@graph":[{"@type":"Article","@id":"https:\/\/focus.s.nomatter.dev\/es\/blog\/how-will-sky-high-tensions-with-israel-affect-irans-economy\/#article","isPartOf":{"@id":"https:\/\/focus.s.nomatter.dev\/es\/blog\/how-will-sky-high-tensions-with-israel-affect-irans-economy\/"},"author":{"name":"Taylor","@id":"https:\/\/focus.s.nomatter.dev\/es\/#\/schema\/person\/a05533977b70cda059081186a397e017"},"headline":"\u00bfC\u00f3mo afectar\u00e1 a la econom\u00eda iran\u00ed el aumento de las tensiones con Israel?","datePublished":"2024-04-19T10:24:07+00:00","dateModified":"2025-02-12T09:06:37+00:00","mainEntityOfPage":{"@id":"https:\/\/focus.s.nomatter.dev\/es\/blog\/how-will-sky-high-tensions-with-israel-affect-irans-economy\/"},"wordCount":807,"publisher":{"@id":"https:\/\/focus.s.nomatter.dev\/es\/#organization"},"image":{"@id":"https:\/\/focus.s.nomatter.dev\/es\/blog\/how-will-sky-high-tensions-with-israel-affect-irans-economy\/#primaryimage"},"thumbnailUrl":"https:\/\/focus-stg.nm-img.net\/uploads\/sites\/5\/2024\/04\/skyline-tehran-sunset-scaled.jpg","keywords":["Israel","petr\u00f3leo","medio oriente","Ir\u00e1n"],"articleSection":["Uncategorized"],"inLanguage":"es"},{"@type":"WebPage","@id":"https:\/\/focus.s.nomatter.dev\/es\/blog\/how-will-sky-high-tensions-with-israel-affect-irans-economy\/","url":"https:\/\/focus.s.nomatter.dev\/es\/blog\/how-will-sky-high-tensions-with-israel-affect-irans-economy\/","name":"Perspectivas iran\u00edes de econom\u00eda y exportaciones de petr\u00f3leo.","isPartOf":{"@id":"https:\/\/focus.s.nomatter.dev\/es\/#website"},"primaryImageOfPage":{"@id":"https:\/\/focus.s.nomatter.dev\/es\/blog\/how-will-sky-high-tensions-with-israel-affect-irans-economy\/#primaryimage"},"image":{"@id":"https:\/\/focus.s.nomatter.dev\/es\/blog\/how-will-sky-high-tensions-with-israel-affect-irans-economy\/#primaryimage"},"thumbnailUrl":"https:\/\/focus-stg.nm-img.net\/uploads\/sites\/5\/2024\/04\/skyline-tehran-sunset-scaled.jpg","datePublished":"2024-04-19T10:24:07+00:00","dateModified":"2025-02-12T09:06:37+00:00","description":"La econom\u00eda iran\u00ed deber\u00eda beneficiarse este a\u00f1o del aumento de las exportaciones de petr\u00f3leo, que alcanzaron su nivel m\u00e1s alto en seis a\u00f1os.\u202f","breadcrumb":{"@id":"https:\/\/focus.s.nomatter.dev\/es\/blog\/how-will-sky-high-tensions-with-israel-affect-irans-economy\/#breadcrumb"},"inLanguage":"es","potentialAction":[{"@type":"ReadAction","target":["https:\/\/focus.s.nomatter.dev\/es\/blog\/how-will-sky-high-tensions-with-israel-affect-irans-economy\/"]}]},{"@type":"ImageObject","inLanguage":"es","@id":"https:\/\/focus.s.nomatter.dev\/es\/blog\/how-will-sky-high-tensions-with-israel-affect-irans-economy\/#primaryimage","url":"https:\/\/focus-stg.nm-img.net\/uploads\/sites\/5\/2024\/04\/skyline-tehran-sunset-scaled.jpg","contentUrl":"https:\/\/focus-stg.nm-img.net\/uploads\/sites\/5\/2024\/04\/skyline-tehran-sunset-scaled.jpg","width":2560,"height":1707,"caption":"Skyline of Tehran with Milad tower at sunset."},{"@type":"BreadcrumbList","@id":"https:\/\/focus.s.nomatter.dev\/es\/blog\/how-will-sky-high-tensions-with-israel-affect-irans-economy\/#breadcrumb","itemListElement":[{"@type":"ListItem","position":1,"name":"Home","item":"https:\/\/focus.s.nomatter.dev\/es\/"},{"@type":"ListItem","position":2,"name":"\u00bfC\u00f3mo afectar\u00e1 a la econom\u00eda iran\u00ed el aumento de las tensiones con Israel?"}]},{"@type":"WebSite","@id":"https:\/\/focus.s.nomatter.dev\/es\/#website","url":"https:\/\/focus.s.nomatter.dev\/es\/","name":"FocusEconomics","description":"Economic Indicators, News and Forecasts","publisher":{"@id":"https:\/\/focus.s.nomatter.dev\/es\/#organization"},"potentialAction":[{"@type":"SearchAction","target":{"@type":"EntryPoint","urlTemplate":"https:\/\/focus.s.nomatter.dev\/es\/search-results\/?global-search={search_term_string}"},"query-input":{"@type":"PropertyValueSpecification","valueRequired":true,"valueName":"search_term_string"}}],"inLanguage":"es"},{"@type":"Organization","@id":"https:\/\/focus.s.nomatter.dev\/es\/#organization","name":"FocusEconomics","url":"https:\/\/focus.s.nomatter.dev\/es\/","logo":{"@type":"ImageObject","inLanguage":"es","@id":"https:\/\/focus.s.nomatter.dev\/es\/#\/schema\/logo\/image\/","url":"https:\/\/focus-d7op8.kinsta.storage\/production\/uploads\/sites\/5\/2022\/08\/logo.svg","contentUrl":"https:\/\/focus-d7op8.kinsta.storage\/production\/uploads\/sites\/5\/2022\/08\/logo.svg","width":277,"height":54,"caption":"FocusEconomics"},"image":{"@id":"https:\/\/focus.s.nomatter.dev\/es\/#\/schema\/logo\/image\/"},"sameAs":["https:\/\/www.facebook.com\/FocusEconomics","https:\/\/x.com\/FocusEconomics"]},{"@type":"Person","@id":"https:\/\/focus.s.nomatter.dev\/es\/#\/schema\/person\/a05533977b70cda059081186a397e017","name":"Taylor"}]}},"_links":{"self":[{"href":"https:\/\/focus.s.nomatter.dev\/es\/wp-json\/wp\/v2\/posts\/150715","targetHints":{"allow":["GET"]}}],"collection":[{"href":"https:\/\/focus.s.nomatter.dev\/es\/wp-json\/wp\/v2\/posts"}],"about":[{"href":"https:\/\/focus.s.nomatter.dev\/es\/wp-json\/wp\/v2\/types\/post"}],"author":[{"embeddable":true,"href":"https:\/\/focus.s.nomatter.dev\/es\/wp-json\/wp\/v2\/users\/13"}],"replies":[{"embeddable":true,"href":"https:\/\/focus.s.nomatter.dev\/es\/wp-json\/wp\/v2\/comments?post=150715"}],"version-history":[{"count":1,"href":"https:\/\/focus.s.nomatter.dev\/es\/wp-json\/wp\/v2\/posts\/150715\/revisions"}],"predecessor-version":[{"id":155497,"href":"https:\/\/focus.s.nomatter.dev\/es\/wp-json\/wp\/v2\/posts\/150715\/revisions\/155497"}],"wp:featuredmedia":[{"embeddable":true,"href":"https:\/\/focus.s.nomatter.dev\/es\/wp-json\/wp\/v2\/media\/150720"}],"wp:attachment":[{"href":"https:\/\/focus.s.nomatter.dev\/es\/wp-json\/wp\/v2\/media?parent=150715"}],"wp:term":[{"taxonomy":"category","embeddable":true,"href":"https:\/\/focus.s.nomatter.dev\/es\/wp-json\/wp\/v2\/categories?post=150715"},{"taxonomy":"post_tag","embeddable":true,"href":"https:\/\/focus.s.nomatter.dev\/es\/wp-json\/wp\/v2\/tags?post=150715"}],"curies":[{"name":"wp","href":"https:\/\/api.w.org\/{rel}","templated":true}]}}