{"id":150900,"date":"2024-06-06T10:22:34","date_gmt":"2024-06-06T10:22:34","guid":{"rendered":"https:\/\/focus.s.nomatter.dev\/es\/?p=150900"},"modified":"2024-06-02T18:12:41","modified_gmt":"2024-06-02T18:12:41","slug":"has-the-euro-area-escaped-its-low-inflation-trap-for-good","status":"publish","type":"post","link":"https:\/\/focus.s.nomatter.dev\/es\/blog\/has-the-euro-area-escaped-its-low-inflation-trap-for-good\/","title":{"rendered":"\u00bfHa salido definitivamente la zona euro de su trampa de baja inflaci\u00f3n?"},"content":{"rendered":"<p>Durante gran parte de la d\u00e9cada de 2010, la inflaci\u00f3n en los pa\u00edses de la zona euro no alcanz\u00f3 el objetivo del 2,0% fijado por el Banco Central Europeo, debido a una combinaci\u00f3n de factores internos -principalmente la debilidad de la demanda- y externos, como el auge de la globalizaci\u00f3n y la ca\u00edda de los precios del petr\u00f3leo a partir de 2015. Todo esto cambi\u00f3 tras el final de la pandemia del virus Covid-19, cuando las cadenas de suministro mundiales se paralizaron y la demanda se recuper\u00f3 r\u00e1pidamente; la inflaci\u00f3n lleva m\u00e1s de dos a\u00f1os por encima del objetivo del BCE. Pero, \u00bfqu\u00e9 depara el futuro para la inflaci\u00f3n en los pa\u00edses de la zona euro?<\/p>\n<h2>Se espera que la inflaci\u00f3n en los pa\u00edses de la zona euro cumpla el objetivo<\/h2>\n<p>Nuestro Consenso prev\u00e9 que la inflaci\u00f3n de los pa\u00edses de la <a href=\"https:\/\/focus.s.nomatter.dev\/es\/countries\/zona-euro\/\" target=\"_blank\" rel=\"noopener\">zona euro<\/a> converja finalmente hacia el objetivo del 2,0% a mediados del pr\u00f3ximo a\u00f1o, y que se mantenga aproximadamente estable a medio y largo plazo. Esto supondr\u00eda un notable aumento respecto a la media del 1,4% de la d\u00e9cada de 2010. Sin embargo, existe una gran discrepancia entre nuestros panelistas: Las previsiones medias de inflaci\u00f3n para 2025 oscilan entre el 1,2% y el 3,0%, mientras que las de 2026 van del 1,5% al 2,8%, por ejemplo.<\/p>\n<h2>M\u00faltiples factores impulsar\u00e1n la presi\u00f3n sobre los precios<\/h2>\n<p>El abandono del gas ruso por parte de la UE en favor de las energ\u00edas limpias elevar\u00e1 los costes para la industria y los consumidores, al igual que el creciente proteccionismo mundial y el deseo generalizado de los pa\u00edses de aumentar la seguridad de la cadena de suministro en detrimento de la eficiencia. Adem\u00e1s, se prev\u00e9 que el mercado laboral de la UE se mantenga tenso en los pr\u00f3ximos a\u00f1os debido al envejecimiento de la poblaci\u00f3n, y nuestros panelistas prev\u00e9n un crecimiento salarial en torno a un 50% superior al de la d\u00e9cada de 2010, lo que a su vez impulsar\u00e1 la inflaci\u00f3n en los pa\u00edses de la zona del euro.<\/p>\n<h2>Abundan los riesgos al alza para la inflaci\u00f3n<\/h2>\n<p>La escalada de las tensiones entre la UE y China es un riesgo clave para la inflaci\u00f3n. El bloque podr\u00eda imponer aranceles a las importaciones chinas de veh\u00edculos el\u00e9ctricos a finales de este a\u00f1o, y recientemente ha iniciado investigaciones sobre otros aspectos de las relaciones comerciales entre China y la UE. Adem\u00e1s, est\u00e1 la posible victoria de Donald Trump en las elecciones presidenciales estadounidenses de noviembre: ha amenazado con imponer aranceles a todas las importaciones, lo que podr\u00eda llevar a Europa a tomar represalias elevando a su vez sus propias barreras comerciales. Y los conflictos en Oriente Medio y Ucrania podr\u00edan intensificarse, perturbando el transporte mar\u00edtimo mundial, as\u00ed como la producci\u00f3n petrolera y agr\u00edcola. As\u00ed pues, aunque la inflaci\u00f3n de los pa\u00edses de la zona euro va a volver al objetivo, no se puede confiar en que se mantenga indefinidamente.<\/p>\n<p><img loading=\"lazy\" decoding=\"async\" class=\"alignnone wp-image-150901\" src=\"https:\/\/focus-economics.imgix.net\/wp-content\/uploads\/sites\/5\/2024\/05\/image-300x157.png\" alt=\"Our Consensus is for Euro area inflation to converge to the ECB\u2019s 2% target, though there is divergence among panelists\u2019 forecasts\" width=\"844\" height=\"441\" srcset=\"https:\/\/focus-d7op8.kinsta.storage\/staging\/uploads\/sites\/5\/2024\/05\/image-300x157.png 300w, https:\/\/focus-d7op8.kinsta.storage\/staging\/uploads\/sites\/5\/2024\/05\/image-1024x535.png 1024w, https:\/\/focus-d7op8.kinsta.storage\/staging\/uploads\/sites\/5\/2024\/05\/image-768x401.png 768w, https:\/\/focus-d7op8.kinsta.storage\/staging\/uploads\/sites\/5\/2024\/05\/image-1536x803.png 1536w, https:\/\/focus-d7op8.kinsta.storage\/staging\/uploads\/sites\/5\/2024\/05\/image-2048x1070.png 2048w\" sizes=\"auto, (max-width: 844px) 100vw, 844px\" \/><\/p>\n<div class=\"reader-article-content reader-article-content--content-blocks\" dir=\"ltr\">\n<h2>Opiniones de nuestros panelistas<\/h2>\n<p>Los<strong> analistas de la EIU<\/strong> comentaron las relaciones de Occidente con China:<\/p>\n<p>\u00abSi las relaciones de Occidente con China se agrian sustancialmente, las econom\u00edas occidentales podr\u00edan aumentar los aranceles existentes sobre las importaciones chinas o acelerar las investigaciones pendientes sobre cargos antidumping y subvenciones estatales, alimentando a\u00fan m\u00e1s la inflaci\u00f3n. China tomar\u00eda represalias, posiblemente bloqueando las exportaciones de materias primas fundamentales para la transici\u00f3n ecol\u00f3gica, como las tierras raras, lo que encarecer\u00eda los esfuerzos de descarbonizaci\u00f3n de los mercados desarrollados.\u00bb<\/p>\n<p>En cuanto al crecimiento de los salarios en Europa, el <strong>economista jefe de Berenberg, Holger Schmieding,<\/strong> afirm\u00f3:<\/p>\n<p>\u00abLas empresas recuperar\u00e1n poder de fijaci\u00f3n de precios en 2025. A largo plazo, el crecimiento persistentemente elevado de los salarios seguir\u00e1 presionando al alza los precios de los servicios intensivos en mano de obra. Como los costes de la protecci\u00f3n del clima tambi\u00e9n tendr\u00e1n su impacto, esperamos que la inflaci\u00f3n en Europa vuelva a subir hasta el 2,5% a lo largo de 2025\u00bb.<\/p>\n<\/div>\n<p><a href=\"https:\/\/focus.s.nomatter.dev\/es\/awards\/\" target=\"_blank\" rel=\"noopener\"><img loading=\"lazy\" decoding=\"async\" class=\"alignnone wp-image-150832\" src=\"https:\/\/focus-economics.imgix.net\/wp-content\/uploads\/sites\/5\/2024\/04\/Focus-Awards-Analyst-2024-Spanish-1-300x157.png\" alt=\"\" width=\"837\" height=\"438\" srcset=\"https:\/\/focus-d7op8.kinsta.storage\/staging\/uploads\/sites\/5\/2024\/04\/Focus-Awards-Analyst-2024-Spanish-1-300x157.png 300w, https:\/\/focus-d7op8.kinsta.storage\/staging\/uploads\/sites\/5\/2024\/04\/Focus-Awards-Analyst-2024-Spanish-1-1024x535.png 1024w, https:\/\/focus-d7op8.kinsta.storage\/staging\/uploads\/sites\/5\/2024\/04\/Focus-Awards-Analyst-2024-Spanish-1-768x401.png 768w, https:\/\/focus-d7op8.kinsta.storage\/staging\/uploads\/sites\/5\/2024\/04\/Focus-Awards-Analyst-2024-Spanish-1-1536x803.png 1536w, https:\/\/focus-d7op8.kinsta.storage\/staging\/uploads\/sites\/5\/2024\/04\/Focus-Awards-Analyst-2024-Spanish-1-2048x1070.png 2048w\" sizes=\"auto, (max-width: 837px) 100vw, 837px\" \/><\/a><\/p>\n","protected":false},"excerpt":{"rendered":"<p>Durante gran parte de la d\u00e9cada de 2010, la inflaci\u00f3n en los pa\u00edses de la zona euro no alcanz\u00f3 el objetivo del 2,0% fijado por el Banco Central Europeo, debido a una combinaci\u00f3n de factores internos -principalmente la debilidad de la demanda- y externos, como el auge de la globalizaci\u00f3n y la ca\u00edda de los<\/p>\n","protected":false},"author":25,"featured_media":150905,"comment_status":"closed","ping_status":"closed","sticky":false,"template":"","format":"standard","meta":{"_acf_changed":false,"editor_notices":[],"footnotes":""},"categories":[1],"tags":[1812,1858,1859],"class_list":["post-150900","post","type-post","status-publish","format-standard","has-post-thumbnail","hentry","category-uncategorized","tag-inflacion","tag-europa","tag-riesgo"],"acf":[],"yoast_head":"<!-- This site is optimized with the Yoast SEO Premium plugin v26.9 (Yoast SEO v26.9) - https:\/\/yoast.com\/product\/yoast-seo-premium-wordpress\/ -->\n<title>\u00bfHa salido definitivamente la zona euro de su trampa de baja inflaci\u00f3n? - FocusEconomics [ES]<\/title>\n<meta name=\"robots\" content=\"noindex, follow, max-snippet:-1, max-image-preview:large, max-video-preview:-1\" \/>\n<meta property=\"og:locale\" content=\"es_ES\" class=\"yoast-seo-meta-tag\" \/>\n<meta property=\"og:type\" content=\"article\" class=\"yoast-seo-meta-tag\" \/>\n<meta property=\"og:title\" content=\"\u00bfHa salido definitivamente la zona euro de su trampa de baja inflaci\u00f3n?\" class=\"yoast-seo-meta-tag\" \/>\n<meta property=\"og:description\" content=\"Durante gran parte de la d\u00e9cada de 2010, la inflaci\u00f3n en los pa\u00edses de la zona euro no alcanz\u00f3 el objetivo del 2,0% fijado por el Banco Central Europeo, debido a una combinaci\u00f3n de factores internos -principalmente la debilidad de la demanda- y externos, como el auge de la globalizaci\u00f3n y la ca\u00edda de los\" class=\"yoast-seo-meta-tag\" \/>\n<meta property=\"og:url\" content=\"https:\/\/focus.s.nomatter.dev\/es\/blog\/has-the-euro-area-escaped-its-low-inflation-trap-for-good\/\" class=\"yoast-seo-meta-tag\" \/>\n<meta property=\"og:site_name\" content=\"FocusEconomics [ES]\" class=\"yoast-seo-meta-tag\" \/>\n<meta property=\"article:publisher\" content=\"https:\/\/www.facebook.com\/FocusEconomics\" class=\"yoast-seo-meta-tag\" \/>\n<meta property=\"article:published_time\" content=\"2024-06-06T10:22:34+00:00\" class=\"yoast-seo-meta-tag\" \/>\n<meta property=\"og:image\" content=\"https:\/\/focus.nm-img.net\/uploads\/sites\/5\/2024\/05\/christian-lue-8Yw6tsB8tnc-unsplash-scaled.jpg\" class=\"yoast-seo-meta-tag\" \/>\n\t<meta property=\"og:image:width\" content=\"2560\" class=\"yoast-seo-meta-tag\" \/>\n\t<meta property=\"og:image:height\" content=\"1498\" class=\"yoast-seo-meta-tag\" \/>\n\t<meta property=\"og:image:type\" content=\"image\/jpeg\" class=\"yoast-seo-meta-tag\" \/>\n<meta name=\"author\" content=\"Irene Alfaro\" class=\"yoast-seo-meta-tag\" \/>\n<meta name=\"twitter:card\" content=\"summary_large_image\" class=\"yoast-seo-meta-tag\" \/>\n<meta name=\"twitter:creator\" content=\"@FocusEconomics\" class=\"yoast-seo-meta-tag\" \/>\n<meta name=\"twitter:site\" content=\"@FocusEconomics\" class=\"yoast-seo-meta-tag\" \/>\n<meta name=\"twitter:label1\" content=\"Escrito por\" class=\"yoast-seo-meta-tag\" \/>\n\t<meta name=\"twitter:data1\" content=\"Irene Alfaro\" class=\"yoast-seo-meta-tag\" \/>\n\t<meta name=\"twitter:label2\" content=\"Tiempo de lectura\" class=\"yoast-seo-meta-tag\" \/>\n\t<meta name=\"twitter:data2\" content=\"4 minutos\" class=\"yoast-seo-meta-tag\" \/>\n<script type=\"application\/ld+json\" class=\"yoast-schema-graph\">{\"@context\":\"https:\/\/schema.org\",\"@graph\":[{\"@type\":\"Article\",\"@id\":\"https:\/\/focus.s.nomatter.dev\/es\/blog\/has-the-euro-area-escaped-its-low-inflation-trap-for-good\/#article\",\"isPartOf\":{\"@id\":\"https:\/\/focus.s.nomatter.dev\/es\/blog\/has-the-euro-area-escaped-its-low-inflation-trap-for-good\/\"},\"author\":{\"name\":\"Irene Alfaro\",\"@id\":\"https:\/\/focus.s.nomatter.dev\/es\/#\/schema\/person\/5fd2f3bde503acf7d49c6e4f02cc575d\"},\"headline\":\"\u00bfHa salido definitivamente la zona euro de su trampa de baja inflaci\u00f3n?\",\"datePublished\":\"2024-06-06T10:22:34+00:00\",\"mainEntityOfPage\":{\"@id\":\"https:\/\/focus.s.nomatter.dev\/es\/blog\/has-the-euro-area-escaped-its-low-inflation-trap-for-good\/\"},\"wordCount\":710,\"publisher\":{\"@id\":\"https:\/\/focus.s.nomatter.dev\/es\/#organization\"},\"image\":{\"@id\":\"https:\/\/focus.s.nomatter.dev\/es\/blog\/has-the-euro-area-escaped-its-low-inflation-trap-for-good\/#primaryimage\"},\"thumbnailUrl\":\"https:\/\/focus-stg.nm-img.net\/uploads\/sites\/5\/2024\/05\/christian-lue-8Yw6tsB8tnc-unsplash-scaled.jpg\",\"keywords\":[\"Inflacion\",\"Europa\",\"Riesgo\"],\"articleSection\":[\"Uncategorized\"],\"inLanguage\":\"es\"},{\"@type\":\"WebPage\",\"@id\":\"https:\/\/focus.s.nomatter.dev\/es\/blog\/has-the-euro-area-escaped-its-low-inflation-trap-for-good\/\",\"url\":\"https:\/\/focus.s.nomatter.dev\/es\/blog\/has-the-euro-area-escaped-its-low-inflation-trap-for-good\/\",\"name\":\"\u00bfHa salido definitivamente la zona euro de su trampa de baja inflaci\u00f3n? - FocusEconomics [ES]\",\"isPartOf\":{\"@id\":\"https:\/\/focus.s.nomatter.dev\/es\/#website\"},\"primaryImageOfPage\":{\"@id\":\"https:\/\/focus.s.nomatter.dev\/es\/blog\/has-the-euro-area-escaped-its-low-inflation-trap-for-good\/#primaryimage\"},\"image\":{\"@id\":\"https:\/\/focus.s.nomatter.dev\/es\/blog\/has-the-euro-area-escaped-its-low-inflation-trap-for-good\/#primaryimage\"},\"thumbnailUrl\":\"https:\/\/focus-stg.nm-img.net\/uploads\/sites\/5\/2024\/05\/christian-lue-8Yw6tsB8tnc-unsplash-scaled.jpg\",\"datePublished\":\"2024-06-06T10:22:34+00:00\",\"breadcrumb\":{\"@id\":\"https:\/\/focus.s.nomatter.dev\/es\/blog\/has-the-euro-area-escaped-its-low-inflation-trap-for-good\/#breadcrumb\"},\"inLanguage\":\"es\",\"potentialAction\":[{\"@type\":\"ReadAction\",\"target\":[\"https:\/\/focus.s.nomatter.dev\/es\/blog\/has-the-euro-area-escaped-its-low-inflation-trap-for-good\/\"]}]},{\"@type\":\"ImageObject\",\"inLanguage\":\"es\",\"@id\":\"https:\/\/focus.s.nomatter.dev\/es\/blog\/has-the-euro-area-escaped-its-low-inflation-trap-for-good\/#primaryimage\",\"url\":\"https:\/\/focus-stg.nm-img.net\/uploads\/sites\/5\/2024\/05\/christian-lue-8Yw6tsB8tnc-unsplash-scaled.jpg\",\"contentUrl\":\"https:\/\/focus-stg.nm-img.net\/uploads\/sites\/5\/2024\/05\/christian-lue-8Yw6tsB8tnc-unsplash-scaled.jpg\",\"width\":2560,\"height\":1498},{\"@type\":\"BreadcrumbList\",\"@id\":\"https:\/\/focus.s.nomatter.dev\/es\/blog\/has-the-euro-area-escaped-its-low-inflation-trap-for-good\/#breadcrumb\",\"itemListElement\":[{\"@type\":\"ListItem\",\"position\":1,\"name\":\"Home\",\"item\":\"https:\/\/focus.s.nomatter.dev\/es\/\"},{\"@type\":\"ListItem\",\"position\":2,\"name\":\"\u00bfHa salido definitivamente la zona euro de su trampa de baja inflaci\u00f3n?\"}]},{\"@type\":\"WebSite\",\"@id\":\"https:\/\/focus.s.nomatter.dev\/es\/#website\",\"url\":\"https:\/\/focus.s.nomatter.dev\/es\/\",\"name\":\"FocusEconomics\",\"description\":\"Economic Indicators, News and Forecasts\",\"publisher\":{\"@id\":\"https:\/\/focus.s.nomatter.dev\/es\/#organization\"},\"potentialAction\":[{\"@type\":\"SearchAction\",\"target\":{\"@type\":\"EntryPoint\",\"urlTemplate\":\"https:\/\/focus.s.nomatter.dev\/es\/search-results\/?global-search={search_term_string}\"},\"query-input\":{\"@type\":\"PropertyValueSpecification\",\"valueRequired\":true,\"valueName\":\"search_term_string\"}}],\"inLanguage\":\"es\"},{\"@type\":\"Organization\",\"@id\":\"https:\/\/focus.s.nomatter.dev\/es\/#organization\",\"name\":\"FocusEconomics\",\"url\":\"https:\/\/focus.s.nomatter.dev\/es\/\",\"logo\":{\"@type\":\"ImageObject\",\"inLanguage\":\"es\",\"@id\":\"https:\/\/focus.s.nomatter.dev\/es\/#\/schema\/logo\/image\/\",\"url\":\"https:\/\/focus-d7op8.kinsta.storage\/production\/uploads\/sites\/5\/2022\/08\/logo.svg\",\"contentUrl\":\"https:\/\/focus-d7op8.kinsta.storage\/production\/uploads\/sites\/5\/2022\/08\/logo.svg\",\"width\":277,\"height\":54,\"caption\":\"FocusEconomics\"},\"image\":{\"@id\":\"https:\/\/focus.s.nomatter.dev\/es\/#\/schema\/logo\/image\/\"},\"sameAs\":[\"https:\/\/www.facebook.com\/FocusEconomics\",\"https:\/\/x.com\/FocusEconomics\"]},{\"@type\":\"Person\",\"@id\":\"https:\/\/focus.s.nomatter.dev\/es\/#\/schema\/person\/5fd2f3bde503acf7d49c6e4f02cc575d\",\"name\":\"Irene Alfaro\"}]}<\/script>\n<!-- \/ Yoast SEO Premium plugin. -->","yoast_head_json":{"title":"\u00bfHa salido definitivamente la zona euro de su trampa de baja inflaci\u00f3n? - FocusEconomics [ES]","robots":{"index":"noindex","follow":"follow","max-snippet":"max-snippet:-1","max-image-preview":"max-image-preview:large","max-video-preview":"max-video-preview:-1"},"og_locale":"es_ES","og_type":"article","og_title":"\u00bfHa salido definitivamente la zona euro de su trampa de baja inflaci\u00f3n?","og_description":"Durante gran parte de la d\u00e9cada de 2010, la inflaci\u00f3n en los pa\u00edses de la zona euro no alcanz\u00f3 el objetivo del 2,0% fijado por el Banco Central Europeo, debido a una combinaci\u00f3n de factores internos -principalmente la debilidad de la demanda- y externos, como el auge de la globalizaci\u00f3n y la ca\u00edda de los","og_url":"https:\/\/focus.s.nomatter.dev\/es\/blog\/has-the-euro-area-escaped-its-low-inflation-trap-for-good\/","og_site_name":"FocusEconomics [ES]","article_publisher":"https:\/\/www.facebook.com\/FocusEconomics","article_published_time":"2024-06-06T10:22:34+00:00","og_image":[{"width":2560,"height":1498,"url":"https:\/\/focus.nm-img.net\/uploads\/sites\/5\/2024\/05\/christian-lue-8Yw6tsB8tnc-unsplash-scaled.jpg","type":"image\/jpeg"}],"author":"Irene Alfaro","twitter_card":"summary_large_image","twitter_creator":"@FocusEconomics","twitter_site":"@FocusEconomics","twitter_misc":{"Escrito por":"Irene Alfaro","Tiempo de lectura":"4 minutos"},"schema":{"@context":"https:\/\/schema.org","@graph":[{"@type":"Article","@id":"https:\/\/focus.s.nomatter.dev\/es\/blog\/has-the-euro-area-escaped-its-low-inflation-trap-for-good\/#article","isPartOf":{"@id":"https:\/\/focus.s.nomatter.dev\/es\/blog\/has-the-euro-area-escaped-its-low-inflation-trap-for-good\/"},"author":{"name":"Irene Alfaro","@id":"https:\/\/focus.s.nomatter.dev\/es\/#\/schema\/person\/5fd2f3bde503acf7d49c6e4f02cc575d"},"headline":"\u00bfHa salido definitivamente la zona euro de su trampa de baja inflaci\u00f3n?","datePublished":"2024-06-06T10:22:34+00:00","mainEntityOfPage":{"@id":"https:\/\/focus.s.nomatter.dev\/es\/blog\/has-the-euro-area-escaped-its-low-inflation-trap-for-good\/"},"wordCount":710,"publisher":{"@id":"https:\/\/focus.s.nomatter.dev\/es\/#organization"},"image":{"@id":"https:\/\/focus.s.nomatter.dev\/es\/blog\/has-the-euro-area-escaped-its-low-inflation-trap-for-good\/#primaryimage"},"thumbnailUrl":"https:\/\/focus-stg.nm-img.net\/uploads\/sites\/5\/2024\/05\/christian-lue-8Yw6tsB8tnc-unsplash-scaled.jpg","keywords":["Inflacion","Europa","Riesgo"],"articleSection":["Uncategorized"],"inLanguage":"es"},{"@type":"WebPage","@id":"https:\/\/focus.s.nomatter.dev\/es\/blog\/has-the-euro-area-escaped-its-low-inflation-trap-for-good\/","url":"https:\/\/focus.s.nomatter.dev\/es\/blog\/has-the-euro-area-escaped-its-low-inflation-trap-for-good\/","name":"\u00bfHa salido definitivamente la zona euro de su trampa de baja inflaci\u00f3n? - FocusEconomics [ES]","isPartOf":{"@id":"https:\/\/focus.s.nomatter.dev\/es\/#website"},"primaryImageOfPage":{"@id":"https:\/\/focus.s.nomatter.dev\/es\/blog\/has-the-euro-area-escaped-its-low-inflation-trap-for-good\/#primaryimage"},"image":{"@id":"https:\/\/focus.s.nomatter.dev\/es\/blog\/has-the-euro-area-escaped-its-low-inflation-trap-for-good\/#primaryimage"},"thumbnailUrl":"https:\/\/focus-stg.nm-img.net\/uploads\/sites\/5\/2024\/05\/christian-lue-8Yw6tsB8tnc-unsplash-scaled.jpg","datePublished":"2024-06-06T10:22:34+00:00","breadcrumb":{"@id":"https:\/\/focus.s.nomatter.dev\/es\/blog\/has-the-euro-area-escaped-its-low-inflation-trap-for-good\/#breadcrumb"},"inLanguage":"es","potentialAction":[{"@type":"ReadAction","target":["https:\/\/focus.s.nomatter.dev\/es\/blog\/has-the-euro-area-escaped-its-low-inflation-trap-for-good\/"]}]},{"@type":"ImageObject","inLanguage":"es","@id":"https:\/\/focus.s.nomatter.dev\/es\/blog\/has-the-euro-area-escaped-its-low-inflation-trap-for-good\/#primaryimage","url":"https:\/\/focus-stg.nm-img.net\/uploads\/sites\/5\/2024\/05\/christian-lue-8Yw6tsB8tnc-unsplash-scaled.jpg","contentUrl":"https:\/\/focus-stg.nm-img.net\/uploads\/sites\/5\/2024\/05\/christian-lue-8Yw6tsB8tnc-unsplash-scaled.jpg","width":2560,"height":1498},{"@type":"BreadcrumbList","@id":"https:\/\/focus.s.nomatter.dev\/es\/blog\/has-the-euro-area-escaped-its-low-inflation-trap-for-good\/#breadcrumb","itemListElement":[{"@type":"ListItem","position":1,"name":"Home","item":"https:\/\/focus.s.nomatter.dev\/es\/"},{"@type":"ListItem","position":2,"name":"\u00bfHa salido definitivamente la zona euro de su trampa de baja inflaci\u00f3n?"}]},{"@type":"WebSite","@id":"https:\/\/focus.s.nomatter.dev\/es\/#website","url":"https:\/\/focus.s.nomatter.dev\/es\/","name":"FocusEconomics","description":"Economic Indicators, News and Forecasts","publisher":{"@id":"https:\/\/focus.s.nomatter.dev\/es\/#organization"},"potentialAction":[{"@type":"SearchAction","target":{"@type":"EntryPoint","urlTemplate":"https:\/\/focus.s.nomatter.dev\/es\/search-results\/?global-search={search_term_string}"},"query-input":{"@type":"PropertyValueSpecification","valueRequired":true,"valueName":"search_term_string"}}],"inLanguage":"es"},{"@type":"Organization","@id":"https:\/\/focus.s.nomatter.dev\/es\/#organization","name":"FocusEconomics","url":"https:\/\/focus.s.nomatter.dev\/es\/","logo":{"@type":"ImageObject","inLanguage":"es","@id":"https:\/\/focus.s.nomatter.dev\/es\/#\/schema\/logo\/image\/","url":"https:\/\/focus-d7op8.kinsta.storage\/production\/uploads\/sites\/5\/2022\/08\/logo.svg","contentUrl":"https:\/\/focus-d7op8.kinsta.storage\/production\/uploads\/sites\/5\/2022\/08\/logo.svg","width":277,"height":54,"caption":"FocusEconomics"},"image":{"@id":"https:\/\/focus.s.nomatter.dev\/es\/#\/schema\/logo\/image\/"},"sameAs":["https:\/\/www.facebook.com\/FocusEconomics","https:\/\/x.com\/FocusEconomics"]},{"@type":"Person","@id":"https:\/\/focus.s.nomatter.dev\/es\/#\/schema\/person\/5fd2f3bde503acf7d49c6e4f02cc575d","name":"Irene Alfaro"}]}},"_links":{"self":[{"href":"https:\/\/focus.s.nomatter.dev\/es\/wp-json\/wp\/v2\/posts\/150900","targetHints":{"allow":["GET"]}}],"collection":[{"href":"https:\/\/focus.s.nomatter.dev\/es\/wp-json\/wp\/v2\/posts"}],"about":[{"href":"https:\/\/focus.s.nomatter.dev\/es\/wp-json\/wp\/v2\/types\/post"}],"author":[{"embeddable":true,"href":"https:\/\/focus.s.nomatter.dev\/es\/wp-json\/wp\/v2\/users\/25"}],"replies":[{"embeddable":true,"href":"https:\/\/focus.s.nomatter.dev\/es\/wp-json\/wp\/v2\/comments?post=150900"}],"version-history":[{"count":0,"href":"https:\/\/focus.s.nomatter.dev\/es\/wp-json\/wp\/v2\/posts\/150900\/revisions"}],"wp:featuredmedia":[{"embeddable":true,"href":"https:\/\/focus.s.nomatter.dev\/es\/wp-json\/wp\/v2\/media\/150905"}],"wp:attachment":[{"href":"https:\/\/focus.s.nomatter.dev\/es\/wp-json\/wp\/v2\/media?parent=150900"}],"wp:term":[{"taxonomy":"category","embeddable":true,"href":"https:\/\/focus.s.nomatter.dev\/es\/wp-json\/wp\/v2\/categories?post=150900"},{"taxonomy":"post_tag","embeddable":true,"href":"https:\/\/focus.s.nomatter.dev\/es\/wp-json\/wp\/v2\/tags?post=150900"}],"curies":[{"name":"wp","href":"https:\/\/api.w.org\/{rel}","templated":true}]}}