{"id":151018,"date":"2025-11-04T18:07:25","date_gmt":"2025-11-04T18:07:25","guid":{"rendered":"https:\/\/focus.s.nomatter.dev\/es\/?p=151018"},"modified":"2025-02-12T09:55:51","modified_gmt":"2025-02-12T09:55:51","slug":"mena-our-new-outlook-and-upgraded-coverage-for-a-region-at-a-crossroads-copy","status":"publish","type":"post","link":"https:\/\/focus.s.nomatter.dev\/es\/blog\/mena-our-new-outlook-and-upgraded-coverage-for-a-region-at-a-crossroads-copy\/","title":{"rendered":"MENA: nuevas perspectivas y mayor cobertura para una regi\u00f3n en encrucijada"},"content":{"rendered":"<p>Oriente Medio y el Norte de \u00c1frica se encuentran en una encrucijada econ\u00f3mica y pol\u00edtica. Una guerra asola el Levante, infligiendo un inmenso sufrimiento humano y amenazando con desbordarse en un conflicto regional m\u00e1s amplio. Pero a pesar de la guerra, la econom\u00eda de Oriente Medio y Norte de \u00c1frica sigue siendo una de las m\u00e1s prometedoras del mundo. Las potencias regionales, como Arabia Saud\u00ed, abogan por una soluci\u00f3n pol\u00edtica al conflicto que garantice la paz y la estabilidad a largo plazo. Riad y las capitales vecinas est\u00e1n impacientes por seguir sembrando las semillas del futuro \u00e9xito econ\u00f3mico de sus pa\u00edses: En 2022, la <a href=\"https:\/\/focus.s.nomatter.dev\/es\/online-store\/middle-east-north-africa\/\" target=\"_blank\" rel=\"noopener\">econom\u00eda de Oriente Medio y Norte de \u00c1frica<\/a> creci\u00f3 al ritmo m\u00e1s r\u00e1pido desde principios de la d\u00e9cada de 2000, y la participaci\u00f3n del sector no petrolero en el PIB de los pa\u00edses del Golfo aument\u00f3 9 puntos porcentuales con respecto a hace una d\u00e9cada.<\/p>\n<h2>Nuestra nueva perspectiva de la regi\u00f3n<\/h2>\n<p>Para reflejar el creciente peso de la regi\u00f3n MENA, este mes hemos redactado una<a href=\"https:\/\/focus.s.nomatter.dev\/es\/blog\/informe-especial-cuales-son-las-perspectivas-economicas-de-oriente-medio-y-norte-de-africa\/\" target=\"_blank\" rel=\"noopener\"> nueva perspectiva de la econom\u00eda de la regi\u00f3n para 2024-2028.<\/a> El informe es gratuito y abarca nuestras previsiones de consenso para el crecimiento del PIB, la producci\u00f3n petrolera y no petrolera, la inflaci\u00f3n y el saldo fiscal.<\/p>\n<h2>Nuestra cobertura mejorada de la regi\u00f3n<\/h2>\n<p>Adem\u00e1s, este mes tambi\u00e9n hemos mejorado nuestra cobertura de <a href=\"https:\/\/focus.s.nomatter.dev\/online-store\/qatar\/\" target=\"_blank\" rel=\"noopener\">Qatar<\/a> y <a href=\"https:\/\/focus.s.nomatter.dev\/es\/online-store\/kuwait\/\" target=\"_blank\" rel=\"noopener\">Kuwait<\/a>, dos de las econom\u00edas m\u00e1s prometedoras de la regi\u00f3n. Nuestra cobertura incluye ahora an\u00e1lisis escritos espec\u00edficos para ambos pa\u00edses sobre datos econ\u00f3micos de alta frecuencia -redactados por nuestro equipo interno de economistas-, como el PIB, las lecturas del \u00edndice de gestores de compras, la producci\u00f3n industrial, la producci\u00f3n de petr\u00f3leo y la inflaci\u00f3n. Adem\u00e1s, nuestra cobertura incluye ahora previsiones trimestrales del crecimiento del PIB y la inflaci\u00f3n tanto para Qatar como para Kuwait, as\u00ed como datos mensuales de la producci\u00f3n de petr\u00f3leo, la producci\u00f3n industrial y las lecturas del \u00edndice de gestores de compras. Por \u00faltimo, nuestra cobertura contiene nuevos gr\u00e1ficos detallados y desgloses de panelistas para indicadores adicionales de ambos pa\u00edses, como el consumo privado, la inversi\u00f3n total, la deuda p\u00fablica, las exportaciones y las importaciones.<\/p>\n<p><img loading=\"lazy\" decoding=\"async\" class=\"alignnone wp-image-151023\" src=\"https:\/\/focus-economics.imgix.net\/wp-content\/uploads\/sites\/5\/2024\/05\/Newsletter-graph-May-10.png-300x157.png\" alt=\"Nuestro consenso es que el crecimiento del PIB de Oriente Medio y Norte de \u00c1frica ser\u00e1 inferior a la media de los \u00faltimos 10 a\u00f1os en 2024, antes de superarla en 2025.\" width=\"1143\" height=\"598\" srcset=\"https:\/\/focus-d7op8.kinsta.storage\/staging\/uploads\/sites\/5\/2024\/05\/Newsletter-graph-May-10.png-300x157.png 300w, https:\/\/focus-d7op8.kinsta.storage\/staging\/uploads\/sites\/5\/2024\/05\/Newsletter-graph-May-10.png-1024x535.png 1024w, https:\/\/focus-d7op8.kinsta.storage\/staging\/uploads\/sites\/5\/2024\/05\/Newsletter-graph-May-10.png-768x401.png 768w, https:\/\/focus-d7op8.kinsta.storage\/staging\/uploads\/sites\/5\/2024\/05\/Newsletter-graph-May-10.png-1536x803.png 1536w, https:\/\/focus-d7op8.kinsta.storage\/staging\/uploads\/sites\/5\/2024\/05\/Newsletter-graph-May-10.png-2048x1070.png 2048w\" sizes=\"auto, (max-width: 1143px) 100vw, 1143px\" \/><\/p>\n<h2>Opiniones de nuestros panelistas<\/h2>\n<p>Sobre las perspectivas de crecimiento del PIB regional, los <strong>analistas de Fitch Solutions<\/strong> dijeron:<\/p>\n<p><em>\u00abEl crecimiento de la regi\u00f3n MENA se acelerar\u00e1 ligeramente del 1,9% en 2023 al 2,4% en 2024, pero se enfrentar\u00e1 a importantes vientos en contra derivados de la guerra entre Israel y Ham\u00e1s, la ralentizaci\u00f3n del crecimiento en econom\u00edas clave y la crisis del Mar Rojo. En el CCG, el crecimiento se acelerar\u00e1 del 0,6% al 2,6% en 2024, impulsado por la normalizaci\u00f3n de la producci\u00f3n de petr\u00f3leo y los buenos resultados del sector de los no hidrocarburos, sobre todo gracias a la inversi\u00f3n en esfuerzos de diversificaci\u00f3n. El crecimiento en el norte de \u00c1frica se ralentizar\u00e1 del 3,1% en 2023 al 2,4% en 2024 [&#8230;mientras que] el Levante experimentar\u00e1 una contracci\u00f3n del 0,6% en 2024 debido a la guerra entre Israel y Ham\u00e1s.\u00bb<\/em><\/p>\n<p>Sobre los pr\u00f3ximos posibles movimientos de la OPEP+, <strong>Natasha Kaneva, Jefa del equipo de Estrategia Global de Materias Primas de JPMorgan<\/strong>, coment\u00f3:<\/p>\n<p><em>\u00abNuestra visi\u00f3n fundamental sobre el petr\u00f3leo no ha cambiado. Ahora esperamos que la OPEP ampl\u00ede los recortes voluntarios de producci\u00f3n m\u00e1s all\u00e1 del segundo trimestre en su reuni\u00f3n del 1 de junio. Las reservas acumuladas en abril se convertir\u00e1n en reducciones de mayo a agosto y pueden impulsar los precios hasta los 90 d\u00f3lares en septiembre. Optamos por mantener sin cambios nuestra previsi\u00f3n de precios (80\/90 $ altos hasta mayo, 85 $ a partir de entonces), ya que la pr\u00f3rroga de la OPEP no aborda los desequilibrios de 2025. Mantenemos un sesgo de riesgo alcista en torno a nuestra previsi\u00f3n de precios base, pero se\u00f1alamos que podr\u00eda volver a ser neutral si el acuerdo de seguridad entre EE.UU. y Arabia Saud\u00ed llegara a buen puerto\u00bb.<\/em><\/p>\n<p><a href=\"https:\/\/focus.s.nomatter.dev\/es\/blog\/informe-especial-cuales-son-las-perspectivas-economicas-de-oriente-medio-y-norte-de-africa\/\" target=\"_blank\" rel=\"noopener\"><img loading=\"lazy\" decoding=\"async\" class=\"alignnone wp-image-151162\" src=\"https:\/\/focus-economics.imgix.net\/wp-content\/uploads\/sites\/5\/2024\/05\/FocusEconomics-Image-cards-MENA-Outlook-May-2024-1-300x137.png\" alt=\"\" width=\"1112\" height=\"508\" srcset=\"https:\/\/focus-d7op8.kinsta.storage\/staging\/uploads\/sites\/5\/2024\/05\/FocusEconomics-Image-cards-MENA-Outlook-May-2024-1-300x137.png 300w, https:\/\/focus-d7op8.kinsta.storage\/staging\/uploads\/sites\/5\/2024\/05\/FocusEconomics-Image-cards-MENA-Outlook-May-2024-1-1024x469.png 1024w, https:\/\/focus-d7op8.kinsta.storage\/staging\/uploads\/sites\/5\/2024\/05\/FocusEconomics-Image-cards-MENA-Outlook-May-2024-1-768x351.png 768w, https:\/\/focus-d7op8.kinsta.storage\/staging\/uploads\/sites\/5\/2024\/05\/FocusEconomics-Image-cards-MENA-Outlook-May-2024-1-1536x703.png 1536w, https:\/\/focus-d7op8.kinsta.storage\/staging\/uploads\/sites\/5\/2024\/05\/FocusEconomics-Image-cards-MENA-Outlook-May-2024-1-2048x937.png 2048w\" sizes=\"auto, (max-width: 1112px) 100vw, 1112px\" \/><\/a><\/p>\n","protected":false},"excerpt":{"rendered":"<p>Oriente Medio y el Norte de \u00c1frica se encuentran en una encrucijada econ\u00f3mica y pol\u00edtica. Una guerra asola el Levante, infligiendo un inmenso sufrimiento humano y amenazando con desbordarse en un conflicto regional m\u00e1s amplio. Pero a pesar de la guerra, la econom\u00eda de Oriente Medio y Norte de \u00c1frica sigue siendo una de las<\/p>\n","protected":false},"author":25,"featured_media":151025,"comment_status":"closed","ping_status":"closed","sticky":false,"template":"","format":"standard","meta":{"_acf_changed":false,"editor_notices":[],"footnotes":""},"categories":[1],"tags":[1728,1806,1807],"class_list":["post-151018","post","type-post","status-publish","format-standard","has-post-thumbnail","hentry","category-uncategorized","tag-commodities","tag-brics","tag-energias-renovables"],"acf":[],"yoast_head":"<!-- This site is optimized with the Yoast SEO Premium plugin v26.9 (Yoast SEO v26.9) - https:\/\/yoast.com\/product\/yoast-seo-premium-wordpress\/ -->\n<title>MENA: nuevas perspectivas y mayor cobertura para una regi\u00f3n en encrucijada - FocusEconomics [ES]<\/title>\n<meta name=\"robots\" content=\"noindex, follow, max-snippet:-1, max-image-preview:large, max-video-preview:-1\" \/>\n<meta property=\"og:locale\" content=\"es_ES\" class=\"yoast-seo-meta-tag\" \/>\n<meta property=\"og:type\" content=\"article\" class=\"yoast-seo-meta-tag\" \/>\n<meta property=\"og:title\" content=\"MENA: nuevas perspectivas y mayor cobertura para una regi\u00f3n en encrucijada\" class=\"yoast-seo-meta-tag\" \/>\n<meta property=\"og:description\" content=\"Oriente Medio y el Norte de \u00c1frica se encuentran en una encrucijada econ\u00f3mica y pol\u00edtica. Una guerra asola el Levante, infligiendo un inmenso sufrimiento humano y amenazando con desbordarse en un conflicto regional m\u00e1s amplio. Pero a pesar de la guerra, la econom\u00eda de Oriente Medio y Norte de \u00c1frica sigue siendo una de las\" class=\"yoast-seo-meta-tag\" \/>\n<meta property=\"og:url\" content=\"https:\/\/focus.s.nomatter.dev\/es\/blog\/mena-our-new-outlook-and-upgraded-coverage-for-a-region-at-a-crossroads-copy\/\" class=\"yoast-seo-meta-tag\" \/>\n<meta property=\"og:site_name\" content=\"FocusEconomics [ES]\" class=\"yoast-seo-meta-tag\" \/>\n<meta property=\"article:publisher\" content=\"https:\/\/www.facebook.com\/FocusEconomics\" class=\"yoast-seo-meta-tag\" \/>\n<meta property=\"article:published_time\" content=\"2025-11-04T18:07:25+00:00\" class=\"yoast-seo-meta-tag\" \/>\n<meta property=\"og:image\" content=\"https:\/\/focus.nm-img.net\/uploads\/sites\/5\/2024\/05\/jan-dommerholt-j3ov4OkhFF8-unsplash-scaled.jpg\" class=\"yoast-seo-meta-tag\" \/>\n\t<meta property=\"og:image:width\" content=\"2560\" class=\"yoast-seo-meta-tag\" \/>\n\t<meta property=\"og:image:height\" content=\"1707\" class=\"yoast-seo-meta-tag\" \/>\n\t<meta property=\"og:image:type\" content=\"image\/jpeg\" class=\"yoast-seo-meta-tag\" \/>\n<meta name=\"author\" content=\"Irene Alfaro\" class=\"yoast-seo-meta-tag\" \/>\n<meta name=\"twitter:card\" content=\"summary_large_image\" class=\"yoast-seo-meta-tag\" \/>\n<meta name=\"twitter:creator\" content=\"@FocusEconomics\" class=\"yoast-seo-meta-tag\" \/>\n<meta name=\"twitter:site\" content=\"@FocusEconomics\" class=\"yoast-seo-meta-tag\" \/>\n<meta name=\"twitter:label1\" content=\"Escrito por\" class=\"yoast-seo-meta-tag\" \/>\n\t<meta name=\"twitter:data1\" content=\"Irene Alfaro\" class=\"yoast-seo-meta-tag\" \/>\n\t<meta name=\"twitter:label2\" content=\"Tiempo de lectura\" class=\"yoast-seo-meta-tag\" \/>\n\t<meta name=\"twitter:data2\" content=\"4 minutos\" class=\"yoast-seo-meta-tag\" \/>\n<script type=\"application\/ld+json\" class=\"yoast-schema-graph\">{\"@context\":\"https:\/\/schema.org\",\"@graph\":[{\"@type\":\"Article\",\"@id\":\"https:\/\/focus.s.nomatter.dev\/es\/blog\/mena-our-new-outlook-and-upgraded-coverage-for-a-region-at-a-crossroads-copy\/#article\",\"isPartOf\":{\"@id\":\"https:\/\/focus.s.nomatter.dev\/es\/blog\/mena-our-new-outlook-and-upgraded-coverage-for-a-region-at-a-crossroads-copy\/\"},\"author\":{\"name\":\"Irene Alfaro\",\"@id\":\"https:\/\/focus.s.nomatter.dev\/es\/#\/schema\/person\/5fd2f3bde503acf7d49c6e4f02cc575d\"},\"headline\":\"MENA: nuevas perspectivas y mayor cobertura para una regi\u00f3n en encrucijada\",\"datePublished\":\"2025-11-04T18:07:25+00:00\",\"mainEntityOfPage\":{\"@id\":\"https:\/\/focus.s.nomatter.dev\/es\/blog\/mena-our-new-outlook-and-upgraded-coverage-for-a-region-at-a-crossroads-copy\/\"},\"wordCount\":701,\"publisher\":{\"@id\":\"https:\/\/focus.s.nomatter.dev\/es\/#organization\"},\"image\":{\"@id\":\"https:\/\/focus.s.nomatter.dev\/es\/blog\/mena-our-new-outlook-and-upgraded-coverage-for-a-region-at-a-crossroads-copy\/#primaryimage\"},\"thumbnailUrl\":\"https:\/\/focus-stg.nm-img.net\/uploads\/sites\/5\/2024\/05\/jan-dommerholt-j3ov4OkhFF8-unsplash-scaled.jpg\",\"keywords\":[\"Commodities\",\"BRICS\",\"energ\u00edas renovables\"],\"articleSection\":[\"Uncategorized\"],\"inLanguage\":\"es\"},{\"@type\":\"WebPage\",\"@id\":\"https:\/\/focus.s.nomatter.dev\/es\/blog\/mena-our-new-outlook-and-upgraded-coverage-for-a-region-at-a-crossroads-copy\/\",\"url\":\"https:\/\/focus.s.nomatter.dev\/es\/blog\/mena-our-new-outlook-and-upgraded-coverage-for-a-region-at-a-crossroads-copy\/\",\"name\":\"MENA: nuevas perspectivas y mayor cobertura para una regi\u00f3n en encrucijada - FocusEconomics [ES]\",\"isPartOf\":{\"@id\":\"https:\/\/focus.s.nomatter.dev\/es\/#website\"},\"primaryImageOfPage\":{\"@id\":\"https:\/\/focus.s.nomatter.dev\/es\/blog\/mena-our-new-outlook-and-upgraded-coverage-for-a-region-at-a-crossroads-copy\/#primaryimage\"},\"image\":{\"@id\":\"https:\/\/focus.s.nomatter.dev\/es\/blog\/mena-our-new-outlook-and-upgraded-coverage-for-a-region-at-a-crossroads-copy\/#primaryimage\"},\"thumbnailUrl\":\"https:\/\/focus-stg.nm-img.net\/uploads\/sites\/5\/2024\/05\/jan-dommerholt-j3ov4OkhFF8-unsplash-scaled.jpg\",\"datePublished\":\"2025-11-04T18:07:25+00:00\",\"breadcrumb\":{\"@id\":\"https:\/\/focus.s.nomatter.dev\/es\/blog\/mena-our-new-outlook-and-upgraded-coverage-for-a-region-at-a-crossroads-copy\/#breadcrumb\"},\"inLanguage\":\"es\",\"potentialAction\":[{\"@type\":\"ReadAction\",\"target\":[\"https:\/\/focus.s.nomatter.dev\/es\/blog\/mena-our-new-outlook-and-upgraded-coverage-for-a-region-at-a-crossroads-copy\/\"]}]},{\"@type\":\"ImageObject\",\"inLanguage\":\"es\",\"@id\":\"https:\/\/focus.s.nomatter.dev\/es\/blog\/mena-our-new-outlook-and-upgraded-coverage-for-a-region-at-a-crossroads-copy\/#primaryimage\",\"url\":\"https:\/\/focus-stg.nm-img.net\/uploads\/sites\/5\/2024\/05\/jan-dommerholt-j3ov4OkhFF8-unsplash-scaled.jpg\",\"contentUrl\":\"https:\/\/focus-stg.nm-img.net\/uploads\/sites\/5\/2024\/05\/jan-dommerholt-j3ov4OkhFF8-unsplash-scaled.jpg\",\"width\":2560,\"height\":1707},{\"@type\":\"BreadcrumbList\",\"@id\":\"https:\/\/focus.s.nomatter.dev\/es\/blog\/mena-our-new-outlook-and-upgraded-coverage-for-a-region-at-a-crossroads-copy\/#breadcrumb\",\"itemListElement\":[{\"@type\":\"ListItem\",\"position\":1,\"name\":\"Home\",\"item\":\"https:\/\/focus.s.nomatter.dev\/es\/\"},{\"@type\":\"ListItem\",\"position\":2,\"name\":\"MENA: nuevas perspectivas y mayor cobertura para una regi\u00f3n en encrucijada\"}]},{\"@type\":\"WebSite\",\"@id\":\"https:\/\/focus.s.nomatter.dev\/es\/#website\",\"url\":\"https:\/\/focus.s.nomatter.dev\/es\/\",\"name\":\"FocusEconomics\",\"description\":\"Economic Indicators, News and Forecasts\",\"publisher\":{\"@id\":\"https:\/\/focus.s.nomatter.dev\/es\/#organization\"},\"potentialAction\":[{\"@type\":\"SearchAction\",\"target\":{\"@type\":\"EntryPoint\",\"urlTemplate\":\"https:\/\/focus.s.nomatter.dev\/es\/search-results\/?global-search={search_term_string}\"},\"query-input\":{\"@type\":\"PropertyValueSpecification\",\"valueRequired\":true,\"valueName\":\"search_term_string\"}}],\"inLanguage\":\"es\"},{\"@type\":\"Organization\",\"@id\":\"https:\/\/focus.s.nomatter.dev\/es\/#organization\",\"name\":\"FocusEconomics\",\"url\":\"https:\/\/focus.s.nomatter.dev\/es\/\",\"logo\":{\"@type\":\"ImageObject\",\"inLanguage\":\"es\",\"@id\":\"https:\/\/focus.s.nomatter.dev\/es\/#\/schema\/logo\/image\/\",\"url\":\"https:\/\/focus-d7op8.kinsta.storage\/production\/uploads\/sites\/5\/2022\/08\/logo.svg\",\"contentUrl\":\"https:\/\/focus-d7op8.kinsta.storage\/production\/uploads\/sites\/5\/2022\/08\/logo.svg\",\"width\":277,\"height\":54,\"caption\":\"FocusEconomics\"},\"image\":{\"@id\":\"https:\/\/focus.s.nomatter.dev\/es\/#\/schema\/logo\/image\/\"},\"sameAs\":[\"https:\/\/www.facebook.com\/FocusEconomics\",\"https:\/\/x.com\/FocusEconomics\"]},{\"@type\":\"Person\",\"@id\":\"https:\/\/focus.s.nomatter.dev\/es\/#\/schema\/person\/5fd2f3bde503acf7d49c6e4f02cc575d\",\"name\":\"Irene Alfaro\"}]}<\/script>\n<!-- \/ Yoast SEO Premium plugin. -->","yoast_head_json":{"title":"MENA: nuevas perspectivas y mayor cobertura para una regi\u00f3n en encrucijada - FocusEconomics [ES]","robots":{"index":"noindex","follow":"follow","max-snippet":"max-snippet:-1","max-image-preview":"max-image-preview:large","max-video-preview":"max-video-preview:-1"},"og_locale":"es_ES","og_type":"article","og_title":"MENA: nuevas perspectivas y mayor cobertura para una regi\u00f3n en encrucijada","og_description":"Oriente Medio y el Norte de \u00c1frica se encuentran en una encrucijada econ\u00f3mica y pol\u00edtica. Una guerra asola el Levante, infligiendo un inmenso sufrimiento humano y amenazando con desbordarse en un conflicto regional m\u00e1s amplio. Pero a pesar de la guerra, la econom\u00eda de Oriente Medio y Norte de \u00c1frica sigue siendo una de las","og_url":"https:\/\/focus.s.nomatter.dev\/es\/blog\/mena-our-new-outlook-and-upgraded-coverage-for-a-region-at-a-crossroads-copy\/","og_site_name":"FocusEconomics [ES]","article_publisher":"https:\/\/www.facebook.com\/FocusEconomics","article_published_time":"2025-11-04T18:07:25+00:00","og_image":[{"width":2560,"height":1707,"url":"https:\/\/focus.nm-img.net\/uploads\/sites\/5\/2024\/05\/jan-dommerholt-j3ov4OkhFF8-unsplash-scaled.jpg","type":"image\/jpeg"}],"author":"Irene Alfaro","twitter_card":"summary_large_image","twitter_creator":"@FocusEconomics","twitter_site":"@FocusEconomics","twitter_misc":{"Escrito por":"Irene Alfaro","Tiempo de lectura":"4 minutos"},"schema":{"@context":"https:\/\/schema.org","@graph":[{"@type":"Article","@id":"https:\/\/focus.s.nomatter.dev\/es\/blog\/mena-our-new-outlook-and-upgraded-coverage-for-a-region-at-a-crossroads-copy\/#article","isPartOf":{"@id":"https:\/\/focus.s.nomatter.dev\/es\/blog\/mena-our-new-outlook-and-upgraded-coverage-for-a-region-at-a-crossroads-copy\/"},"author":{"name":"Irene Alfaro","@id":"https:\/\/focus.s.nomatter.dev\/es\/#\/schema\/person\/5fd2f3bde503acf7d49c6e4f02cc575d"},"headline":"MENA: nuevas perspectivas y mayor cobertura para una regi\u00f3n en encrucijada","datePublished":"2025-11-04T18:07:25+00:00","mainEntityOfPage":{"@id":"https:\/\/focus.s.nomatter.dev\/es\/blog\/mena-our-new-outlook-and-upgraded-coverage-for-a-region-at-a-crossroads-copy\/"},"wordCount":701,"publisher":{"@id":"https:\/\/focus.s.nomatter.dev\/es\/#organization"},"image":{"@id":"https:\/\/focus.s.nomatter.dev\/es\/blog\/mena-our-new-outlook-and-upgraded-coverage-for-a-region-at-a-crossroads-copy\/#primaryimage"},"thumbnailUrl":"https:\/\/focus-stg.nm-img.net\/uploads\/sites\/5\/2024\/05\/jan-dommerholt-j3ov4OkhFF8-unsplash-scaled.jpg","keywords":["Commodities","BRICS","energ\u00edas renovables"],"articleSection":["Uncategorized"],"inLanguage":"es"},{"@type":"WebPage","@id":"https:\/\/focus.s.nomatter.dev\/es\/blog\/mena-our-new-outlook-and-upgraded-coverage-for-a-region-at-a-crossroads-copy\/","url":"https:\/\/focus.s.nomatter.dev\/es\/blog\/mena-our-new-outlook-and-upgraded-coverage-for-a-region-at-a-crossroads-copy\/","name":"MENA: nuevas perspectivas y mayor cobertura para una regi\u00f3n en encrucijada - FocusEconomics [ES]","isPartOf":{"@id":"https:\/\/focus.s.nomatter.dev\/es\/#website"},"primaryImageOfPage":{"@id":"https:\/\/focus.s.nomatter.dev\/es\/blog\/mena-our-new-outlook-and-upgraded-coverage-for-a-region-at-a-crossroads-copy\/#primaryimage"},"image":{"@id":"https:\/\/focus.s.nomatter.dev\/es\/blog\/mena-our-new-outlook-and-upgraded-coverage-for-a-region-at-a-crossroads-copy\/#primaryimage"},"thumbnailUrl":"https:\/\/focus-stg.nm-img.net\/uploads\/sites\/5\/2024\/05\/jan-dommerholt-j3ov4OkhFF8-unsplash-scaled.jpg","datePublished":"2025-11-04T18:07:25+00:00","breadcrumb":{"@id":"https:\/\/focus.s.nomatter.dev\/es\/blog\/mena-our-new-outlook-and-upgraded-coverage-for-a-region-at-a-crossroads-copy\/#breadcrumb"},"inLanguage":"es","potentialAction":[{"@type":"ReadAction","target":["https:\/\/focus.s.nomatter.dev\/es\/blog\/mena-our-new-outlook-and-upgraded-coverage-for-a-region-at-a-crossroads-copy\/"]}]},{"@type":"ImageObject","inLanguage":"es","@id":"https:\/\/focus.s.nomatter.dev\/es\/blog\/mena-our-new-outlook-and-upgraded-coverage-for-a-region-at-a-crossroads-copy\/#primaryimage","url":"https:\/\/focus-stg.nm-img.net\/uploads\/sites\/5\/2024\/05\/jan-dommerholt-j3ov4OkhFF8-unsplash-scaled.jpg","contentUrl":"https:\/\/focus-stg.nm-img.net\/uploads\/sites\/5\/2024\/05\/jan-dommerholt-j3ov4OkhFF8-unsplash-scaled.jpg","width":2560,"height":1707},{"@type":"BreadcrumbList","@id":"https:\/\/focus.s.nomatter.dev\/es\/blog\/mena-our-new-outlook-and-upgraded-coverage-for-a-region-at-a-crossroads-copy\/#breadcrumb","itemListElement":[{"@type":"ListItem","position":1,"name":"Home","item":"https:\/\/focus.s.nomatter.dev\/es\/"},{"@type":"ListItem","position":2,"name":"MENA: nuevas perspectivas y mayor cobertura para una regi\u00f3n en encrucijada"}]},{"@type":"WebSite","@id":"https:\/\/focus.s.nomatter.dev\/es\/#website","url":"https:\/\/focus.s.nomatter.dev\/es\/","name":"FocusEconomics","description":"Economic Indicators, News and Forecasts","publisher":{"@id":"https:\/\/focus.s.nomatter.dev\/es\/#organization"},"potentialAction":[{"@type":"SearchAction","target":{"@type":"EntryPoint","urlTemplate":"https:\/\/focus.s.nomatter.dev\/es\/search-results\/?global-search={search_term_string}"},"query-input":{"@type":"PropertyValueSpecification","valueRequired":true,"valueName":"search_term_string"}}],"inLanguage":"es"},{"@type":"Organization","@id":"https:\/\/focus.s.nomatter.dev\/es\/#organization","name":"FocusEconomics","url":"https:\/\/focus.s.nomatter.dev\/es\/","logo":{"@type":"ImageObject","inLanguage":"es","@id":"https:\/\/focus.s.nomatter.dev\/es\/#\/schema\/logo\/image\/","url":"https:\/\/focus-d7op8.kinsta.storage\/production\/uploads\/sites\/5\/2022\/08\/logo.svg","contentUrl":"https:\/\/focus-d7op8.kinsta.storage\/production\/uploads\/sites\/5\/2022\/08\/logo.svg","width":277,"height":54,"caption":"FocusEconomics"},"image":{"@id":"https:\/\/focus.s.nomatter.dev\/es\/#\/schema\/logo\/image\/"},"sameAs":["https:\/\/www.facebook.com\/FocusEconomics","https:\/\/x.com\/FocusEconomics"]},{"@type":"Person","@id":"https:\/\/focus.s.nomatter.dev\/es\/#\/schema\/person\/5fd2f3bde503acf7d49c6e4f02cc575d","name":"Irene Alfaro"}]}},"_links":{"self":[{"href":"https:\/\/focus.s.nomatter.dev\/es\/wp-json\/wp\/v2\/posts\/151018","targetHints":{"allow":["GET"]}}],"collection":[{"href":"https:\/\/focus.s.nomatter.dev\/es\/wp-json\/wp\/v2\/posts"}],"about":[{"href":"https:\/\/focus.s.nomatter.dev\/es\/wp-json\/wp\/v2\/types\/post"}],"author":[{"embeddable":true,"href":"https:\/\/focus.s.nomatter.dev\/es\/wp-json\/wp\/v2\/users\/25"}],"replies":[{"embeddable":true,"href":"https:\/\/focus.s.nomatter.dev\/es\/wp-json\/wp\/v2\/comments?post=151018"}],"version-history":[{"count":1,"href":"https:\/\/focus.s.nomatter.dev\/es\/wp-json\/wp\/v2\/posts\/151018\/revisions"}],"predecessor-version":[{"id":155557,"href":"https:\/\/focus.s.nomatter.dev\/es\/wp-json\/wp\/v2\/posts\/151018\/revisions\/155557"}],"wp:featuredmedia":[{"embeddable":true,"href":"https:\/\/focus.s.nomatter.dev\/es\/wp-json\/wp\/v2\/media\/151025"}],"wp:attachment":[{"href":"https:\/\/focus.s.nomatter.dev\/es\/wp-json\/wp\/v2\/media?parent=151018"}],"wp:term":[{"taxonomy":"category","embeddable":true,"href":"https:\/\/focus.s.nomatter.dev\/es\/wp-json\/wp\/v2\/categories?post=151018"},{"taxonomy":"post_tag","embeddable":true,"href":"https:\/\/focus.s.nomatter.dev\/es\/wp-json\/wp\/v2\/tags?post=151018"}],"curies":[{"name":"wp","href":"https:\/\/api.w.org\/{rel}","templated":true}]}}