{"id":152519,"date":"2025-11-17T18:43:58","date_gmt":"2025-11-17T18:43:58","guid":{"rendered":"https:\/\/focus.s.nomatter.dev\/es\/?p=152519"},"modified":"2025-11-17T18:44:10","modified_gmt":"2025-11-17T18:44:10","slug":"swiftonomia-el-impacto-economico-de-la-gira-record-de-la-artista-taylor-swift","status":"publish","type":"post","link":"https:\/\/focus.s.nomatter.dev\/es\/blog\/swiftonomia-el-impacto-economico-de-la-gira-record-de-la-artista-taylor-swift\/","title":{"rendered":"Swiftonom\u00eda: El impacto econ\u00f3mico de la gira r\u00e9cord de la artista Taylor Swift"},"content":{"rendered":"<h2>Impulso macroecon\u00f3mico<\/h2>\n<p>La gira Eras de Taylor Swift tiene un alcance masivo: m\u00e1s de 150 conciertos y millones de espectadores en los cinco continentes durante casi dos a\u00f1os. La demanda ha sido tan alta que ha colapsado los sitios web de venta de entradas y ha dejado a millones de personas en colas virtuales para conseguir asientos. Y una vez finalizada, la gira Eras ser\u00e1 la m\u00e1s taquillera de la historia, superando a la de los Rolling Stones a finales de la d\u00e9cada de 2010. El impulso macroecon\u00f3mico en general es igualmente impresionante: en la etapa estadounidense de la gira se gener\u00f3 un gasto de los consumidores de 5.000 millones de d\u00f3lares, y los analistas de Barclays prev\u00e9n un gasto de m\u00e1s de 1.000 millones de d\u00f3lares en el Reino Unido cuando la estrella del pop visite el pa\u00eds este verano, ya que los asistentes a los conciertos derrochar\u00e1n en viajes, alojamiento, ropa y otros gastos adem\u00e1s de las entradas. Seg\u00fan Barclays, el gasto medio por persona superar\u00e1 los 1.000 d\u00f3lares, m\u00e1s de diez veces el coste medio de una noche de fiesta en el Reino Unido.<\/p>\n<h2>Presi\u00f3n al alza sobre la inflaci\u00f3n<\/h2>\n<p>El Tour tambi\u00e9n est\u00e1 presionando al alza los precios de hoteles, vuelos y restaurantes en las ciudades donde act\u00faa, lo que enturbia el panorama de la inflaci\u00f3n para los bancos centrales, que sopesan posibles recortes de tipos. En mayo, por ejemplo, la oficina estad\u00edstica de Portugal inform\u00f3 de que los precios hab\u00edan subido con respecto a abril debido a un \u00abgran acontecimiento cultural\u00bb en Lisboa: Swift actu\u00f3 en la ciudad los d\u00edas 24 y 25 de mayo. Tambi\u00e9n en mayo, la inflaci\u00f3n subyacente sueca aument\u00f3 inesperadamente, probablemente en parte por el impacto de tres conciertos de Swift en la capital. Y los economistas de TD Economics advirtieron de que las fechas de la gira brit\u00e1nica de la artista pop en agosto podr\u00edan animar al Banco de Inglaterra a abstenerse de recortar los tipos en septiembre.<\/p>\n<h2>La tendencia a la baja de la inflaci\u00f3n no se interrumpir\u00e1 por mucho tiempo<\/h2>\n<p>Afortunadamente para las autoridades monetarias europeas, es probable que los repuntes de la inflaci\u00f3n cuando Taylor Swift pase por la ciudad no sean m\u00e1s que episodios pasajeros. Nuestras previsiones de consenso siguen apuntando a una tendencia a la baja de las presiones sobre los precios al consumo a lo largo de este a\u00f1o, lo que permitir\u00e1 a los bancos centrales del continente recortar los tipos de inter\u00e9s, algo que proporcionar\u00e1 a las empresas y los consumidores europeos un motivo m\u00e1s duradero para sonre\u00edr, una vez que haya pasado el subid\u00f3n de az\u00facar econ\u00f3mico de los conciertos de Swift.<\/p>\n<p><a href=\"https:\/\/focus.s.nomatter.dev\/es\/blog\/swiftonomia-el-impacto-economico-de-la-gira-record-de-la-artista-taylor-swift\/\" target=\"_blank\" rel=\"noopener\"><img loading=\"lazy\" decoding=\"async\" class=\"alignnone wp-image-152572\" src=\"https:\/\/focus-economics.imgix.net\/wp-content\/uploads\/sites\/5\/2024\/06\/image-43-300x157.png\" alt=\"\" width=\"905\" height=\"474\" srcset=\"https:\/\/focus-d7op8.kinsta.storage\/staging\/uploads\/sites\/5\/2024\/06\/image-43-300x157.png 300w, https:\/\/focus-d7op8.kinsta.storage\/staging\/uploads\/sites\/5\/2024\/06\/image-43-1024x535.png 1024w, https:\/\/focus-d7op8.kinsta.storage\/staging\/uploads\/sites\/5\/2024\/06\/image-43-768x401.png 768w, https:\/\/focus-d7op8.kinsta.storage\/staging\/uploads\/sites\/5\/2024\/06\/image-43-1536x803.png 1536w, https:\/\/focus-d7op8.kinsta.storage\/staging\/uploads\/sites\/5\/2024\/06\/image-43-2048x1070.png 2048w\" sizes=\"auto, (max-width: 905px) 100vw, 905px\" \/><\/a><\/p>\n<p>&nbsp;<\/p>\n<h2>La opini\u00f3n de nuestra red de analistas<\/h2>\n<p>Los <strong>analistas de Nomura<\/strong> comentaron el impacto econ\u00f3mico:<\/p>\n<p><em>\u00abEsperamos que el impacto de los conciertos de superestrellas se localice en sectores espec\u00edficos de la econom\u00eda, en particular los sectores de la hosteler\u00eda, la restauraci\u00f3n y el transporte p\u00fablico. La posibilidad de que estos efectos localizados se materialicen en las estad\u00edsticas nacionales a nivel macroecon\u00f3mico es menor en econom\u00edas m\u00e1s grandes como EE.UU., Reino Unido y Jap\u00f3n, moderada en Australia y mayor en la peque\u00f1a ciudad-estado de Singapur. Pero incluso en Singapur, donde tambi\u00e9n hubo conciertos de Coldplay en el 1T, el impacto ser\u00e1 probablemente moderado, y se sentir\u00e1 m\u00e1s en el crecimiento (quiz\u00e1s contribuyendo ~0,25pp al crecimiento real del PIB en el 1T).\u00bb<\/em><\/p>\n<p><!--more--><\/p>\n<p><a href=\"https:\/\/focus.s.nomatter.dev\/blog\/webinar-the-global-economy-over-the-next-ten-years\/\" target=\"_blank\" rel=\"noopener\"><img loading=\"lazy\" decoding=\"async\" class=\"alignnone wp-image-152301\" src=\"https:\/\/focus-economics.imgix.net\/wp-content\/uploads\/sites\/5\/2024\/06\/FocusEconomics-Webinar-Global-economy-Image-card-1-300x137.png\" alt=\"\" width=\"1212\" height=\"554\" srcset=\"https:\/\/focus-d7op8.kinsta.storage\/staging\/uploads\/sites\/5\/2024\/06\/FocusEconomics-Webinar-Global-economy-Image-card-1-300x137.png 300w, https:\/\/focus-d7op8.kinsta.storage\/staging\/uploads\/sites\/5\/2024\/06\/FocusEconomics-Webinar-Global-economy-Image-card-1-1024x469.png 1024w, https:\/\/focus-d7op8.kinsta.storage\/staging\/uploads\/sites\/5\/2024\/06\/FocusEconomics-Webinar-Global-economy-Image-card-1-768x351.png 768w, https:\/\/focus-d7op8.kinsta.storage\/staging\/uploads\/sites\/5\/2024\/06\/FocusEconomics-Webinar-Global-economy-Image-card-1-1536x703.png 1536w, https:\/\/focus-d7op8.kinsta.storage\/staging\/uploads\/sites\/5\/2024\/06\/FocusEconomics-Webinar-Global-economy-Image-card-1-2048x937.png 2048w\" sizes=\"auto, (max-width: 1212px) 100vw, 1212px\" \/><\/a><\/p>\n","protected":false},"excerpt":{"rendered":"<p>La gira Eras de Taylor Swift tiene un alcance masivo: m\u00e1s de 150 conciertos y millones de espectadores. <\/p>\n","protected":false},"author":25,"featured_media":152523,"comment_status":"closed","ping_status":"closed","sticky":false,"template":"","format":"standard","meta":{"_acf_changed":false,"editor_notices":[],"footnotes":""},"categories":[1],"tags":[1704,1809,1812],"class_list":["post-152519","post","type-post","status-publish","format-standard","has-post-thumbnail","hentry","category-uncategorized","tag-euro-area","tag-estados-unidos","tag-inflacion"],"acf":[],"yoast_head":"<!-- This site is optimized with the Yoast SEO Premium plugin v26.9 (Yoast SEO v26.9) - https:\/\/yoast.com\/product\/yoast-seo-premium-wordpress\/ -->\n<title>El impacto econ\u00f3mico de la gira r\u00e9cord de la artista Taylor Swift<\/title>\n<meta name=\"description\" content=\"La gira Eras de Taylor Swift tiene un alcance masivo: m\u00e1s de 150 conciertos y millones de espectadores.\" class=\"yoast-seo-meta-tag\" \/>\n<meta name=\"robots\" content=\"noindex, follow, max-snippet:-1, max-image-preview:large, max-video-preview:-1\" \/>\n<meta property=\"og:locale\" content=\"es_ES\" class=\"yoast-seo-meta-tag\" \/>\n<meta property=\"og:type\" content=\"article\" class=\"yoast-seo-meta-tag\" \/>\n<meta property=\"og:title\" content=\"Swiftonom\u00eda: El impacto econ\u00f3mico de la gira r\u00e9cord de la artista Taylor Swift\" class=\"yoast-seo-meta-tag\" \/>\n<meta property=\"og:description\" content=\"La gira Eras de Taylor Swift tiene un alcance masivo: m\u00e1s de 150 conciertos y millones de espectadores.\" class=\"yoast-seo-meta-tag\" \/>\n<meta property=\"og:url\" content=\"https:\/\/focus.s.nomatter.dev\/es\/blog\/swiftonomia-el-impacto-economico-de-la-gira-record-de-la-artista-taylor-swift\/\" class=\"yoast-seo-meta-tag\" \/>\n<meta property=\"og:site_name\" content=\"FocusEconomics [ES]\" class=\"yoast-seo-meta-tag\" \/>\n<meta property=\"article:publisher\" content=\"https:\/\/www.facebook.com\/FocusEconomics\" class=\"yoast-seo-meta-tag\" \/>\n<meta property=\"article:published_time\" content=\"2025-11-17T18:43:58+00:00\" class=\"yoast-seo-meta-tag\" \/>\n<meta property=\"article:modified_time\" content=\"2025-11-17T18:44:10+00:00\" class=\"yoast-seo-meta-tag\" \/>\n<meta property=\"og:image\" content=\"https:\/\/focus-d7op8.kinsta.storage\/production\/uploads\/sites\/5\/2024\/06\/taylor-swift-2.webp\" class=\"yoast-seo-meta-tag\" \/>\n\t<meta property=\"og:image:width\" content=\"1200\" class=\"yoast-seo-meta-tag\" \/>\n\t<meta property=\"og:image:height\" content=\"675\" class=\"yoast-seo-meta-tag\" \/>\n\t<meta property=\"og:image:type\" content=\"image\/webp\" class=\"yoast-seo-meta-tag\" \/>\n<meta name=\"author\" content=\"Irene Alfaro\" class=\"yoast-seo-meta-tag\" \/>\n<meta name=\"twitter:card\" content=\"summary_large_image\" class=\"yoast-seo-meta-tag\" \/>\n<meta name=\"twitter:creator\" content=\"@FocusEconomics\" class=\"yoast-seo-meta-tag\" \/>\n<meta name=\"twitter:site\" content=\"@FocusEconomics\" class=\"yoast-seo-meta-tag\" \/>\n<meta name=\"twitter:label1\" content=\"Escrito por\" class=\"yoast-seo-meta-tag\" \/>\n\t<meta name=\"twitter:data1\" content=\"Irene Alfaro\" class=\"yoast-seo-meta-tag\" \/>\n\t<meta name=\"twitter:label2\" content=\"Tiempo de lectura\" class=\"yoast-seo-meta-tag\" \/>\n\t<meta name=\"twitter:data2\" content=\"4 minutos\" class=\"yoast-seo-meta-tag\" \/>\n<script type=\"application\/ld+json\" class=\"yoast-schema-graph\">{\"@context\":\"https:\/\/schema.org\",\"@graph\":[{\"@type\":\"Article\",\"@id\":\"https:\/\/focus.s.nomatter.dev\/es\/blog\/swiftonomia-el-impacto-economico-de-la-gira-record-de-la-artista-taylor-swift\/#article\",\"isPartOf\":{\"@id\":\"https:\/\/focus.s.nomatter.dev\/es\/blog\/swiftonomia-el-impacto-economico-de-la-gira-record-de-la-artista-taylor-swift\/\"},\"author\":{\"name\":\"Irene Alfaro\",\"@id\":\"https:\/\/focus.s.nomatter.dev\/es\/#\/schema\/person\/5fd2f3bde503acf7d49c6e4f02cc575d\"},\"headline\":\"Swiftonom\u00eda: El impacto econ\u00f3mico de la gira r\u00e9cord de la artista Taylor Swift\",\"datePublished\":\"2025-11-17T18:43:58+00:00\",\"dateModified\":\"2025-11-17T18:44:10+00:00\",\"mainEntityOfPage\":{\"@id\":\"https:\/\/focus.s.nomatter.dev\/es\/blog\/swiftonomia-el-impacto-economico-de-la-gira-record-de-la-artista-taylor-swift\/\"},\"wordCount\":625,\"publisher\":{\"@id\":\"https:\/\/focus.s.nomatter.dev\/es\/#organization\"},\"image\":{\"@id\":\"https:\/\/focus.s.nomatter.dev\/es\/blog\/swiftonomia-el-impacto-economico-de-la-gira-record-de-la-artista-taylor-swift\/#primaryimage\"},\"thumbnailUrl\":\"https:\/\/focus-stg.nm-img.net\/uploads\/sites\/5\/2024\/06\/taylor-swift-2.webp\",\"keywords\":[\"Euro Area\",\"Estados Unidos\",\"Inflacion\"],\"articleSection\":[\"Uncategorized\"],\"inLanguage\":\"es\"},{\"@type\":\"WebPage\",\"@id\":\"https:\/\/focus.s.nomatter.dev\/es\/blog\/swiftonomia-el-impacto-economico-de-la-gira-record-de-la-artista-taylor-swift\/\",\"url\":\"https:\/\/focus.s.nomatter.dev\/es\/blog\/swiftonomia-el-impacto-economico-de-la-gira-record-de-la-artista-taylor-swift\/\",\"name\":\"El impacto econ\u00f3mico de la gira r\u00e9cord de la artista Taylor Swift\",\"isPartOf\":{\"@id\":\"https:\/\/focus.s.nomatter.dev\/es\/#website\"},\"primaryImageOfPage\":{\"@id\":\"https:\/\/focus.s.nomatter.dev\/es\/blog\/swiftonomia-el-impacto-economico-de-la-gira-record-de-la-artista-taylor-swift\/#primaryimage\"},\"image\":{\"@id\":\"https:\/\/focus.s.nomatter.dev\/es\/blog\/swiftonomia-el-impacto-economico-de-la-gira-record-de-la-artista-taylor-swift\/#primaryimage\"},\"thumbnailUrl\":\"https:\/\/focus-stg.nm-img.net\/uploads\/sites\/5\/2024\/06\/taylor-swift-2.webp\",\"datePublished\":\"2025-11-17T18:43:58+00:00\",\"dateModified\":\"2025-11-17T18:44:10+00:00\",\"description\":\"La gira Eras de Taylor Swift tiene un alcance masivo: m\u00e1s de 150 conciertos y millones de espectadores.\",\"breadcrumb\":{\"@id\":\"https:\/\/focus.s.nomatter.dev\/es\/blog\/swiftonomia-el-impacto-economico-de-la-gira-record-de-la-artista-taylor-swift\/#breadcrumb\"},\"inLanguage\":\"es\",\"potentialAction\":[{\"@type\":\"ReadAction\",\"target\":[\"https:\/\/focus.s.nomatter.dev\/es\/blog\/swiftonomia-el-impacto-economico-de-la-gira-record-de-la-artista-taylor-swift\/\"]}]},{\"@type\":\"ImageObject\",\"inLanguage\":\"es\",\"@id\":\"https:\/\/focus.s.nomatter.dev\/es\/blog\/swiftonomia-el-impacto-economico-de-la-gira-record-de-la-artista-taylor-swift\/#primaryimage\",\"url\":\"https:\/\/focus-stg.nm-img.net\/uploads\/sites\/5\/2024\/06\/taylor-swift-2.webp\",\"contentUrl\":\"https:\/\/focus-stg.nm-img.net\/uploads\/sites\/5\/2024\/06\/taylor-swift-2.webp\",\"width\":1200,\"height\":675},{\"@type\":\"BreadcrumbList\",\"@id\":\"https:\/\/focus.s.nomatter.dev\/es\/blog\/swiftonomia-el-impacto-economico-de-la-gira-record-de-la-artista-taylor-swift\/#breadcrumb\",\"itemListElement\":[{\"@type\":\"ListItem\",\"position\":1,\"name\":\"Home\",\"item\":\"https:\/\/focus.s.nomatter.dev\/es\/\"},{\"@type\":\"ListItem\",\"position\":2,\"name\":\"Swiftonom\u00eda: El impacto econ\u00f3mico de la gira r\u00e9cord de la artista Taylor Swift\"}]},{\"@type\":\"WebSite\",\"@id\":\"https:\/\/focus.s.nomatter.dev\/es\/#website\",\"url\":\"https:\/\/focus.s.nomatter.dev\/es\/\",\"name\":\"FocusEconomics\",\"description\":\"Economic Indicators, News and Forecasts\",\"publisher\":{\"@id\":\"https:\/\/focus.s.nomatter.dev\/es\/#organization\"},\"potentialAction\":[{\"@type\":\"SearchAction\",\"target\":{\"@type\":\"EntryPoint\",\"urlTemplate\":\"https:\/\/focus.s.nomatter.dev\/es\/search-results\/?global-search={search_term_string}\"},\"query-input\":{\"@type\":\"PropertyValueSpecification\",\"valueRequired\":true,\"valueName\":\"search_term_string\"}}],\"inLanguage\":\"es\"},{\"@type\":\"Organization\",\"@id\":\"https:\/\/focus.s.nomatter.dev\/es\/#organization\",\"name\":\"FocusEconomics\",\"url\":\"https:\/\/focus.s.nomatter.dev\/es\/\",\"logo\":{\"@type\":\"ImageObject\",\"inLanguage\":\"es\",\"@id\":\"https:\/\/focus.s.nomatter.dev\/es\/#\/schema\/logo\/image\/\",\"url\":\"https:\/\/focus-d7op8.kinsta.storage\/production\/uploads\/sites\/5\/2022\/08\/logo.svg\",\"contentUrl\":\"https:\/\/focus-d7op8.kinsta.storage\/production\/uploads\/sites\/5\/2022\/08\/logo.svg\",\"width\":277,\"height\":54,\"caption\":\"FocusEconomics\"},\"image\":{\"@id\":\"https:\/\/focus.s.nomatter.dev\/es\/#\/schema\/logo\/image\/\"},\"sameAs\":[\"https:\/\/www.facebook.com\/FocusEconomics\",\"https:\/\/x.com\/FocusEconomics\"]},{\"@type\":\"Person\",\"@id\":\"https:\/\/focus.s.nomatter.dev\/es\/#\/schema\/person\/5fd2f3bde503acf7d49c6e4f02cc575d\",\"name\":\"Irene Alfaro\"}]}<\/script>\n<!-- \/ Yoast SEO Premium plugin. -->","yoast_head_json":{"title":"El impacto econ\u00f3mico de la gira r\u00e9cord de la artista Taylor Swift","description":"La gira Eras de Taylor Swift tiene un alcance masivo: m\u00e1s de 150 conciertos y millones de espectadores.","robots":{"index":"noindex","follow":"follow","max-snippet":"max-snippet:-1","max-image-preview":"max-image-preview:large","max-video-preview":"max-video-preview:-1"},"og_locale":"es_ES","og_type":"article","og_title":"Swiftonom\u00eda: El impacto econ\u00f3mico de la gira r\u00e9cord de la artista Taylor Swift","og_description":"La gira Eras de Taylor Swift tiene un alcance masivo: m\u00e1s de 150 conciertos y millones de espectadores.","og_url":"https:\/\/focus.s.nomatter.dev\/es\/blog\/swiftonomia-el-impacto-economico-de-la-gira-record-de-la-artista-taylor-swift\/","og_site_name":"FocusEconomics [ES]","article_publisher":"https:\/\/www.facebook.com\/FocusEconomics","article_published_time":"2025-11-17T18:43:58+00:00","article_modified_time":"2025-11-17T18:44:10+00:00","og_image":[{"width":1200,"height":675,"url":"https:\/\/focus-d7op8.kinsta.storage\/production\/uploads\/sites\/5\/2024\/06\/taylor-swift-2.webp","type":"image\/webp"}],"author":"Irene Alfaro","twitter_card":"summary_large_image","twitter_creator":"@FocusEconomics","twitter_site":"@FocusEconomics","twitter_misc":{"Escrito por":"Irene Alfaro","Tiempo de lectura":"4 minutos"},"schema":{"@context":"https:\/\/schema.org","@graph":[{"@type":"Article","@id":"https:\/\/focus.s.nomatter.dev\/es\/blog\/swiftonomia-el-impacto-economico-de-la-gira-record-de-la-artista-taylor-swift\/#article","isPartOf":{"@id":"https:\/\/focus.s.nomatter.dev\/es\/blog\/swiftonomia-el-impacto-economico-de-la-gira-record-de-la-artista-taylor-swift\/"},"author":{"name":"Irene Alfaro","@id":"https:\/\/focus.s.nomatter.dev\/es\/#\/schema\/person\/5fd2f3bde503acf7d49c6e4f02cc575d"},"headline":"Swiftonom\u00eda: El impacto econ\u00f3mico de la gira r\u00e9cord de la artista Taylor Swift","datePublished":"2025-11-17T18:43:58+00:00","dateModified":"2025-11-17T18:44:10+00:00","mainEntityOfPage":{"@id":"https:\/\/focus.s.nomatter.dev\/es\/blog\/swiftonomia-el-impacto-economico-de-la-gira-record-de-la-artista-taylor-swift\/"},"wordCount":625,"publisher":{"@id":"https:\/\/focus.s.nomatter.dev\/es\/#organization"},"image":{"@id":"https:\/\/focus.s.nomatter.dev\/es\/blog\/swiftonomia-el-impacto-economico-de-la-gira-record-de-la-artista-taylor-swift\/#primaryimage"},"thumbnailUrl":"https:\/\/focus-stg.nm-img.net\/uploads\/sites\/5\/2024\/06\/taylor-swift-2.webp","keywords":["Euro Area","Estados Unidos","Inflacion"],"articleSection":["Uncategorized"],"inLanguage":"es"},{"@type":"WebPage","@id":"https:\/\/focus.s.nomatter.dev\/es\/blog\/swiftonomia-el-impacto-economico-de-la-gira-record-de-la-artista-taylor-swift\/","url":"https:\/\/focus.s.nomatter.dev\/es\/blog\/swiftonomia-el-impacto-economico-de-la-gira-record-de-la-artista-taylor-swift\/","name":"El impacto econ\u00f3mico de la gira r\u00e9cord de la artista Taylor Swift","isPartOf":{"@id":"https:\/\/focus.s.nomatter.dev\/es\/#website"},"primaryImageOfPage":{"@id":"https:\/\/focus.s.nomatter.dev\/es\/blog\/swiftonomia-el-impacto-economico-de-la-gira-record-de-la-artista-taylor-swift\/#primaryimage"},"image":{"@id":"https:\/\/focus.s.nomatter.dev\/es\/blog\/swiftonomia-el-impacto-economico-de-la-gira-record-de-la-artista-taylor-swift\/#primaryimage"},"thumbnailUrl":"https:\/\/focus-stg.nm-img.net\/uploads\/sites\/5\/2024\/06\/taylor-swift-2.webp","datePublished":"2025-11-17T18:43:58+00:00","dateModified":"2025-11-17T18:44:10+00:00","description":"La gira Eras de Taylor Swift tiene un alcance masivo: m\u00e1s de 150 conciertos y millones de espectadores.","breadcrumb":{"@id":"https:\/\/focus.s.nomatter.dev\/es\/blog\/swiftonomia-el-impacto-economico-de-la-gira-record-de-la-artista-taylor-swift\/#breadcrumb"},"inLanguage":"es","potentialAction":[{"@type":"ReadAction","target":["https:\/\/focus.s.nomatter.dev\/es\/blog\/swiftonomia-el-impacto-economico-de-la-gira-record-de-la-artista-taylor-swift\/"]}]},{"@type":"ImageObject","inLanguage":"es","@id":"https:\/\/focus.s.nomatter.dev\/es\/blog\/swiftonomia-el-impacto-economico-de-la-gira-record-de-la-artista-taylor-swift\/#primaryimage","url":"https:\/\/focus-stg.nm-img.net\/uploads\/sites\/5\/2024\/06\/taylor-swift-2.webp","contentUrl":"https:\/\/focus-stg.nm-img.net\/uploads\/sites\/5\/2024\/06\/taylor-swift-2.webp","width":1200,"height":675},{"@type":"BreadcrumbList","@id":"https:\/\/focus.s.nomatter.dev\/es\/blog\/swiftonomia-el-impacto-economico-de-la-gira-record-de-la-artista-taylor-swift\/#breadcrumb","itemListElement":[{"@type":"ListItem","position":1,"name":"Home","item":"https:\/\/focus.s.nomatter.dev\/es\/"},{"@type":"ListItem","position":2,"name":"Swiftonom\u00eda: El impacto econ\u00f3mico de la gira r\u00e9cord de la artista Taylor Swift"}]},{"@type":"WebSite","@id":"https:\/\/focus.s.nomatter.dev\/es\/#website","url":"https:\/\/focus.s.nomatter.dev\/es\/","name":"FocusEconomics","description":"Economic Indicators, News and Forecasts","publisher":{"@id":"https:\/\/focus.s.nomatter.dev\/es\/#organization"},"potentialAction":[{"@type":"SearchAction","target":{"@type":"EntryPoint","urlTemplate":"https:\/\/focus.s.nomatter.dev\/es\/search-results\/?global-search={search_term_string}"},"query-input":{"@type":"PropertyValueSpecification","valueRequired":true,"valueName":"search_term_string"}}],"inLanguage":"es"},{"@type":"Organization","@id":"https:\/\/focus.s.nomatter.dev\/es\/#organization","name":"FocusEconomics","url":"https:\/\/focus.s.nomatter.dev\/es\/","logo":{"@type":"ImageObject","inLanguage":"es","@id":"https:\/\/focus.s.nomatter.dev\/es\/#\/schema\/logo\/image\/","url":"https:\/\/focus-d7op8.kinsta.storage\/production\/uploads\/sites\/5\/2022\/08\/logo.svg","contentUrl":"https:\/\/focus-d7op8.kinsta.storage\/production\/uploads\/sites\/5\/2022\/08\/logo.svg","width":277,"height":54,"caption":"FocusEconomics"},"image":{"@id":"https:\/\/focus.s.nomatter.dev\/es\/#\/schema\/logo\/image\/"},"sameAs":["https:\/\/www.facebook.com\/FocusEconomics","https:\/\/x.com\/FocusEconomics"]},{"@type":"Person","@id":"https:\/\/focus.s.nomatter.dev\/es\/#\/schema\/person\/5fd2f3bde503acf7d49c6e4f02cc575d","name":"Irene Alfaro"}]}},"_links":{"self":[{"href":"https:\/\/focus.s.nomatter.dev\/es\/wp-json\/wp\/v2\/posts\/152519","targetHints":{"allow":["GET"]}}],"collection":[{"href":"https:\/\/focus.s.nomatter.dev\/es\/wp-json\/wp\/v2\/posts"}],"about":[{"href":"https:\/\/focus.s.nomatter.dev\/es\/wp-json\/wp\/v2\/types\/post"}],"author":[{"embeddable":true,"href":"https:\/\/focus.s.nomatter.dev\/es\/wp-json\/wp\/v2\/users\/25"}],"replies":[{"embeddable":true,"href":"https:\/\/focus.s.nomatter.dev\/es\/wp-json\/wp\/v2\/comments?post=152519"}],"version-history":[{"count":2,"href":"https:\/\/focus.s.nomatter.dev\/es\/wp-json\/wp\/v2\/posts\/152519\/revisions"}],"predecessor-version":[{"id":158220,"href":"https:\/\/focus.s.nomatter.dev\/es\/wp-json\/wp\/v2\/posts\/152519\/revisions\/158220"}],"wp:featuredmedia":[{"embeddable":true,"href":"https:\/\/focus.s.nomatter.dev\/es\/wp-json\/wp\/v2\/media\/152523"}],"wp:attachment":[{"href":"https:\/\/focus.s.nomatter.dev\/es\/wp-json\/wp\/v2\/media?parent=152519"}],"wp:term":[{"taxonomy":"category","embeddable":true,"href":"https:\/\/focus.s.nomatter.dev\/es\/wp-json\/wp\/v2\/categories?post=152519"},{"taxonomy":"post_tag","embeddable":true,"href":"https:\/\/focus.s.nomatter.dev\/es\/wp-json\/wp\/v2\/tags?post=152519"}],"curies":[{"name":"wp","href":"https:\/\/api.w.org\/{rel}","templated":true}]}}