{"id":152627,"date":"2025-11-04T15:17:09","date_gmt":"2025-11-04T15:17:09","guid":{"rendered":"https:\/\/focus.s.nomatter.dev\/es\/?p=152627"},"modified":"2025-10-30T10:46:55","modified_gmt":"2025-10-30T10:46:55","slug":"mas-de-dos-anos-despues-de-la-guerra-como-va-la-economia-ucraniana","status":"publish","type":"post","link":"https:\/\/focus.s.nomatter.dev\/es\/blog\/mas-de-dos-anos-despues-de-la-guerra-como-va-la-economia-ucraniana\/","title":{"rendered":"M\u00e1s de dos a\u00f1os despu\u00e9s de la guerra, \u00bfc\u00f3mo va la econom\u00eda ucraniana?"},"content":{"rendered":"<h2>La mayor\u00eda de los indicadores econ\u00f3micos son pesimistas:<\/h2>\n<p>A finales de 2023, la econom\u00eda segu\u00eda siendo un 25% menor que antes de que comenzara la guerra con Rusia a principios de 2022, a pesar de un repunte el a\u00f1o pasado. La destrucci\u00f3n por parte de Rusia de cerca de la mitad de la capacidad de generaci\u00f3n de energ\u00eda de Ucrania, el conflicto militar en el este del pa\u00eds, la movilizaci\u00f3n de tropas y la migraci\u00f3n masiva -la poblaci\u00f3n ha disminuido en unos seis millones con respecto a los niveles anteriores a la guerra- est\u00e1n conspirando para limitar la actividad econ\u00f3mica. Las exportaciones de bienes y servicios disminuyeron por cuarto a\u00f1o consecutivo en 2023, el d\u00e9ficit fiscal es de dos d\u00edgitos y la relaci\u00f3n deuda p\u00fablica\/PIB se ha duplicado debido a la guerra. ara bases comparables y trayectorias pa\u00eds a pa\u00eds, consulta nuestro <a href=\"https:\/\/focus.s.nomatter.dev\/\">Consensus Forecast.<\/a><\/p>\n<h2>Algunos rayos de esperanza:<\/h2>\n<p>Desde un punto de vista m\u00e1s positivo, Kiev ha conseguido redirigir sus exportaciones de mercanc\u00edas a trav\u00e9s de una nueva ruta mar\u00edtima costera, tras el fracaso el a\u00f1o pasado de la Iniciativa del Grano del Mar Negro, negociada por la ONU; las exportaciones crecieron dos d\u00edgitos en t\u00e9rminos anuales en abril y mayo de este a\u00f1o. La aprobaci\u00f3n en abril de un importante paquete de ayuda estadounidense deber\u00eda permitir al ej\u00e9rcito evitar perder demasiado territorio en favor de Rusia. Y la inflaci\u00f3n se ha reducido a un solo d\u00edgito, lo que refuerza el poder adquisitivo.<\/p>\n<h2>Todas las miradas puestas en la reestructuraci\u00f3n de la deuda y las elecciones estadounidenses:<\/h2>\n<p>El acuerdo de congelaci\u00f3n de los pagos de la deuda ucraniana expira el mes que viene. El gobierno est\u00e1 intentando reestructurar m\u00e1s de 20.000 millones de d\u00f3lares de deuda con sus acreedores para evitar entrar formalmente en suspensi\u00f3n de pagos. El acuerdo podr\u00eda ser crucial: Cuanto mayores sean las p\u00e9rdidas que Ucrania consiga que acepten los tenedores de bonos, m\u00e1s dinero liberar\u00e1 para impulsar la econom\u00eda y defenderse militarmente. Pero si el pa\u00eds incumple, esto limitar\u00eda el acceso del gobierno a los mercados de capitales y da\u00f1ar\u00eda su capacidad de hacer la guerra a largo plazo. Luego est\u00e1n las elecciones estadounidenses: Una victoria de Trump podr\u00eda acelerar el fin de la guerra, si Estados Unidos recorta la ayuda militar ucraniana y empuja a Ucrania a la mesa de negociaciones como resultado.<\/p>\n<h2><img loading=\"lazy\" decoding=\"async\" class=\"alignnone wp-image-152643\" src=\"https:\/\/focus-economics.imgix.net\/wp-content\/uploads\/sites\/5\/2024\/07\/image-8-300x157.png\" alt=\"\" width=\"631\" height=\"330\" srcset=\"https:\/\/focus-d7op8.kinsta.storage\/staging\/uploads\/sites\/5\/2024\/07\/image-8-300x157.png 300w, https:\/\/focus-d7op8.kinsta.storage\/staging\/uploads\/sites\/5\/2024\/07\/image-8-1024x535.png 1024w, https:\/\/focus-d7op8.kinsta.storage\/staging\/uploads\/sites\/5\/2024\/07\/image-8-768x401.png 768w, https:\/\/focus-d7op8.kinsta.storage\/staging\/uploads\/sites\/5\/2024\/07\/image-8-1536x803.png 1536w, https:\/\/focus-d7op8.kinsta.storage\/staging\/uploads\/sites\/5\/2024\/07\/image-8-2048x1070.png 2048w\" sizes=\"auto, (max-width: 631px) 100vw, 631px\" \/><\/h2>\n<h2>Nuestras previsiones econ\u00f3micas:<\/h2>\n<p>El Consenso entre nuestros analistas es que la econom\u00eda ucraniana se mantenga por debajo de su nivel de preguerra hasta 2028: No se espera que la poblaci\u00f3n vuelva a los niveles de antes de la guerra, y es probable que la guerra se recrudezca o termine con Ucrania perdiendo territorio, lo que reducir\u00eda la capacidad productiva. Al mismo tiempo, la situaci\u00f3n fiscal seguir\u00e1 siendo extremadamente dif\u00edcil debido a las elevadas facturas de reconstrucci\u00f3n y defensa; los analistas prev\u00e9n que el d\u00e9ficit presupuestario se reduzca del 19% del PIB este a\u00f1o a un todav\u00eda excesivo 6% en 2028, lo que requerir\u00e1 un apoyo internacional prolongado.<\/p>\n<h2>Opini\u00f3n de nuestra red de analistas<\/h2>\n<p>Sobre las implicaciones de una victoria de Trump, los analistas de EIU dijeron:<\/p>\n<p><em>\u00abBajo el mandato de Trump, esperar\u00edamos un esfuerzo temprano y bastante concertado para entablar negociaciones entre Ucrania y Rusia.\u202f[&#8230;] si surgiera un compromiso, probablemente favorecer\u00eda a Rusia, formalizando muy probablemente la p\u00e9rdida existente de alrededor de una quinta parte del territorio de Ucrania. Existe un riesgo moderado de que la ayuda estadounidense se retire completamente o se retrase de forma masiva bajo el mandato de Trump.\u202fEn este escenario, Rusia podr\u00eda obtener importantes ganancias territoriales.\u00bb<\/em><\/p>\n<p>Los analistas del FMI comentaron los \u00faltimos acontecimientos:<\/p>\n<p><em>\u00abLa h\u00e1bil formulaci\u00f3n de pol\u00edticas respaldada por la financiaci\u00f3n externa ha ayudado a mantener la estabilidad macroecon\u00f3mica y financiera a pesar de las dif\u00edciles circunstancias, y las autoridades siguen avanzando en importantes reformas estructurales. Los resultados de crecimiento mejores de lo previsto en 2023 y en el primer trimestre de 2024 demuestran la resistencia de la econom\u00eda. La aprobaci\u00f3n por parte de Estados Unidos del paquete de apoyo financiero y militar de 61.000 millones de d\u00f3lares, y por parte del Consejo Europeo del Mecanismo para Ucrania de 50.000 millones de euros y su Plan subyacente para Ucrania son acontecimientos positivos tras un dif\u00edcil per\u00edodo de tensiones de liquidez a principios de 2024.\u00bb<\/em><\/p>\n<h2>Nuestro \u00faltimo an\u00e1lisis<\/h2>\n<p>La econom\u00eda israel\u00ed se mantuvo en mayo por debajo de <a href=\"https:\/\/focus.s.nomatter.dev\/countries\/israel\/news\/economic-activity\/israel-economic-activity-03-07-2024-composite-state-of-the-economy-index-rebounds-in-may\/\">los niveles anteriores a la guerra.<\/a><\/p>\n<p>El sector manufacturero estadounidense <a href=\"https:\/\/focus.s.nomatter.dev\/countries\/united-states\/news\/pmi\/united-states-manufacturing-pmi-01-07-2024-manufacturing-pmi-rises-in-june\/\">mejor\u00f3 en junio.<\/a><\/p>\n<p><!--more--><\/p>\n<p><a href=\"https:\/\/focus.s.nomatter.dev\/blog\/webinar-the-global-economy-over-the-next-ten-years\/\" target=\"_blank\" rel=\"noopener\"><img loading=\"lazy\" decoding=\"async\" class=\"alignnone wp-image-152301\" src=\"https:\/\/focus-economics.imgix.net\/wp-content\/uploads\/sites\/5\/2024\/06\/FocusEconomics-Webinar-Global-economy-Image-card-1-300x137.png\" alt=\"\" width=\"1212\" height=\"554\" srcset=\"https:\/\/focus-d7op8.kinsta.storage\/staging\/uploads\/sites\/5\/2024\/06\/FocusEconomics-Webinar-Global-economy-Image-card-1-300x137.png 300w, https:\/\/focus-d7op8.kinsta.storage\/staging\/uploads\/sites\/5\/2024\/06\/FocusEconomics-Webinar-Global-economy-Image-card-1-1024x469.png 1024w, https:\/\/focus-d7op8.kinsta.storage\/staging\/uploads\/sites\/5\/2024\/06\/FocusEconomics-Webinar-Global-economy-Image-card-1-768x351.png 768w, https:\/\/focus-d7op8.kinsta.storage\/staging\/uploads\/sites\/5\/2024\/06\/FocusEconomics-Webinar-Global-economy-Image-card-1-1536x703.png 1536w, https:\/\/focus-d7op8.kinsta.storage\/staging\/uploads\/sites\/5\/2024\/06\/FocusEconomics-Webinar-Global-economy-Image-card-1-2048x937.png 2048w\" sizes=\"auto, (max-width: 1212px) 100vw, 1212px\" \/><\/a><\/p>\n","protected":false},"excerpt":{"rendered":"<p>M\u00e1s de dos a\u00f1os despu\u00e9s de la guerra, \u00bfc\u00f3mo va la econom\u00eda ucraniana?<\/p>\n","protected":false},"author":25,"featured_media":51238,"comment_status":"closed","ping_status":"closed","sticky":false,"template":"","format":"standard","meta":{"_acf_changed":false,"editor_notices":[],"footnotes":""},"categories":[1],"tags":[1862,1863,1864],"class_list":["post-152627","post","type-post","status-publish","format-standard","has-post-thumbnail","hentry","category-uncategorized","tag-deuda-publica","tag-pib-mundial","tag-rusia"],"acf":[],"yoast_head":"<!-- This site is optimized with the Yoast SEO Premium plugin v26.9 (Yoast SEO v26.9) - https:\/\/yoast.com\/product\/yoast-seo-premium-wordpress\/ -->\n<title>M\u00e1s de dos a\u00f1os despu\u00e9s de la guerra, \u00bfc\u00f3mo va la econom\u00eda ucraniana?<\/title>\n<meta name=\"description\" content=\"M\u00e1s de dos a\u00f1os despu\u00e9s de la guerra, \u00bfc\u00f3mo va la econom\u00eda ucraniana?\" class=\"yoast-seo-meta-tag\" \/>\n<meta name=\"robots\" content=\"noindex, follow, max-snippet:-1, max-image-preview:large, max-video-preview:-1\" \/>\n<meta property=\"og:locale\" content=\"es_ES\" class=\"yoast-seo-meta-tag\" \/>\n<meta property=\"og:type\" content=\"article\" class=\"yoast-seo-meta-tag\" \/>\n<meta property=\"og:title\" content=\"M\u00e1s de dos a\u00f1os despu\u00e9s de la guerra, \u00bfc\u00f3mo va la econom\u00eda ucraniana?\" class=\"yoast-seo-meta-tag\" \/>\n<meta property=\"og:description\" content=\"M\u00e1s de dos a\u00f1os despu\u00e9s de la guerra, \u00bfc\u00f3mo va la econom\u00eda ucraniana?\" class=\"yoast-seo-meta-tag\" \/>\n<meta property=\"og:url\" content=\"https:\/\/focus.s.nomatter.dev\/es\/blog\/mas-de-dos-anos-despues-de-la-guerra-como-va-la-economia-ucraniana\/\" class=\"yoast-seo-meta-tag\" \/>\n<meta property=\"og:site_name\" content=\"FocusEconomics [ES]\" class=\"yoast-seo-meta-tag\" \/>\n<meta property=\"article:publisher\" content=\"https:\/\/www.facebook.com\/FocusEconomics\" class=\"yoast-seo-meta-tag\" \/>\n<meta property=\"article:published_time\" content=\"2025-11-04T15:17:09+00:00\" class=\"yoast-seo-meta-tag\" \/>\n<meta property=\"og:image\" content=\"https:\/\/focus-d7op8.kinsta.storage\/production\/uploads\/sites\/5\/2023\/03\/max-kukurudziak-qbc3Zmxw0G8-unsplash-scaled.jpg\" class=\"yoast-seo-meta-tag\" \/>\n\t<meta property=\"og:image:width\" content=\"2560\" class=\"yoast-seo-meta-tag\" \/>\n\t<meta property=\"og:image:height\" content=\"1709\" class=\"yoast-seo-meta-tag\" \/>\n\t<meta property=\"og:image:type\" content=\"image\/jpeg\" class=\"yoast-seo-meta-tag\" \/>\n<meta name=\"author\" content=\"Irene Alfaro\" class=\"yoast-seo-meta-tag\" \/>\n<meta name=\"twitter:card\" content=\"summary_large_image\" class=\"yoast-seo-meta-tag\" \/>\n<meta name=\"twitter:creator\" content=\"@FocusEconomics\" class=\"yoast-seo-meta-tag\" \/>\n<meta name=\"twitter:site\" content=\"@FocusEconomics\" class=\"yoast-seo-meta-tag\" \/>\n<meta name=\"twitter:label1\" content=\"Escrito por\" class=\"yoast-seo-meta-tag\" \/>\n\t<meta name=\"twitter:data1\" content=\"Irene Alfaro\" class=\"yoast-seo-meta-tag\" \/>\n\t<meta name=\"twitter:label2\" content=\"Tiempo de lectura\" class=\"yoast-seo-meta-tag\" \/>\n\t<meta name=\"twitter:data2\" content=\"4 minutos\" class=\"yoast-seo-meta-tag\" \/>\n<script type=\"application\/ld+json\" class=\"yoast-schema-graph\">{\"@context\":\"https:\/\/schema.org\",\"@graph\":[{\"@type\":\"Article\",\"@id\":\"https:\/\/focus.s.nomatter.dev\/es\/blog\/mas-de-dos-anos-despues-de-la-guerra-como-va-la-economia-ucraniana\/#article\",\"isPartOf\":{\"@id\":\"https:\/\/focus.s.nomatter.dev\/es\/blog\/mas-de-dos-anos-despues-de-la-guerra-como-va-la-economia-ucraniana\/\"},\"author\":{\"name\":\"Irene Alfaro\",\"@id\":\"https:\/\/focus.s.nomatter.dev\/es\/#\/schema\/person\/5fd2f3bde503acf7d49c6e4f02cc575d\"},\"headline\":\"M\u00e1s de dos a\u00f1os despu\u00e9s de la guerra, \u00bfc\u00f3mo va la econom\u00eda ucraniana?\",\"datePublished\":\"2025-11-04T15:17:09+00:00\",\"mainEntityOfPage\":{\"@id\":\"https:\/\/focus.s.nomatter.dev\/es\/blog\/mas-de-dos-anos-despues-de-la-guerra-como-va-la-economia-ucraniana\/\"},\"wordCount\":818,\"publisher\":{\"@id\":\"https:\/\/focus.s.nomatter.dev\/es\/#organization\"},\"image\":{\"@id\":\"https:\/\/focus.s.nomatter.dev\/es\/blog\/mas-de-dos-anos-despues-de-la-guerra-como-va-la-economia-ucraniana\/#primaryimage\"},\"thumbnailUrl\":\"https:\/\/focus-stg.nm-img.net\/uploads\/sites\/5\/2023\/03\/max-kukurudziak-qbc3Zmxw0G8-unsplash-scaled.jpg\",\"keywords\":[\"Deuda p\u00fablica\",\"PIB Mundial\",\"Rusia\"],\"articleSection\":[\"Uncategorized\"],\"inLanguage\":\"es\"},{\"@type\":\"WebPage\",\"@id\":\"https:\/\/focus.s.nomatter.dev\/es\/blog\/mas-de-dos-anos-despues-de-la-guerra-como-va-la-economia-ucraniana\/\",\"url\":\"https:\/\/focus.s.nomatter.dev\/es\/blog\/mas-de-dos-anos-despues-de-la-guerra-como-va-la-economia-ucraniana\/\",\"name\":\"M\u00e1s de dos a\u00f1os despu\u00e9s de la guerra, \u00bfc\u00f3mo va la econom\u00eda ucraniana?\",\"isPartOf\":{\"@id\":\"https:\/\/focus.s.nomatter.dev\/es\/#website\"},\"primaryImageOfPage\":{\"@id\":\"https:\/\/focus.s.nomatter.dev\/es\/blog\/mas-de-dos-anos-despues-de-la-guerra-como-va-la-economia-ucraniana\/#primaryimage\"},\"image\":{\"@id\":\"https:\/\/focus.s.nomatter.dev\/es\/blog\/mas-de-dos-anos-despues-de-la-guerra-como-va-la-economia-ucraniana\/#primaryimage\"},\"thumbnailUrl\":\"https:\/\/focus-stg.nm-img.net\/uploads\/sites\/5\/2023\/03\/max-kukurudziak-qbc3Zmxw0G8-unsplash-scaled.jpg\",\"datePublished\":\"2025-11-04T15:17:09+00:00\",\"description\":\"M\u00e1s de dos a\u00f1os despu\u00e9s de la guerra, \u00bfc\u00f3mo va la econom\u00eda ucraniana?\",\"breadcrumb\":{\"@id\":\"https:\/\/focus.s.nomatter.dev\/es\/blog\/mas-de-dos-anos-despues-de-la-guerra-como-va-la-economia-ucraniana\/#breadcrumb\"},\"inLanguage\":\"es\",\"potentialAction\":[{\"@type\":\"ReadAction\",\"target\":[\"https:\/\/focus.s.nomatter.dev\/es\/blog\/mas-de-dos-anos-despues-de-la-guerra-como-va-la-economia-ucraniana\/\"]}]},{\"@type\":\"ImageObject\",\"inLanguage\":\"es\",\"@id\":\"https:\/\/focus.s.nomatter.dev\/es\/blog\/mas-de-dos-anos-despues-de-la-guerra-como-va-la-economia-ucraniana\/#primaryimage\",\"url\":\"https:\/\/focus-stg.nm-img.net\/uploads\/sites\/5\/2023\/03\/max-kukurudziak-qbc3Zmxw0G8-unsplash-scaled.jpg\",\"contentUrl\":\"https:\/\/focus-stg.nm-img.net\/uploads\/sites\/5\/2023\/03\/max-kukurudziak-qbc3Zmxw0G8-unsplash-scaled.jpg\",\"width\":2560,\"height\":1709,\"caption\":\"Ukraine Flag\"},{\"@type\":\"BreadcrumbList\",\"@id\":\"https:\/\/focus.s.nomatter.dev\/es\/blog\/mas-de-dos-anos-despues-de-la-guerra-como-va-la-economia-ucraniana\/#breadcrumb\",\"itemListElement\":[{\"@type\":\"ListItem\",\"position\":1,\"name\":\"Home\",\"item\":\"https:\/\/focus.s.nomatter.dev\/es\/\"},{\"@type\":\"ListItem\",\"position\":2,\"name\":\"M\u00e1s de dos a\u00f1os despu\u00e9s de la guerra, \u00bfc\u00f3mo va la econom\u00eda ucraniana?\"}]},{\"@type\":\"WebSite\",\"@id\":\"https:\/\/focus.s.nomatter.dev\/es\/#website\",\"url\":\"https:\/\/focus.s.nomatter.dev\/es\/\",\"name\":\"FocusEconomics\",\"description\":\"Economic Indicators, News and Forecasts\",\"publisher\":{\"@id\":\"https:\/\/focus.s.nomatter.dev\/es\/#organization\"},\"potentialAction\":[{\"@type\":\"SearchAction\",\"target\":{\"@type\":\"EntryPoint\",\"urlTemplate\":\"https:\/\/focus.s.nomatter.dev\/es\/search-results\/?global-search={search_term_string}\"},\"query-input\":{\"@type\":\"PropertyValueSpecification\",\"valueRequired\":true,\"valueName\":\"search_term_string\"}}],\"inLanguage\":\"es\"},{\"@type\":\"Organization\",\"@id\":\"https:\/\/focus.s.nomatter.dev\/es\/#organization\",\"name\":\"FocusEconomics\",\"url\":\"https:\/\/focus.s.nomatter.dev\/es\/\",\"logo\":{\"@type\":\"ImageObject\",\"inLanguage\":\"es\",\"@id\":\"https:\/\/focus.s.nomatter.dev\/es\/#\/schema\/logo\/image\/\",\"url\":\"https:\/\/focus-d7op8.kinsta.storage\/production\/uploads\/sites\/5\/2022\/08\/logo.svg\",\"contentUrl\":\"https:\/\/focus-d7op8.kinsta.storage\/production\/uploads\/sites\/5\/2022\/08\/logo.svg\",\"width\":277,\"height\":54,\"caption\":\"FocusEconomics\"},\"image\":{\"@id\":\"https:\/\/focus.s.nomatter.dev\/es\/#\/schema\/logo\/image\/\"},\"sameAs\":[\"https:\/\/www.facebook.com\/FocusEconomics\",\"https:\/\/x.com\/FocusEconomics\"]},{\"@type\":\"Person\",\"@id\":\"https:\/\/focus.s.nomatter.dev\/es\/#\/schema\/person\/5fd2f3bde503acf7d49c6e4f02cc575d\",\"name\":\"Irene Alfaro\"}]}<\/script>\n<!-- \/ Yoast SEO Premium plugin. -->","yoast_head_json":{"title":"M\u00e1s de dos a\u00f1os despu\u00e9s de la guerra, \u00bfc\u00f3mo va la econom\u00eda ucraniana?","description":"M\u00e1s de dos a\u00f1os despu\u00e9s de la guerra, \u00bfc\u00f3mo va la econom\u00eda ucraniana?","robots":{"index":"noindex","follow":"follow","max-snippet":"max-snippet:-1","max-image-preview":"max-image-preview:large","max-video-preview":"max-video-preview:-1"},"og_locale":"es_ES","og_type":"article","og_title":"M\u00e1s de dos a\u00f1os despu\u00e9s de la guerra, \u00bfc\u00f3mo va la econom\u00eda ucraniana?","og_description":"M\u00e1s de dos a\u00f1os despu\u00e9s de la guerra, \u00bfc\u00f3mo va la econom\u00eda ucraniana?","og_url":"https:\/\/focus.s.nomatter.dev\/es\/blog\/mas-de-dos-anos-despues-de-la-guerra-como-va-la-economia-ucraniana\/","og_site_name":"FocusEconomics [ES]","article_publisher":"https:\/\/www.facebook.com\/FocusEconomics","article_published_time":"2025-11-04T15:17:09+00:00","og_image":[{"width":2560,"height":1709,"url":"https:\/\/focus-d7op8.kinsta.storage\/production\/uploads\/sites\/5\/2023\/03\/max-kukurudziak-qbc3Zmxw0G8-unsplash-scaled.jpg","type":"image\/jpeg"}],"author":"Irene Alfaro","twitter_card":"summary_large_image","twitter_creator":"@FocusEconomics","twitter_site":"@FocusEconomics","twitter_misc":{"Escrito por":"Irene Alfaro","Tiempo de lectura":"4 minutos"},"schema":{"@context":"https:\/\/schema.org","@graph":[{"@type":"Article","@id":"https:\/\/focus.s.nomatter.dev\/es\/blog\/mas-de-dos-anos-despues-de-la-guerra-como-va-la-economia-ucraniana\/#article","isPartOf":{"@id":"https:\/\/focus.s.nomatter.dev\/es\/blog\/mas-de-dos-anos-despues-de-la-guerra-como-va-la-economia-ucraniana\/"},"author":{"name":"Irene Alfaro","@id":"https:\/\/focus.s.nomatter.dev\/es\/#\/schema\/person\/5fd2f3bde503acf7d49c6e4f02cc575d"},"headline":"M\u00e1s de dos a\u00f1os despu\u00e9s de la guerra, \u00bfc\u00f3mo va la econom\u00eda ucraniana?","datePublished":"2025-11-04T15:17:09+00:00","mainEntityOfPage":{"@id":"https:\/\/focus.s.nomatter.dev\/es\/blog\/mas-de-dos-anos-despues-de-la-guerra-como-va-la-economia-ucraniana\/"},"wordCount":818,"publisher":{"@id":"https:\/\/focus.s.nomatter.dev\/es\/#organization"},"image":{"@id":"https:\/\/focus.s.nomatter.dev\/es\/blog\/mas-de-dos-anos-despues-de-la-guerra-como-va-la-economia-ucraniana\/#primaryimage"},"thumbnailUrl":"https:\/\/focus-stg.nm-img.net\/uploads\/sites\/5\/2023\/03\/max-kukurudziak-qbc3Zmxw0G8-unsplash-scaled.jpg","keywords":["Deuda p\u00fablica","PIB Mundial","Rusia"],"articleSection":["Uncategorized"],"inLanguage":"es"},{"@type":"WebPage","@id":"https:\/\/focus.s.nomatter.dev\/es\/blog\/mas-de-dos-anos-despues-de-la-guerra-como-va-la-economia-ucraniana\/","url":"https:\/\/focus.s.nomatter.dev\/es\/blog\/mas-de-dos-anos-despues-de-la-guerra-como-va-la-economia-ucraniana\/","name":"M\u00e1s de dos a\u00f1os despu\u00e9s de la guerra, \u00bfc\u00f3mo va la econom\u00eda ucraniana?","isPartOf":{"@id":"https:\/\/focus.s.nomatter.dev\/es\/#website"},"primaryImageOfPage":{"@id":"https:\/\/focus.s.nomatter.dev\/es\/blog\/mas-de-dos-anos-despues-de-la-guerra-como-va-la-economia-ucraniana\/#primaryimage"},"image":{"@id":"https:\/\/focus.s.nomatter.dev\/es\/blog\/mas-de-dos-anos-despues-de-la-guerra-como-va-la-economia-ucraniana\/#primaryimage"},"thumbnailUrl":"https:\/\/focus-stg.nm-img.net\/uploads\/sites\/5\/2023\/03\/max-kukurudziak-qbc3Zmxw0G8-unsplash-scaled.jpg","datePublished":"2025-11-04T15:17:09+00:00","description":"M\u00e1s de dos a\u00f1os despu\u00e9s de la guerra, \u00bfc\u00f3mo va la econom\u00eda ucraniana?","breadcrumb":{"@id":"https:\/\/focus.s.nomatter.dev\/es\/blog\/mas-de-dos-anos-despues-de-la-guerra-como-va-la-economia-ucraniana\/#breadcrumb"},"inLanguage":"es","potentialAction":[{"@type":"ReadAction","target":["https:\/\/focus.s.nomatter.dev\/es\/blog\/mas-de-dos-anos-despues-de-la-guerra-como-va-la-economia-ucraniana\/"]}]},{"@type":"ImageObject","inLanguage":"es","@id":"https:\/\/focus.s.nomatter.dev\/es\/blog\/mas-de-dos-anos-despues-de-la-guerra-como-va-la-economia-ucraniana\/#primaryimage","url":"https:\/\/focus-stg.nm-img.net\/uploads\/sites\/5\/2023\/03\/max-kukurudziak-qbc3Zmxw0G8-unsplash-scaled.jpg","contentUrl":"https:\/\/focus-stg.nm-img.net\/uploads\/sites\/5\/2023\/03\/max-kukurudziak-qbc3Zmxw0G8-unsplash-scaled.jpg","width":2560,"height":1709,"caption":"Ukraine Flag"},{"@type":"BreadcrumbList","@id":"https:\/\/focus.s.nomatter.dev\/es\/blog\/mas-de-dos-anos-despues-de-la-guerra-como-va-la-economia-ucraniana\/#breadcrumb","itemListElement":[{"@type":"ListItem","position":1,"name":"Home","item":"https:\/\/focus.s.nomatter.dev\/es\/"},{"@type":"ListItem","position":2,"name":"M\u00e1s de dos a\u00f1os despu\u00e9s de la guerra, \u00bfc\u00f3mo va la econom\u00eda ucraniana?"}]},{"@type":"WebSite","@id":"https:\/\/focus.s.nomatter.dev\/es\/#website","url":"https:\/\/focus.s.nomatter.dev\/es\/","name":"FocusEconomics","description":"Economic Indicators, News and Forecasts","publisher":{"@id":"https:\/\/focus.s.nomatter.dev\/es\/#organization"},"potentialAction":[{"@type":"SearchAction","target":{"@type":"EntryPoint","urlTemplate":"https:\/\/focus.s.nomatter.dev\/es\/search-results\/?global-search={search_term_string}"},"query-input":{"@type":"PropertyValueSpecification","valueRequired":true,"valueName":"search_term_string"}}],"inLanguage":"es"},{"@type":"Organization","@id":"https:\/\/focus.s.nomatter.dev\/es\/#organization","name":"FocusEconomics","url":"https:\/\/focus.s.nomatter.dev\/es\/","logo":{"@type":"ImageObject","inLanguage":"es","@id":"https:\/\/focus.s.nomatter.dev\/es\/#\/schema\/logo\/image\/","url":"https:\/\/focus-d7op8.kinsta.storage\/production\/uploads\/sites\/5\/2022\/08\/logo.svg","contentUrl":"https:\/\/focus-d7op8.kinsta.storage\/production\/uploads\/sites\/5\/2022\/08\/logo.svg","width":277,"height":54,"caption":"FocusEconomics"},"image":{"@id":"https:\/\/focus.s.nomatter.dev\/es\/#\/schema\/logo\/image\/"},"sameAs":["https:\/\/www.facebook.com\/FocusEconomics","https:\/\/x.com\/FocusEconomics"]},{"@type":"Person","@id":"https:\/\/focus.s.nomatter.dev\/es\/#\/schema\/person\/5fd2f3bde503acf7d49c6e4f02cc575d","name":"Irene Alfaro"}]}},"_links":{"self":[{"href":"https:\/\/focus.s.nomatter.dev\/es\/wp-json\/wp\/v2\/posts\/152627","targetHints":{"allow":["GET"]}}],"collection":[{"href":"https:\/\/focus.s.nomatter.dev\/es\/wp-json\/wp\/v2\/posts"}],"about":[{"href":"https:\/\/focus.s.nomatter.dev\/es\/wp-json\/wp\/v2\/types\/post"}],"author":[{"embeddable":true,"href":"https:\/\/focus.s.nomatter.dev\/es\/wp-json\/wp\/v2\/users\/25"}],"replies":[{"embeddable":true,"href":"https:\/\/focus.s.nomatter.dev\/es\/wp-json\/wp\/v2\/comments?post=152627"}],"version-history":[{"count":2,"href":"https:\/\/focus.s.nomatter.dev\/es\/wp-json\/wp\/v2\/posts\/152627\/revisions"}],"predecessor-version":[{"id":157962,"href":"https:\/\/focus.s.nomatter.dev\/es\/wp-json\/wp\/v2\/posts\/152627\/revisions\/157962"}],"wp:featuredmedia":[{"embeddable":true,"href":"https:\/\/focus.s.nomatter.dev\/es\/wp-json\/wp\/v2\/media\/51238"}],"wp:attachment":[{"href":"https:\/\/focus.s.nomatter.dev\/es\/wp-json\/wp\/v2\/media?parent=152627"}],"wp:term":[{"taxonomy":"category","embeddable":true,"href":"https:\/\/focus.s.nomatter.dev\/es\/wp-json\/wp\/v2\/categories?post=152627"},{"taxonomy":"post_tag","embeddable":true,"href":"https:\/\/focus.s.nomatter.dev\/es\/wp-json\/wp\/v2\/tags?post=152627"}],"curies":[{"name":"wp","href":"https:\/\/api.w.org\/{rel}","templated":true}]}}