{"id":152810,"date":"2024-07-27T05:41:36","date_gmt":"2024-07-27T05:41:36","guid":{"rendered":"https:\/\/focus.s.nomatter.dev\/es\/?p=152810"},"modified":"2025-01-29T11:37:59","modified_gmt":"2025-01-29T11:37:59","slug":"los-planes-economicos-de-trump","status":"publish","type":"post","link":"https:\/\/focus.s.nomatter.dev\/es\/blog\/los-planes-economicos-de-trump\/","title":{"rendered":"\u00bfCu\u00e1les son los planes econ\u00f3micos de Trump?"},"content":{"rendered":"<p><a href=\"https:\/\/focus.s.nomatter.dev\/blog\/what-are-trumps-economic-plans\/\" target=\"_blank\" rel=\"noopener\"><strong><em>Leer en ingles<\/em><\/strong><\/a><\/p>\n<p>Desde que Joe Biden abandon\u00f3 la campa\u00f1a presidencial en favor de la vicepresidenta Kamala Harris el 22 de julio, las encuestas han mostrado una reducci\u00f3n de la diferencia en intenci\u00f3n de voto entre Harris y Donald Trump. Sin embargo, Trump sigue teniendo muchas posibilidades de hacerse con la presidencia en las elecciones de noviembre. \u00bfCu\u00e1les son los planes econ\u00f3micos de Trump y qu\u00e9 podr\u00edan significar para la econom\u00eda de Estados Unidos y del mundo en general?<\/p>\n<p><strong>Menos impuestos, m\u00e1s aranceles:<\/strong> Si es elegido, uno de los planes econ\u00f3micos de Trump ser\u00eda recortar los impuestos nacionales: recientemente ha planteado la idea de reducir el tipo federal del impuesto de sociedades del 21% al 15%, por ejemplo. Pero al mismo tiempo, ha amenazado con elevar las barreras comerciales con el resto del mundo, con un posible arancel general del 10% sobre todas las importaciones e incluso m\u00e1s altos para los productos procedentes de China. El resultado de estas medidas fiscales y arancelarias ser\u00eda una mayor inflaci\u00f3n en Estados Unidos, que posiblemente obligar\u00eda a la Reserva Federal a mantener los tipos de inter\u00e9s m\u00e1s altos durante m\u00e1s tiempo; el impacto neto de las medidas sobre el PIB real de Estados Unidos depender\u00eda de si el impulso de los recortes fiscales compensa el lastre del aumento de los aranceles y los tipos de inter\u00e9s. Para el resto del mundo, el impacto econ\u00f3mico probablemente ser\u00eda inequ\u00edvocamente negativo.<\/p>\n<p><strong>Aislacionismo internacional:<\/strong> Bajo una presidencia de Trump, la migraci\u00f3n neta al pa\u00eds probablemente disminuir\u00eda -pesando en el crecimiento econ\u00f3mico- mientras que las relaciones con los antiguos aliados en Europa y Asia se volver\u00edan m\u00e1s distantes y transaccionales. Esto podr\u00eda acelerar el fin del conflicto en Ucrania (Trump podr\u00eda amenazar con detener la ayuda a Kiev, forzando as\u00ed a Ucrania a sentarse a la mesa de negociaciones), pero tambi\u00e9n aumentar\u00eda el riesgo de que Rusia invadiera otros pa\u00edses de Europa del Este y China invadiera Taiw\u00e1n.<\/p>\n<p><strong>Deuda p\u00fablica y d\u00e9ficit elevados:<\/strong> Los ingresos perdidos por los futuros recortes fiscales de Trump probablemente superar\u00edan los ingresos arancelarios adicionales: De este modo, los planes econ\u00f3micos de Trump llevar\u00edan probablemente a que el d\u00e9ficit fiscal siguiera siendo extremadamente amplio -el m\u00e1s alto del G7-, mientras que la deuda p\u00fablica seguir\u00eda aumentando como porcentaje del PIB. Esto aumenta el riesgo de que los inversores abandonen los bonos del Tesoro, provocando un aumento de los rendimientos y desplazando a otras \u00e1reas del gasto p\u00fablico. Adem\u00e1s, la necesidad de renegociar peri\u00f3dicamente el techo de deuda conllevar\u00e1 riesgos de impago.<\/p>\n<p><img loading=\"lazy\" decoding=\"async\" class=\"alignnone wp-image-152813 size-large\" src=\"https:\/\/focus-economics.imgix.net\/wp-content\/uploads\/sites\/5\/2024\/07\/trump-economy-focuseconomics-1024x535.png\" alt=\"trump economy focuseconomics\" width=\"1024\" height=\"535\" srcset=\"https:\/\/focus-d7op8.kinsta.storage\/staging\/uploads\/sites\/5\/2024\/07\/trump-economy-focuseconomics-1024x535.png 1024w, https:\/\/focus-d7op8.kinsta.storage\/staging\/uploads\/sites\/5\/2024\/07\/trump-economy-focuseconomics-300x157.png 300w, https:\/\/focus-d7op8.kinsta.storage\/staging\/uploads\/sites\/5\/2024\/07\/trump-economy-focuseconomics-768x401.png 768w, https:\/\/focus-d7op8.kinsta.storage\/staging\/uploads\/sites\/5\/2024\/07\/trump-economy-focuseconomics-1536x803.png 1536w, https:\/\/focus-d7op8.kinsta.storage\/staging\/uploads\/sites\/5\/2024\/07\/trump-economy-focuseconomics-2048x1070.png 2048w\" sizes=\"auto, (max-width: 1024px) 100vw, 1024px\" \/><\/p>\n<h2>Visi\u00f3n de nuestra red de analistas<\/h2>\n<p>En cuanto a la econom\u00eda estadounidense, <strong>los analistas de EIU<\/strong> opinan lo siguiente:<\/p>\n<p><em>\u00abHemos modificado nuestras previsiones pol\u00edticas para Estados Unidos. Ahora esperamos que el ex presidente de EE.UU., Donald Trump [&#8230;] gane la presidencia de EE.UU. [&#8230;]. Ahora se prev\u00e9 que la inflaci\u00f3n de los precios al consumo en EE.UU. sea mayor como resultado de los aranceles a la importaci\u00f3n prometidos por Trump, las restricciones a la mano de obra inmigrante y los recortes fiscales. Hemos revisado a la baja nuestra previsi\u00f3n de crecimiento del PIB real estadounidense, que ahora esperamos que se sit\u00fae en una media del 1,9% anual en 2025-28 (frente al 2,1% anterior). Tambi\u00e9n creemos que la Reserva Federal tendr\u00e1 que mantener un tipo de inter\u00e9s oficial m\u00e1s alto en 2025-28 de lo que preve\u00edamos anteriormente para combatir la inflaci\u00f3n; ahora promedia un 3,6% en esos a\u00f1os (3,1% anteriormente).\u00bb\u202f<\/em><\/p>\n<p><strong>Los analistas de ING<\/strong> comentaron las m\u00e9tricas fiscales:<\/p>\n<p><em>\u00abEl endeudamiento p\u00fablico y la deuda nacional apenas se mencionan en la campa\u00f1a electoral estadounidense; sin embargo, si no se cambia la trayectoria, se corre el riesgo de nuevas rebajas de la calificaci\u00f3n de la deuda, m\u00e1s volatilidad en los mercados y mayores costes de endeudamiento. Esto supondr\u00e1 vientos en contra para la econom\u00eda, lo que dificultar\u00e1 a\u00fan m\u00e1s al vencedor la consecuci\u00f3n de sus objetivos manifiestos\u00bb.<\/em><\/p>\n<h2>Nuestro \u00faltimo an\u00e1lisis<\/h2>\n<p>La econom\u00eda coreana se contrajo por sorpresa en el segundo trimestre, debido a la ca\u00edda de la inversi\u00f3n y el gasto privado.<\/p>\n<p>El banco central de Canad\u00e1 recort\u00f3 los tipos por segunda vez consecutiva en julio, en un contexto de inflaci\u00f3n contenida.<\/p>\n<h2>Informe especial: BRICS 2030<\/h2>\n<p>No se pierda nuestro \u00faltimo informe especial sobre las perspectivas a largo plazo de las econom\u00edas BRICS.<\/p>\n<h1><a href=\"https:\/\/focus.s.nomatter.dev\/blog\/brics-2030-the-long-term-outlook-for-the-emerging-market-bloc\/\" data-cke-saved-href=\"https:\/\/focus.s.nomatter.dev\/blog\/brics-2030-the-long-term-outlook-for-the-emerging-market-bloc\/\"><img loading=\"lazy\" decoding=\"async\" src=\"https:\/\/info.focus-economics.com\/l\/871881\/2024-07-22\/ncz7hb\/871881\/17216296651Awkzh7E\/image_cards_linkedin_post.png\" alt=\"\" width=\"550\" height=\"254\" border=\"0\" data-cke-saved-src=\"https:\/\/info.focus-economics.com\/l\/871881\/2024-07-22\/ncz7hb\/871881\/17216296651Awkzh7E\/image_cards_linkedin_post.png\" \/><\/a><\/h1>\n","protected":false},"excerpt":{"rendered":"<p>Leer en ingles Desde que Joe Biden abandon\u00f3 la campa\u00f1a presidencial en favor de la vicepresidenta Kamala Harris el 22 de julio, las encuestas han mostrado una reducci\u00f3n de la diferencia en intenci\u00f3n de voto entre Harris y Donald Trump. Sin embargo, Trump sigue teniendo muchas posibilidades de hacerse con la presidencia en las elecciones<\/p>\n","protected":false},"author":8,"featured_media":0,"comment_status":"closed","ping_status":"closed","sticky":false,"template":"","format":"standard","meta":{"_acf_changed":false,"editor_notices":[],"footnotes":""},"categories":[1],"tags":[1728,1806,1862],"class_list":["post-152810","post","type-post","status-publish","format-standard","hentry","category-uncategorized","tag-commodities","tag-brics","tag-deuda-publica"],"acf":[],"yoast_head":"<!-- This site is optimized with the Yoast SEO Premium plugin v26.9 (Yoast SEO v26.9) - https:\/\/yoast.com\/product\/yoast-seo-premium-wordpress\/ -->\n<title>\u00bfCu\u00e1les son los planes econ\u00f3micos de Trump? - FocusEconomics [ES]<\/title>\n<meta name=\"robots\" content=\"noindex, follow, max-snippet:-1, max-image-preview:large, max-video-preview:-1\" \/>\n<meta property=\"og:locale\" content=\"es_ES\" class=\"yoast-seo-meta-tag\" \/>\n<meta property=\"og:type\" content=\"article\" class=\"yoast-seo-meta-tag\" \/>\n<meta property=\"og:title\" content=\"\u00bfCu\u00e1les son los planes econ\u00f3micos de Trump?\" class=\"yoast-seo-meta-tag\" \/>\n<meta property=\"og:description\" content=\"Leer en ingles Desde que Joe Biden abandon\u00f3 la campa\u00f1a presidencial en favor de la vicepresidenta Kamala Harris el 22 de julio, las encuestas han mostrado una reducci\u00f3n de la diferencia en intenci\u00f3n de voto entre Harris y Donald Trump. Sin embargo, Trump sigue teniendo muchas posibilidades de hacerse con la presidencia en las elecciones\" class=\"yoast-seo-meta-tag\" \/>\n<meta property=\"og:url\" content=\"https:\/\/focus.s.nomatter.dev\/es\/blog\/los-planes-economicos-de-trump\/\" class=\"yoast-seo-meta-tag\" \/>\n<meta property=\"og:site_name\" content=\"FocusEconomics [ES]\" class=\"yoast-seo-meta-tag\" \/>\n<meta property=\"article:publisher\" content=\"https:\/\/www.facebook.com\/FocusEconomics\" class=\"yoast-seo-meta-tag\" \/>\n<meta property=\"article:published_time\" content=\"2024-07-27T05:41:36+00:00\" class=\"yoast-seo-meta-tag\" \/>\n<meta property=\"article:modified_time\" content=\"2025-01-29T11:37:59+00:00\" class=\"yoast-seo-meta-tag\" \/>\n<meta property=\"og:image\" content=\"https:\/\/focus-stg.nm-img.net\/uploads\/sites\/5\/2024\/07\/trump-economy-focuseconomics.png\" class=\"yoast-seo-meta-tag\" \/>\n\t<meta property=\"og:image:width\" content=\"2400\" class=\"yoast-seo-meta-tag\" \/>\n\t<meta property=\"og:image:height\" content=\"1254\" class=\"yoast-seo-meta-tag\" \/>\n\t<meta property=\"og:image:type\" content=\"image\/png\" class=\"yoast-seo-meta-tag\" \/>\n<meta name=\"author\" content=\"Miriam Dowd\" class=\"yoast-seo-meta-tag\" \/>\n<meta name=\"twitter:card\" content=\"summary_large_image\" class=\"yoast-seo-meta-tag\" \/>\n<meta name=\"twitter:creator\" content=\"@FocusEconomics\" class=\"yoast-seo-meta-tag\" \/>\n<meta name=\"twitter:site\" content=\"@FocusEconomics\" class=\"yoast-seo-meta-tag\" \/>\n<meta name=\"twitter:label1\" content=\"Escrito por\" class=\"yoast-seo-meta-tag\" \/>\n\t<meta name=\"twitter:data1\" content=\"Miriam Dowd\" class=\"yoast-seo-meta-tag\" \/>\n\t<meta name=\"twitter:label2\" content=\"Tiempo de lectura\" class=\"yoast-seo-meta-tag\" \/>\n\t<meta name=\"twitter:data2\" content=\"4 minutos\" class=\"yoast-seo-meta-tag\" \/>\n<script type=\"application\/ld+json\" class=\"yoast-schema-graph\">{\"@context\":\"https:\/\/schema.org\",\"@graph\":[{\"@type\":\"Article\",\"@id\":\"https:\/\/focus.s.nomatter.dev\/es\/blog\/los-planes-economicos-de-trump\/#article\",\"isPartOf\":{\"@id\":\"https:\/\/focus.s.nomatter.dev\/es\/blog\/los-planes-economicos-de-trump\/\"},\"author\":{\"name\":\"Miriam Dowd\",\"@id\":\"https:\/\/focus.s.nomatter.dev\/es\/#\/schema\/person\/a6ea9596e6e69459f9f8a56cabc2c5c7\"},\"headline\":\"\u00bfCu\u00e1les son los planes econ\u00f3micos de Trump?\",\"datePublished\":\"2024-07-27T05:41:36+00:00\",\"dateModified\":\"2025-01-29T11:37:59+00:00\",\"mainEntityOfPage\":{\"@id\":\"https:\/\/focus.s.nomatter.dev\/es\/blog\/los-planes-economicos-de-trump\/\"},\"wordCount\":783,\"publisher\":{\"@id\":\"https:\/\/focus.s.nomatter.dev\/es\/#organization\"},\"image\":{\"@id\":\"https:\/\/focus.s.nomatter.dev\/es\/blog\/los-planes-economicos-de-trump\/#primaryimage\"},\"thumbnailUrl\":\"https:\/\/focus-economics.imgix.net\/wp-content\/uploads\/sites\/5\/2024\/07\/trump-economy-focuseconomics-1024x535.png\",\"keywords\":[\"Commodities\",\"BRICS\",\"Deuda p\u00fablica\"],\"articleSection\":[\"Uncategorized\"],\"inLanguage\":\"es\"},{\"@type\":\"WebPage\",\"@id\":\"https:\/\/focus.s.nomatter.dev\/es\/blog\/los-planes-economicos-de-trump\/\",\"url\":\"https:\/\/focus.s.nomatter.dev\/es\/blog\/los-planes-economicos-de-trump\/\",\"name\":\"\u00bfCu\u00e1les son los planes econ\u00f3micos de Trump? - FocusEconomics [ES]\",\"isPartOf\":{\"@id\":\"https:\/\/focus.s.nomatter.dev\/es\/#website\"},\"primaryImageOfPage\":{\"@id\":\"https:\/\/focus.s.nomatter.dev\/es\/blog\/los-planes-economicos-de-trump\/#primaryimage\"},\"image\":{\"@id\":\"https:\/\/focus.s.nomatter.dev\/es\/blog\/los-planes-economicos-de-trump\/#primaryimage\"},\"thumbnailUrl\":\"https:\/\/focus-economics.imgix.net\/wp-content\/uploads\/sites\/5\/2024\/07\/trump-economy-focuseconomics-1024x535.png\",\"datePublished\":\"2024-07-27T05:41:36+00:00\",\"dateModified\":\"2025-01-29T11:37:59+00:00\",\"breadcrumb\":{\"@id\":\"https:\/\/focus.s.nomatter.dev\/es\/blog\/los-planes-economicos-de-trump\/#breadcrumb\"},\"inLanguage\":\"es\",\"potentialAction\":[{\"@type\":\"ReadAction\",\"target\":[\"https:\/\/focus.s.nomatter.dev\/es\/blog\/los-planes-economicos-de-trump\/\"]}]},{\"@type\":\"ImageObject\",\"inLanguage\":\"es\",\"@id\":\"https:\/\/focus.s.nomatter.dev\/es\/blog\/los-planes-economicos-de-trump\/#primaryimage\",\"url\":\"https:\/\/focus-economics.imgix.net\/wp-content\/uploads\/sites\/5\/2024\/07\/trump-economy-focuseconomics-1024x535.png\",\"contentUrl\":\"https:\/\/focus-economics.imgix.net\/wp-content\/uploads\/sites\/5\/2024\/07\/trump-economy-focuseconomics-1024x535.png\"},{\"@type\":\"BreadcrumbList\",\"@id\":\"https:\/\/focus.s.nomatter.dev\/es\/blog\/los-planes-economicos-de-trump\/#breadcrumb\",\"itemListElement\":[{\"@type\":\"ListItem\",\"position\":1,\"name\":\"Home\",\"item\":\"https:\/\/focus.s.nomatter.dev\/es\/\"},{\"@type\":\"ListItem\",\"position\":2,\"name\":\"\u00bfCu\u00e1les son los planes econ\u00f3micos de Trump?\"}]},{\"@type\":\"WebSite\",\"@id\":\"https:\/\/focus.s.nomatter.dev\/es\/#website\",\"url\":\"https:\/\/focus.s.nomatter.dev\/es\/\",\"name\":\"FocusEconomics\",\"description\":\"Economic Indicators, News and Forecasts\",\"publisher\":{\"@id\":\"https:\/\/focus.s.nomatter.dev\/es\/#organization\"},\"potentialAction\":[{\"@type\":\"SearchAction\",\"target\":{\"@type\":\"EntryPoint\",\"urlTemplate\":\"https:\/\/focus.s.nomatter.dev\/es\/search-results\/?global-search={search_term_string}\"},\"query-input\":{\"@type\":\"PropertyValueSpecification\",\"valueRequired\":true,\"valueName\":\"search_term_string\"}}],\"inLanguage\":\"es\"},{\"@type\":\"Organization\",\"@id\":\"https:\/\/focus.s.nomatter.dev\/es\/#organization\",\"name\":\"FocusEconomics\",\"url\":\"https:\/\/focus.s.nomatter.dev\/es\/\",\"logo\":{\"@type\":\"ImageObject\",\"inLanguage\":\"es\",\"@id\":\"https:\/\/focus.s.nomatter.dev\/es\/#\/schema\/logo\/image\/\",\"url\":\"https:\/\/focus-d7op8.kinsta.storage\/production\/uploads\/sites\/5\/2022\/08\/logo.svg\",\"contentUrl\":\"https:\/\/focus-d7op8.kinsta.storage\/production\/uploads\/sites\/5\/2022\/08\/logo.svg\",\"width\":277,\"height\":54,\"caption\":\"FocusEconomics\"},\"image\":{\"@id\":\"https:\/\/focus.s.nomatter.dev\/es\/#\/schema\/logo\/image\/\"},\"sameAs\":[\"https:\/\/www.facebook.com\/FocusEconomics\",\"https:\/\/x.com\/FocusEconomics\"]},{\"@type\":\"Person\",\"@id\":\"https:\/\/focus.s.nomatter.dev\/es\/#\/schema\/person\/a6ea9596e6e69459f9f8a56cabc2c5c7\",\"name\":\"Miriam Dowd\"}]}<\/script>\n<!-- \/ Yoast SEO Premium plugin. -->","yoast_head_json":{"title":"\u00bfCu\u00e1les son los planes econ\u00f3micos de Trump? - FocusEconomics [ES]","robots":{"index":"noindex","follow":"follow","max-snippet":"max-snippet:-1","max-image-preview":"max-image-preview:large","max-video-preview":"max-video-preview:-1"},"og_locale":"es_ES","og_type":"article","og_title":"\u00bfCu\u00e1les son los planes econ\u00f3micos de Trump?","og_description":"Leer en ingles Desde que Joe Biden abandon\u00f3 la campa\u00f1a presidencial en favor de la vicepresidenta Kamala Harris el 22 de julio, las encuestas han mostrado una reducci\u00f3n de la diferencia en intenci\u00f3n de voto entre Harris y Donald Trump. Sin embargo, Trump sigue teniendo muchas posibilidades de hacerse con la presidencia en las elecciones","og_url":"https:\/\/focus.s.nomatter.dev\/es\/blog\/los-planes-economicos-de-trump\/","og_site_name":"FocusEconomics [ES]","article_publisher":"https:\/\/www.facebook.com\/FocusEconomics","article_published_time":"2024-07-27T05:41:36+00:00","article_modified_time":"2025-01-29T11:37:59+00:00","og_image":[{"width":2400,"height":1254,"url":"https:\/\/focus-stg.nm-img.net\/uploads\/sites\/5\/2024\/07\/trump-economy-focuseconomics.png","type":"image\/png"}],"author":"Miriam Dowd","twitter_card":"summary_large_image","twitter_creator":"@FocusEconomics","twitter_site":"@FocusEconomics","twitter_misc":{"Escrito por":"Miriam Dowd","Tiempo de lectura":"4 minutos"},"schema":{"@context":"https:\/\/schema.org","@graph":[{"@type":"Article","@id":"https:\/\/focus.s.nomatter.dev\/es\/blog\/los-planes-economicos-de-trump\/#article","isPartOf":{"@id":"https:\/\/focus.s.nomatter.dev\/es\/blog\/los-planes-economicos-de-trump\/"},"author":{"name":"Miriam Dowd","@id":"https:\/\/focus.s.nomatter.dev\/es\/#\/schema\/person\/a6ea9596e6e69459f9f8a56cabc2c5c7"},"headline":"\u00bfCu\u00e1les son los planes econ\u00f3micos de Trump?","datePublished":"2024-07-27T05:41:36+00:00","dateModified":"2025-01-29T11:37:59+00:00","mainEntityOfPage":{"@id":"https:\/\/focus.s.nomatter.dev\/es\/blog\/los-planes-economicos-de-trump\/"},"wordCount":783,"publisher":{"@id":"https:\/\/focus.s.nomatter.dev\/es\/#organization"},"image":{"@id":"https:\/\/focus.s.nomatter.dev\/es\/blog\/los-planes-economicos-de-trump\/#primaryimage"},"thumbnailUrl":"https:\/\/focus-economics.imgix.net\/wp-content\/uploads\/sites\/5\/2024\/07\/trump-economy-focuseconomics-1024x535.png","keywords":["Commodities","BRICS","Deuda p\u00fablica"],"articleSection":["Uncategorized"],"inLanguage":"es"},{"@type":"WebPage","@id":"https:\/\/focus.s.nomatter.dev\/es\/blog\/los-planes-economicos-de-trump\/","url":"https:\/\/focus.s.nomatter.dev\/es\/blog\/los-planes-economicos-de-trump\/","name":"\u00bfCu\u00e1les son los planes econ\u00f3micos de Trump? - FocusEconomics [ES]","isPartOf":{"@id":"https:\/\/focus.s.nomatter.dev\/es\/#website"},"primaryImageOfPage":{"@id":"https:\/\/focus.s.nomatter.dev\/es\/blog\/los-planes-economicos-de-trump\/#primaryimage"},"image":{"@id":"https:\/\/focus.s.nomatter.dev\/es\/blog\/los-planes-economicos-de-trump\/#primaryimage"},"thumbnailUrl":"https:\/\/focus-economics.imgix.net\/wp-content\/uploads\/sites\/5\/2024\/07\/trump-economy-focuseconomics-1024x535.png","datePublished":"2024-07-27T05:41:36+00:00","dateModified":"2025-01-29T11:37:59+00:00","breadcrumb":{"@id":"https:\/\/focus.s.nomatter.dev\/es\/blog\/los-planes-economicos-de-trump\/#breadcrumb"},"inLanguage":"es","potentialAction":[{"@type":"ReadAction","target":["https:\/\/focus.s.nomatter.dev\/es\/blog\/los-planes-economicos-de-trump\/"]}]},{"@type":"ImageObject","inLanguage":"es","@id":"https:\/\/focus.s.nomatter.dev\/es\/blog\/los-planes-economicos-de-trump\/#primaryimage","url":"https:\/\/focus-economics.imgix.net\/wp-content\/uploads\/sites\/5\/2024\/07\/trump-economy-focuseconomics-1024x535.png","contentUrl":"https:\/\/focus-economics.imgix.net\/wp-content\/uploads\/sites\/5\/2024\/07\/trump-economy-focuseconomics-1024x535.png"},{"@type":"BreadcrumbList","@id":"https:\/\/focus.s.nomatter.dev\/es\/blog\/los-planes-economicos-de-trump\/#breadcrumb","itemListElement":[{"@type":"ListItem","position":1,"name":"Home","item":"https:\/\/focus.s.nomatter.dev\/es\/"},{"@type":"ListItem","position":2,"name":"\u00bfCu\u00e1les son los planes econ\u00f3micos de Trump?"}]},{"@type":"WebSite","@id":"https:\/\/focus.s.nomatter.dev\/es\/#website","url":"https:\/\/focus.s.nomatter.dev\/es\/","name":"FocusEconomics","description":"Economic Indicators, News and Forecasts","publisher":{"@id":"https:\/\/focus.s.nomatter.dev\/es\/#organization"},"potentialAction":[{"@type":"SearchAction","target":{"@type":"EntryPoint","urlTemplate":"https:\/\/focus.s.nomatter.dev\/es\/search-results\/?global-search={search_term_string}"},"query-input":{"@type":"PropertyValueSpecification","valueRequired":true,"valueName":"search_term_string"}}],"inLanguage":"es"},{"@type":"Organization","@id":"https:\/\/focus.s.nomatter.dev\/es\/#organization","name":"FocusEconomics","url":"https:\/\/focus.s.nomatter.dev\/es\/","logo":{"@type":"ImageObject","inLanguage":"es","@id":"https:\/\/focus.s.nomatter.dev\/es\/#\/schema\/logo\/image\/","url":"https:\/\/focus-d7op8.kinsta.storage\/production\/uploads\/sites\/5\/2022\/08\/logo.svg","contentUrl":"https:\/\/focus-d7op8.kinsta.storage\/production\/uploads\/sites\/5\/2022\/08\/logo.svg","width":277,"height":54,"caption":"FocusEconomics"},"image":{"@id":"https:\/\/focus.s.nomatter.dev\/es\/#\/schema\/logo\/image\/"},"sameAs":["https:\/\/www.facebook.com\/FocusEconomics","https:\/\/x.com\/FocusEconomics"]},{"@type":"Person","@id":"https:\/\/focus.s.nomatter.dev\/es\/#\/schema\/person\/a6ea9596e6e69459f9f8a56cabc2c5c7","name":"Miriam Dowd"}]}},"_links":{"self":[{"href":"https:\/\/focus.s.nomatter.dev\/es\/wp-json\/wp\/v2\/posts\/152810","targetHints":{"allow":["GET"]}}],"collection":[{"href":"https:\/\/focus.s.nomatter.dev\/es\/wp-json\/wp\/v2\/posts"}],"about":[{"href":"https:\/\/focus.s.nomatter.dev\/es\/wp-json\/wp\/v2\/types\/post"}],"author":[{"embeddable":true,"href":"https:\/\/focus.s.nomatter.dev\/es\/wp-json\/wp\/v2\/users\/8"}],"replies":[{"embeddable":true,"href":"https:\/\/focus.s.nomatter.dev\/es\/wp-json\/wp\/v2\/comments?post=152810"}],"version-history":[{"count":1,"href":"https:\/\/focus.s.nomatter.dev\/es\/wp-json\/wp\/v2\/posts\/152810\/revisions"}],"predecessor-version":[{"id":155566,"href":"https:\/\/focus.s.nomatter.dev\/es\/wp-json\/wp\/v2\/posts\/152810\/revisions\/155566"}],"wp:attachment":[{"href":"https:\/\/focus.s.nomatter.dev\/es\/wp-json\/wp\/v2\/media?parent=152810"}],"wp:term":[{"taxonomy":"category","embeddable":true,"href":"https:\/\/focus.s.nomatter.dev\/es\/wp-json\/wp\/v2\/categories?post=152810"},{"taxonomy":"post_tag","embeddable":true,"href":"https:\/\/focus.s.nomatter.dev\/es\/wp-json\/wp\/v2\/tags?post=152810"}],"curies":[{"name":"wp","href":"https:\/\/api.w.org\/{rel}","templated":true}]}}