{"id":154434,"date":"2024-11-26T09:45:47","date_gmt":"2024-11-26T09:45:47","guid":{"rendered":"https:\/\/focus.s.nomatter.dev\/es\/?p=154434"},"modified":"2025-11-17T18:41:42","modified_gmt":"2025-11-17T18:41:42","slug":"trump-como-cambian-nuestras-previsiones-de-consenso-diarias-para-la-reserva-federal-los-tipos-de-cambio-y-la-economia-mundial","status":"publish","type":"post","link":"https:\/\/focus.s.nomatter.dev\/es\/blog\/trump-como-cambian-nuestras-previsiones-de-consenso-diarias-para-la-reserva-federal-los-tipos-de-cambio-y-la-economia-mundial\/","title":{"rendered":"Trump 2.0: C\u00f3mo cambian nuestras Previsiones de Consenso diarias para la Reserva Federal, los tipos de cambio y la econom\u00eda mundial"},"content":{"rendered":"<p><a href=\"https:\/\/focus.s.nomatter.dev\/blog\/trump-how-our-daily-consensus-forecasts-are-changing-for-the-fed-exchange-rates-and-the-world-economy\/\"><em>Read in English<\/em><\/a><\/p>\n<p>Las <a href=\"https:\/\/focus.s.nomatter.dev\/es\/solutions\/data-platform\/actualizaciones-diarias-de-focusanalytics\/\">actualizaciones diarias<\/a> de nuestras previsiones de consenso han cambiado desde que Trump fue reelegido presidente el 5 de noviembre, y nuestro panel de economistas ya ha modificado sus previsiones sobre el d\u00f3lar, la inflaci\u00f3n estadounidense y las decisiones de la Reserva Federal. El resto de la econom\u00eda mundial no ha sido inmune, con las perspectivas de aquellas econom\u00edas entrelazadas con Estados Unidos particularmente susceptibles.<\/p>\n<p>Trump a\u00fan no ha tomado el poder. Los panelistas a los que encuestamos como parte de las <a href=\"https:\/\/focus.s.nomatter.dev\/es\/solutions\/data-platform\/actualizaciones-diarias-de-focusanalytics\/\">actualizaciones diarias<\/a> de nuestro Consensus Forecast suelen insistir en que sus previsiones cambiar\u00e1n en los pr\u00f3ximos meses a medida que se cristalice la agenda pol\u00edtica de Trump. No tienen una bola de cristal. Pero sus nuevas predicciones ser\u00e1n de gran inter\u00e9s para las empresas, los consumidores y los inversores, que no pueden permitirse esperar hasta el 20 de enero de 2029 -la fecha en que finalizar\u00e1 el segundo mandato de Trump- para conocer el impacto econ\u00f3mico del presidente electo.<\/p>\n<h2><strong>La econom\u00eda estadounidense<\/strong><\/h2>\n<p>Desde el 5 de noviembre, nuestros panelistas han elevado sus previsiones para la inflaci\u00f3n estadounidense y el tipo de inter\u00e9s oficial de la Reserva Federal en 2025, debido al probable impacto inflacionista de las pol\u00edticas fiscales, arancelarias y de inmigraci\u00f3n de Trump.<\/p>\n<p><img loading=\"lazy\" decoding=\"async\" class=\"alignnone wp-image-154464\" src=\"https:\/\/focus-d7op8.kinsta.storage\/production\/uploads\/sites\/5\/2024\/11\/image-2-300x157.png\" alt=\"\" width=\"683\" height=\"357\" srcset=\"https:\/\/focus-d7op8.kinsta.storage\/staging\/uploads\/sites\/5\/2024\/11\/image-2-300x157.png 300w, https:\/\/focus-d7op8.kinsta.storage\/staging\/uploads\/sites\/5\/2024\/11\/image-2-1024x535.png 1024w, https:\/\/focus-d7op8.kinsta.storage\/staging\/uploads\/sites\/5\/2024\/11\/image-2-768x401.png 768w, https:\/\/focus-d7op8.kinsta.storage\/staging\/uploads\/sites\/5\/2024\/11\/image-2-1536x803.png 1536w, https:\/\/focus-d7op8.kinsta.storage\/staging\/uploads\/sites\/5\/2024\/11\/image-2-2048x1070.png 2048w\" sizes=\"auto, (max-width: 683px) 100vw, 683px\" \/><\/p>\n<p><strong>Los analistas de Nomura <\/strong>comentaron:<\/p>\n<p><em>\u00abLa victoria de Donald Trump y [una] cierta barrida roja cambian significativamente nuestras perspectivas macro. Ahora vemos un repunte de la inflaci\u00f3n estadounidense en 2025, impulsado por los impuestos generalizados que esperamos que Estados Unidos imponga en el primer semestre de 2025. Por lo tanto, ahora esperamos que la Fed recorte una vez m\u00e1s en 2024 y solo una vez en 2025 al todav\u00eda restrictivo 4,125%\u00bb.<\/em><\/p>\n<p>Seg\u00fan <strong>los analistas de Fitch Solutions:<\/strong><\/p>\n<p><em>\u00abLa victoria de Trump nos llev\u00f3 a introducir varios cambios en nuestras previsiones macroecon\u00f3micas para EE. UU. La resistencia de la econom\u00eda estadounidense en 2025 (crecimiento previsto del 1,9 %), combinada con la posibilidad de una mayor inflaci\u00f3n a trav\u00e9s de los impuestos y un d\u00e9ficit fiscal m\u00e1s amplio (en torno al 7,0 % del PIB), probablemente har\u00e1 que la Fed adopte un enfoque m\u00e1s cauteloso con respecto a los recortes de los tipos de inter\u00e9s. Ahora prevemos que la Fed recorte los tipos de inter\u00e9s en 125 pb acumulativos hasta el 3,50% a finales de 2025 (anteriormente: 3,00%).\u00bb<\/em><\/p>\n<h2><strong>La econom\u00eda mundial<\/strong><\/h2>\n<p>Como resultado de los probables impuestos bajo Trump, nuestros panelistas han recortado sus previsiones de crecimiento econ\u00f3mico para 2025 para China, Europa y otros pa\u00edses con estrechos v\u00ednculos comerciales con Estados Unidos.<\/p>\n<p><img loading=\"lazy\" decoding=\"async\" class=\"alignnone wp-image-154466\" src=\"https:\/\/focus-d7op8.kinsta.storage\/production\/uploads\/sites\/5\/2024\/11\/image-1-300x157.png\" alt=\"\" width=\"662\" height=\"346\" srcset=\"https:\/\/focus-d7op8.kinsta.storage\/staging\/uploads\/sites\/5\/2024\/11\/image-1-300x157.png 300w, https:\/\/focus-d7op8.kinsta.storage\/staging\/uploads\/sites\/5\/2024\/11\/image-1-1024x535.png 1024w, https:\/\/focus-d7op8.kinsta.storage\/staging\/uploads\/sites\/5\/2024\/11\/image-1-768x401.png 768w, https:\/\/focus-d7op8.kinsta.storage\/staging\/uploads\/sites\/5\/2024\/11\/image-1-1536x803.png 1536w, https:\/\/focus-d7op8.kinsta.storage\/staging\/uploads\/sites\/5\/2024\/11\/image-1-2048x1070.png 2048w\" sizes=\"auto, (max-width: 662px) 100vw, 662px\" \/><\/p>\n<p>Seg\u00fan<strong> los analistas de Goldman Sachs:<\/strong><\/p>\n<p><em>\u00abHemos recortado nuestra previsi\u00f3n del PIB de la zona del euro hasta un 0,8% por debajo del consenso, lo que refleja los continuos vientos en contra estructurales y el impacto de la incertidumbre de la pol\u00edtica comercial. Tambi\u00e9n hemos recortado nuestra previsi\u00f3n del PIB de China para 2025 al 4,5%, debido al aumento de los impuestos en EE.UU., que s\u00f3lo se compensa parcialmente con unas pol\u00edticas macroecon\u00f3micas m\u00e1s flexibles. Los riesgos tanto en Europa como en China son a la baja si los impuestos aumentan m\u00e1s all\u00e1 de nuestra l\u00ednea de base.\u00bb<\/em><\/p>\n<p>Seg\u00fan <strong>los analistas de S&amp;P Global:<\/strong><\/p>\n<p><em>\u00abSi bien los pa\u00edses del ASS pueden disfrutar de algunos beneficios [de una presidencia de Trump] -como la reorientaci\u00f3n china de las exportaciones dirigidas inicialmente al mercado estadounidense- y de mayores esfuerzos por parte de los pa\u00edses BRICS para ampliar su huella comercial y de inversi\u00f3n, es probable que el impacto general de la pol\u00edtica arancelaria estadounidense prevista resulte adverso para el probable crecimiento del ASS. Rebajamos nuestras previsiones para 2025- 29 en 0,2 puntos porcentuales\u00bb.<\/em><\/p>\n<h2><strong>Tipos de cambio<\/strong><\/h2>\n<p>Como esperan que los tipos de inter\u00e9s estadounidenses sean m\u00e1s altos de lo previsto, nuestros panelistas prev\u00e9n ahora que el euro, la libra esterlina y el yen -junto con las divisas de los mercados emergentes- sean m\u00e1s d\u00e9biles en 2025 de lo estimado anteriormente. Esto podr\u00eda obligar a los bancos centrales con esas divisas a recortar los tipos de inter\u00e9s m\u00e1s lentamente, al igual que la Reserva Federal.<\/p>\n<p><img loading=\"lazy\" decoding=\"async\" class=\"alignnone wp-image-154467\" src=\"https:\/\/focus-d7op8.kinsta.storage\/production\/uploads\/sites\/5\/2024\/11\/image-300x157.png\" alt=\"\" width=\"646\" height=\"338\" srcset=\"https:\/\/focus-d7op8.kinsta.storage\/staging\/uploads\/sites\/5\/2024\/11\/image-300x157.png 300w, https:\/\/focus-d7op8.kinsta.storage\/staging\/uploads\/sites\/5\/2024\/11\/image-1024x535.png 1024w, https:\/\/focus-d7op8.kinsta.storage\/staging\/uploads\/sites\/5\/2024\/11\/image-768x401.png 768w, https:\/\/focus-d7op8.kinsta.storage\/staging\/uploads\/sites\/5\/2024\/11\/image-1536x803.png 1536w, https:\/\/focus-d7op8.kinsta.storage\/staging\/uploads\/sites\/5\/2024\/11\/image-2048x1070.png 2048w\" sizes=\"auto, (max-width: 646px) 100vw, 646px\" \/><\/p>\n<p><strong>Los analistas de EIU <\/strong>dijeron:<\/p>\n<p><em>\u00abEsperamos que un d\u00f3lar fuerte persista en la segunda administraci\u00f3n del Sr. Trump. Esto supone un reto pol\u00edtico inmediato para Trump, que desde hace tiempo prefiere un d\u00f3lar m\u00e1s d\u00e9bil para apoyar las exportaciones. Los factores estructurales -los diferenciales de tipos de inter\u00e9s y la balanza por cuenta corriente- seguir\u00e1n apoyando la fortaleza del d\u00f3lar.\u00bb<\/em><\/p>\n<p><strong>Shani Smit-Lengton, de Oxford Economics<\/strong>, coment\u00f3 las perspectivas de la divisa keniana:<\/p>\n<p><em>\u00abNuestras previsiones a corto plazo [para Kenia] se han mantenido pr\u00e1cticamente sin cambios tras la victoria de Trump. Sin embargo, hemos revisado nuestras proyecciones de tipo de cambio a medio y largo plazo para reflejar un d\u00f3lar estadounidense m\u00e1s fuerte. Adem\u00e1s, nuestro equipo estadounidense ha actualizado sus predicciones a medio y largo plazo para los rendimientos de los bonos a 10 a\u00f1os, lo que ha dado lugar a ajustes en nuestras previsiones de tipos de inter\u00e9s locales. A la luz de la creciente incertidumbre pol\u00edtica mundial, tambi\u00e9n hemos rebajado nuestras previsiones de inversi\u00f3n futura.\u00bb<\/em><\/p>\n<h2><strong>Nuestro \u00faltimo an\u00e1lisis <\/strong><\/h2>\n<ul>\n<li>La econom\u00eda chilena <a href=\"https:\/\/focus.s.nomatter.dev\/es\/countries\/chile\/news\/pib\/chile-national-accounts-19-11-2024-la-economia-se-recupera-en-el-tercer-trimestre\/\">repunt\u00f3 en el tercer trimestre gracias a la recuperaci\u00f3n del gasto p\u00fablico y privado<\/a>.<\/li>\n<li>La econom\u00eda japonesa <a href=\"https:\/\/focus.s.nomatter.dev\/es\/countries\/japon\/news\/pib\/japan-national-accounts-15-11-2024-el-crecimiento-del-pib-se-desacelera-menos-de-lo-previsto-en-el-3er-trimestre\/\">se desaceler\u00f3 menos de lo previsto en el tercer trimestre<\/a>.<\/li>\n<\/ul>\n","protected":false},"excerpt":{"rendered":"<p>Read in English Las actualizaciones diarias de nuestras previsiones de consenso han cambiado desde que Trump fue reelegido presidente el 5 de noviembre, y nuestro panel de economistas ya ha modificado sus previsiones sobre el d\u00f3lar, la inflaci\u00f3n estadounidense y las decisiones de la Reserva Federal. El resto de la econom\u00eda mundial no ha sido<\/p>\n","protected":false},"author":31,"featured_media":0,"comment_status":"closed","ping_status":"closed","sticky":false,"template":"","format":"standard","meta":{"_acf_changed":false,"editor_notices":[],"footnotes":""},"categories":[1],"tags":[1704,1709,1812],"class_list":["post-154434","post","type-post","status-publish","format-standard","hentry","category-uncategorized","tag-euro-area","tag-united-states","tag-inflacion"],"acf":[],"yoast_head":"<!-- This site is optimized with the Yoast SEO Premium plugin v26.9 (Yoast SEO v26.9) - https:\/\/yoast.com\/product\/yoast-seo-premium-wordpress\/ -->\n<title>Trump 2.0: C\u00f3mo cambian nuestras Previsiones de Consenso diarias para la Reserva Federal, los tipos de cambio y la econom\u00eda mundial - FocusEconomics [ES]<\/title>\n<meta name=\"robots\" content=\"noindex, follow, max-snippet:-1, max-image-preview:large, max-video-preview:-1\" \/>\n<meta property=\"og:locale\" content=\"es_ES\" class=\"yoast-seo-meta-tag\" \/>\n<meta property=\"og:type\" content=\"article\" class=\"yoast-seo-meta-tag\" \/>\n<meta property=\"og:title\" content=\"Trump 2.0: C\u00f3mo cambian nuestras Previsiones de Consenso diarias para la Reserva Federal, los tipos de cambio y la econom\u00eda mundial\" class=\"yoast-seo-meta-tag\" \/>\n<meta property=\"og:description\" content=\"Read in English Las actualizaciones diarias de nuestras previsiones de consenso han cambiado desde que Trump fue reelegido presidente el 5 de noviembre, y nuestro panel de economistas ya ha modificado sus previsiones sobre el d\u00f3lar, la inflaci\u00f3n estadounidense y las decisiones de la Reserva Federal. El resto de la econom\u00eda mundial no ha sido\" class=\"yoast-seo-meta-tag\" \/>\n<meta property=\"og:url\" content=\"https:\/\/focus.s.nomatter.dev\/es\/blog\/trump-como-cambian-nuestras-previsiones-de-consenso-diarias-para-la-reserva-federal-los-tipos-de-cambio-y-la-economia-mundial\/\" class=\"yoast-seo-meta-tag\" \/>\n<meta property=\"og:site_name\" content=\"FocusEconomics [ES]\" class=\"yoast-seo-meta-tag\" \/>\n<meta property=\"article:publisher\" content=\"https:\/\/www.facebook.com\/FocusEconomics\" class=\"yoast-seo-meta-tag\" \/>\n<meta property=\"article:published_time\" content=\"2024-11-26T09:45:47+00:00\" class=\"yoast-seo-meta-tag\" \/>\n<meta property=\"article:modified_time\" content=\"2025-11-17T18:41:42+00:00\" class=\"yoast-seo-meta-tag\" \/>\n<meta property=\"og:image\" content=\"https:\/\/focus-stg.nm-img.net\/uploads\/sites\/5\/2024\/11\/image-2.png\" class=\"yoast-seo-meta-tag\" \/>\n\t<meta property=\"og:image:width\" content=\"2400\" class=\"yoast-seo-meta-tag\" \/>\n\t<meta property=\"og:image:height\" content=\"1254\" class=\"yoast-seo-meta-tag\" \/>\n\t<meta property=\"og:image:type\" content=\"image\/png\" class=\"yoast-seo-meta-tag\" \/>\n<meta name=\"author\" content=\"Mirei Alofan\" class=\"yoast-seo-meta-tag\" \/>\n<meta name=\"twitter:card\" content=\"summary_large_image\" class=\"yoast-seo-meta-tag\" \/>\n<meta name=\"twitter:creator\" content=\"@FocusEconomics\" class=\"yoast-seo-meta-tag\" \/>\n<meta name=\"twitter:site\" content=\"@FocusEconomics\" class=\"yoast-seo-meta-tag\" \/>\n<meta name=\"twitter:label1\" content=\"Escrito por\" class=\"yoast-seo-meta-tag\" \/>\n\t<meta name=\"twitter:data1\" content=\"Mirei Alofan\" class=\"yoast-seo-meta-tag\" \/>\n\t<meta name=\"twitter:label2\" content=\"Tiempo de lectura\" class=\"yoast-seo-meta-tag\" \/>\n\t<meta name=\"twitter:data2\" content=\"5 minutos\" class=\"yoast-seo-meta-tag\" \/>\n<script type=\"application\/ld+json\" class=\"yoast-schema-graph\">{\"@context\":\"https:\/\/schema.org\",\"@graph\":[{\"@type\":\"Article\",\"@id\":\"https:\/\/focus.s.nomatter.dev\/es\/blog\/trump-como-cambian-nuestras-previsiones-de-consenso-diarias-para-la-reserva-federal-los-tipos-de-cambio-y-la-economia-mundial\/#article\",\"isPartOf\":{\"@id\":\"https:\/\/focus.s.nomatter.dev\/es\/blog\/trump-como-cambian-nuestras-previsiones-de-consenso-diarias-para-la-reserva-federal-los-tipos-de-cambio-y-la-economia-mundial\/\"},\"author\":{\"name\":\"Mirei Alofan\",\"@id\":\"https:\/\/focus.s.nomatter.dev\/es\/#\/schema\/person\/e5dbb02bacfb09a1678cefff074acfd3\"},\"headline\":\"Trump 2.0: C\u00f3mo cambian nuestras Previsiones de Consenso diarias para la Reserva Federal, los tipos de cambio y la econom\u00eda mundial\",\"datePublished\":\"2024-11-26T09:45:47+00:00\",\"dateModified\":\"2025-11-17T18:41:42+00:00\",\"mainEntityOfPage\":{\"@id\":\"https:\/\/focus.s.nomatter.dev\/es\/blog\/trump-como-cambian-nuestras-previsiones-de-consenso-diarias-para-la-reserva-federal-los-tipos-de-cambio-y-la-economia-mundial\/\"},\"wordCount\":949,\"publisher\":{\"@id\":\"https:\/\/focus.s.nomatter.dev\/es\/#organization\"},\"image\":{\"@id\":\"https:\/\/focus.s.nomatter.dev\/es\/blog\/trump-como-cambian-nuestras-previsiones-de-consenso-diarias-para-la-reserva-federal-los-tipos-de-cambio-y-la-economia-mundial\/#primaryimage\"},\"thumbnailUrl\":\"https:\/\/focus-d7op8.kinsta.storage\/production\/uploads\/sites\/5\/2024\/11\/image-2-300x157.png\",\"keywords\":[\"Euro Area\",\"United States\",\"Inflacion\"],\"articleSection\":[\"Uncategorized\"],\"inLanguage\":\"es\"},{\"@type\":\"WebPage\",\"@id\":\"https:\/\/focus.s.nomatter.dev\/es\/blog\/trump-como-cambian-nuestras-previsiones-de-consenso-diarias-para-la-reserva-federal-los-tipos-de-cambio-y-la-economia-mundial\/\",\"url\":\"https:\/\/focus.s.nomatter.dev\/es\/blog\/trump-como-cambian-nuestras-previsiones-de-consenso-diarias-para-la-reserva-federal-los-tipos-de-cambio-y-la-economia-mundial\/\",\"name\":\"Trump 2.0: C\u00f3mo cambian nuestras Previsiones de Consenso diarias para la Reserva Federal, los tipos de cambio y la econom\u00eda mundial - FocusEconomics [ES]\",\"isPartOf\":{\"@id\":\"https:\/\/focus.s.nomatter.dev\/es\/#website\"},\"primaryImageOfPage\":{\"@id\":\"https:\/\/focus.s.nomatter.dev\/es\/blog\/trump-como-cambian-nuestras-previsiones-de-consenso-diarias-para-la-reserva-federal-los-tipos-de-cambio-y-la-economia-mundial\/#primaryimage\"},\"image\":{\"@id\":\"https:\/\/focus.s.nomatter.dev\/es\/blog\/trump-como-cambian-nuestras-previsiones-de-consenso-diarias-para-la-reserva-federal-los-tipos-de-cambio-y-la-economia-mundial\/#primaryimage\"},\"thumbnailUrl\":\"https:\/\/focus-d7op8.kinsta.storage\/production\/uploads\/sites\/5\/2024\/11\/image-2-300x157.png\",\"datePublished\":\"2024-11-26T09:45:47+00:00\",\"dateModified\":\"2025-11-17T18:41:42+00:00\",\"breadcrumb\":{\"@id\":\"https:\/\/focus.s.nomatter.dev\/es\/blog\/trump-como-cambian-nuestras-previsiones-de-consenso-diarias-para-la-reserva-federal-los-tipos-de-cambio-y-la-economia-mundial\/#breadcrumb\"},\"inLanguage\":\"es\",\"potentialAction\":[{\"@type\":\"ReadAction\",\"target\":[\"https:\/\/focus.s.nomatter.dev\/es\/blog\/trump-como-cambian-nuestras-previsiones-de-consenso-diarias-para-la-reserva-federal-los-tipos-de-cambio-y-la-economia-mundial\/\"]}]},{\"@type\":\"ImageObject\",\"inLanguage\":\"es\",\"@id\":\"https:\/\/focus.s.nomatter.dev\/es\/blog\/trump-como-cambian-nuestras-previsiones-de-consenso-diarias-para-la-reserva-federal-los-tipos-de-cambio-y-la-economia-mundial\/#primaryimage\",\"url\":\"https:\/\/focus-d7op8.kinsta.storage\/production\/uploads\/sites\/5\/2024\/11\/image-2-300x157.png\",\"contentUrl\":\"https:\/\/focus-d7op8.kinsta.storage\/production\/uploads\/sites\/5\/2024\/11\/image-2-300x157.png\"},{\"@type\":\"BreadcrumbList\",\"@id\":\"https:\/\/focus.s.nomatter.dev\/es\/blog\/trump-como-cambian-nuestras-previsiones-de-consenso-diarias-para-la-reserva-federal-los-tipos-de-cambio-y-la-economia-mundial\/#breadcrumb\",\"itemListElement\":[{\"@type\":\"ListItem\",\"position\":1,\"name\":\"Home\",\"item\":\"https:\/\/focus.s.nomatter.dev\/es\/\"},{\"@type\":\"ListItem\",\"position\":2,\"name\":\"Trump 2.0: C\u00f3mo cambian nuestras Previsiones de Consenso diarias para la Reserva Federal, los tipos de cambio y la econom\u00eda mundial\"}]},{\"@type\":\"WebSite\",\"@id\":\"https:\/\/focus.s.nomatter.dev\/es\/#website\",\"url\":\"https:\/\/focus.s.nomatter.dev\/es\/\",\"name\":\"FocusEconomics\",\"description\":\"Economic Indicators, News and Forecasts\",\"publisher\":{\"@id\":\"https:\/\/focus.s.nomatter.dev\/es\/#organization\"},\"potentialAction\":[{\"@type\":\"SearchAction\",\"target\":{\"@type\":\"EntryPoint\",\"urlTemplate\":\"https:\/\/focus.s.nomatter.dev\/es\/search-results\/?global-search={search_term_string}\"},\"query-input\":{\"@type\":\"PropertyValueSpecification\",\"valueRequired\":true,\"valueName\":\"search_term_string\"}}],\"inLanguage\":\"es\"},{\"@type\":\"Organization\",\"@id\":\"https:\/\/focus.s.nomatter.dev\/es\/#organization\",\"name\":\"FocusEconomics\",\"url\":\"https:\/\/focus.s.nomatter.dev\/es\/\",\"logo\":{\"@type\":\"ImageObject\",\"inLanguage\":\"es\",\"@id\":\"https:\/\/focus.s.nomatter.dev\/es\/#\/schema\/logo\/image\/\",\"url\":\"https:\/\/focus-d7op8.kinsta.storage\/production\/uploads\/sites\/5\/2022\/08\/logo.svg\",\"contentUrl\":\"https:\/\/focus-d7op8.kinsta.storage\/production\/uploads\/sites\/5\/2022\/08\/logo.svg\",\"width\":277,\"height\":54,\"caption\":\"FocusEconomics\"},\"image\":{\"@id\":\"https:\/\/focus.s.nomatter.dev\/es\/#\/schema\/logo\/image\/\"},\"sameAs\":[\"https:\/\/www.facebook.com\/FocusEconomics\",\"https:\/\/x.com\/FocusEconomics\"]},{\"@type\":\"Person\",\"@id\":\"https:\/\/focus.s.nomatter.dev\/es\/#\/schema\/person\/e5dbb02bacfb09a1678cefff074acfd3\",\"name\":\"Mirei Alofan\"}]}<\/script>\n<!-- \/ Yoast SEO Premium plugin. -->","yoast_head_json":{"title":"Trump 2.0: C\u00f3mo cambian nuestras Previsiones de Consenso diarias para la Reserva Federal, los tipos de cambio y la econom\u00eda mundial - FocusEconomics [ES]","robots":{"index":"noindex","follow":"follow","max-snippet":"max-snippet:-1","max-image-preview":"max-image-preview:large","max-video-preview":"max-video-preview:-1"},"og_locale":"es_ES","og_type":"article","og_title":"Trump 2.0: C\u00f3mo cambian nuestras Previsiones de Consenso diarias para la Reserva Federal, los tipos de cambio y la econom\u00eda mundial","og_description":"Read in English Las actualizaciones diarias de nuestras previsiones de consenso han cambiado desde que Trump fue reelegido presidente el 5 de noviembre, y nuestro panel de economistas ya ha modificado sus previsiones sobre el d\u00f3lar, la inflaci\u00f3n estadounidense y las decisiones de la Reserva Federal. El resto de la econom\u00eda mundial no ha sido","og_url":"https:\/\/focus.s.nomatter.dev\/es\/blog\/trump-como-cambian-nuestras-previsiones-de-consenso-diarias-para-la-reserva-federal-los-tipos-de-cambio-y-la-economia-mundial\/","og_site_name":"FocusEconomics [ES]","article_publisher":"https:\/\/www.facebook.com\/FocusEconomics","article_published_time":"2024-11-26T09:45:47+00:00","article_modified_time":"2025-11-17T18:41:42+00:00","og_image":[{"width":2400,"height":1254,"url":"https:\/\/focus-stg.nm-img.net\/uploads\/sites\/5\/2024\/11\/image-2.png","type":"image\/png"}],"author":"Mirei Alofan","twitter_card":"summary_large_image","twitter_creator":"@FocusEconomics","twitter_site":"@FocusEconomics","twitter_misc":{"Escrito por":"Mirei Alofan","Tiempo de lectura":"5 minutos"},"schema":{"@context":"https:\/\/schema.org","@graph":[{"@type":"Article","@id":"https:\/\/focus.s.nomatter.dev\/es\/blog\/trump-como-cambian-nuestras-previsiones-de-consenso-diarias-para-la-reserva-federal-los-tipos-de-cambio-y-la-economia-mundial\/#article","isPartOf":{"@id":"https:\/\/focus.s.nomatter.dev\/es\/blog\/trump-como-cambian-nuestras-previsiones-de-consenso-diarias-para-la-reserva-federal-los-tipos-de-cambio-y-la-economia-mundial\/"},"author":{"name":"Mirei Alofan","@id":"https:\/\/focus.s.nomatter.dev\/es\/#\/schema\/person\/e5dbb02bacfb09a1678cefff074acfd3"},"headline":"Trump 2.0: C\u00f3mo cambian nuestras Previsiones de Consenso diarias para la Reserva Federal, los tipos de cambio y la econom\u00eda mundial","datePublished":"2024-11-26T09:45:47+00:00","dateModified":"2025-11-17T18:41:42+00:00","mainEntityOfPage":{"@id":"https:\/\/focus.s.nomatter.dev\/es\/blog\/trump-como-cambian-nuestras-previsiones-de-consenso-diarias-para-la-reserva-federal-los-tipos-de-cambio-y-la-economia-mundial\/"},"wordCount":949,"publisher":{"@id":"https:\/\/focus.s.nomatter.dev\/es\/#organization"},"image":{"@id":"https:\/\/focus.s.nomatter.dev\/es\/blog\/trump-como-cambian-nuestras-previsiones-de-consenso-diarias-para-la-reserva-federal-los-tipos-de-cambio-y-la-economia-mundial\/#primaryimage"},"thumbnailUrl":"https:\/\/focus-d7op8.kinsta.storage\/production\/uploads\/sites\/5\/2024\/11\/image-2-300x157.png","keywords":["Euro Area","United States","Inflacion"],"articleSection":["Uncategorized"],"inLanguage":"es"},{"@type":"WebPage","@id":"https:\/\/focus.s.nomatter.dev\/es\/blog\/trump-como-cambian-nuestras-previsiones-de-consenso-diarias-para-la-reserva-federal-los-tipos-de-cambio-y-la-economia-mundial\/","url":"https:\/\/focus.s.nomatter.dev\/es\/blog\/trump-como-cambian-nuestras-previsiones-de-consenso-diarias-para-la-reserva-federal-los-tipos-de-cambio-y-la-economia-mundial\/","name":"Trump 2.0: C\u00f3mo cambian nuestras Previsiones de Consenso diarias para la Reserva Federal, los tipos de cambio y la econom\u00eda mundial - FocusEconomics [ES]","isPartOf":{"@id":"https:\/\/focus.s.nomatter.dev\/es\/#website"},"primaryImageOfPage":{"@id":"https:\/\/focus.s.nomatter.dev\/es\/blog\/trump-como-cambian-nuestras-previsiones-de-consenso-diarias-para-la-reserva-federal-los-tipos-de-cambio-y-la-economia-mundial\/#primaryimage"},"image":{"@id":"https:\/\/focus.s.nomatter.dev\/es\/blog\/trump-como-cambian-nuestras-previsiones-de-consenso-diarias-para-la-reserva-federal-los-tipos-de-cambio-y-la-economia-mundial\/#primaryimage"},"thumbnailUrl":"https:\/\/focus-d7op8.kinsta.storage\/production\/uploads\/sites\/5\/2024\/11\/image-2-300x157.png","datePublished":"2024-11-26T09:45:47+00:00","dateModified":"2025-11-17T18:41:42+00:00","breadcrumb":{"@id":"https:\/\/focus.s.nomatter.dev\/es\/blog\/trump-como-cambian-nuestras-previsiones-de-consenso-diarias-para-la-reserva-federal-los-tipos-de-cambio-y-la-economia-mundial\/#breadcrumb"},"inLanguage":"es","potentialAction":[{"@type":"ReadAction","target":["https:\/\/focus.s.nomatter.dev\/es\/blog\/trump-como-cambian-nuestras-previsiones-de-consenso-diarias-para-la-reserva-federal-los-tipos-de-cambio-y-la-economia-mundial\/"]}]},{"@type":"ImageObject","inLanguage":"es","@id":"https:\/\/focus.s.nomatter.dev\/es\/blog\/trump-como-cambian-nuestras-previsiones-de-consenso-diarias-para-la-reserva-federal-los-tipos-de-cambio-y-la-economia-mundial\/#primaryimage","url":"https:\/\/focus-d7op8.kinsta.storage\/production\/uploads\/sites\/5\/2024\/11\/image-2-300x157.png","contentUrl":"https:\/\/focus-d7op8.kinsta.storage\/production\/uploads\/sites\/5\/2024\/11\/image-2-300x157.png"},{"@type":"BreadcrumbList","@id":"https:\/\/focus.s.nomatter.dev\/es\/blog\/trump-como-cambian-nuestras-previsiones-de-consenso-diarias-para-la-reserva-federal-los-tipos-de-cambio-y-la-economia-mundial\/#breadcrumb","itemListElement":[{"@type":"ListItem","position":1,"name":"Home","item":"https:\/\/focus.s.nomatter.dev\/es\/"},{"@type":"ListItem","position":2,"name":"Trump 2.0: C\u00f3mo cambian nuestras Previsiones de Consenso diarias para la Reserva Federal, los tipos de cambio y la econom\u00eda mundial"}]},{"@type":"WebSite","@id":"https:\/\/focus.s.nomatter.dev\/es\/#website","url":"https:\/\/focus.s.nomatter.dev\/es\/","name":"FocusEconomics","description":"Economic Indicators, News and Forecasts","publisher":{"@id":"https:\/\/focus.s.nomatter.dev\/es\/#organization"},"potentialAction":[{"@type":"SearchAction","target":{"@type":"EntryPoint","urlTemplate":"https:\/\/focus.s.nomatter.dev\/es\/search-results\/?global-search={search_term_string}"},"query-input":{"@type":"PropertyValueSpecification","valueRequired":true,"valueName":"search_term_string"}}],"inLanguage":"es"},{"@type":"Organization","@id":"https:\/\/focus.s.nomatter.dev\/es\/#organization","name":"FocusEconomics","url":"https:\/\/focus.s.nomatter.dev\/es\/","logo":{"@type":"ImageObject","inLanguage":"es","@id":"https:\/\/focus.s.nomatter.dev\/es\/#\/schema\/logo\/image\/","url":"https:\/\/focus-d7op8.kinsta.storage\/production\/uploads\/sites\/5\/2022\/08\/logo.svg","contentUrl":"https:\/\/focus-d7op8.kinsta.storage\/production\/uploads\/sites\/5\/2022\/08\/logo.svg","width":277,"height":54,"caption":"FocusEconomics"},"image":{"@id":"https:\/\/focus.s.nomatter.dev\/es\/#\/schema\/logo\/image\/"},"sameAs":["https:\/\/www.facebook.com\/FocusEconomics","https:\/\/x.com\/FocusEconomics"]},{"@type":"Person","@id":"https:\/\/focus.s.nomatter.dev\/es\/#\/schema\/person\/e5dbb02bacfb09a1678cefff074acfd3","name":"Mirei Alofan"}]}},"_links":{"self":[{"href":"https:\/\/focus.s.nomatter.dev\/es\/wp-json\/wp\/v2\/posts\/154434","targetHints":{"allow":["GET"]}}],"collection":[{"href":"https:\/\/focus.s.nomatter.dev\/es\/wp-json\/wp\/v2\/posts"}],"about":[{"href":"https:\/\/focus.s.nomatter.dev\/es\/wp-json\/wp\/v2\/types\/post"}],"author":[{"embeddable":true,"href":"https:\/\/focus.s.nomatter.dev\/es\/wp-json\/wp\/v2\/users\/31"}],"replies":[{"embeddable":true,"href":"https:\/\/focus.s.nomatter.dev\/es\/wp-json\/wp\/v2\/comments?post=154434"}],"version-history":[{"count":2,"href":"https:\/\/focus.s.nomatter.dev\/es\/wp-json\/wp\/v2\/posts\/154434\/revisions"}],"predecessor-version":[{"id":158218,"href":"https:\/\/focus.s.nomatter.dev\/es\/wp-json\/wp\/v2\/posts\/154434\/revisions\/158218"}],"wp:attachment":[{"href":"https:\/\/focus.s.nomatter.dev\/es\/wp-json\/wp\/v2\/media?parent=154434"}],"wp:term":[{"taxonomy":"category","embeddable":true,"href":"https:\/\/focus.s.nomatter.dev\/es\/wp-json\/wp\/v2\/categories?post=154434"},{"taxonomy":"post_tag","embeddable":true,"href":"https:\/\/focus.s.nomatter.dev\/es\/wp-json\/wp\/v2\/tags?post=154434"}],"curies":[{"name":"wp","href":"https:\/\/api.w.org\/{rel}","templated":true}]}}