{"id":154606,"date":"2024-12-09T12:18:27","date_gmt":"2024-12-09T12:18:27","guid":{"rendered":"https:\/\/focus.s.nomatter.dev\/es\/?p=154606"},"modified":"2025-01-29T09:53:33","modified_gmt":"2025-01-29T09:53:33","slug":"agitacion-politica-en-corea-del-sur-que-significa-para-las-perspectivas-economicas","status":"publish","type":"post","link":"https:\/\/focus.s.nomatter.dev\/es\/blog\/agitacion-politica-en-corea-del-sur-que-significa-para-las-perspectivas-economicas\/","title":{"rendered":"Agitaci\u00f3n pol\u00edtica en Corea del Sur: \u00bfQu\u00e9 significa para las perspectivas econ\u00f3micas?"},"content":{"rendered":"<p><a href=\"https:\/\/focus.s.nomatter.dev\/blog\/political-turmoil-in-south-korea-what-does-it-mean-for-the-economic-outlook\/\"><em>Read in English<\/em><\/a><\/p>\n<p>A principios de diciembre, el presidente de Corea del Sur, Yoon Suk Yeol, hizo una breve declaraci\u00f3n de ley marcial, s\u00f3lo para rectificar r\u00e1pidamente cuando el Parlamento vot\u00f3 en contra. Fue entonces sometido a un procedimiento de destituci\u00f3n: a pesar de sobrevivir a la votaci\u00f3n gracias al apoyo de su partido, la presi\u00f3n sobre el Presidente va en aumento, y es posible que se celebren elecciones presidenciales anticipadas en 2025. A continuaci\u00f3n, analizamos las implicaciones econ\u00f3micas y nuestras previsiones de consenso.<\/p>\n<h3><strong>La econom\u00eda nacional podr\u00eda sufrir un rev\u00e9s a corto plazo<\/strong><\/h3>\n<p>El consumo privado y la inversi\u00f3n fija podr\u00edan verse frenados por un sentimiento m\u00e1s pesimista de los consumidores y las empresas, dado que es probable que la incertidumbre pol\u00edtica persista durante alg\u00fan tiempo. Ambos indicadores han sido moderados en lo que va de 2024: los elevados tipos de inter\u00e9s han lastrado el gasto privado, y la pol\u00edtica fiscal del Gobierno, bastante austera, ha contenido el gasto p\u00fablico.<\/p>\n<h3><strong>Las exportaciones no se ver\u00e1n afectadas<\/strong><\/h3>\n<p>Las exportaciones han sido el motor clave del crecimiento a lo largo de 2024, aumentando alrededor del 8% en t\u00e9rminos anuales entre el primer y el tercer trimestre gracias al aumento de los env\u00edos de semiconductores. Dado que la norma marcial fue r\u00e1pidamente rescindida, no deber\u00eda haber ninguna interrupci\u00f3n en el sector de la exportaci\u00f3n, que deber\u00eda seguir creciendo m\u00e1s r\u00e1pido que el PIB total a medida que el aumento del uso mundial de la IA estimula la demanda de productos electr\u00f3nicos del pa\u00eds.<\/p>\n<h3><strong>La relajaci\u00f3n monetaria podr\u00eda acelerarse<\/strong><\/h3>\n<p>El Banco de Corea ha recortado los tipos de inter\u00e9s en 50 puntos b\u00e1sicos en lo que va de a\u00f1o y se ha comprometido a inyectar liquidez ilimitada para estabilizar los mercados tras la declaraci\u00f3n de la ley marcial. Si la demanda interna se ve afectada negativamente por la inestabilidad pol\u00edtica, el Banco podr\u00eda acelerar su ciclo de relajaci\u00f3n. Por ahora, la mayor\u00eda de nuestros panelistas ven 50 puntos b\u00e1sicos m\u00e1s de recortes en 2025.<\/p>\n<h3><strong>Las elecciones anticipadas de 2025 podr\u00edan anunciar una victoria de la oposici\u00f3n<\/strong><\/h3>\n<p>Si el Presidente dimite, podr\u00edan convocarse elecciones presidenciales anticipadas para el pr\u00f3ximo a\u00f1o. Dado el descontento de la poblaci\u00f3n con el Presidente, es probable que el partido de la oposici\u00f3n, que ya controla el Parlamento, se alce con la victoria. De este modo, la formulaci\u00f3n de pol\u00edticas, actualmente bloqueada, ser\u00eda m\u00e1s f\u00e1cil y la pol\u00edtica fiscal probablemente m\u00e1s expansiva.<\/p>\n<h3><strong>Perspectivas actuales de nuestros panelistas para Corea del Sur<\/strong><\/h3>\n<p>Nuestro consenso actual es que la econom\u00eda de Corea del Sur se ralentizar\u00e1 el pr\u00f3ximo a\u00f1o a medida que EE.UU. aumente los aranceles a la importaci\u00f3n, pero la pol\u00edtica interna a\u00f1ade un grado extra de incertidumbre: Un prolongado enfrentamiento pol\u00edtico entre el Parlamento y el Presidente o la reimposici\u00f3n de la ley marcial podr\u00edan lastrar el crecimiento, pero unas elecciones anticipadas podr\u00edan ser positivas para el crecimiento si el partido de la oposici\u00f3n sale victorioso.<\/p>\n<p><img loading=\"lazy\" decoding=\"async\" class=\"alignnone wp-image-154608\" src=\"https:\/\/focus-d7op8.kinsta.storage\/production\/uploads\/sites\/5\/2024\/12\/newsletter-graph-3-1-300x157.png\" alt=\"\" width=\"803\" height=\"420\" srcset=\"https:\/\/focus-d7op8.kinsta.storage\/staging\/uploads\/sites\/5\/2024\/12\/newsletter-graph-3-1-300x157.png 300w, https:\/\/focus-d7op8.kinsta.storage\/staging\/uploads\/sites\/5\/2024\/12\/newsletter-graph-3-1-1024x535.png 1024w, https:\/\/focus-d7op8.kinsta.storage\/staging\/uploads\/sites\/5\/2024\/12\/newsletter-graph-3-1-768x401.png 768w, https:\/\/focus-d7op8.kinsta.storage\/staging\/uploads\/sites\/5\/2024\/12\/newsletter-graph-3-1-1536x803.png 1536w, https:\/\/focus-d7op8.kinsta.storage\/staging\/uploads\/sites\/5\/2024\/12\/newsletter-graph-3-1-2048x1070.png 2048w\" sizes=\"auto, (max-width: 803px) 100vw, 803px\" \/><\/p>\n<h2><strong>La opini\u00f3n de nuestros analistas<\/strong><\/h2>\n<p>En cuanto a las perspectivas pol\u00edticas, los <strong>analistas del EIU<\/strong> comentaron:<\/p>\n<p><em>\u00abActualmente estimamos que se celebrar\u00e1n elecciones presidenciales a finales del primer semestre de 2025. Esperamos que las elecciones den lugar a un nuevo presidente del partido de la oposici\u00f3n Minjoo. Aunque nuestra hip\u00f3tesis de base es que los recientes acontecimientos ser\u00e1n negativos para las perspectivas econ\u00f3micas de Corea del Sur, tambi\u00e9n existen riesgos al alza. Un presidente del Minjoo unificar\u00eda el ejecutivo y el legislativo, evitando otros dos a\u00f1os de esclerosis pol\u00edtica hasta las elecciones de 2027. Minjoo tambi\u00e9n es hist\u00f3ricamente m\u00e1s liberal desde el punto de vista fiscal, lo que podr\u00eda traducirse en un mayor gasto p\u00fablico.\u00bb<\/em><\/p>\n<p>En cuanto a la econom\u00eda, los <strong>analistas de Nomura<\/strong> dijeron:<\/p>\n<p><em>\u00abEsperamos que la elevada incertidumbre pol\u00edtica lastre el ya d\u00e9bil consumo y la inversi\u00f3n en construcci\u00f3n. En medio de la desaceleraci\u00f3n del crecimiento de las exportaciones, un per\u00edodo prolongado de incertidumbre aumentar\u00eda el riesgo a la baja de nuestra previsi\u00f3n de crecimiento del PIB para 2025 por debajo del consenso del 1,7% interanual (BOK: 1,9%).\u00bb<\/em><\/p>\n<h2>Nuestro \u00faltimo an\u00e1lisis<\/h2>\n<ul>\n<li>La econom\u00eda canadiense <a href=\"https:\/\/focus.s.nomatter.dev\/es\/countries\/canada\/news\/pib\/canada-national-accounts-30-11-2024-la-economia-registra-en-el-tercer-trimestre-el-menor-aumento-desde-el-cuarto-trimestre-de-2023\/\">s\u00f3lo logr\u00f3 una ligera expansi\u00f3n<\/a> en el tercer trimestre.<\/li>\n<li>El banco central de Nueva Zelanda <a href=\"https:\/\/focus.s.nomatter.dev\/es\/countries\/canada\/news\/pib\/canada-national-accounts-30-11-2024-la-economia-registra-en-el-tercer-trimestre-el-menor-aumento-desde-el-cuarto-trimestre-de-2023\/\">recort\u00f3 los tipos recientemente<\/a> debido a la aton\u00eda de la econom\u00eda.<\/li>\n<\/ul>\n","protected":false},"excerpt":{"rendered":"<p>Read in English A principios de diciembre, el presidente de Corea del Sur, Yoon Suk Yeol, hizo una breve declaraci\u00f3n de ley marcial, s\u00f3lo para rectificar r\u00e1pidamente cuando el Parlamento vot\u00f3 en contra. Fue entonces sometido a un procedimiento de destituci\u00f3n: a pesar de sobrevivir a la votaci\u00f3n gracias al apoyo de su partido, la<\/p>\n","protected":false},"author":31,"featured_media":0,"comment_status":"closed","ping_status":"closed","sticky":false,"template":"","format":"standard","meta":{"_acf_changed":false,"editor_notices":[],"footnotes":""},"categories":[1],"tags":[1695,1841,1860],"class_list":["post-154606","post","type-post","status-publish","format-standard","hentry","category-uncategorized","tag-gdp","tag-tipo-de-interes","tag-corea-del-sur"],"acf":[],"yoast_head":"<!-- This site is optimized with the Yoast SEO Premium plugin v26.9 (Yoast SEO v26.9) - https:\/\/yoast.com\/product\/yoast-seo-premium-wordpress\/ -->\n<title>Agitaci\u00f3n pol\u00edtica en Corea del Sur: \u00bfQu\u00e9 significa para las perspectivas econ\u00f3micas? - FocusEconomics [ES]<\/title>\n<meta name=\"robots\" content=\"noindex, follow, max-snippet:-1, max-image-preview:large, max-video-preview:-1\" \/>\n<meta property=\"og:locale\" content=\"es_ES\" class=\"yoast-seo-meta-tag\" \/>\n<meta property=\"og:type\" content=\"article\" class=\"yoast-seo-meta-tag\" \/>\n<meta property=\"og:title\" content=\"Agitaci\u00f3n pol\u00edtica en Corea del Sur: \u00bfQu\u00e9 significa para las perspectivas econ\u00f3micas?\" class=\"yoast-seo-meta-tag\" \/>\n<meta property=\"og:description\" content=\"Read in English A principios de diciembre, el presidente de Corea del Sur, Yoon Suk Yeol, hizo una breve declaraci\u00f3n de ley marcial, s\u00f3lo para rectificar r\u00e1pidamente cuando el Parlamento vot\u00f3 en contra. Fue entonces sometido a un procedimiento de destituci\u00f3n: a pesar de sobrevivir a la votaci\u00f3n gracias al apoyo de su partido, la\" class=\"yoast-seo-meta-tag\" \/>\n<meta property=\"og:url\" content=\"https:\/\/focus.s.nomatter.dev\/es\/blog\/agitacion-politica-en-corea-del-sur-que-significa-para-las-perspectivas-economicas\/\" class=\"yoast-seo-meta-tag\" \/>\n<meta property=\"og:site_name\" content=\"FocusEconomics [ES]\" class=\"yoast-seo-meta-tag\" \/>\n<meta property=\"article:publisher\" content=\"https:\/\/www.facebook.com\/FocusEconomics\" class=\"yoast-seo-meta-tag\" \/>\n<meta property=\"article:published_time\" content=\"2024-12-09T12:18:27+00:00\" class=\"yoast-seo-meta-tag\" \/>\n<meta property=\"article:modified_time\" content=\"2025-01-29T09:53:33+00:00\" class=\"yoast-seo-meta-tag\" \/>\n<meta property=\"og:image\" content=\"https:\/\/focus-stg.nm-img.net\/uploads\/sites\/5\/2024\/12\/newsletter-graph-3-1.png\" class=\"yoast-seo-meta-tag\" \/>\n\t<meta property=\"og:image:width\" content=\"2400\" class=\"yoast-seo-meta-tag\" \/>\n\t<meta property=\"og:image:height\" content=\"1254\" class=\"yoast-seo-meta-tag\" \/>\n\t<meta property=\"og:image:type\" content=\"image\/png\" class=\"yoast-seo-meta-tag\" \/>\n<meta name=\"author\" content=\"Mirei Alofan\" class=\"yoast-seo-meta-tag\" \/>\n<meta name=\"twitter:card\" content=\"summary_large_image\" class=\"yoast-seo-meta-tag\" \/>\n<meta name=\"twitter:creator\" content=\"@FocusEconomics\" class=\"yoast-seo-meta-tag\" \/>\n<meta name=\"twitter:site\" content=\"@FocusEconomics\" class=\"yoast-seo-meta-tag\" \/>\n<meta name=\"twitter:label1\" content=\"Escrito por\" class=\"yoast-seo-meta-tag\" \/>\n\t<meta name=\"twitter:data1\" content=\"Mirei Alofan\" class=\"yoast-seo-meta-tag\" \/>\n\t<meta name=\"twitter:label2\" content=\"Tiempo de lectura\" class=\"yoast-seo-meta-tag\" \/>\n\t<meta name=\"twitter:data2\" content=\"4 minutos\" class=\"yoast-seo-meta-tag\" \/>\n<script type=\"application\/ld+json\" class=\"yoast-schema-graph\">{\"@context\":\"https:\/\/schema.org\",\"@graph\":[{\"@type\":\"Article\",\"@id\":\"https:\/\/focus.s.nomatter.dev\/es\/blog\/agitacion-politica-en-corea-del-sur-que-significa-para-las-perspectivas-economicas\/#article\",\"isPartOf\":{\"@id\":\"https:\/\/focus.s.nomatter.dev\/es\/blog\/agitacion-politica-en-corea-del-sur-que-significa-para-las-perspectivas-economicas\/\"},\"author\":{\"name\":\"Mirei Alofan\",\"@id\":\"https:\/\/focus.s.nomatter.dev\/es\/#\/schema\/person\/e5dbb02bacfb09a1678cefff074acfd3\"},\"headline\":\"Agitaci\u00f3n pol\u00edtica en Corea del Sur: \u00bfQu\u00e9 significa para las perspectivas econ\u00f3micas?\",\"datePublished\":\"2024-12-09T12:18:27+00:00\",\"dateModified\":\"2025-01-29T09:53:33+00:00\",\"mainEntityOfPage\":{\"@id\":\"https:\/\/focus.s.nomatter.dev\/es\/blog\/agitacion-politica-en-corea-del-sur-que-significa-para-las-perspectivas-economicas\/\"},\"wordCount\":799,\"publisher\":{\"@id\":\"https:\/\/focus.s.nomatter.dev\/es\/#organization\"},\"image\":{\"@id\":\"https:\/\/focus.s.nomatter.dev\/es\/blog\/agitacion-politica-en-corea-del-sur-que-significa-para-las-perspectivas-economicas\/#primaryimage\"},\"thumbnailUrl\":\"https:\/\/focus-d7op8.kinsta.storage\/production\/uploads\/sites\/5\/2024\/12\/newsletter-graph-3-1-300x157.png\",\"keywords\":[\"GDP\",\"tipo de inter\u00e9s\",\"Corea del Sur\"],\"articleSection\":[\"Uncategorized\"],\"inLanguage\":\"es\"},{\"@type\":\"WebPage\",\"@id\":\"https:\/\/focus.s.nomatter.dev\/es\/blog\/agitacion-politica-en-corea-del-sur-que-significa-para-las-perspectivas-economicas\/\",\"url\":\"https:\/\/focus.s.nomatter.dev\/es\/blog\/agitacion-politica-en-corea-del-sur-que-significa-para-las-perspectivas-economicas\/\",\"name\":\"Agitaci\u00f3n pol\u00edtica en Corea del Sur: \u00bfQu\u00e9 significa para las perspectivas econ\u00f3micas? - FocusEconomics [ES]\",\"isPartOf\":{\"@id\":\"https:\/\/focus.s.nomatter.dev\/es\/#website\"},\"primaryImageOfPage\":{\"@id\":\"https:\/\/focus.s.nomatter.dev\/es\/blog\/agitacion-politica-en-corea-del-sur-que-significa-para-las-perspectivas-economicas\/#primaryimage\"},\"image\":{\"@id\":\"https:\/\/focus.s.nomatter.dev\/es\/blog\/agitacion-politica-en-corea-del-sur-que-significa-para-las-perspectivas-economicas\/#primaryimage\"},\"thumbnailUrl\":\"https:\/\/focus-d7op8.kinsta.storage\/production\/uploads\/sites\/5\/2024\/12\/newsletter-graph-3-1-300x157.png\",\"datePublished\":\"2024-12-09T12:18:27+00:00\",\"dateModified\":\"2025-01-29T09:53:33+00:00\",\"breadcrumb\":{\"@id\":\"https:\/\/focus.s.nomatter.dev\/es\/blog\/agitacion-politica-en-corea-del-sur-que-significa-para-las-perspectivas-economicas\/#breadcrumb\"},\"inLanguage\":\"es\",\"potentialAction\":[{\"@type\":\"ReadAction\",\"target\":[\"https:\/\/focus.s.nomatter.dev\/es\/blog\/agitacion-politica-en-corea-del-sur-que-significa-para-las-perspectivas-economicas\/\"]}]},{\"@type\":\"ImageObject\",\"inLanguage\":\"es\",\"@id\":\"https:\/\/focus.s.nomatter.dev\/es\/blog\/agitacion-politica-en-corea-del-sur-que-significa-para-las-perspectivas-economicas\/#primaryimage\",\"url\":\"https:\/\/focus-d7op8.kinsta.storage\/production\/uploads\/sites\/5\/2024\/12\/newsletter-graph-3-1-300x157.png\",\"contentUrl\":\"https:\/\/focus-d7op8.kinsta.storage\/production\/uploads\/sites\/5\/2024\/12\/newsletter-graph-3-1-300x157.png\"},{\"@type\":\"BreadcrumbList\",\"@id\":\"https:\/\/focus.s.nomatter.dev\/es\/blog\/agitacion-politica-en-corea-del-sur-que-significa-para-las-perspectivas-economicas\/#breadcrumb\",\"itemListElement\":[{\"@type\":\"ListItem\",\"position\":1,\"name\":\"Home\",\"item\":\"https:\/\/focus.s.nomatter.dev\/es\/\"},{\"@type\":\"ListItem\",\"position\":2,\"name\":\"Agitaci\u00f3n pol\u00edtica en Corea del Sur: \u00bfQu\u00e9 significa para las perspectivas econ\u00f3micas?\"}]},{\"@type\":\"WebSite\",\"@id\":\"https:\/\/focus.s.nomatter.dev\/es\/#website\",\"url\":\"https:\/\/focus.s.nomatter.dev\/es\/\",\"name\":\"FocusEconomics\",\"description\":\"Economic Indicators, News and Forecasts\",\"publisher\":{\"@id\":\"https:\/\/focus.s.nomatter.dev\/es\/#organization\"},\"potentialAction\":[{\"@type\":\"SearchAction\",\"target\":{\"@type\":\"EntryPoint\",\"urlTemplate\":\"https:\/\/focus.s.nomatter.dev\/es\/search-results\/?global-search={search_term_string}\"},\"query-input\":{\"@type\":\"PropertyValueSpecification\",\"valueRequired\":true,\"valueName\":\"search_term_string\"}}],\"inLanguage\":\"es\"},{\"@type\":\"Organization\",\"@id\":\"https:\/\/focus.s.nomatter.dev\/es\/#organization\",\"name\":\"FocusEconomics\",\"url\":\"https:\/\/focus.s.nomatter.dev\/es\/\",\"logo\":{\"@type\":\"ImageObject\",\"inLanguage\":\"es\",\"@id\":\"https:\/\/focus.s.nomatter.dev\/es\/#\/schema\/logo\/image\/\",\"url\":\"https:\/\/focus-d7op8.kinsta.storage\/production\/uploads\/sites\/5\/2022\/08\/logo.svg\",\"contentUrl\":\"https:\/\/focus-d7op8.kinsta.storage\/production\/uploads\/sites\/5\/2022\/08\/logo.svg\",\"width\":277,\"height\":54,\"caption\":\"FocusEconomics\"},\"image\":{\"@id\":\"https:\/\/focus.s.nomatter.dev\/es\/#\/schema\/logo\/image\/\"},\"sameAs\":[\"https:\/\/www.facebook.com\/FocusEconomics\",\"https:\/\/x.com\/FocusEconomics\"]},{\"@type\":\"Person\",\"@id\":\"https:\/\/focus.s.nomatter.dev\/es\/#\/schema\/person\/e5dbb02bacfb09a1678cefff074acfd3\",\"name\":\"Mirei Alofan\"}]}<\/script>\n<!-- \/ Yoast SEO Premium plugin. -->","yoast_head_json":{"title":"Agitaci\u00f3n pol\u00edtica en Corea del Sur: \u00bfQu\u00e9 significa para las perspectivas econ\u00f3micas? - FocusEconomics [ES]","robots":{"index":"noindex","follow":"follow","max-snippet":"max-snippet:-1","max-image-preview":"max-image-preview:large","max-video-preview":"max-video-preview:-1"},"og_locale":"es_ES","og_type":"article","og_title":"Agitaci\u00f3n pol\u00edtica en Corea del Sur: \u00bfQu\u00e9 significa para las perspectivas econ\u00f3micas?","og_description":"Read in English A principios de diciembre, el presidente de Corea del Sur, Yoon Suk Yeol, hizo una breve declaraci\u00f3n de ley marcial, s\u00f3lo para rectificar r\u00e1pidamente cuando el Parlamento vot\u00f3 en contra. Fue entonces sometido a un procedimiento de destituci\u00f3n: a pesar de sobrevivir a la votaci\u00f3n gracias al apoyo de su partido, la","og_url":"https:\/\/focus.s.nomatter.dev\/es\/blog\/agitacion-politica-en-corea-del-sur-que-significa-para-las-perspectivas-economicas\/","og_site_name":"FocusEconomics [ES]","article_publisher":"https:\/\/www.facebook.com\/FocusEconomics","article_published_time":"2024-12-09T12:18:27+00:00","article_modified_time":"2025-01-29T09:53:33+00:00","og_image":[{"width":2400,"height":1254,"url":"https:\/\/focus-stg.nm-img.net\/uploads\/sites\/5\/2024\/12\/newsletter-graph-3-1.png","type":"image\/png"}],"author":"Mirei Alofan","twitter_card":"summary_large_image","twitter_creator":"@FocusEconomics","twitter_site":"@FocusEconomics","twitter_misc":{"Escrito por":"Mirei Alofan","Tiempo de lectura":"4 minutos"},"schema":{"@context":"https:\/\/schema.org","@graph":[{"@type":"Article","@id":"https:\/\/focus.s.nomatter.dev\/es\/blog\/agitacion-politica-en-corea-del-sur-que-significa-para-las-perspectivas-economicas\/#article","isPartOf":{"@id":"https:\/\/focus.s.nomatter.dev\/es\/blog\/agitacion-politica-en-corea-del-sur-que-significa-para-las-perspectivas-economicas\/"},"author":{"name":"Mirei Alofan","@id":"https:\/\/focus.s.nomatter.dev\/es\/#\/schema\/person\/e5dbb02bacfb09a1678cefff074acfd3"},"headline":"Agitaci\u00f3n pol\u00edtica en Corea del Sur: \u00bfQu\u00e9 significa para las perspectivas econ\u00f3micas?","datePublished":"2024-12-09T12:18:27+00:00","dateModified":"2025-01-29T09:53:33+00:00","mainEntityOfPage":{"@id":"https:\/\/focus.s.nomatter.dev\/es\/blog\/agitacion-politica-en-corea-del-sur-que-significa-para-las-perspectivas-economicas\/"},"wordCount":799,"publisher":{"@id":"https:\/\/focus.s.nomatter.dev\/es\/#organization"},"image":{"@id":"https:\/\/focus.s.nomatter.dev\/es\/blog\/agitacion-politica-en-corea-del-sur-que-significa-para-las-perspectivas-economicas\/#primaryimage"},"thumbnailUrl":"https:\/\/focus-d7op8.kinsta.storage\/production\/uploads\/sites\/5\/2024\/12\/newsletter-graph-3-1-300x157.png","keywords":["GDP","tipo de inter\u00e9s","Corea del Sur"],"articleSection":["Uncategorized"],"inLanguage":"es"},{"@type":"WebPage","@id":"https:\/\/focus.s.nomatter.dev\/es\/blog\/agitacion-politica-en-corea-del-sur-que-significa-para-las-perspectivas-economicas\/","url":"https:\/\/focus.s.nomatter.dev\/es\/blog\/agitacion-politica-en-corea-del-sur-que-significa-para-las-perspectivas-economicas\/","name":"Agitaci\u00f3n pol\u00edtica en Corea del Sur: \u00bfQu\u00e9 significa para las perspectivas econ\u00f3micas? - FocusEconomics [ES]","isPartOf":{"@id":"https:\/\/focus.s.nomatter.dev\/es\/#website"},"primaryImageOfPage":{"@id":"https:\/\/focus.s.nomatter.dev\/es\/blog\/agitacion-politica-en-corea-del-sur-que-significa-para-las-perspectivas-economicas\/#primaryimage"},"image":{"@id":"https:\/\/focus.s.nomatter.dev\/es\/blog\/agitacion-politica-en-corea-del-sur-que-significa-para-las-perspectivas-economicas\/#primaryimage"},"thumbnailUrl":"https:\/\/focus-d7op8.kinsta.storage\/production\/uploads\/sites\/5\/2024\/12\/newsletter-graph-3-1-300x157.png","datePublished":"2024-12-09T12:18:27+00:00","dateModified":"2025-01-29T09:53:33+00:00","breadcrumb":{"@id":"https:\/\/focus.s.nomatter.dev\/es\/blog\/agitacion-politica-en-corea-del-sur-que-significa-para-las-perspectivas-economicas\/#breadcrumb"},"inLanguage":"es","potentialAction":[{"@type":"ReadAction","target":["https:\/\/focus.s.nomatter.dev\/es\/blog\/agitacion-politica-en-corea-del-sur-que-significa-para-las-perspectivas-economicas\/"]}]},{"@type":"ImageObject","inLanguage":"es","@id":"https:\/\/focus.s.nomatter.dev\/es\/blog\/agitacion-politica-en-corea-del-sur-que-significa-para-las-perspectivas-economicas\/#primaryimage","url":"https:\/\/focus-d7op8.kinsta.storage\/production\/uploads\/sites\/5\/2024\/12\/newsletter-graph-3-1-300x157.png","contentUrl":"https:\/\/focus-d7op8.kinsta.storage\/production\/uploads\/sites\/5\/2024\/12\/newsletter-graph-3-1-300x157.png"},{"@type":"BreadcrumbList","@id":"https:\/\/focus.s.nomatter.dev\/es\/blog\/agitacion-politica-en-corea-del-sur-que-significa-para-las-perspectivas-economicas\/#breadcrumb","itemListElement":[{"@type":"ListItem","position":1,"name":"Home","item":"https:\/\/focus.s.nomatter.dev\/es\/"},{"@type":"ListItem","position":2,"name":"Agitaci\u00f3n pol\u00edtica en Corea del Sur: \u00bfQu\u00e9 significa para las perspectivas econ\u00f3micas?"}]},{"@type":"WebSite","@id":"https:\/\/focus.s.nomatter.dev\/es\/#website","url":"https:\/\/focus.s.nomatter.dev\/es\/","name":"FocusEconomics","description":"Economic Indicators, News and Forecasts","publisher":{"@id":"https:\/\/focus.s.nomatter.dev\/es\/#organization"},"potentialAction":[{"@type":"SearchAction","target":{"@type":"EntryPoint","urlTemplate":"https:\/\/focus.s.nomatter.dev\/es\/search-results\/?global-search={search_term_string}"},"query-input":{"@type":"PropertyValueSpecification","valueRequired":true,"valueName":"search_term_string"}}],"inLanguage":"es"},{"@type":"Organization","@id":"https:\/\/focus.s.nomatter.dev\/es\/#organization","name":"FocusEconomics","url":"https:\/\/focus.s.nomatter.dev\/es\/","logo":{"@type":"ImageObject","inLanguage":"es","@id":"https:\/\/focus.s.nomatter.dev\/es\/#\/schema\/logo\/image\/","url":"https:\/\/focus-d7op8.kinsta.storage\/production\/uploads\/sites\/5\/2022\/08\/logo.svg","contentUrl":"https:\/\/focus-d7op8.kinsta.storage\/production\/uploads\/sites\/5\/2022\/08\/logo.svg","width":277,"height":54,"caption":"FocusEconomics"},"image":{"@id":"https:\/\/focus.s.nomatter.dev\/es\/#\/schema\/logo\/image\/"},"sameAs":["https:\/\/www.facebook.com\/FocusEconomics","https:\/\/x.com\/FocusEconomics"]},{"@type":"Person","@id":"https:\/\/focus.s.nomatter.dev\/es\/#\/schema\/person\/e5dbb02bacfb09a1678cefff074acfd3","name":"Mirei Alofan"}]}},"_links":{"self":[{"href":"https:\/\/focus.s.nomatter.dev\/es\/wp-json\/wp\/v2\/posts\/154606","targetHints":{"allow":["GET"]}}],"collection":[{"href":"https:\/\/focus.s.nomatter.dev\/es\/wp-json\/wp\/v2\/posts"}],"about":[{"href":"https:\/\/focus.s.nomatter.dev\/es\/wp-json\/wp\/v2\/types\/post"}],"author":[{"embeddable":true,"href":"https:\/\/focus.s.nomatter.dev\/es\/wp-json\/wp\/v2\/users\/31"}],"replies":[{"embeddable":true,"href":"https:\/\/focus.s.nomatter.dev\/es\/wp-json\/wp\/v2\/comments?post=154606"}],"version-history":[{"count":1,"href":"https:\/\/focus.s.nomatter.dev\/es\/wp-json\/wp\/v2\/posts\/154606\/revisions"}],"predecessor-version":[{"id":155543,"href":"https:\/\/focus.s.nomatter.dev\/es\/wp-json\/wp\/v2\/posts\/154606\/revisions\/155543"}],"wp:attachment":[{"href":"https:\/\/focus.s.nomatter.dev\/es\/wp-json\/wp\/v2\/media?parent=154606"}],"wp:term":[{"taxonomy":"category","embeddable":true,"href":"https:\/\/focus.s.nomatter.dev\/es\/wp-json\/wp\/v2\/categories?post=154606"},{"taxonomy":"post_tag","embeddable":true,"href":"https:\/\/focus.s.nomatter.dev\/es\/wp-json\/wp\/v2\/tags?post=154606"}],"curies":[{"name":"wp","href":"https:\/\/api.w.org\/{rel}","templated":true}]}}