{"id":154732,"date":"2024-12-16T10:19:46","date_gmt":"2024-12-16T10:19:46","guid":{"rendered":"https:\/\/focus.s.nomatter.dev\/es\/?p=154732"},"modified":"2025-11-17T18:47:23","modified_gmt":"2025-11-17T18:47:23","slug":"el-acuerdo-comercial-ue-mercosur-que-significa-para-el-comercio-mundial-y-las-perspectivas-economicas","status":"publish","type":"post","link":"https:\/\/focus.s.nomatter.dev\/es\/blog\/el-acuerdo-comercial-ue-mercosur-que-significa-para-el-comercio-mundial-y-las-perspectivas-economicas\/","title":{"rendered":"El acuerdo comercial UE-Mercosur: \u00bfQu\u00e9 significa para el comercio mundial y las perspectivas econ\u00f3micas?"},"content":{"rendered":"<p><a href=\"https:\/\/focus.s.nomatter.dev\/blog\/the-eu-mercosur-trade-deal-what-does-it-mean-for-global-trade-and-the-economic-outlook\/\"><em>Read in English<\/em><\/a><\/p>\n<p>A principios de diciembre, la UE y Mercosur -un bloque comercial cuyos miembros son Argentina, Bolivia, Brasil, Paraguay y Uruguay- alcanzaron un acuerdo comercial tras 25 a\u00f1os de negociaciones. Con m\u00e1s de 700 millones de personas y cerca del 20% del PIB mundial entre los dos bloques, el tan esperado acuerdo tiene el potencial de crear una de las mayores zonas de libre comercio del mundo. A continuaci\u00f3n se exponen las implicaciones para la econom\u00eda mundial y nuestras previsiones de consenso.<\/p>\n<h3><strong>El acuerdo comercial modificar\u00e1 la din\u00e1mica comercial<\/strong><\/h3>\n<p>El acuerdo UE-Mercosur eliminar\u00e1 m\u00e1s del 90% de los impuestos sobre las mercanc\u00edas comercializadas entre ambos bloques, lo que ahorrar\u00e1 a las empresas europeas unos 4.000 millones de euros anuales en derechos de importaci\u00f3n. Adem\u00e1s, la supresi\u00f3n de las barreras no arancelarias al comercio facilitar\u00e1 el comercio de servicios, y las salvaguardias medioambientales y laborales tienen por objeto garantizar que el acuerdo cumpla las normas reglamentarias de la UE. En conjunto, estos cambios pol\u00edticos deber\u00edan impulsar el comercio entre ambas regiones.<\/p>\n<h3><strong>La UE se beneficiar\u00e1 de mercados sin explotar e importaciones m\u00e1s baratas<\/strong><\/h3>\n<p>Nuestros panelistas consideran que el crecimiento del PIB de la zona euro <a href=\"https:\/\/focus.s.nomatter.dev\/es\/regions\/euro-area\/\">seguir\u00e1 siendo moderado en 2025 debido a la aton\u00eda de la demanda<\/a>. No obstante, el acuerdo con Mercosur podr\u00eda impulsar las exportaciones de productos agr\u00edcolas e industriales, autom\u00f3viles y productos farmac\u00e9uticos a Am\u00e9rica Latina, lo que aliviar\u00eda el impacto del aumento de los impuestos estadounidenses el pr\u00f3ximo a\u00f1o bajo la presidencia electa de Trump. Mientras tanto, el impacto del pacto comercial sobre la inflaci\u00f3n probablemente ser\u00e1 moderado, lo que significa que es poco probable que cambie significativamente nuestra previsi\u00f3n de consenso de que la inflaci\u00f3n de la zona euro se desacelerar\u00e1 modestamente el pr\u00f3ximo a\u00f1o.<\/p>\n<h3><strong>Mercosur diversificar\u00e1 sus mercados de exportaci\u00f3n y atraer\u00e1 inversiones<\/strong><\/h3>\n<p>Hasta ahora, nuestros analistas prev\u00e9n que el <a href=\"https:\/\/focus.s.nomatter.dev\/es\/regions\/latin-america\/\">crecimiento del PIB del Mercosur<\/a> se estabilice en t\u00e9rminos generales cerca de la proyecci\u00f3n de 2025 hasta 2029, pero un acceso m\u00e1s amplio al mercado de alto valor de la UE podr\u00eda respaldar expansiones m\u00e1s pronunciadas de la actividad industrial, la inversi\u00f3n y las exportaciones, siendo los exportadores de metales b\u00e1sicos, carne de vacuno, soja y az\u00facar los m\u00e1s beneficiados. Dicho esto, el aumento de la demanda de exportaciones podr\u00eda avivar la inflaci\u00f3n interna, especialmente si las cadenas de suministro tienen dificultades para seguir el ritmo. En consecuencia, las presiones sobre los precios podr\u00edan dispararse a\u00fan m\u00e1s por encima de la media de Am\u00e9rica Latina, poniendo en peligro el ya lento ciclo de relajaci\u00f3n de la pol\u00edtica monetaria de la regi\u00f3n.<\/p>\n<h3><strong>El comercio de materias primas cr\u00edticas cambiar\u00e1 la din\u00e1mica geopol\u00edtica<\/strong><\/h3>\n<p>M\u00e1s all\u00e1 de la esfera econ\u00f3mica, el acuerdo comercial tambi\u00e9n est\u00e1 preparado para contrarrestar la influencia de China tanto en Europa como en Sudam\u00e9rica. Las abundantes reservas de litio y n\u00edquel del Mercosur son fundamentales para la transici\u00f3n ecol\u00f3gica de Europa, cuya demanda aumentar\u00e1 en los pr\u00f3ximos a\u00f1os. Esto convierte al acuerdo comercial en un pivote estrat\u00e9gico que se aleja del dominio chino en las cadenas de suministro.<\/p>\n<h3><strong>La ratificaci\u00f3n del acuerdo sigue en el aire<\/strong><\/h3>\n<p>Varios pa\u00edses de la UE, como Francia y Polonia, se han opuesto al acuerdo por temor a que inunde los mercados europeos con productos agr\u00edcolas baratos. Otros, cuyas econom\u00edas dependen en gran medida del sector del autom\u00f3vil, como Alemania y Espa\u00f1a, han presionado para que se ratifique r\u00e1pidamente. En consecuencia, la ratificaci\u00f3n total del acuerdo podr\u00eda sufrir posibles retrasos y modificaciones debido a la presi\u00f3n de los grupos de presi\u00f3n agr\u00edcolas y los ecologistas. Aun as\u00ed, el acuerdo seguir\u00e1 siendo un factor clave por su potencial para redefinir el comercio mundial y reafirmar el valor de la cooperaci\u00f3n econ\u00f3mica en la era del proteccionismo creciente.<\/p>\n<p><img loading=\"lazy\" decoding=\"async\" class=\"alignnone wp-image-154738\" src=\"https:\/\/focus-d7op8.kinsta.storage\/production\/uploads\/sites\/5\/2024\/12\/newsletter-graph-4-300x157.png\" alt=\"\" width=\"923\" height=\"483\" srcset=\"https:\/\/focus-d7op8.kinsta.storage\/staging\/uploads\/sites\/5\/2024\/12\/newsletter-graph-4-300x157.png 300w, https:\/\/focus-d7op8.kinsta.storage\/staging\/uploads\/sites\/5\/2024\/12\/newsletter-graph-4-1024x535.png 1024w, https:\/\/focus-d7op8.kinsta.storage\/staging\/uploads\/sites\/5\/2024\/12\/newsletter-graph-4-768x401.png 768w, https:\/\/focus-d7op8.kinsta.storage\/staging\/uploads\/sites\/5\/2024\/12\/newsletter-graph-4.png 1200w\" sizes=\"auto, (max-width: 923px) 100vw, 923px\" \/><\/p>\n<h2>Opini\u00f3n de nuestros analistas<\/h2>\n<p>Sobre el impacto del acuerdo, los <strong>analistas de ING<\/strong> dijeron:<\/p>\n<p><em>\u00abUn acuerdo comercial entre estos dos bloques econ\u00f3micos ser\u00eda bienvenido en medio de un clima global sumido en una nueva era de proteccionismo, y ser\u00eda un paso significativo hacia la liberalizaci\u00f3n comercial en curso. Sin embargo, las probabilidades de \u00e9xito siguen siendo escasas, y nos interesa ver si los partidarios del libre comercio pueden imponerse a los proteccionistas esta vez\u00bb<\/em>.<\/p>\n<p>Los <strong>analistas de la EI<\/strong>U son m\u00e1s optimistas:<\/p>\n<p><em>\u00abEl cap\u00edtulo comercial s\u00f3lo necesita una mayor\u00eda cualificada para ser ratificado, con el apoyo de al menos 15 miembros de la UE que representen como m\u00ednimo al 65% de la poblaci\u00f3n del bloque. Algunos Estados miembros, en particular Francia, siguen oponi\u00e9ndose por temor a las repercusiones en los agricultores europeos. Pero cada vez parece menos probable que Francia consiga reunir el apoyo suficiente para bloquear la ratificaci\u00f3n del ALC\u00bb.<\/em><\/p>\n<p>Sobre las implicaciones para la econom\u00eda de la UE, los <strong>analistas de Fitch Solutions<\/strong> comentaron:<\/p>\n<p><em>\u00abPara los Estados miembros de la UE, el acuerdo ayuda a mejorar la posici\u00f3n competitiva de su sector manufacturero orientado a la exportaci\u00f3n frente a China continental, al tiempo que contribuye a estrechar lazos con una parte del mundo rica en minerales esenciales que desempe\u00f1ar\u00e1n un papel clave en la transici\u00f3n ecol\u00f3gica\u00bb. A este lado del Atl\u00e1ntico, la agroindustria es la gran ganadora, aunque en un esfuerzo por satisfacer a los agricultores europeos, se seguir\u00e1n aplicando contingentes arancelarios a una serie de exportaciones agr\u00edcolas del Mercosur. [&#8230;] Teniendo esto en cuenta, no hay que exagerar la importancia global del acuerdo desde el punto de vista econ\u00f3mico. Aunque los dos bloques representan alrededor del 20% del PIB mundial, el comercio entre ellos s\u00f3lo ascendi\u00f3 a unos 120.000 millones de d\u00f3lares en 2023 (o el 0,1% del PIB mundial) y las cuestiones geogr\u00e1ficas y los contingentes arancelarios significan que cualquier aumento del comercio en los pr\u00f3ximos a\u00f1os ser\u00e1 probablemente gradual. Eso, por supuesto, suponiendo que el propio acuerdo sea ratificado por los europeos\u00bb.<\/em><\/p>\n<h2>Nuestro \u00faltimo an\u00e1lisis<\/h2>\n<ul>\n<li>La econom\u00eda canadiense <a href=\"https:\/\/focus.s.nomatter.dev\/es\/countries\/canada\/news\/pib\/canada-national-accounts-30-11-2024-la-economia-registra-en-el-tercer-trimestre-el-menor-aumento-desde-el-cuarto-trimestre-de-2023\/\">s\u00f3lo logr\u00f3 una ligera expansi\u00f3n<\/a> en el tercer trimestre.<\/li>\n<li>El banco central de Nueva Zelanda <a href=\"https:\/\/focus.s.nomatter.dev\/es\/countries\/nueva-zelanda\/news\/politica-monetaria\/new-zealand-central-bank-meeting-27-11-2024-el-banco-central-decide-bajar-los-tipos-en-noviembre\/\">recort\u00f3 los tipos recientemente<\/a> debido a la aton\u00eda de la econom\u00eda.<\/li>\n<\/ul>\n","protected":false},"excerpt":{"rendered":"<p>Read in English A principios de diciembre, la UE y Mercosur -un bloque comercial cuyos miembros son Argentina, Bolivia, Brasil, Paraguay y Uruguay- alcanzaron un acuerdo comercial tras 25 a\u00f1os de negociaciones. Con m\u00e1s de 700 millones de personas y cerca del 20% del PIB mundial entre los dos bloques, el tan esperado acuerdo tiene<\/p>\n","protected":false},"author":31,"featured_media":0,"comment_status":"closed","ping_status":"closed","sticky":false,"template":"","format":"standard","meta":{"_acf_changed":false,"editor_notices":[],"footnotes":""},"categories":[1],"tags":[1803,1812,1837],"class_list":["post-154732","post","type-post","status-publish","format-standard","hentry","category-uncategorized","tag-ue","tag-inflacion","tag-materias-primas"],"acf":[],"yoast_head":"<!-- This site is optimized with the Yoast SEO Premium plugin v26.9 (Yoast SEO v26.9) - https:\/\/yoast.com\/product\/yoast-seo-premium-wordpress\/ -->\n<title>El acuerdo comercial UE-Mercosur: \u00bfQu\u00e9 significa para el comercio mundial y las perspectivas econ\u00f3micas? - FocusEconomics [ES]<\/title>\n<meta name=\"robots\" content=\"noindex, follow, max-snippet:-1, max-image-preview:large, max-video-preview:-1\" \/>\n<meta property=\"og:locale\" content=\"es_ES\" class=\"yoast-seo-meta-tag\" \/>\n<meta property=\"og:type\" content=\"article\" class=\"yoast-seo-meta-tag\" \/>\n<meta property=\"og:title\" content=\"El acuerdo comercial UE-Mercosur: \u00bfQu\u00e9 significa para el comercio mundial y las perspectivas econ\u00f3micas?\" class=\"yoast-seo-meta-tag\" \/>\n<meta property=\"og:description\" content=\"Read in English A principios de diciembre, la UE y Mercosur -un bloque comercial cuyos miembros son Argentina, Bolivia, Brasil, Paraguay y Uruguay- alcanzaron un acuerdo comercial tras 25 a\u00f1os de negociaciones. Con m\u00e1s de 700 millones de personas y cerca del 20% del PIB mundial entre los dos bloques, el tan esperado acuerdo tiene\" class=\"yoast-seo-meta-tag\" \/>\n<meta property=\"og:url\" content=\"https:\/\/focus.s.nomatter.dev\/es\/blog\/el-acuerdo-comercial-ue-mercosur-que-significa-para-el-comercio-mundial-y-las-perspectivas-economicas\/\" class=\"yoast-seo-meta-tag\" \/>\n<meta property=\"og:site_name\" content=\"FocusEconomics [ES]\" class=\"yoast-seo-meta-tag\" \/>\n<meta property=\"article:publisher\" content=\"https:\/\/www.facebook.com\/FocusEconomics\" class=\"yoast-seo-meta-tag\" \/>\n<meta property=\"article:published_time\" content=\"2024-12-16T10:19:46+00:00\" class=\"yoast-seo-meta-tag\" \/>\n<meta property=\"article:modified_time\" content=\"2025-11-17T18:47:23+00:00\" class=\"yoast-seo-meta-tag\" \/>\n<meta property=\"og:image\" content=\"https:\/\/focus-stg.nm-img.net\/uploads\/sites\/5\/2024\/12\/newsletter-graph-4.png\" class=\"yoast-seo-meta-tag\" \/>\n\t<meta property=\"og:image:width\" content=\"1200\" class=\"yoast-seo-meta-tag\" \/>\n\t<meta property=\"og:image:height\" content=\"627\" class=\"yoast-seo-meta-tag\" \/>\n\t<meta property=\"og:image:type\" content=\"image\/png\" class=\"yoast-seo-meta-tag\" \/>\n<meta name=\"author\" content=\"Mirei Alofan\" class=\"yoast-seo-meta-tag\" \/>\n<meta name=\"twitter:card\" content=\"summary_large_image\" class=\"yoast-seo-meta-tag\" \/>\n<meta name=\"twitter:creator\" content=\"@FocusEconomics\" class=\"yoast-seo-meta-tag\" \/>\n<meta name=\"twitter:site\" content=\"@FocusEconomics\" class=\"yoast-seo-meta-tag\" \/>\n<meta name=\"twitter:label1\" content=\"Escrito por\" class=\"yoast-seo-meta-tag\" \/>\n\t<meta name=\"twitter:data1\" content=\"Mirei Alofan\" class=\"yoast-seo-meta-tag\" \/>\n\t<meta name=\"twitter:label2\" content=\"Tiempo de lectura\" class=\"yoast-seo-meta-tag\" \/>\n\t<meta name=\"twitter:data2\" content=\"5 minutos\" class=\"yoast-seo-meta-tag\" \/>\n<script type=\"application\/ld+json\" class=\"yoast-schema-graph\">{\"@context\":\"https:\/\/schema.org\",\"@graph\":[{\"@type\":\"Article\",\"@id\":\"https:\/\/focus.s.nomatter.dev\/es\/blog\/el-acuerdo-comercial-ue-mercosur-que-significa-para-el-comercio-mundial-y-las-perspectivas-economicas\/#article\",\"isPartOf\":{\"@id\":\"https:\/\/focus.s.nomatter.dev\/es\/blog\/el-acuerdo-comercial-ue-mercosur-que-significa-para-el-comercio-mundial-y-las-perspectivas-economicas\/\"},\"author\":{\"name\":\"Mirei Alofan\",\"@id\":\"https:\/\/focus.s.nomatter.dev\/es\/#\/schema\/person\/e5dbb02bacfb09a1678cefff074acfd3\"},\"headline\":\"El acuerdo comercial UE-Mercosur: \u00bfQu\u00e9 significa para el comercio mundial y las perspectivas econ\u00f3micas?\",\"datePublished\":\"2024-12-16T10:19:46+00:00\",\"dateModified\":\"2025-11-17T18:47:23+00:00\",\"mainEntityOfPage\":{\"@id\":\"https:\/\/focus.s.nomatter.dev\/es\/blog\/el-acuerdo-comercial-ue-mercosur-que-significa-para-el-comercio-mundial-y-las-perspectivas-economicas\/\"},\"wordCount\":1097,\"publisher\":{\"@id\":\"https:\/\/focus.s.nomatter.dev\/es\/#organization\"},\"image\":{\"@id\":\"https:\/\/focus.s.nomatter.dev\/es\/blog\/el-acuerdo-comercial-ue-mercosur-que-significa-para-el-comercio-mundial-y-las-perspectivas-economicas\/#primaryimage\"},\"thumbnailUrl\":\"https:\/\/focus-d7op8.kinsta.storage\/production\/uploads\/sites\/5\/2024\/12\/newsletter-graph-4-300x157.png\",\"keywords\":[\"UE\",\"Inflacion\",\"materias primas\"],\"articleSection\":[\"Uncategorized\"],\"inLanguage\":\"es\"},{\"@type\":\"WebPage\",\"@id\":\"https:\/\/focus.s.nomatter.dev\/es\/blog\/el-acuerdo-comercial-ue-mercosur-que-significa-para-el-comercio-mundial-y-las-perspectivas-economicas\/\",\"url\":\"https:\/\/focus.s.nomatter.dev\/es\/blog\/el-acuerdo-comercial-ue-mercosur-que-significa-para-el-comercio-mundial-y-las-perspectivas-economicas\/\",\"name\":\"El acuerdo comercial UE-Mercosur: \u00bfQu\u00e9 significa para el comercio mundial y las perspectivas econ\u00f3micas? - FocusEconomics [ES]\",\"isPartOf\":{\"@id\":\"https:\/\/focus.s.nomatter.dev\/es\/#website\"},\"primaryImageOfPage\":{\"@id\":\"https:\/\/focus.s.nomatter.dev\/es\/blog\/el-acuerdo-comercial-ue-mercosur-que-significa-para-el-comercio-mundial-y-las-perspectivas-economicas\/#primaryimage\"},\"image\":{\"@id\":\"https:\/\/focus.s.nomatter.dev\/es\/blog\/el-acuerdo-comercial-ue-mercosur-que-significa-para-el-comercio-mundial-y-las-perspectivas-economicas\/#primaryimage\"},\"thumbnailUrl\":\"https:\/\/focus-d7op8.kinsta.storage\/production\/uploads\/sites\/5\/2024\/12\/newsletter-graph-4-300x157.png\",\"datePublished\":\"2024-12-16T10:19:46+00:00\",\"dateModified\":\"2025-11-17T18:47:23+00:00\",\"breadcrumb\":{\"@id\":\"https:\/\/focus.s.nomatter.dev\/es\/blog\/el-acuerdo-comercial-ue-mercosur-que-significa-para-el-comercio-mundial-y-las-perspectivas-economicas\/#breadcrumb\"},\"inLanguage\":\"es\",\"potentialAction\":[{\"@type\":\"ReadAction\",\"target\":[\"https:\/\/focus.s.nomatter.dev\/es\/blog\/el-acuerdo-comercial-ue-mercosur-que-significa-para-el-comercio-mundial-y-las-perspectivas-economicas\/\"]}]},{\"@type\":\"ImageObject\",\"inLanguage\":\"es\",\"@id\":\"https:\/\/focus.s.nomatter.dev\/es\/blog\/el-acuerdo-comercial-ue-mercosur-que-significa-para-el-comercio-mundial-y-las-perspectivas-economicas\/#primaryimage\",\"url\":\"https:\/\/focus-d7op8.kinsta.storage\/production\/uploads\/sites\/5\/2024\/12\/newsletter-graph-4-300x157.png\",\"contentUrl\":\"https:\/\/focus-d7op8.kinsta.storage\/production\/uploads\/sites\/5\/2024\/12\/newsletter-graph-4-300x157.png\"},{\"@type\":\"BreadcrumbList\",\"@id\":\"https:\/\/focus.s.nomatter.dev\/es\/blog\/el-acuerdo-comercial-ue-mercosur-que-significa-para-el-comercio-mundial-y-las-perspectivas-economicas\/#breadcrumb\",\"itemListElement\":[{\"@type\":\"ListItem\",\"position\":1,\"name\":\"Home\",\"item\":\"https:\/\/focus.s.nomatter.dev\/es\/\"},{\"@type\":\"ListItem\",\"position\":2,\"name\":\"El acuerdo comercial UE-Mercosur: \u00bfQu\u00e9 significa para el comercio mundial y las perspectivas econ\u00f3micas?\"}]},{\"@type\":\"WebSite\",\"@id\":\"https:\/\/focus.s.nomatter.dev\/es\/#website\",\"url\":\"https:\/\/focus.s.nomatter.dev\/es\/\",\"name\":\"FocusEconomics\",\"description\":\"Economic Indicators, News and Forecasts\",\"publisher\":{\"@id\":\"https:\/\/focus.s.nomatter.dev\/es\/#organization\"},\"potentialAction\":[{\"@type\":\"SearchAction\",\"target\":{\"@type\":\"EntryPoint\",\"urlTemplate\":\"https:\/\/focus.s.nomatter.dev\/es\/search-results\/?global-search={search_term_string}\"},\"query-input\":{\"@type\":\"PropertyValueSpecification\",\"valueRequired\":true,\"valueName\":\"search_term_string\"}}],\"inLanguage\":\"es\"},{\"@type\":\"Organization\",\"@id\":\"https:\/\/focus.s.nomatter.dev\/es\/#organization\",\"name\":\"FocusEconomics\",\"url\":\"https:\/\/focus.s.nomatter.dev\/es\/\",\"logo\":{\"@type\":\"ImageObject\",\"inLanguage\":\"es\",\"@id\":\"https:\/\/focus.s.nomatter.dev\/es\/#\/schema\/logo\/image\/\",\"url\":\"https:\/\/focus-d7op8.kinsta.storage\/production\/uploads\/sites\/5\/2022\/08\/logo.svg\",\"contentUrl\":\"https:\/\/focus-d7op8.kinsta.storage\/production\/uploads\/sites\/5\/2022\/08\/logo.svg\",\"width\":277,\"height\":54,\"caption\":\"FocusEconomics\"},\"image\":{\"@id\":\"https:\/\/focus.s.nomatter.dev\/es\/#\/schema\/logo\/image\/\"},\"sameAs\":[\"https:\/\/www.facebook.com\/FocusEconomics\",\"https:\/\/x.com\/FocusEconomics\"]},{\"@type\":\"Person\",\"@id\":\"https:\/\/focus.s.nomatter.dev\/es\/#\/schema\/person\/e5dbb02bacfb09a1678cefff074acfd3\",\"name\":\"Mirei Alofan\"}]}<\/script>\n<!-- \/ Yoast SEO Premium plugin. -->","yoast_head_json":{"title":"El acuerdo comercial UE-Mercosur: \u00bfQu\u00e9 significa para el comercio mundial y las perspectivas econ\u00f3micas? - FocusEconomics [ES]","robots":{"index":"noindex","follow":"follow","max-snippet":"max-snippet:-1","max-image-preview":"max-image-preview:large","max-video-preview":"max-video-preview:-1"},"og_locale":"es_ES","og_type":"article","og_title":"El acuerdo comercial UE-Mercosur: \u00bfQu\u00e9 significa para el comercio mundial y las perspectivas econ\u00f3micas?","og_description":"Read in English A principios de diciembre, la UE y Mercosur -un bloque comercial cuyos miembros son Argentina, Bolivia, Brasil, Paraguay y Uruguay- alcanzaron un acuerdo comercial tras 25 a\u00f1os de negociaciones. Con m\u00e1s de 700 millones de personas y cerca del 20% del PIB mundial entre los dos bloques, el tan esperado acuerdo tiene","og_url":"https:\/\/focus.s.nomatter.dev\/es\/blog\/el-acuerdo-comercial-ue-mercosur-que-significa-para-el-comercio-mundial-y-las-perspectivas-economicas\/","og_site_name":"FocusEconomics [ES]","article_publisher":"https:\/\/www.facebook.com\/FocusEconomics","article_published_time":"2024-12-16T10:19:46+00:00","article_modified_time":"2025-11-17T18:47:23+00:00","og_image":[{"width":1200,"height":627,"url":"https:\/\/focus-stg.nm-img.net\/uploads\/sites\/5\/2024\/12\/newsletter-graph-4.png","type":"image\/png"}],"author":"Mirei Alofan","twitter_card":"summary_large_image","twitter_creator":"@FocusEconomics","twitter_site":"@FocusEconomics","twitter_misc":{"Escrito por":"Mirei Alofan","Tiempo de lectura":"5 minutos"},"schema":{"@context":"https:\/\/schema.org","@graph":[{"@type":"Article","@id":"https:\/\/focus.s.nomatter.dev\/es\/blog\/el-acuerdo-comercial-ue-mercosur-que-significa-para-el-comercio-mundial-y-las-perspectivas-economicas\/#article","isPartOf":{"@id":"https:\/\/focus.s.nomatter.dev\/es\/blog\/el-acuerdo-comercial-ue-mercosur-que-significa-para-el-comercio-mundial-y-las-perspectivas-economicas\/"},"author":{"name":"Mirei Alofan","@id":"https:\/\/focus.s.nomatter.dev\/es\/#\/schema\/person\/e5dbb02bacfb09a1678cefff074acfd3"},"headline":"El acuerdo comercial UE-Mercosur: \u00bfQu\u00e9 significa para el comercio mundial y las perspectivas econ\u00f3micas?","datePublished":"2024-12-16T10:19:46+00:00","dateModified":"2025-11-17T18:47:23+00:00","mainEntityOfPage":{"@id":"https:\/\/focus.s.nomatter.dev\/es\/blog\/el-acuerdo-comercial-ue-mercosur-que-significa-para-el-comercio-mundial-y-las-perspectivas-economicas\/"},"wordCount":1097,"publisher":{"@id":"https:\/\/focus.s.nomatter.dev\/es\/#organization"},"image":{"@id":"https:\/\/focus.s.nomatter.dev\/es\/blog\/el-acuerdo-comercial-ue-mercosur-que-significa-para-el-comercio-mundial-y-las-perspectivas-economicas\/#primaryimage"},"thumbnailUrl":"https:\/\/focus-d7op8.kinsta.storage\/production\/uploads\/sites\/5\/2024\/12\/newsletter-graph-4-300x157.png","keywords":["UE","Inflacion","materias primas"],"articleSection":["Uncategorized"],"inLanguage":"es"},{"@type":"WebPage","@id":"https:\/\/focus.s.nomatter.dev\/es\/blog\/el-acuerdo-comercial-ue-mercosur-que-significa-para-el-comercio-mundial-y-las-perspectivas-economicas\/","url":"https:\/\/focus.s.nomatter.dev\/es\/blog\/el-acuerdo-comercial-ue-mercosur-que-significa-para-el-comercio-mundial-y-las-perspectivas-economicas\/","name":"El acuerdo comercial UE-Mercosur: \u00bfQu\u00e9 significa para el comercio mundial y las perspectivas econ\u00f3micas? - FocusEconomics [ES]","isPartOf":{"@id":"https:\/\/focus.s.nomatter.dev\/es\/#website"},"primaryImageOfPage":{"@id":"https:\/\/focus.s.nomatter.dev\/es\/blog\/el-acuerdo-comercial-ue-mercosur-que-significa-para-el-comercio-mundial-y-las-perspectivas-economicas\/#primaryimage"},"image":{"@id":"https:\/\/focus.s.nomatter.dev\/es\/blog\/el-acuerdo-comercial-ue-mercosur-que-significa-para-el-comercio-mundial-y-las-perspectivas-economicas\/#primaryimage"},"thumbnailUrl":"https:\/\/focus-d7op8.kinsta.storage\/production\/uploads\/sites\/5\/2024\/12\/newsletter-graph-4-300x157.png","datePublished":"2024-12-16T10:19:46+00:00","dateModified":"2025-11-17T18:47:23+00:00","breadcrumb":{"@id":"https:\/\/focus.s.nomatter.dev\/es\/blog\/el-acuerdo-comercial-ue-mercosur-que-significa-para-el-comercio-mundial-y-las-perspectivas-economicas\/#breadcrumb"},"inLanguage":"es","potentialAction":[{"@type":"ReadAction","target":["https:\/\/focus.s.nomatter.dev\/es\/blog\/el-acuerdo-comercial-ue-mercosur-que-significa-para-el-comercio-mundial-y-las-perspectivas-economicas\/"]}]},{"@type":"ImageObject","inLanguage":"es","@id":"https:\/\/focus.s.nomatter.dev\/es\/blog\/el-acuerdo-comercial-ue-mercosur-que-significa-para-el-comercio-mundial-y-las-perspectivas-economicas\/#primaryimage","url":"https:\/\/focus-d7op8.kinsta.storage\/production\/uploads\/sites\/5\/2024\/12\/newsletter-graph-4-300x157.png","contentUrl":"https:\/\/focus-d7op8.kinsta.storage\/production\/uploads\/sites\/5\/2024\/12\/newsletter-graph-4-300x157.png"},{"@type":"BreadcrumbList","@id":"https:\/\/focus.s.nomatter.dev\/es\/blog\/el-acuerdo-comercial-ue-mercosur-que-significa-para-el-comercio-mundial-y-las-perspectivas-economicas\/#breadcrumb","itemListElement":[{"@type":"ListItem","position":1,"name":"Home","item":"https:\/\/focus.s.nomatter.dev\/es\/"},{"@type":"ListItem","position":2,"name":"El acuerdo comercial UE-Mercosur: \u00bfQu\u00e9 significa para el comercio mundial y las perspectivas econ\u00f3micas?"}]},{"@type":"WebSite","@id":"https:\/\/focus.s.nomatter.dev\/es\/#website","url":"https:\/\/focus.s.nomatter.dev\/es\/","name":"FocusEconomics","description":"Economic Indicators, News and Forecasts","publisher":{"@id":"https:\/\/focus.s.nomatter.dev\/es\/#organization"},"potentialAction":[{"@type":"SearchAction","target":{"@type":"EntryPoint","urlTemplate":"https:\/\/focus.s.nomatter.dev\/es\/search-results\/?global-search={search_term_string}"},"query-input":{"@type":"PropertyValueSpecification","valueRequired":true,"valueName":"search_term_string"}}],"inLanguage":"es"},{"@type":"Organization","@id":"https:\/\/focus.s.nomatter.dev\/es\/#organization","name":"FocusEconomics","url":"https:\/\/focus.s.nomatter.dev\/es\/","logo":{"@type":"ImageObject","inLanguage":"es","@id":"https:\/\/focus.s.nomatter.dev\/es\/#\/schema\/logo\/image\/","url":"https:\/\/focus-d7op8.kinsta.storage\/production\/uploads\/sites\/5\/2022\/08\/logo.svg","contentUrl":"https:\/\/focus-d7op8.kinsta.storage\/production\/uploads\/sites\/5\/2022\/08\/logo.svg","width":277,"height":54,"caption":"FocusEconomics"},"image":{"@id":"https:\/\/focus.s.nomatter.dev\/es\/#\/schema\/logo\/image\/"},"sameAs":["https:\/\/www.facebook.com\/FocusEconomics","https:\/\/x.com\/FocusEconomics"]},{"@type":"Person","@id":"https:\/\/focus.s.nomatter.dev\/es\/#\/schema\/person\/e5dbb02bacfb09a1678cefff074acfd3","name":"Mirei Alofan"}]}},"_links":{"self":[{"href":"https:\/\/focus.s.nomatter.dev\/es\/wp-json\/wp\/v2\/posts\/154732","targetHints":{"allow":["GET"]}}],"collection":[{"href":"https:\/\/focus.s.nomatter.dev\/es\/wp-json\/wp\/v2\/posts"}],"about":[{"href":"https:\/\/focus.s.nomatter.dev\/es\/wp-json\/wp\/v2\/types\/post"}],"author":[{"embeddable":true,"href":"https:\/\/focus.s.nomatter.dev\/es\/wp-json\/wp\/v2\/users\/31"}],"replies":[{"embeddable":true,"href":"https:\/\/focus.s.nomatter.dev\/es\/wp-json\/wp\/v2\/comments?post=154732"}],"version-history":[{"count":2,"href":"https:\/\/focus.s.nomatter.dev\/es\/wp-json\/wp\/v2\/posts\/154732\/revisions"}],"predecessor-version":[{"id":158223,"href":"https:\/\/focus.s.nomatter.dev\/es\/wp-json\/wp\/v2\/posts\/154732\/revisions\/158223"}],"wp:attachment":[{"href":"https:\/\/focus.s.nomatter.dev\/es\/wp-json\/wp\/v2\/media?parent=154732"}],"wp:term":[{"taxonomy":"category","embeddable":true,"href":"https:\/\/focus.s.nomatter.dev\/es\/wp-json\/wp\/v2\/categories?post=154732"},{"taxonomy":"post_tag","embeddable":true,"href":"https:\/\/focus.s.nomatter.dev\/es\/wp-json\/wp\/v2\/tags?post=154732"}],"curies":[{"name":"wp","href":"https:\/\/api.w.org\/{rel}","templated":true}]}}