{"id":155571,"date":"2025-01-31T09:38:27","date_gmt":"2025-01-31T09:38:27","guid":{"rendered":"https:\/\/focus.s.nomatter.dev\/es\/?p=155571"},"modified":"2025-11-17T18:45:08","modified_gmt":"2025-11-17T18:45:08","slug":"perspectivas-economicas-para-alemania-el-enfermo-de-europa","status":"publish","type":"post","link":"https:\/\/focus.s.nomatter.dev\/es\/blog\/perspectivas-economicas-para-alemania-el-enfermo-de-europa\/","title":{"rendered":"Perspectivas econ\u00f3micas para Alemania, el enfermo de Europa"},"content":{"rendered":"<p><a href=\"https:\/\/focus.s.nomatter.dev\/blog\/the-economic-outlook-for-germany-the-sick-man-of-europe\/\"><em>Read in English<\/em><\/a><\/p>\n<p>Datos recientes revelan que el crecimiento eludi\u00f3 a la econom\u00eda alemana por<a href=\"https:\/\/www.destatis.de\/EN\/Press\/2025\/01\/PE25_019_811.html\"> segundo a\u00f1o consecutivo en 2024<\/a>. Sin embargo, estos problemas son m\u00e1s profundos, ya que la econom\u00eda est\u00e1 pr\u00e1cticamente estancada desde 2020. Ahora que el pa\u00eds se prepara para las <a href=\"https:\/\/focus.s.nomatter.dev\/es\/countries\/alemania\/news\/politica\/germany-politics-27-01-2025-la-economia-alemana-seguira-siendo-fragil-independientemente-del-resultado-electoral\/\">elecciones federales de febrero<\/a>, todas las miradas est\u00e1n puestas en los posibles cambios pol\u00edticos. A continuaci\u00f3n analizamos los principales retos a los que se enfrenta la econom\u00eda alemana y las perspectivas de futuro de nuestros panelistas.<\/p>\n<h3><strong>Modelo macroecon\u00f3mico obsoleto <\/strong><\/h3>\n<p>Dos pilares fundamentales de la econom\u00eda alemana se han tambaleado en los \u00faltimos a\u00f1os: Los precios baratos de la energ\u00eda y el f\u00e1cil acceso a grandes mercados de exportaci\u00f3n. En 2019, los precios de la electricidad del pa\u00eds estaban entre los m\u00e1s bajos de la UE; en 2023, los precios de la electricidad alemana se hab\u00edan m\u00e1s que duplicado debido a la invasi\u00f3n rusa de Ucrania. Este rev\u00e9s de la fortuna sacudi\u00f3 el sector industrial clave, que seg\u00fan nuestros panelistas se contraer\u00e1 por cuarto a\u00f1o consecutivo en 2025. Mientras tanto, la creciente cuota de China en mercados antes dominados por empresas alemanas -como el del autom\u00f3vil- y un probable aumento de las barreras comerciales tanto al mercado chino como al estadounidense amenazan la demanda externa. Juntos, China y Estados Unidos absorben alrededor del 16% de las exportaciones alemanas.<\/p>\n<h3><strong>Subinversi\u00f3n cr\u00f3nica <\/strong><\/h3>\n<p>El deterioro de las infraestructuras, el retraso en los esfuerzos de digitalizaci\u00f3n, el colapso del Gobierno&#8230; la lista de los males internos de la econom\u00eda es interminable, pero resulta que el culpable es el mismo: el freno a la deuda federal. Esta medida limita el endeudamiento neto del Estado al 0,35% del PIB anual para contener la ratio deuda p\u00fablica\/PIB. Aunque ha tenido \u00e9xito en su objetivo principal -Alemania tiene la proporci\u00f3n m\u00e1s baja del G7-, ha tenido el desafortunado efecto secundario de limitar la inversi\u00f3n p\u00fablica en un momento en que se necesita desesperadamente. Si a ello se a\u00f1ade la excesiva burocracia que limita la inversi\u00f3n privada, el resultado es una competitividad internacional en ruinas; seg\u00fan un informe del Institute for Management Development, Alemania ha ca\u00eddo nueve puestos hasta el 24\u00ba en la clasificaci\u00f3n mundial de competitividad en los dos \u00faltimos a\u00f1os. Las reformas del freno de la deuda requieren una mayor\u00eda de dos tercios en el Parlamento y cuentan con la oposici\u00f3n de los dos principales candidatos a las elecciones de febrero. En consecuencia, es probable que tales reformas sean una quimera.<\/p>\n<h3><strong>Hogares bajo presi\u00f3n <\/strong><\/h3>\n<p>Aunque en 2021 se logr\u00f3 contener Covid-19, los hogares se vieron afectados durante un largo periodo por la debilidad de la confianza de los consumidores, el descenso de los salarios reales y los elevados tipos de inter\u00e9s. De cara a 2025, el crecimiento de los ingresos reales deber\u00eda repuntar, lo que, unido a <a href=\"https:\/\/focus.s.nomatter.dev\/es\/country-indicator\/zona-euro\/interest-rate\/\">nuevos recortes de tipos por parte del BCE<\/a>, apoyar\u00e1 el gasto de los consumidores. Aun as\u00ed, el crecimiento del gasto se situar\u00e1 por debajo de la media del euro en un contexto de aumento del desempleo y persistente negatividad de los consumidores, en parte debido a la persistente incertidumbre pol\u00edtica.<\/p>\n<h3><strong>Perspectivas de nuestros panelistas para Alemania <\/strong><\/h3>\n<p>Nuestro consenso actual es que la econom\u00eda registrar\u00e1 un ligero repunte en 2025, a medida que la bajada de los tipos de inter\u00e9s y la <a href=\"https:\/\/focus.s.nomatter.dev\/es\/country-indicator\/alemania\/harmonized-inflation\/\">inflaci\u00f3n<\/a> impulsen la mejora del gasto privado y la inversi\u00f3n en capital fijo, y la mayor demanda de la UE impulse la recuperaci\u00f3n de las exportaciones. Aun as\u00ed, Alemania volver\u00e1 a ser el pa\u00eds del G7 con peores resultados este a\u00f1o, lastrado por el prolongado malestar en el sector industrial.<\/p>\n<p><img loading=\"lazy\" decoding=\"async\" class=\"alignnone wp-image-155578\" src=\"https:\/\/nm-img.b-cdn.net\/focus\/es\/wp-content\/uploads\/sites\/5\/2025\/01\/image-2-300x157.png\" alt=\"\" width=\"852\" height=\"446\" srcset=\"https:\/\/focus-d7op8.kinsta.storage\/staging\/uploads\/sites\/5\/2025\/01\/image-2-300x157.png 300w, https:\/\/focus-d7op8.kinsta.storage\/staging\/uploads\/sites\/5\/2025\/01\/image-2-1024x535.png 1024w, https:\/\/focus-d7op8.kinsta.storage\/staging\/uploads\/sites\/5\/2025\/01\/image-2-768x401.png 768w, https:\/\/focus-d7op8.kinsta.storage\/staging\/uploads\/sites\/5\/2025\/01\/image-2-1536x803.png 1536w, https:\/\/focus-d7op8.kinsta.storage\/staging\/uploads\/sites\/5\/2025\/01\/image-2-2048x1070.png 2048w\" sizes=\"auto, (max-width: 852px) 100vw, 852px\" \/><\/p>\n<h3><strong>Opiniones de nuestra red de analistas: <\/strong><\/h3>\n<p><strong>Carsten Brzeski, de ING<\/strong>, comenta las perspectivas:<\/p>\n<p><em>\u00abEl pa\u00eds sigue siendo una de las econom\u00edas m\u00e1s ricas del mundo, pero necesita una revisi\u00f3n para detener su deterioro gradual. Abordar los principales problemas [&#8230;] ser\u00e1 todo un reto. Si a esto a\u00f1adimos una demograf\u00eda desfavorable y el impacto en los sistemas sanitario y de pensiones, est\u00e1 claro que no hay una salida f\u00e1cil a la situaci\u00f3n actual. A falta de nuevas iniciativas pol\u00edticas tras las elecciones, la econom\u00eda alemana parece abocada a otro a\u00f1o de estancamiento y posiblemente incluso a una tercera contracci\u00f3n consecutiva. Un nuevo y triste r\u00e9cord\u00bb.<\/em><\/p>\n<p><strong>Friedrich Schaper y Sven Jari Stehn, analistas de Goldman Sachs<\/strong>, declararon:<\/p>\n<p><em>\u00abPor tanto, las elecciones anticipadas brindan la oportunidad de abordar los numerosos retos econ\u00f3micos de Alemania. Aunque parece probable que se produzca alg\u00fan apoyo fiscal adicional, creemos que cualquier expansi\u00f3n fiscal ser\u00e1 de tama\u00f1o limitado, se centrar\u00e1 principalmente en la inversi\u00f3n y apoyar\u00e1 el crecimiento de forma significativa s\u00f3lo a partir de 2026. Unas reformas estructurales decisivas podr\u00edan impulsar las perspectivas de crecimiento de Alemania -como lo hicieron a principios de la d\u00e9cada de 2000-, pero su aplicaci\u00f3n tambi\u00e9n lleva tiempo, lo que deja unas perspectivas de crecimiento d\u00e9biles para 2025.\u00bb<\/em><\/p>\n<h3><strong>Nuestro \u00faltimo an\u00e1lisis<\/strong><\/h3>\n<ul>\n<li>El <a href=\"https:\/\/focus.s.nomatter.dev\/es\/countries\/china\/news\/pib\/china-national-accounts-20-01-2025-el-crecimiento-del-pib-registra-en-el-cuarto-trimestre-la-expansion-mas-rapida-desde-el-segundo-trimestre-de-2023\/\">crecimiento econ\u00f3mico anual de China se aceler\u00f3<\/a> en el cuarto trimestre de 2024, superando las expectativas del mercado, debido al adelanto de las exportaciones ante el temor a un aumento de los aranceles estadounidenses.<\/li>\n<li>En enero, la Autoridad Monetaria de Singapur <a href=\"https:\/\/focus.s.nomatter.dev\/es\/countries\/singapur\/news\/politica-monetaria\/singapore-central-bank-meeting-24-01-2025-la-autoridad-monetaria-de-singapur-flexibiliza-su-politica-monetaria-en-enero\/\">suaviz\u00f3 la orientaci\u00f3n de su pol\u00edtica monetaria<\/a> por primera vez en casi cinco a\u00f1os debido a unas previsiones de inflaci\u00f3n y crecimiento del PIB m\u00e1s suaves.<\/li>\n<\/ul>\n","protected":false},"excerpt":{"rendered":"<p>Read in English Datos recientes revelan que el crecimiento eludi\u00f3 a la econom\u00eda alemana por segundo a\u00f1o consecutivo en 2024. Sin embargo, estos problemas son m\u00e1s profundos, ya que la econom\u00eda est\u00e1 pr\u00e1cticamente estancada desde 2020. Ahora que el pa\u00eds se prepara para las elecciones federales de febrero, todas las miradas est\u00e1n puestas en los<\/p>\n","protected":false},"author":31,"featured_media":0,"comment_status":"closed","ping_status":"closed","sticky":false,"template":"","format":"standard","meta":{"_acf_changed":false,"editor_notices":[],"footnotes":""},"categories":[1],"tags":[1868,1869],"class_list":["post-155571","post","type-post","status-publish","format-standard","hentry","category-uncategorized","tag-alemania","tag-produccion-industrial"],"acf":[],"yoast_head":"<!-- This site is optimized with the Yoast SEO Premium plugin v26.9 (Yoast SEO v26.9) - https:\/\/yoast.com\/product\/yoast-seo-premium-wordpress\/ -->\n<title>Perspectivas econ\u00f3micas para Alemania, el enfermo de Europa - FocusEconomics [ES]<\/title>\n<meta name=\"robots\" content=\"noindex, follow, max-snippet:-1, max-image-preview:large, max-video-preview:-1\" \/>\n<meta property=\"og:locale\" content=\"es_ES\" class=\"yoast-seo-meta-tag\" \/>\n<meta property=\"og:type\" content=\"article\" class=\"yoast-seo-meta-tag\" \/>\n<meta property=\"og:title\" content=\"Perspectivas econ\u00f3micas para Alemania, el enfermo de Europa\" class=\"yoast-seo-meta-tag\" \/>\n<meta property=\"og:description\" content=\"Read in English Datos recientes revelan que el crecimiento eludi\u00f3 a la econom\u00eda alemana por segundo a\u00f1o consecutivo en 2024. Sin embargo, estos problemas son m\u00e1s profundos, ya que la econom\u00eda est\u00e1 pr\u00e1cticamente estancada desde 2020. Ahora que el pa\u00eds se prepara para las elecciones federales de febrero, todas las miradas est\u00e1n puestas en los\" class=\"yoast-seo-meta-tag\" \/>\n<meta property=\"og:url\" content=\"https:\/\/focus.s.nomatter.dev\/es\/blog\/perspectivas-economicas-para-alemania-el-enfermo-de-europa\/\" class=\"yoast-seo-meta-tag\" \/>\n<meta property=\"og:site_name\" content=\"FocusEconomics [ES]\" class=\"yoast-seo-meta-tag\" \/>\n<meta property=\"article:publisher\" content=\"https:\/\/www.facebook.com\/FocusEconomics\" class=\"yoast-seo-meta-tag\" \/>\n<meta property=\"article:published_time\" content=\"2025-01-31T09:38:27+00:00\" class=\"yoast-seo-meta-tag\" \/>\n<meta property=\"article:modified_time\" content=\"2025-11-17T18:45:08+00:00\" class=\"yoast-seo-meta-tag\" \/>\n<meta property=\"og:image\" content=\"https:\/\/focus-stg.nm-img.net\/uploads\/sites\/5\/2025\/01\/image-2.png\" class=\"yoast-seo-meta-tag\" \/>\n\t<meta property=\"og:image:width\" content=\"2400\" class=\"yoast-seo-meta-tag\" \/>\n\t<meta property=\"og:image:height\" content=\"1254\" class=\"yoast-seo-meta-tag\" \/>\n\t<meta property=\"og:image:type\" content=\"image\/png\" class=\"yoast-seo-meta-tag\" \/>\n<meta name=\"author\" content=\"Mirei Alofan\" class=\"yoast-seo-meta-tag\" \/>\n<meta name=\"twitter:card\" content=\"summary_large_image\" class=\"yoast-seo-meta-tag\" \/>\n<meta name=\"twitter:creator\" content=\"@FocusEconomics\" class=\"yoast-seo-meta-tag\" \/>\n<meta name=\"twitter:site\" content=\"@FocusEconomics\" class=\"yoast-seo-meta-tag\" \/>\n<meta name=\"twitter:label1\" content=\"Escrito por\" class=\"yoast-seo-meta-tag\" \/>\n\t<meta name=\"twitter:data1\" content=\"Mirei Alofan\" class=\"yoast-seo-meta-tag\" \/>\n\t<meta name=\"twitter:label2\" content=\"Tiempo de lectura\" class=\"yoast-seo-meta-tag\" \/>\n\t<meta name=\"twitter:data2\" content=\"5 minutos\" class=\"yoast-seo-meta-tag\" \/>\n<script type=\"application\/ld+json\" class=\"yoast-schema-graph\">{\"@context\":\"https:\/\/schema.org\",\"@graph\":[{\"@type\":\"Article\",\"@id\":\"https:\/\/focus.s.nomatter.dev\/es\/blog\/perspectivas-economicas-para-alemania-el-enfermo-de-europa\/#article\",\"isPartOf\":{\"@id\":\"https:\/\/focus.s.nomatter.dev\/es\/blog\/perspectivas-economicas-para-alemania-el-enfermo-de-europa\/\"},\"author\":{\"name\":\"Mirei Alofan\",\"@id\":\"https:\/\/focus.s.nomatter.dev\/es\/#\/schema\/person\/e5dbb02bacfb09a1678cefff074acfd3\"},\"headline\":\"Perspectivas econ\u00f3micas para Alemania, el enfermo de Europa\",\"datePublished\":\"2025-01-31T09:38:27+00:00\",\"dateModified\":\"2025-11-17T18:45:08+00:00\",\"mainEntityOfPage\":{\"@id\":\"https:\/\/focus.s.nomatter.dev\/es\/blog\/perspectivas-economicas-para-alemania-el-enfermo-de-europa\/\"},\"wordCount\":951,\"publisher\":{\"@id\":\"https:\/\/focus.s.nomatter.dev\/es\/#organization\"},\"image\":{\"@id\":\"https:\/\/focus.s.nomatter.dev\/es\/blog\/perspectivas-economicas-para-alemania-el-enfermo-de-europa\/#primaryimage\"},\"thumbnailUrl\":\"https:\/\/nm-img.b-cdn.net\/focus\/es\/wp-content\/uploads\/sites\/5\/2025\/01\/image-2-300x157.png\",\"keywords\":[\"Alemania\",\"Producci\u00f3n Industrial\"],\"articleSection\":[\"Uncategorized\"],\"inLanguage\":\"es\"},{\"@type\":\"WebPage\",\"@id\":\"https:\/\/focus.s.nomatter.dev\/es\/blog\/perspectivas-economicas-para-alemania-el-enfermo-de-europa\/\",\"url\":\"https:\/\/focus.s.nomatter.dev\/es\/blog\/perspectivas-economicas-para-alemania-el-enfermo-de-europa\/\",\"name\":\"Perspectivas econ\u00f3micas para Alemania, el enfermo de Europa - FocusEconomics [ES]\",\"isPartOf\":{\"@id\":\"https:\/\/focus.s.nomatter.dev\/es\/#website\"},\"primaryImageOfPage\":{\"@id\":\"https:\/\/focus.s.nomatter.dev\/es\/blog\/perspectivas-economicas-para-alemania-el-enfermo-de-europa\/#primaryimage\"},\"image\":{\"@id\":\"https:\/\/focus.s.nomatter.dev\/es\/blog\/perspectivas-economicas-para-alemania-el-enfermo-de-europa\/#primaryimage\"},\"thumbnailUrl\":\"https:\/\/nm-img.b-cdn.net\/focus\/es\/wp-content\/uploads\/sites\/5\/2025\/01\/image-2-300x157.png\",\"datePublished\":\"2025-01-31T09:38:27+00:00\",\"dateModified\":\"2025-11-17T18:45:08+00:00\",\"breadcrumb\":{\"@id\":\"https:\/\/focus.s.nomatter.dev\/es\/blog\/perspectivas-economicas-para-alemania-el-enfermo-de-europa\/#breadcrumb\"},\"inLanguage\":\"es\",\"potentialAction\":[{\"@type\":\"ReadAction\",\"target\":[\"https:\/\/focus.s.nomatter.dev\/es\/blog\/perspectivas-economicas-para-alemania-el-enfermo-de-europa\/\"]}]},{\"@type\":\"ImageObject\",\"inLanguage\":\"es\",\"@id\":\"https:\/\/focus.s.nomatter.dev\/es\/blog\/perspectivas-economicas-para-alemania-el-enfermo-de-europa\/#primaryimage\",\"url\":\"https:\/\/nm-img.b-cdn.net\/focus\/es\/wp-content\/uploads\/sites\/5\/2025\/01\/image-2-300x157.png\",\"contentUrl\":\"https:\/\/nm-img.b-cdn.net\/focus\/es\/wp-content\/uploads\/sites\/5\/2025\/01\/image-2-300x157.png\"},{\"@type\":\"BreadcrumbList\",\"@id\":\"https:\/\/focus.s.nomatter.dev\/es\/blog\/perspectivas-economicas-para-alemania-el-enfermo-de-europa\/#breadcrumb\",\"itemListElement\":[{\"@type\":\"ListItem\",\"position\":1,\"name\":\"Home\",\"item\":\"https:\/\/focus.s.nomatter.dev\/es\/\"},{\"@type\":\"ListItem\",\"position\":2,\"name\":\"Perspectivas econ\u00f3micas para Alemania, el enfermo de Europa\"}]},{\"@type\":\"WebSite\",\"@id\":\"https:\/\/focus.s.nomatter.dev\/es\/#website\",\"url\":\"https:\/\/focus.s.nomatter.dev\/es\/\",\"name\":\"FocusEconomics\",\"description\":\"Economic Indicators, News and Forecasts\",\"publisher\":{\"@id\":\"https:\/\/focus.s.nomatter.dev\/es\/#organization\"},\"potentialAction\":[{\"@type\":\"SearchAction\",\"target\":{\"@type\":\"EntryPoint\",\"urlTemplate\":\"https:\/\/focus.s.nomatter.dev\/es\/search-results\/?global-search={search_term_string}\"},\"query-input\":{\"@type\":\"PropertyValueSpecification\",\"valueRequired\":true,\"valueName\":\"search_term_string\"}}],\"inLanguage\":\"es\"},{\"@type\":\"Organization\",\"@id\":\"https:\/\/focus.s.nomatter.dev\/es\/#organization\",\"name\":\"FocusEconomics\",\"url\":\"https:\/\/focus.s.nomatter.dev\/es\/\",\"logo\":{\"@type\":\"ImageObject\",\"inLanguage\":\"es\",\"@id\":\"https:\/\/focus.s.nomatter.dev\/es\/#\/schema\/logo\/image\/\",\"url\":\"https:\/\/focus-d7op8.kinsta.storage\/production\/uploads\/sites\/5\/2022\/08\/logo.svg\",\"contentUrl\":\"https:\/\/focus-d7op8.kinsta.storage\/production\/uploads\/sites\/5\/2022\/08\/logo.svg\",\"width\":277,\"height\":54,\"caption\":\"FocusEconomics\"},\"image\":{\"@id\":\"https:\/\/focus.s.nomatter.dev\/es\/#\/schema\/logo\/image\/\"},\"sameAs\":[\"https:\/\/www.facebook.com\/FocusEconomics\",\"https:\/\/x.com\/FocusEconomics\"]},{\"@type\":\"Person\",\"@id\":\"https:\/\/focus.s.nomatter.dev\/es\/#\/schema\/person\/e5dbb02bacfb09a1678cefff074acfd3\",\"name\":\"Mirei Alofan\"}]}<\/script>\n<!-- \/ Yoast SEO Premium plugin. -->","yoast_head_json":{"title":"Perspectivas econ\u00f3micas para Alemania, el enfermo de Europa - FocusEconomics [ES]","robots":{"index":"noindex","follow":"follow","max-snippet":"max-snippet:-1","max-image-preview":"max-image-preview:large","max-video-preview":"max-video-preview:-1"},"og_locale":"es_ES","og_type":"article","og_title":"Perspectivas econ\u00f3micas para Alemania, el enfermo de Europa","og_description":"Read in English Datos recientes revelan que el crecimiento eludi\u00f3 a la econom\u00eda alemana por segundo a\u00f1o consecutivo en 2024. Sin embargo, estos problemas son m\u00e1s profundos, ya que la econom\u00eda est\u00e1 pr\u00e1cticamente estancada desde 2020. Ahora que el pa\u00eds se prepara para las elecciones federales de febrero, todas las miradas est\u00e1n puestas en los","og_url":"https:\/\/focus.s.nomatter.dev\/es\/blog\/perspectivas-economicas-para-alemania-el-enfermo-de-europa\/","og_site_name":"FocusEconomics [ES]","article_publisher":"https:\/\/www.facebook.com\/FocusEconomics","article_published_time":"2025-01-31T09:38:27+00:00","article_modified_time":"2025-11-17T18:45:08+00:00","og_image":[{"width":2400,"height":1254,"url":"https:\/\/focus-stg.nm-img.net\/uploads\/sites\/5\/2025\/01\/image-2.png","type":"image\/png"}],"author":"Mirei Alofan","twitter_card":"summary_large_image","twitter_creator":"@FocusEconomics","twitter_site":"@FocusEconomics","twitter_misc":{"Escrito por":"Mirei Alofan","Tiempo de lectura":"5 minutos"},"schema":{"@context":"https:\/\/schema.org","@graph":[{"@type":"Article","@id":"https:\/\/focus.s.nomatter.dev\/es\/blog\/perspectivas-economicas-para-alemania-el-enfermo-de-europa\/#article","isPartOf":{"@id":"https:\/\/focus.s.nomatter.dev\/es\/blog\/perspectivas-economicas-para-alemania-el-enfermo-de-europa\/"},"author":{"name":"Mirei Alofan","@id":"https:\/\/focus.s.nomatter.dev\/es\/#\/schema\/person\/e5dbb02bacfb09a1678cefff074acfd3"},"headline":"Perspectivas econ\u00f3micas para Alemania, el enfermo de Europa","datePublished":"2025-01-31T09:38:27+00:00","dateModified":"2025-11-17T18:45:08+00:00","mainEntityOfPage":{"@id":"https:\/\/focus.s.nomatter.dev\/es\/blog\/perspectivas-economicas-para-alemania-el-enfermo-de-europa\/"},"wordCount":951,"publisher":{"@id":"https:\/\/focus.s.nomatter.dev\/es\/#organization"},"image":{"@id":"https:\/\/focus.s.nomatter.dev\/es\/blog\/perspectivas-economicas-para-alemania-el-enfermo-de-europa\/#primaryimage"},"thumbnailUrl":"https:\/\/nm-img.b-cdn.net\/focus\/es\/wp-content\/uploads\/sites\/5\/2025\/01\/image-2-300x157.png","keywords":["Alemania","Producci\u00f3n Industrial"],"articleSection":["Uncategorized"],"inLanguage":"es"},{"@type":"WebPage","@id":"https:\/\/focus.s.nomatter.dev\/es\/blog\/perspectivas-economicas-para-alemania-el-enfermo-de-europa\/","url":"https:\/\/focus.s.nomatter.dev\/es\/blog\/perspectivas-economicas-para-alemania-el-enfermo-de-europa\/","name":"Perspectivas econ\u00f3micas para Alemania, el enfermo de Europa - FocusEconomics [ES]","isPartOf":{"@id":"https:\/\/focus.s.nomatter.dev\/es\/#website"},"primaryImageOfPage":{"@id":"https:\/\/focus.s.nomatter.dev\/es\/blog\/perspectivas-economicas-para-alemania-el-enfermo-de-europa\/#primaryimage"},"image":{"@id":"https:\/\/focus.s.nomatter.dev\/es\/blog\/perspectivas-economicas-para-alemania-el-enfermo-de-europa\/#primaryimage"},"thumbnailUrl":"https:\/\/nm-img.b-cdn.net\/focus\/es\/wp-content\/uploads\/sites\/5\/2025\/01\/image-2-300x157.png","datePublished":"2025-01-31T09:38:27+00:00","dateModified":"2025-11-17T18:45:08+00:00","breadcrumb":{"@id":"https:\/\/focus.s.nomatter.dev\/es\/blog\/perspectivas-economicas-para-alemania-el-enfermo-de-europa\/#breadcrumb"},"inLanguage":"es","potentialAction":[{"@type":"ReadAction","target":["https:\/\/focus.s.nomatter.dev\/es\/blog\/perspectivas-economicas-para-alemania-el-enfermo-de-europa\/"]}]},{"@type":"ImageObject","inLanguage":"es","@id":"https:\/\/focus.s.nomatter.dev\/es\/blog\/perspectivas-economicas-para-alemania-el-enfermo-de-europa\/#primaryimage","url":"https:\/\/nm-img.b-cdn.net\/focus\/es\/wp-content\/uploads\/sites\/5\/2025\/01\/image-2-300x157.png","contentUrl":"https:\/\/nm-img.b-cdn.net\/focus\/es\/wp-content\/uploads\/sites\/5\/2025\/01\/image-2-300x157.png"},{"@type":"BreadcrumbList","@id":"https:\/\/focus.s.nomatter.dev\/es\/blog\/perspectivas-economicas-para-alemania-el-enfermo-de-europa\/#breadcrumb","itemListElement":[{"@type":"ListItem","position":1,"name":"Home","item":"https:\/\/focus.s.nomatter.dev\/es\/"},{"@type":"ListItem","position":2,"name":"Perspectivas econ\u00f3micas para Alemania, el enfermo de Europa"}]},{"@type":"WebSite","@id":"https:\/\/focus.s.nomatter.dev\/es\/#website","url":"https:\/\/focus.s.nomatter.dev\/es\/","name":"FocusEconomics","description":"Economic Indicators, News and Forecasts","publisher":{"@id":"https:\/\/focus.s.nomatter.dev\/es\/#organization"},"potentialAction":[{"@type":"SearchAction","target":{"@type":"EntryPoint","urlTemplate":"https:\/\/focus.s.nomatter.dev\/es\/search-results\/?global-search={search_term_string}"},"query-input":{"@type":"PropertyValueSpecification","valueRequired":true,"valueName":"search_term_string"}}],"inLanguage":"es"},{"@type":"Organization","@id":"https:\/\/focus.s.nomatter.dev\/es\/#organization","name":"FocusEconomics","url":"https:\/\/focus.s.nomatter.dev\/es\/","logo":{"@type":"ImageObject","inLanguage":"es","@id":"https:\/\/focus.s.nomatter.dev\/es\/#\/schema\/logo\/image\/","url":"https:\/\/focus-d7op8.kinsta.storage\/production\/uploads\/sites\/5\/2022\/08\/logo.svg","contentUrl":"https:\/\/focus-d7op8.kinsta.storage\/production\/uploads\/sites\/5\/2022\/08\/logo.svg","width":277,"height":54,"caption":"FocusEconomics"},"image":{"@id":"https:\/\/focus.s.nomatter.dev\/es\/#\/schema\/logo\/image\/"},"sameAs":["https:\/\/www.facebook.com\/FocusEconomics","https:\/\/x.com\/FocusEconomics"]},{"@type":"Person","@id":"https:\/\/focus.s.nomatter.dev\/es\/#\/schema\/person\/e5dbb02bacfb09a1678cefff074acfd3","name":"Mirei Alofan"}]}},"_links":{"self":[{"href":"https:\/\/focus.s.nomatter.dev\/es\/wp-json\/wp\/v2\/posts\/155571","targetHints":{"allow":["GET"]}}],"collection":[{"href":"https:\/\/focus.s.nomatter.dev\/es\/wp-json\/wp\/v2\/posts"}],"about":[{"href":"https:\/\/focus.s.nomatter.dev\/es\/wp-json\/wp\/v2\/types\/post"}],"author":[{"embeddable":true,"href":"https:\/\/focus.s.nomatter.dev\/es\/wp-json\/wp\/v2\/users\/31"}],"replies":[{"embeddable":true,"href":"https:\/\/focus.s.nomatter.dev\/es\/wp-json\/wp\/v2\/comments?post=155571"}],"version-history":[{"count":15,"href":"https:\/\/focus.s.nomatter.dev\/es\/wp-json\/wp\/v2\/posts\/155571\/revisions"}],"predecessor-version":[{"id":158222,"href":"https:\/\/focus.s.nomatter.dev\/es\/wp-json\/wp\/v2\/posts\/155571\/revisions\/158222"}],"wp:attachment":[{"href":"https:\/\/focus.s.nomatter.dev\/es\/wp-json\/wp\/v2\/media?parent=155571"}],"wp:term":[{"taxonomy":"category","embeddable":true,"href":"https:\/\/focus.s.nomatter.dev\/es\/wp-json\/wp\/v2\/categories?post=155571"},{"taxonomy":"post_tag","embeddable":true,"href":"https:\/\/focus.s.nomatter.dev\/es\/wp-json\/wp\/v2\/tags?post=155571"}],"curies":[{"name":"wp","href":"https:\/\/api.w.org\/{rel}","templated":true}]}}