{"id":155824,"date":"2025-03-28T08:11:41","date_gmt":"2025-03-28T08:11:41","guid":{"rendered":"https:\/\/focus.s.nomatter.dev\/es\/?p=155824"},"modified":"2025-11-17T18:44:31","modified_gmt":"2025-11-17T18:44:31","slug":"cenam-perspectivas-economicas-2025","status":"publish","type":"post","link":"https:\/\/focus.s.nomatter.dev\/es\/blog\/cenam-perspectivas-economicas-2025\/","title":{"rendered":"Perspectivas econ\u00f3micas del CENAM en 2025: \u00bfProblemas en el para\u00edso?"},"content":{"rendered":"<p><a href=\"https:\/\/focus.s.nomatter.dev\/blog\/cenem-economic-outlook-2025\/\"><em>Leer en ingl\u00e9s<\/em><\/a><\/p>\n<p><strong>El CENAM superar\u00e1 nuevamente a Am\u00e9rica Latina:<\/strong> Nuestro consenso es que la econom\u00eda de Centroam\u00e9rica y el Caribe (CENAM) se expandir\u00e1 m\u00e1s r\u00e1pidamente que la de Am\u00e9rica Latina por decimotercera vez en 14 a\u00f1os en 2025. Se proyecta que el gasto privado y la inversi\u00f3n fija crecer\u00e1n m\u00e1s r\u00e1pidamente en el CENAM, impulsados \u200b\u200bpor una menor inflaci\u00f3n y tasas de inter\u00e9s. Adem\u00e1s, a diferencia de las principales econom\u00edas de Am\u00e9rica Latina, es probable que el CENAM evite las agresivas subidas arancelarias de EE. UU., ya que los gobiernos hacen importantes concesiones a Trump en materia de migraci\u00f3n. A pesar de la desaceleraci\u00f3n con respecto al a\u00f1o pasado, la econom\u00eda estadounidense seguir\u00e1 siendo un recurso vital fundamental, impulsando las remesas, la inversi\u00f3n y la llegada de turistas al CENAM.<\/p>\n<p><strong>El crecimiento del PIB se situar\u00e1 a la zaga de otros mercados emergentes:<\/strong> Dicho esto, el CENAM se quedar\u00e1 atr\u00e1s de la mayor\u00eda de los mercados emergentes en 2025, debido a la persistencia de dificultades estructurales, como la delincuencia rampante, la emigraci\u00f3n masiva, las deficiencias de la infraestructura, la alta informalidad laboral y las crisis clim\u00e1ticas. Adem\u00e1s, la exposici\u00f3n del CENAM a la econom\u00eda estadounidense ser\u00e1 otro lastre: las restrictivas condiciones financieras globales y las elevadas tasas de inter\u00e9s en Estados Unidos limitar\u00e1n la entrada de capital a la regi\u00f3n, elevar\u00e1n los costos de financiamiento y frenar\u00e1n el crecimiento de la inversi\u00f3n privada en algunas econom\u00edas.<\/p>\n<p><img loading=\"lazy\" decoding=\"async\" class=\"alignnone wp-image-155832 size-large\" src=\"https:\/\/nm-img.b-cdn.net\/focus\/es\/wp-content\/uploads\/sites\/5\/2025\/03\/image-5-1024x535.png\" alt=\"pib cenam 2025\" width=\"1024\" height=\"535\" srcset=\"https:\/\/focus-d7op8.kinsta.storage\/staging\/uploads\/sites\/5\/2025\/03\/image-5-1024x535.png 1024w, https:\/\/focus-d7op8.kinsta.storage\/staging\/uploads\/sites\/5\/2025\/03\/image-5-300x157.png 300w, https:\/\/focus-d7op8.kinsta.storage\/staging\/uploads\/sites\/5\/2025\/03\/image-5-768x401.png 768w, https:\/\/focus-d7op8.kinsta.storage\/staging\/uploads\/sites\/5\/2025\/03\/image-5-1536x803.png 1536w, https:\/\/focus-d7op8.kinsta.storage\/staging\/uploads\/sites\/5\/2025\/03\/image-5-2048x1070.png 2048w\" sizes=\"auto, (max-width: 1024px) 100vw, 1024px\" \/><\/p>\n<p><strong>Din\u00e1mica regional que se mantendr\u00e1 hasta 2025:<\/strong> Rep\u00fablica Dominicana seguir\u00e1 siendo la econom\u00eda con mejor desempe\u00f1o del CENAM y crecer\u00e1 casi un 5% este a\u00f1o, impulsada por reformas promercado y una pol\u00edtica monetaria favorable. En contraste, una aguda crisis energ\u00e9tica en Cuba, la creciente violencia pandillera y el caos pol\u00edtico en Hait\u00ed, y la disminuci\u00f3n de la entrada de fondos federales estadounidenses a Puerto Rico, anclar\u00e1n a estas econom\u00edas en los \u00faltimos puestos de la clasificaci\u00f3n regional.<\/p>\n<p>En otras partes de la regi\u00f3n, se prev\u00e9 que Costa Rica crezca holgadamente por encima del promedio del CENAM, impulsada por un gasto masivo preelectoral, y Panam\u00e1 recuperar\u00e1 impulso gracias a importantes proyectos de infraestructura, la recuperaci\u00f3n de la actividad en el Canal de Panam\u00e1 tras la sequ\u00eda del a\u00f1o pasado y el efecto atenuado del cierre de la mina de cobre Cobre Panam\u00e1 en 2023. Guatemala tambi\u00e9n deber\u00eda crecer a buen ritmo gracias a una postura fiscal m\u00e1s flexible y un clima empresarial s\u00f3lido que fomenta la inversi\u00f3n.<\/p>\n<p><strong>La carta de Trump:<\/strong> Un control migratorio estricto bajo la nueva administraci\u00f3n estadounidense podr\u00eda interrumpir los flujos de remesas al CENAM m\u00e1s adelante en el a\u00f1o y, por lo tanto, afectar los presupuestos familiares. Adem\u00e1s, la reabsorci\u00f3n de trabajadores repatriados en los pa\u00edses del CENAM aumentar\u00eda las exigencias del sistema de bienestar social y podr\u00eda afectar las finanzas p\u00fablicas. Mientras tanto, es probable que la administraci\u00f3n Trump adopte un enfoque selectivo con respecto a los gobiernos autoritarios del CENAM: si bien Nicaragua ha sido amenazada con nuevas sanciones, El Salvador probablemente se librar\u00e1 gracias a su cooperaci\u00f3n con EE. UU. en materia de deportaciones.<\/p>\n<p><strong>El colapso de Hait\u00ed:<\/strong> Una reciente misi\u00f3n internacional no ha logrado detener el agravamiento de la crisis humanitaria y de seguridad en Hait\u00ed, que amenaza con desestabilizar el Caribe en general, impulsando la migraci\u00f3n, interrumpiendo los flujos comerciales y aumentando el riesgo de que la violencia de pandillas se propague a trav\u00e9s de las fronteras. La prolongaci\u00f3n de los disturbios tambi\u00e9n podr\u00eda erosionar a\u00fan m\u00e1s la confianza de los inversores y desalentar el turismo.<\/p>\n<p><strong>Fricciones comerciales:<\/strong> El Tratado de Libre Comercio entre Rep\u00fablica Dominicana y Am\u00e9rica Central (DR-CAFTA), un tratado comercial entre Rep\u00fablica Dominicana, Costa Rica, El Salvador, Guatemala, Honduras, Nicaragua y Estados Unidos, podr\u00eda verse bajo presi\u00f3n este a\u00f1o. Si bien algunos analistas argumentan que el tratado no se renegociar\u00e1, dado que Estados Unidos mantiene un amplio super\u00e1vit comercial con el bloque, el comercio a\u00fan podr\u00eda verse afectado por las dr\u00e1sticas subidas arancelarias estadounidenses sobre materias primas y bienes intermedios, as\u00ed como por la menor demanda de productos deslocalizados de EE. UU.<\/p>\n<h3>Perspectivas de nuestros analistas:<\/h3>\n<p>Sobre los riesgos para Costa Rica, un peso pesado de la regi\u00f3n, <strong>Mauricio Monge, de Oxford Economics<\/strong>, afirm\u00f3:<\/p>\n<p><em>\u201cLos riesgos para el crecimiento siguen siendo a la baja. En el \u00e1mbito externo, la guerra comercial entre Estados Unidos y China, y otras regiones como la Uni\u00f3n Europea, afectar\u00e1 la demanda externa de las exportaciones costarricenses debido a un menor crecimiento global. En el \u00e1mbito interno, los niveles de inseguridad siguen alcanzando nuevos r\u00e9cords este a\u00f1o, y sus efectos en la afluencia tur\u00edstica y la inversi\u00f3n son cada vez m\u00e1s evidentes. Adem\u00e1s, prevemos un mayor descontento social y el riesgo de disturbios sociales durante las elecciones del pr\u00f3ximo a\u00f1o\u201d.<\/em><\/p>\n<p>Sobre el trato divergente que reciben los gobiernos en todo el espectro pol\u00edtico, <strong>los analistas de EIU<\/strong> afirmaron:<\/p>\n<p><em>\u201cPrevemos que la administraci\u00f3n Trump adoptar\u00e1 una postura m\u00e1s dura contra los reg\u00edmenes autoritarios de izquierda de Am\u00e9rica Latina. La administraci\u00f3n ya ha amenazado con expulsar a Nicaragua del Tratado de Libre Comercio entre Rep\u00fablica Dominicana, Centroam\u00e9rica y Estados Unidos (DR-CAFTA), aunque dicho resultado no forma parte de nuestro pron\u00f3stico base, dada la inestabilidad econ\u00f3mica y la migraci\u00f3n externa (posiblemente hacia EE. UU.) que esto causar\u00eda. [\u2026] Mientras tanto, Trump ignora la deriva autoritaria del gobierno de derecha de El Salvador, priorizando en cambio los acuerdos bilaterales sobre control migratorio\u201d.<\/em><\/p>\n<h3>Nuestro \u00faltimo an\u00e1lisis:<\/h3>\n<ul>\n<li>Se prev\u00e9 que <a href=\"https:\/\/focus.s.nomatter.dev\/es\/blog\/cuales-son-las-perspectivas-economicas-de-la-india-para-los-proximos-anos\/\">la econom\u00eda de la India<\/a> crezca a uno de los ritmos m\u00e1s r\u00e1pidos del mundo en esta d\u00e9cada.<\/li>\n<li>Las <a href=\"https:\/\/focus.s.nomatter.dev\/es\/blog\/la-economia-de-las-negociaciones-de-alto-el-fuego-entre-rusia-y-ucrania\/\">pr\u00f3ximas negociaciones de paz entre Rusia y Ucrania<\/a> est\u00e1n plagadas de incertidumbre.<\/li>\n<\/ul>\n","protected":false},"excerpt":{"rendered":"<p>Leer en ingl\u00e9s El CENAM superar\u00e1 nuevamente a Am\u00e9rica Latina: Nuestro consenso es que la econom\u00eda de Centroam\u00e9rica y el Caribe (CENAM) se expandir\u00e1 m\u00e1s r\u00e1pidamente que la de Am\u00e9rica Latina por decimotercera vez en 14 a\u00f1os en 2025. Se proyecta que el gasto privado y la inversi\u00f3n fija crecer\u00e1n m\u00e1s r\u00e1pidamente en el CENAM,<\/p>\n","protected":false},"author":8,"featured_media":0,"comment_status":"closed","ping_status":"closed","sticky":false,"template":"","format":"standard","meta":{"_acf_changed":false,"editor_notices":[],"footnotes":""},"categories":[1],"tags":[1802,1872,1873],"class_list":["post-155824","post","type-post","status-publish","format-standard","hentry","category-uncategorized","tag-pib","tag-america-central","tag-trump"],"acf":[],"yoast_head":"<!-- This site is optimized with the Yoast SEO Premium plugin v26.9 (Yoast SEO v26.9) - https:\/\/yoast.com\/product\/yoast-seo-premium-wordpress\/ -->\n<title>Perspectivas econ\u00f3micas del CENAM en 2025: \u00bfProblemas en el para\u00edso? - FocusEconomics [ES]<\/title>\n<meta name=\"robots\" content=\"noindex, follow, max-snippet:-1, max-image-preview:large, max-video-preview:-1\" \/>\n<meta property=\"og:locale\" content=\"es_ES\" class=\"yoast-seo-meta-tag\" \/>\n<meta property=\"og:type\" content=\"article\" class=\"yoast-seo-meta-tag\" \/>\n<meta property=\"og:title\" content=\"Perspectivas econ\u00f3micas del CENAM en 2025: \u00bfProblemas en el para\u00edso?\" class=\"yoast-seo-meta-tag\" \/>\n<meta property=\"og:description\" content=\"Leer en ingl\u00e9s El CENAM superar\u00e1 nuevamente a Am\u00e9rica Latina: Nuestro consenso es que la econom\u00eda de Centroam\u00e9rica y el Caribe (CENAM) se expandir\u00e1 m\u00e1s r\u00e1pidamente que la de Am\u00e9rica Latina por decimotercera vez en 14 a\u00f1os en 2025. Se proyecta que el gasto privado y la inversi\u00f3n fija crecer\u00e1n m\u00e1s r\u00e1pidamente en el CENAM,\" class=\"yoast-seo-meta-tag\" \/>\n<meta property=\"og:url\" content=\"https:\/\/focus.s.nomatter.dev\/es\/blog\/cenam-perspectivas-economicas-2025\/\" class=\"yoast-seo-meta-tag\" \/>\n<meta property=\"og:site_name\" content=\"FocusEconomics [ES]\" class=\"yoast-seo-meta-tag\" \/>\n<meta property=\"article:publisher\" content=\"https:\/\/www.facebook.com\/FocusEconomics\" class=\"yoast-seo-meta-tag\" \/>\n<meta property=\"article:published_time\" content=\"2025-03-28T08:11:41+00:00\" class=\"yoast-seo-meta-tag\" \/>\n<meta property=\"article:modified_time\" content=\"2025-11-17T18:44:31+00:00\" class=\"yoast-seo-meta-tag\" \/>\n<meta property=\"og:image\" content=\"https:\/\/focus-stg.nm-img.net\/uploads\/sites\/5\/2025\/03\/image-5.png\" class=\"yoast-seo-meta-tag\" \/>\n\t<meta property=\"og:image:width\" content=\"2400\" class=\"yoast-seo-meta-tag\" \/>\n\t<meta property=\"og:image:height\" content=\"1254\" class=\"yoast-seo-meta-tag\" \/>\n\t<meta property=\"og:image:type\" content=\"image\/png\" class=\"yoast-seo-meta-tag\" \/>\n<meta name=\"author\" content=\"Miriam Dowd\" class=\"yoast-seo-meta-tag\" \/>\n<meta name=\"twitter:card\" content=\"summary_large_image\" class=\"yoast-seo-meta-tag\" \/>\n<meta name=\"twitter:creator\" content=\"@FocusEconomics\" class=\"yoast-seo-meta-tag\" \/>\n<meta name=\"twitter:site\" content=\"@FocusEconomics\" class=\"yoast-seo-meta-tag\" \/>\n<meta name=\"twitter:label1\" content=\"Escrito por\" class=\"yoast-seo-meta-tag\" \/>\n\t<meta name=\"twitter:data1\" content=\"Miriam Dowd\" class=\"yoast-seo-meta-tag\" \/>\n\t<meta name=\"twitter:label2\" content=\"Tiempo de lectura\" class=\"yoast-seo-meta-tag\" \/>\n\t<meta name=\"twitter:data2\" content=\"5 minutos\" class=\"yoast-seo-meta-tag\" \/>\n<script type=\"application\/ld+json\" class=\"yoast-schema-graph\">{\"@context\":\"https:\/\/schema.org\",\"@graph\":[{\"@type\":\"Article\",\"@id\":\"https:\/\/focus.s.nomatter.dev\/es\/blog\/cenam-perspectivas-economicas-2025\/#article\",\"isPartOf\":{\"@id\":\"https:\/\/focus.s.nomatter.dev\/es\/blog\/cenam-perspectivas-economicas-2025\/\"},\"author\":{\"name\":\"Miriam Dowd\",\"@id\":\"https:\/\/focus.s.nomatter.dev\/es\/#\/schema\/person\/a6ea9596e6e69459f9f8a56cabc2c5c7\"},\"headline\":\"Perspectivas econ\u00f3micas del CENAM en 2025: \u00bfProblemas en el para\u00edso?\",\"datePublished\":\"2025-03-28T08:11:41+00:00\",\"dateModified\":\"2025-11-17T18:44:31+00:00\",\"mainEntityOfPage\":{\"@id\":\"https:\/\/focus.s.nomatter.dev\/es\/blog\/cenam-perspectivas-economicas-2025\/\"},\"wordCount\":1047,\"publisher\":{\"@id\":\"https:\/\/focus.s.nomatter.dev\/es\/#organization\"},\"image\":{\"@id\":\"https:\/\/focus.s.nomatter.dev\/es\/blog\/cenam-perspectivas-economicas-2025\/#primaryimage\"},\"thumbnailUrl\":\"https:\/\/nm-img.b-cdn.net\/focus\/es\/wp-content\/uploads\/sites\/5\/2025\/03\/image-5-1024x535.png\",\"keywords\":[\"PIB\",\"america central\",\"trump\"],\"articleSection\":[\"Uncategorized\"],\"inLanguage\":\"es\"},{\"@type\":\"WebPage\",\"@id\":\"https:\/\/focus.s.nomatter.dev\/es\/blog\/cenam-perspectivas-economicas-2025\/\",\"url\":\"https:\/\/focus.s.nomatter.dev\/es\/blog\/cenam-perspectivas-economicas-2025\/\",\"name\":\"Perspectivas econ\u00f3micas del CENAM en 2025: \u00bfProblemas en el para\u00edso? - FocusEconomics [ES]\",\"isPartOf\":{\"@id\":\"https:\/\/focus.s.nomatter.dev\/es\/#website\"},\"primaryImageOfPage\":{\"@id\":\"https:\/\/focus.s.nomatter.dev\/es\/blog\/cenam-perspectivas-economicas-2025\/#primaryimage\"},\"image\":{\"@id\":\"https:\/\/focus.s.nomatter.dev\/es\/blog\/cenam-perspectivas-economicas-2025\/#primaryimage\"},\"thumbnailUrl\":\"https:\/\/nm-img.b-cdn.net\/focus\/es\/wp-content\/uploads\/sites\/5\/2025\/03\/image-5-1024x535.png\",\"datePublished\":\"2025-03-28T08:11:41+00:00\",\"dateModified\":\"2025-11-17T18:44:31+00:00\",\"breadcrumb\":{\"@id\":\"https:\/\/focus.s.nomatter.dev\/es\/blog\/cenam-perspectivas-economicas-2025\/#breadcrumb\"},\"inLanguage\":\"es\",\"potentialAction\":[{\"@type\":\"ReadAction\",\"target\":[\"https:\/\/focus.s.nomatter.dev\/es\/blog\/cenam-perspectivas-economicas-2025\/\"]}]},{\"@type\":\"ImageObject\",\"inLanguage\":\"es\",\"@id\":\"https:\/\/focus.s.nomatter.dev\/es\/blog\/cenam-perspectivas-economicas-2025\/#primaryimage\",\"url\":\"https:\/\/nm-img.b-cdn.net\/focus\/es\/wp-content\/uploads\/sites\/5\/2025\/03\/image-5-1024x535.png\",\"contentUrl\":\"https:\/\/nm-img.b-cdn.net\/focus\/es\/wp-content\/uploads\/sites\/5\/2025\/03\/image-5-1024x535.png\"},{\"@type\":\"BreadcrumbList\",\"@id\":\"https:\/\/focus.s.nomatter.dev\/es\/blog\/cenam-perspectivas-economicas-2025\/#breadcrumb\",\"itemListElement\":[{\"@type\":\"ListItem\",\"position\":1,\"name\":\"Home\",\"item\":\"https:\/\/focus.s.nomatter.dev\/es\/\"},{\"@type\":\"ListItem\",\"position\":2,\"name\":\"Perspectivas econ\u00f3micas del CENAM en 2025: \u00bfProblemas en el para\u00edso?\"}]},{\"@type\":\"WebSite\",\"@id\":\"https:\/\/focus.s.nomatter.dev\/es\/#website\",\"url\":\"https:\/\/focus.s.nomatter.dev\/es\/\",\"name\":\"FocusEconomics\",\"description\":\"Economic Indicators, News and Forecasts\",\"publisher\":{\"@id\":\"https:\/\/focus.s.nomatter.dev\/es\/#organization\"},\"potentialAction\":[{\"@type\":\"SearchAction\",\"target\":{\"@type\":\"EntryPoint\",\"urlTemplate\":\"https:\/\/focus.s.nomatter.dev\/es\/search-results\/?global-search={search_term_string}\"},\"query-input\":{\"@type\":\"PropertyValueSpecification\",\"valueRequired\":true,\"valueName\":\"search_term_string\"}}],\"inLanguage\":\"es\"},{\"@type\":\"Organization\",\"@id\":\"https:\/\/focus.s.nomatter.dev\/es\/#organization\",\"name\":\"FocusEconomics\",\"url\":\"https:\/\/focus.s.nomatter.dev\/es\/\",\"logo\":{\"@type\":\"ImageObject\",\"inLanguage\":\"es\",\"@id\":\"https:\/\/focus.s.nomatter.dev\/es\/#\/schema\/logo\/image\/\",\"url\":\"https:\/\/focus-d7op8.kinsta.storage\/production\/uploads\/sites\/5\/2022\/08\/logo.svg\",\"contentUrl\":\"https:\/\/focus-d7op8.kinsta.storage\/production\/uploads\/sites\/5\/2022\/08\/logo.svg\",\"width\":277,\"height\":54,\"caption\":\"FocusEconomics\"},\"image\":{\"@id\":\"https:\/\/focus.s.nomatter.dev\/es\/#\/schema\/logo\/image\/\"},\"sameAs\":[\"https:\/\/www.facebook.com\/FocusEconomics\",\"https:\/\/x.com\/FocusEconomics\"]},{\"@type\":\"Person\",\"@id\":\"https:\/\/focus.s.nomatter.dev\/es\/#\/schema\/person\/a6ea9596e6e69459f9f8a56cabc2c5c7\",\"name\":\"Miriam Dowd\"}]}<\/script>\n<!-- \/ Yoast SEO Premium plugin. -->","yoast_head_json":{"title":"Perspectivas econ\u00f3micas del CENAM en 2025: \u00bfProblemas en el para\u00edso? - FocusEconomics [ES]","robots":{"index":"noindex","follow":"follow","max-snippet":"max-snippet:-1","max-image-preview":"max-image-preview:large","max-video-preview":"max-video-preview:-1"},"og_locale":"es_ES","og_type":"article","og_title":"Perspectivas econ\u00f3micas del CENAM en 2025: \u00bfProblemas en el para\u00edso?","og_description":"Leer en ingl\u00e9s El CENAM superar\u00e1 nuevamente a Am\u00e9rica Latina: Nuestro consenso es que la econom\u00eda de Centroam\u00e9rica y el Caribe (CENAM) se expandir\u00e1 m\u00e1s r\u00e1pidamente que la de Am\u00e9rica Latina por decimotercera vez en 14 a\u00f1os en 2025. Se proyecta que el gasto privado y la inversi\u00f3n fija crecer\u00e1n m\u00e1s r\u00e1pidamente en el CENAM,","og_url":"https:\/\/focus.s.nomatter.dev\/es\/blog\/cenam-perspectivas-economicas-2025\/","og_site_name":"FocusEconomics [ES]","article_publisher":"https:\/\/www.facebook.com\/FocusEconomics","article_published_time":"2025-03-28T08:11:41+00:00","article_modified_time":"2025-11-17T18:44:31+00:00","og_image":[{"width":2400,"height":1254,"url":"https:\/\/focus-stg.nm-img.net\/uploads\/sites\/5\/2025\/03\/image-5.png","type":"image\/png"}],"author":"Miriam Dowd","twitter_card":"summary_large_image","twitter_creator":"@FocusEconomics","twitter_site":"@FocusEconomics","twitter_misc":{"Escrito por":"Miriam Dowd","Tiempo de lectura":"5 minutos"},"schema":{"@context":"https:\/\/schema.org","@graph":[{"@type":"Article","@id":"https:\/\/focus.s.nomatter.dev\/es\/blog\/cenam-perspectivas-economicas-2025\/#article","isPartOf":{"@id":"https:\/\/focus.s.nomatter.dev\/es\/blog\/cenam-perspectivas-economicas-2025\/"},"author":{"name":"Miriam Dowd","@id":"https:\/\/focus.s.nomatter.dev\/es\/#\/schema\/person\/a6ea9596e6e69459f9f8a56cabc2c5c7"},"headline":"Perspectivas econ\u00f3micas del CENAM en 2025: \u00bfProblemas en el para\u00edso?","datePublished":"2025-03-28T08:11:41+00:00","dateModified":"2025-11-17T18:44:31+00:00","mainEntityOfPage":{"@id":"https:\/\/focus.s.nomatter.dev\/es\/blog\/cenam-perspectivas-economicas-2025\/"},"wordCount":1047,"publisher":{"@id":"https:\/\/focus.s.nomatter.dev\/es\/#organization"},"image":{"@id":"https:\/\/focus.s.nomatter.dev\/es\/blog\/cenam-perspectivas-economicas-2025\/#primaryimage"},"thumbnailUrl":"https:\/\/nm-img.b-cdn.net\/focus\/es\/wp-content\/uploads\/sites\/5\/2025\/03\/image-5-1024x535.png","keywords":["PIB","america central","trump"],"articleSection":["Uncategorized"],"inLanguage":"es"},{"@type":"WebPage","@id":"https:\/\/focus.s.nomatter.dev\/es\/blog\/cenam-perspectivas-economicas-2025\/","url":"https:\/\/focus.s.nomatter.dev\/es\/blog\/cenam-perspectivas-economicas-2025\/","name":"Perspectivas econ\u00f3micas del CENAM en 2025: \u00bfProblemas en el para\u00edso? - FocusEconomics [ES]","isPartOf":{"@id":"https:\/\/focus.s.nomatter.dev\/es\/#website"},"primaryImageOfPage":{"@id":"https:\/\/focus.s.nomatter.dev\/es\/blog\/cenam-perspectivas-economicas-2025\/#primaryimage"},"image":{"@id":"https:\/\/focus.s.nomatter.dev\/es\/blog\/cenam-perspectivas-economicas-2025\/#primaryimage"},"thumbnailUrl":"https:\/\/nm-img.b-cdn.net\/focus\/es\/wp-content\/uploads\/sites\/5\/2025\/03\/image-5-1024x535.png","datePublished":"2025-03-28T08:11:41+00:00","dateModified":"2025-11-17T18:44:31+00:00","breadcrumb":{"@id":"https:\/\/focus.s.nomatter.dev\/es\/blog\/cenam-perspectivas-economicas-2025\/#breadcrumb"},"inLanguage":"es","potentialAction":[{"@type":"ReadAction","target":["https:\/\/focus.s.nomatter.dev\/es\/blog\/cenam-perspectivas-economicas-2025\/"]}]},{"@type":"ImageObject","inLanguage":"es","@id":"https:\/\/focus.s.nomatter.dev\/es\/blog\/cenam-perspectivas-economicas-2025\/#primaryimage","url":"https:\/\/nm-img.b-cdn.net\/focus\/es\/wp-content\/uploads\/sites\/5\/2025\/03\/image-5-1024x535.png","contentUrl":"https:\/\/nm-img.b-cdn.net\/focus\/es\/wp-content\/uploads\/sites\/5\/2025\/03\/image-5-1024x535.png"},{"@type":"BreadcrumbList","@id":"https:\/\/focus.s.nomatter.dev\/es\/blog\/cenam-perspectivas-economicas-2025\/#breadcrumb","itemListElement":[{"@type":"ListItem","position":1,"name":"Home","item":"https:\/\/focus.s.nomatter.dev\/es\/"},{"@type":"ListItem","position":2,"name":"Perspectivas econ\u00f3micas del CENAM en 2025: \u00bfProblemas en el para\u00edso?"}]},{"@type":"WebSite","@id":"https:\/\/focus.s.nomatter.dev\/es\/#website","url":"https:\/\/focus.s.nomatter.dev\/es\/","name":"FocusEconomics","description":"Economic Indicators, News and Forecasts","publisher":{"@id":"https:\/\/focus.s.nomatter.dev\/es\/#organization"},"potentialAction":[{"@type":"SearchAction","target":{"@type":"EntryPoint","urlTemplate":"https:\/\/focus.s.nomatter.dev\/es\/search-results\/?global-search={search_term_string}"},"query-input":{"@type":"PropertyValueSpecification","valueRequired":true,"valueName":"search_term_string"}}],"inLanguage":"es"},{"@type":"Organization","@id":"https:\/\/focus.s.nomatter.dev\/es\/#organization","name":"FocusEconomics","url":"https:\/\/focus.s.nomatter.dev\/es\/","logo":{"@type":"ImageObject","inLanguage":"es","@id":"https:\/\/focus.s.nomatter.dev\/es\/#\/schema\/logo\/image\/","url":"https:\/\/focus-d7op8.kinsta.storage\/production\/uploads\/sites\/5\/2022\/08\/logo.svg","contentUrl":"https:\/\/focus-d7op8.kinsta.storage\/production\/uploads\/sites\/5\/2022\/08\/logo.svg","width":277,"height":54,"caption":"FocusEconomics"},"image":{"@id":"https:\/\/focus.s.nomatter.dev\/es\/#\/schema\/logo\/image\/"},"sameAs":["https:\/\/www.facebook.com\/FocusEconomics","https:\/\/x.com\/FocusEconomics"]},{"@type":"Person","@id":"https:\/\/focus.s.nomatter.dev\/es\/#\/schema\/person\/a6ea9596e6e69459f9f8a56cabc2c5c7","name":"Miriam Dowd"}]}},"_links":{"self":[{"href":"https:\/\/focus.s.nomatter.dev\/es\/wp-json\/wp\/v2\/posts\/155824","targetHints":{"allow":["GET"]}}],"collection":[{"href":"https:\/\/focus.s.nomatter.dev\/es\/wp-json\/wp\/v2\/posts"}],"about":[{"href":"https:\/\/focus.s.nomatter.dev\/es\/wp-json\/wp\/v2\/types\/post"}],"author":[{"embeddable":true,"href":"https:\/\/focus.s.nomatter.dev\/es\/wp-json\/wp\/v2\/users\/8"}],"replies":[{"embeddable":true,"href":"https:\/\/focus.s.nomatter.dev\/es\/wp-json\/wp\/v2\/comments?post=155824"}],"version-history":[{"count":10,"href":"https:\/\/focus.s.nomatter.dev\/es\/wp-json\/wp\/v2\/posts\/155824\/revisions"}],"predecessor-version":[{"id":158221,"href":"https:\/\/focus.s.nomatter.dev\/es\/wp-json\/wp\/v2\/posts\/155824\/revisions\/158221"}],"wp:attachment":[{"href":"https:\/\/focus.s.nomatter.dev\/es\/wp-json\/wp\/v2\/media?parent=155824"}],"wp:term":[{"taxonomy":"category","embeddable":true,"href":"https:\/\/focus.s.nomatter.dev\/es\/wp-json\/wp\/v2\/categories?post=155824"},{"taxonomy":"post_tag","embeddable":true,"href":"https:\/\/focus.s.nomatter.dev\/es\/wp-json\/wp\/v2\/tags?post=155824"}],"curies":[{"name":"wp","href":"https:\/\/api.w.org\/{rel}","templated":true}]}}