{"id":155906,"date":"2025-04-22T07:50:39","date_gmt":"2025-04-22T07:50:39","guid":{"rendered":"https:\/\/focus.s.nomatter.dev\/es\/?p=155906"},"modified":"2025-11-17T18:38:10","modified_gmt":"2025-11-17T18:38:10","slug":"daniel-noboa-reelegido-en-ecuador-que-viene-para-la-economia","status":"publish","type":"post","link":"https:\/\/focus.s.nomatter.dev\/es\/blog\/daniel-noboa-reelegido-en-ecuador-que-viene-para-la-economia\/","title":{"rendered":"Daniel Noboa reelegido en Ecuador: \u00bfQu\u00e9 viene para la econom\u00eda?"},"content":{"rendered":"<p><a href=\"https:\/\/focus.s.nomatter.dev\/blog\/naboa-whats-next-for-ecuadors-economy\/\"><em>Read in English<\/em><\/a><\/p>\n<p><span data-contrast=\"auto\">El presidente ecuatoriano de centroderecha, Daniel Noboa, se asegur\u00f3 una contundente victoria en la segunda vuelta electoral del 13 de abril, derrotando a la candidata izquierdista de Revoluci\u00f3n Ciudadana (RC), Luisa Gonz\u00e1lez, con el 56% de los votos. El margen de victoria super\u00f3 con creces las proyecciones de las encuestas, lo que indica un amplio apoyo p\u00fablico a la plataforma de Noboa, centrada en la seguridad y el mercado. A continuaci\u00f3n, se presenta un an\u00e1lisis del impacto econ\u00f3mico y pol\u00edtico, adem\u00e1s de nuestras Previsiones de Consenso para Ecuador y la regi\u00f3n en general.<\/span><span data-ccp-props=\"{&quot;134233117&quot;:true,&quot;134233118&quot;:true,&quot;201341983&quot;:0,&quot;335559740&quot;:240}\">\u00a0<\/span><span data-contrast=\"auto\">\u00a0<\/span><span data-ccp-props=\"{&quot;134233117&quot;:true,&quot;134233118&quot;:true,&quot;201341983&quot;:0,&quot;335559740&quot;:240}\">\u00a0<\/span><\/p>\n<p><b><span data-contrast=\"auto\">Resultado controvertido:<\/span><\/b><span data-contrast=\"auto\">\u00a0Gonz\u00e1lez se ha negado a reconocer la derrota, alegando irregularidades durante la votaci\u00f3n y solicitando un recuento. En v\u00edsperas de la segunda vuelta, Ecuador declar\u00f3 el estado de emergencia en siete de sus 24 provincias, incluida la capital, Quito, debido a la creciente violencia pandillera. Si bien no est\u00e1 claro si el decreto de emergencia afect\u00f3 la participaci\u00f3n o el acceso al voto, ni la UE ni la Organizaci\u00f3n de los Estados Americanos (OEA) han se\u00f1alado incidentes significativos.<\/span><span data-ccp-props=\"{&quot;134233117&quot;:true,&quot;134233118&quot;:true,&quot;201341983&quot;:0,&quot;335559740&quot;:240}\">\u00a0<\/span><span data-ccp-props=\"{&quot;134233117&quot;:true,&quot;134233118&quot;:true,&quot;201341983&quot;:0,&quot;335559740&quot;:240}\">\u00a0<\/span><\/p>\n<p><b><span data-contrast=\"auto\"><span class=\"\">Reacciones del mercado:<\/span><\/span><\/b><span data-contrast=\"auto\"><span class=\"\">\u00a0Los mercados financieros reaccionaron positivamente a la victoria de Noboa. Los bonos ecuatorianos, que hab\u00edan ca\u00eddo dr\u00e1sticamente tras el empate en la primera vuelta, se dispararon tras la confirmaci\u00f3n de un segundo mandato del presidente en ejercicio, favorable a las empresas. Los inversores consideran ampliamente que Noboa es el candidato con m\u00e1s probabilidades de mantener la disciplina fiscal y una s\u00f3lida relaci\u00f3n con los prestamistas internacionales.<\/span><\/span><span data-ccp-props=\"{&quot;134233117&quot;:true,&quot;134233118&quot;:true,&quot;201341983&quot;:0,&quot;335559740&quot;:240}\">\u00a0<\/span><span data-ccp-props=\"{&quot;134233117&quot;:true,&quot;134233118&quot;:true,&quot;201341983&quot;:0,&quot;335559740&quot;:240}\">\u00a0<\/span><\/p>\n<p><b><span data-contrast=\"auto\">Noboa enfrentar\u00e1 desaf\u00edos:<\/span><\/b><span data-contrast=\"auto\">\u00a0La seguridad sigue siendo el reto m\u00e1s urgente del gobierno. La ubicaci\u00f3n estrat\u00e9gica de Ecuador, entre Colombia y Per\u00fa \u2014dos de los mayores productores de coca\u00edna del mundo\u2014, lo ha convertido en un centro crucial para el tr\u00e1fico de drogas. El consiguiente aumento de la violencia de pandillas ha perturbado la actividad econ\u00f3mica, ha socavado la confianza de los inversores y ha contribuido a una contracci\u00f3n del PIB en 2024, la segunda m\u00e1s pronunciada del continente. Para agravar la crisis, una grave sequ\u00eda el a\u00f1o pasado provoc\u00f3 cortes de electricidad generalizados. En 2025, la ca\u00edda de los precios del petr\u00f3leo representa un obst\u00e1culo adicional para la econom\u00eda sudamericana, ya que el crudo representa una parte significativa de los ingresos por exportaciones.<\/span><span data-ccp-props=\"{&quot;134233117&quot;:true,&quot;134233118&quot;:true,&quot;201341983&quot;:0,&quot;335559740&quot;:240}\">\u00a0<\/span><\/p>\n<p><b><span data-contrast=\"auto\">Consolidaci\u00f3n fiscal:<\/span><\/b><span data-contrast=\"auto\">\u00a0El presidente reelegido deber\u00e1 sortear estos obst\u00e1culos manteniendo un firme control de la pol\u00edtica fiscal. El FMI ya respald\u00f3 la decisi\u00f3n de Noboa de aumentar la tasa del IVA del 13% al 15% en abril de 2024, un paso hacia la consolidaci\u00f3n fiscal, que sigue siendo una condici\u00f3n clave para recibir los USD 2.500 millones restantes de financiaci\u00f3n del FMI.<\/span><span data-ccp-props=\"{&quot;134233117&quot;:true,&quot;134233118&quot;:true,&quot;201341983&quot;:0,&quot;335559740&quot;:240}\">\u00a0<\/span><span data-contrast=\"auto\">\u00a0<\/span><span data-ccp-props=\"{&quot;134233117&quot;:true,&quot;134233118&quot;:true,&quot;201341983&quot;:0,&quot;335559740&quot;:240}\">\u00a0<\/span><\/p>\n<p><b><span data-contrast=\"auto\">Las previsiones de nuestros panelistas son pesimistas:<\/span><\/b><span data-contrast=\"auto\">\u00a0se espera que la econom\u00eda ecuatoriana se recupere en 2025 gracias a unas condiciones financieras m\u00e1s flexibles y a que la mejora del clima impulse la producci\u00f3n hidroel\u00e9ctrica y alivie la escasez de electricidad. No obstante, se producir\u00e1 una desaceleraci\u00f3n en las exportaciones de bienes y servicios debido a la inestabilidad de las econom\u00edas estadounidense y china, adem\u00e1s del cierre gradual del yacimiento petrol\u00edfero del Bloque 43. En t\u00e9rminos generales, Ecuador ser\u00e1 uno de los pa\u00edses de menor desempe\u00f1o de Am\u00e9rica Latina en 2025, a pesar de una base de comparaci\u00f3n favorable; se prev\u00e9 que este bajo rendimiento regional persista en los pr\u00f3ximos a\u00f1os debido al d\u00e9bil entorno empresarial y la falta de diversificaci\u00f3n econ\u00f3mica.<\/span>\u00a0<span data-contrast=\"auto\">\u00a0\u00a0<\/span><span data-ccp-props=\"{&quot;201341983&quot;:0,&quot;335559739&quot;:0,&quot;335559740&quot;:240}\">\u00a0<\/span><\/p>\n<p><img loading=\"lazy\" decoding=\"async\" class=\"alignnone wp-image-65299 size-large\" src=\"https:\/\/focus-d7op8.kinsta.storage\/production\/uploads\/2025\/04\/ecuador-outlook-2025-1024x535.png\" sizes=\"auto, (max-width: 1024px) 100vw, 1024px\" srcset=\"https:\/\/www-focus--economics-com.translate.goog\/wp-content\/uploads\/2025\/04\/ecuador-outlook-2025-1024x535.png?_x_tr_sl=ca&amp;_x_tr_tl=en&amp;_x_tr_hl=en&amp;_x_tr_pto=wapp 1024w,https:\/\/www-focus--economics-com.translate.goog\/wp-content\/uploads\/2025\/04\/ecuador-outlook-2025-300x157.png?_x_tr_sl=ca&amp;_x_tr_tl=en&amp;_x_tr_hl=en&amp;_x_tr_pto=wapp 300w,https:\/\/www-focus--economics-com.translate.goog\/wp-content\/uploads\/2025\/04\/ecuador-outlook-2025-768x401.png?_x_tr_sl=ca&amp;_x_tr_tl=en&amp;_x_tr_hl=en&amp;_x_tr_pto=wapp 768w,https:\/\/www-focus--economics-com.translate.goog\/wp-content\/uploads\/2025\/04\/ecuador-outlook-2025-1536x803.png?_x_tr_sl=ca&amp;_x_tr_tl=en&amp;_x_tr_hl=en&amp;_x_tr_pto=wapp 1536w,https:\/\/www-focus--economics-com.translate.goog\/wp-content\/uploads\/2025\/04\/ecuador-outlook-2025-2048x1070.png?_x_tr_sl=ca&amp;_x_tr_tl=en&amp;_x_tr_hl=en&amp;_x_tr_pto=wapp 2048w\" alt=\"\" width=\"1024\" height=\"535\" \/><\/p>\n<p><span data-ccp-props=\"{&quot;201341983&quot;:0,&quot;335551550&quot;:6,&quot;335551620&quot;:6,&quot;335559739&quot;:0,&quot;335559740&quot;:290}\">\u00a0<\/span><b><span data-contrast=\"auto\">La opini\u00f3n de nuestros analistas:<\/span><\/b><span data-ccp-props=\"{&quot;201341983&quot;:0,&quot;335551550&quot;:6,&quot;335551620&quot;:6,&quot;335559739&quot;:0,&quot;335559740&quot;:290}\">\u00a0<\/span><span data-ccp-props=\"{&quot;335551550&quot;:6,&quot;335551620&quot;:6}\">\u00a0<\/span><\/p>\n<p><span data-contrast=\"none\">Sobre el futuro financiamiento del FMI a Ecuador,\u00a0<\/span><b><span data-contrast=\"none\">Sergio Armella de Goldman Sachs<\/span><\/b><span data-contrast=\"none\">\u00a0coment\u00f3:<\/span><span data-ccp-props=\"{&quot;201341983&quot;:0,&quot;335551550&quot;:6,&quot;335551620&quot;:6,&quot;335559739&quot;:180,&quot;335559740&quot;:290}\">\u00a0<\/span><\/p>\n<p><i><span data-contrast=\"none\">Al ser un a\u00f1o electoral, el presupuesto de 2024 se prorrog\u00f3 hasta 2025, y el presidente Noboa tendr\u00e1 90 d\u00edas para presentar una propuesta presupuestaria a la Asamblea Nacional. Observamos que el programa de facilidad ampliada del fondo (SAF) que el gobierno suscribi\u00f3 con el FMI en 2024 prev\u00e9 recortes adicionales del gasto para 2025. El programa con el FMI tambi\u00e9n prev\u00e9 un acceso gradual a los mercados de deuda externa en 2025 (con US$1.500 millones), lo cual consideramos excesivamente optimista. Sin embargo, creemos que un gobierno renovado de Noboa podr\u00eda trabajar para ampliar el programa actual. Junto con reformas adicionales, un programa con el Fondo podr\u00eda ir m\u00e1s all\u00e1 de la simple pr\u00f3rroga de los pagos de capital que Ecuador debe realizar al FMI en los pr\u00f3ximos a\u00f1os.<\/span><\/i><span data-ccp-props=\"{&quot;201341983&quot;:0,&quot;335559739&quot;:0,&quot;335559740&quot;:240}\">\u00a0<\/span><\/p>\n<p><span data-contrast=\"none\">Sobre la gobernabilidad futura,\u00a0<\/span><b><span data-contrast=\"none\">los analistas de EIU<\/span><\/b><span data-contrast=\"none\">\u00a0afirmaron:<\/span><span data-ccp-props=\"{&quot;201341983&quot;:0,&quot;335559739&quot;:0,&quot;335559740&quot;:240}\">\u00a0<\/span><\/p>\n<p><i><span data-contrast=\"none\">El resultado electoral aliviar\u00e1 la inestabilidad pol\u00edtica que ha asolado a Ecuador desde 2022, incluyendo una serie de intentos de destituci\u00f3n, un cambio de presidente y m\u00faltiples elecciones. La victoria del Sr. Noboa reducir\u00e1 dicha inestabilidad, dado su claro margen de victoria (mayor al esperado por las encuestas locales) y el hecho de que su partido, ADN, se convertir\u00e1 en el segundo bloque m\u00e1s grande de la legislatura. Esto bastar\u00e1 para proteger al gobierno entrante de posibles intentos de destituci\u00f3n contra el Sr. Noboa y su gabinete, en beneficio de la estabilidad del gobierno. Sin embargo, abordar m\u00faltiples desaf\u00edos \u2014violencia desenfrenada, bajo crecimiento econ\u00f3mico y escasez de energ\u00eda\u2014 ser\u00e1 problem\u00e1tico, lo que pondr\u00e1 en riesgo su popularidad y mantendr\u00e1 la posibilidad de agitaci\u00f3n social durante su mandato de cuatro a\u00f1os.<\/span><\/i><span data-ccp-props=\"{&quot;201341983&quot;:0,&quot;335559739&quot;:0,&quot;335559740&quot;:240}\">\u00a0<\/span><span data-ccp-props=\"{&quot;201341983&quot;:0,&quot;335559739&quot;:0,&quot;335559740&quot;:240}\">\u00a0<\/span><\/p>\n<p><b><span data-contrast=\"none\">Nuestro \u00faltimo an\u00e1lisis<\/span><\/b><span data-ccp-props=\"{&quot;201341983&quot;:0,&quot;335559739&quot;:0,&quot;335559740&quot;:240}\">\u00a0<\/span><\/p>\n<p><span data-contrast=\"auto\">La econom\u00eda del Reino Unido registra\u00a0<\/span>en febrero el\u00a0<a href=\"https:\/\/www-focus--economics-com.translate.goog\/countries\/united-kingdom\/news\/gdp\/united-kingdom-monthly-gdp-14-04-2025-economic-activity-records-quickest-growth-since-march-2024-in-february\/?_x_tr_sl=ca&amp;_x_tr_tl=en&amp;_x_tr_hl=en&amp;_x_tr_pto=wapp\"><span data-contrast=\"none\">crecimiento m\u00e1s r\u00e1pido desde marzo de 2024.<\/span><\/a><span data-ccp-props=\"{}\">\u00a0<\/span><\/p>\n<p><span data-contrast=\"auto\">El Banco Central del Per\u00fa\u00a0<\/span><a href=\"https:\/\/www-focus--economics-com.translate.goog\/countries\/peru\/news\/monetary-policy\/peru-central-bank-meeting-10-04-2025-central-bank-of-peru-leaves-rates-unchanged-in-april\/?_x_tr_sl=ca&amp;_x_tr_tl=en&amp;_x_tr_hl=en&amp;_x_tr_pto=wapp\"><span data-contrast=\"none\">se mantuvo firme<\/span><\/a><span data-contrast=\"auto\">\u00a0en abril.<\/span><span data-ccp-props=\"{}\">\u00a0<\/span><\/p>\n","protected":false},"excerpt":{"rendered":"<p>Read in English El presidente ecuatoriano de centroderecha, Daniel Noboa, se asegur\u00f3 una contundente victoria en la segunda vuelta electoral del 13 de abril, derrotando a la candidata izquierdista de Revoluci\u00f3n Ciudadana (RC), Luisa Gonz\u00e1lez, con el 56% de los votos. El margen de victoria super\u00f3 con creces las proyecciones de las encuestas, lo que<\/p>\n","protected":false},"author":8,"featured_media":0,"comment_status":"closed","ping_status":"closed","sticky":false,"template":"","format":"standard","meta":{"_acf_changed":false,"editor_notices":[],"footnotes":""},"categories":[1],"tags":[],"class_list":["post-155906","post","type-post","status-publish","format-standard","hentry","category-uncategorized"],"acf":[],"yoast_head":"<!-- This site is optimized with the Yoast SEO Premium plugin v26.9 (Yoast SEO v26.9) - https:\/\/yoast.com\/product\/yoast-seo-premium-wordpress\/ -->\n<title>Daniel Noboa reelegido en Ecuador: \u00bfQu\u00e9 viene para la econom\u00eda? - FocusEconomics [ES]<\/title>\n<meta name=\"robots\" content=\"noindex, follow, max-snippet:-1, max-image-preview:large, max-video-preview:-1\" \/>\n<meta property=\"og:locale\" content=\"es_ES\" class=\"yoast-seo-meta-tag\" \/>\n<meta property=\"og:type\" content=\"article\" class=\"yoast-seo-meta-tag\" \/>\n<meta property=\"og:title\" content=\"Daniel Noboa reelegido en Ecuador: \u00bfQu\u00e9 viene para la econom\u00eda?\" class=\"yoast-seo-meta-tag\" \/>\n<meta property=\"og:description\" content=\"Read in English El presidente ecuatoriano de centroderecha, Daniel Noboa, se asegur\u00f3 una contundente victoria en la segunda vuelta electoral del 13 de abril, derrotando a la candidata izquierdista de Revoluci\u00f3n Ciudadana (RC), Luisa Gonz\u00e1lez, con el 56% de los votos. El margen de victoria super\u00f3 con creces las proyecciones de las encuestas, lo que\" class=\"yoast-seo-meta-tag\" \/>\n<meta property=\"og:url\" content=\"https:\/\/focus.s.nomatter.dev\/es\/blog\/daniel-noboa-reelegido-en-ecuador-que-viene-para-la-economia\/\" class=\"yoast-seo-meta-tag\" \/>\n<meta property=\"og:site_name\" content=\"FocusEconomics [ES]\" class=\"yoast-seo-meta-tag\" \/>\n<meta property=\"article:publisher\" content=\"https:\/\/www.facebook.com\/FocusEconomics\" class=\"yoast-seo-meta-tag\" \/>\n<meta property=\"article:published_time\" content=\"2025-04-22T07:50:39+00:00\" class=\"yoast-seo-meta-tag\" \/>\n<meta property=\"article:modified_time\" content=\"2025-11-17T18:38:10+00:00\" class=\"yoast-seo-meta-tag\" \/>\n<meta name=\"author\" content=\"Miriam Dowd\" class=\"yoast-seo-meta-tag\" \/>\n<meta name=\"twitter:card\" content=\"summary_large_image\" class=\"yoast-seo-meta-tag\" \/>\n<meta name=\"twitter:creator\" content=\"@FocusEconomics\" class=\"yoast-seo-meta-tag\" \/>\n<meta name=\"twitter:site\" content=\"@FocusEconomics\" class=\"yoast-seo-meta-tag\" \/>\n<meta name=\"twitter:label1\" content=\"Escrito por\" class=\"yoast-seo-meta-tag\" \/>\n\t<meta name=\"twitter:data1\" content=\"Miriam Dowd\" class=\"yoast-seo-meta-tag\" \/>\n\t<meta name=\"twitter:label2\" content=\"Tiempo de lectura\" class=\"yoast-seo-meta-tag\" \/>\n\t<meta name=\"twitter:data2\" content=\"5 minutos\" class=\"yoast-seo-meta-tag\" \/>\n<script type=\"application\/ld+json\" class=\"yoast-schema-graph\">{\"@context\":\"https:\/\/schema.org\",\"@graph\":[{\"@type\":\"Article\",\"@id\":\"https:\/\/focus.s.nomatter.dev\/es\/blog\/daniel-noboa-reelegido-en-ecuador-que-viene-para-la-economia\/#article\",\"isPartOf\":{\"@id\":\"https:\/\/focus.s.nomatter.dev\/es\/blog\/daniel-noboa-reelegido-en-ecuador-que-viene-para-la-economia\/\"},\"author\":{\"name\":\"Miriam Dowd\",\"@id\":\"https:\/\/focus.s.nomatter.dev\/es\/#\/schema\/person\/a6ea9596e6e69459f9f8a56cabc2c5c7\"},\"headline\":\"Daniel Noboa reelegido en Ecuador: \u00bfQu\u00e9 viene para la econom\u00eda?\",\"datePublished\":\"2025-04-22T07:50:39+00:00\",\"dateModified\":\"2025-11-17T18:38:10+00:00\",\"mainEntityOfPage\":{\"@id\":\"https:\/\/focus.s.nomatter.dev\/es\/blog\/daniel-noboa-reelegido-en-ecuador-que-viene-para-la-economia\/\"},\"wordCount\":948,\"publisher\":{\"@id\":\"https:\/\/focus.s.nomatter.dev\/es\/#organization\"},\"image\":{\"@id\":\"https:\/\/focus.s.nomatter.dev\/es\/blog\/daniel-noboa-reelegido-en-ecuador-que-viene-para-la-economia\/#primaryimage\"},\"thumbnailUrl\":\"https:\/\/focus-d7op8.kinsta.storage\/production\/uploads\/2025\/04\/ecuador-outlook-2025-1024x535.png\",\"articleSection\":[\"Uncategorized\"],\"inLanguage\":\"es\"},{\"@type\":\"WebPage\",\"@id\":\"https:\/\/focus.s.nomatter.dev\/es\/blog\/daniel-noboa-reelegido-en-ecuador-que-viene-para-la-economia\/\",\"url\":\"https:\/\/focus.s.nomatter.dev\/es\/blog\/daniel-noboa-reelegido-en-ecuador-que-viene-para-la-economia\/\",\"name\":\"Daniel Noboa reelegido en Ecuador: \u00bfQu\u00e9 viene para la econom\u00eda? - FocusEconomics [ES]\",\"isPartOf\":{\"@id\":\"https:\/\/focus.s.nomatter.dev\/es\/#website\"},\"primaryImageOfPage\":{\"@id\":\"https:\/\/focus.s.nomatter.dev\/es\/blog\/daniel-noboa-reelegido-en-ecuador-que-viene-para-la-economia\/#primaryimage\"},\"image\":{\"@id\":\"https:\/\/focus.s.nomatter.dev\/es\/blog\/daniel-noboa-reelegido-en-ecuador-que-viene-para-la-economia\/#primaryimage\"},\"thumbnailUrl\":\"https:\/\/focus-d7op8.kinsta.storage\/production\/uploads\/2025\/04\/ecuador-outlook-2025-1024x535.png\",\"datePublished\":\"2025-04-22T07:50:39+00:00\",\"dateModified\":\"2025-11-17T18:38:10+00:00\",\"breadcrumb\":{\"@id\":\"https:\/\/focus.s.nomatter.dev\/es\/blog\/daniel-noboa-reelegido-en-ecuador-que-viene-para-la-economia\/#breadcrumb\"},\"inLanguage\":\"es\",\"potentialAction\":[{\"@type\":\"ReadAction\",\"target\":[\"https:\/\/focus.s.nomatter.dev\/es\/blog\/daniel-noboa-reelegido-en-ecuador-que-viene-para-la-economia\/\"]}]},{\"@type\":\"ImageObject\",\"inLanguage\":\"es\",\"@id\":\"https:\/\/focus.s.nomatter.dev\/es\/blog\/daniel-noboa-reelegido-en-ecuador-que-viene-para-la-economia\/#primaryimage\",\"url\":\"https:\/\/focus-d7op8.kinsta.storage\/production\/uploads\/2025\/04\/ecuador-outlook-2025-1024x535.png\",\"contentUrl\":\"https:\/\/focus-d7op8.kinsta.storage\/production\/uploads\/2025\/04\/ecuador-outlook-2025-1024x535.png\"},{\"@type\":\"BreadcrumbList\",\"@id\":\"https:\/\/focus.s.nomatter.dev\/es\/blog\/daniel-noboa-reelegido-en-ecuador-que-viene-para-la-economia\/#breadcrumb\",\"itemListElement\":[{\"@type\":\"ListItem\",\"position\":1,\"name\":\"Home\",\"item\":\"https:\/\/focus.s.nomatter.dev\/es\/\"},{\"@type\":\"ListItem\",\"position\":2,\"name\":\"Daniel Noboa reelegido en Ecuador: \u00bfQu\u00e9 viene para la econom\u00eda?\"}]},{\"@type\":\"WebSite\",\"@id\":\"https:\/\/focus.s.nomatter.dev\/es\/#website\",\"url\":\"https:\/\/focus.s.nomatter.dev\/es\/\",\"name\":\"FocusEconomics\",\"description\":\"Economic Indicators, News and Forecasts\",\"publisher\":{\"@id\":\"https:\/\/focus.s.nomatter.dev\/es\/#organization\"},\"potentialAction\":[{\"@type\":\"SearchAction\",\"target\":{\"@type\":\"EntryPoint\",\"urlTemplate\":\"https:\/\/focus.s.nomatter.dev\/es\/search-results\/?global-search={search_term_string}\"},\"query-input\":{\"@type\":\"PropertyValueSpecification\",\"valueRequired\":true,\"valueName\":\"search_term_string\"}}],\"inLanguage\":\"es\"},{\"@type\":\"Organization\",\"@id\":\"https:\/\/focus.s.nomatter.dev\/es\/#organization\",\"name\":\"FocusEconomics\",\"url\":\"https:\/\/focus.s.nomatter.dev\/es\/\",\"logo\":{\"@type\":\"ImageObject\",\"inLanguage\":\"es\",\"@id\":\"https:\/\/focus.s.nomatter.dev\/es\/#\/schema\/logo\/image\/\",\"url\":\"https:\/\/focus-d7op8.kinsta.storage\/production\/uploads\/sites\/5\/2022\/08\/logo.svg\",\"contentUrl\":\"https:\/\/focus-d7op8.kinsta.storage\/production\/uploads\/sites\/5\/2022\/08\/logo.svg\",\"width\":277,\"height\":54,\"caption\":\"FocusEconomics\"},\"image\":{\"@id\":\"https:\/\/focus.s.nomatter.dev\/es\/#\/schema\/logo\/image\/\"},\"sameAs\":[\"https:\/\/www.facebook.com\/FocusEconomics\",\"https:\/\/x.com\/FocusEconomics\"]},{\"@type\":\"Person\",\"@id\":\"https:\/\/focus.s.nomatter.dev\/es\/#\/schema\/person\/a6ea9596e6e69459f9f8a56cabc2c5c7\",\"name\":\"Miriam Dowd\"}]}<\/script>\n<!-- \/ Yoast SEO Premium plugin. -->","yoast_head_json":{"title":"Daniel Noboa reelegido en Ecuador: \u00bfQu\u00e9 viene para la econom\u00eda? - FocusEconomics [ES]","robots":{"index":"noindex","follow":"follow","max-snippet":"max-snippet:-1","max-image-preview":"max-image-preview:large","max-video-preview":"max-video-preview:-1"},"og_locale":"es_ES","og_type":"article","og_title":"Daniel Noboa reelegido en Ecuador: \u00bfQu\u00e9 viene para la econom\u00eda?","og_description":"Read in English El presidente ecuatoriano de centroderecha, Daniel Noboa, se asegur\u00f3 una contundente victoria en la segunda vuelta electoral del 13 de abril, derrotando a la candidata izquierdista de Revoluci\u00f3n Ciudadana (RC), Luisa Gonz\u00e1lez, con el 56% de los votos. El margen de victoria super\u00f3 con creces las proyecciones de las encuestas, lo que","og_url":"https:\/\/focus.s.nomatter.dev\/es\/blog\/daniel-noboa-reelegido-en-ecuador-que-viene-para-la-economia\/","og_site_name":"FocusEconomics [ES]","article_publisher":"https:\/\/www.facebook.com\/FocusEconomics","article_published_time":"2025-04-22T07:50:39+00:00","article_modified_time":"2025-11-17T18:38:10+00:00","author":"Miriam Dowd","twitter_card":"summary_large_image","twitter_creator":"@FocusEconomics","twitter_site":"@FocusEconomics","twitter_misc":{"Escrito por":"Miriam Dowd","Tiempo de lectura":"5 minutos"},"schema":{"@context":"https:\/\/schema.org","@graph":[{"@type":"Article","@id":"https:\/\/focus.s.nomatter.dev\/es\/blog\/daniel-noboa-reelegido-en-ecuador-que-viene-para-la-economia\/#article","isPartOf":{"@id":"https:\/\/focus.s.nomatter.dev\/es\/blog\/daniel-noboa-reelegido-en-ecuador-que-viene-para-la-economia\/"},"author":{"name":"Miriam Dowd","@id":"https:\/\/focus.s.nomatter.dev\/es\/#\/schema\/person\/a6ea9596e6e69459f9f8a56cabc2c5c7"},"headline":"Daniel Noboa reelegido en Ecuador: \u00bfQu\u00e9 viene para la econom\u00eda?","datePublished":"2025-04-22T07:50:39+00:00","dateModified":"2025-11-17T18:38:10+00:00","mainEntityOfPage":{"@id":"https:\/\/focus.s.nomatter.dev\/es\/blog\/daniel-noboa-reelegido-en-ecuador-que-viene-para-la-economia\/"},"wordCount":948,"publisher":{"@id":"https:\/\/focus.s.nomatter.dev\/es\/#organization"},"image":{"@id":"https:\/\/focus.s.nomatter.dev\/es\/blog\/daniel-noboa-reelegido-en-ecuador-que-viene-para-la-economia\/#primaryimage"},"thumbnailUrl":"https:\/\/focus-d7op8.kinsta.storage\/production\/uploads\/2025\/04\/ecuador-outlook-2025-1024x535.png","articleSection":["Uncategorized"],"inLanguage":"es"},{"@type":"WebPage","@id":"https:\/\/focus.s.nomatter.dev\/es\/blog\/daniel-noboa-reelegido-en-ecuador-que-viene-para-la-economia\/","url":"https:\/\/focus.s.nomatter.dev\/es\/blog\/daniel-noboa-reelegido-en-ecuador-que-viene-para-la-economia\/","name":"Daniel Noboa reelegido en Ecuador: \u00bfQu\u00e9 viene para la econom\u00eda? - FocusEconomics [ES]","isPartOf":{"@id":"https:\/\/focus.s.nomatter.dev\/es\/#website"},"primaryImageOfPage":{"@id":"https:\/\/focus.s.nomatter.dev\/es\/blog\/daniel-noboa-reelegido-en-ecuador-que-viene-para-la-economia\/#primaryimage"},"image":{"@id":"https:\/\/focus.s.nomatter.dev\/es\/blog\/daniel-noboa-reelegido-en-ecuador-que-viene-para-la-economia\/#primaryimage"},"thumbnailUrl":"https:\/\/focus-d7op8.kinsta.storage\/production\/uploads\/2025\/04\/ecuador-outlook-2025-1024x535.png","datePublished":"2025-04-22T07:50:39+00:00","dateModified":"2025-11-17T18:38:10+00:00","breadcrumb":{"@id":"https:\/\/focus.s.nomatter.dev\/es\/blog\/daniel-noboa-reelegido-en-ecuador-que-viene-para-la-economia\/#breadcrumb"},"inLanguage":"es","potentialAction":[{"@type":"ReadAction","target":["https:\/\/focus.s.nomatter.dev\/es\/blog\/daniel-noboa-reelegido-en-ecuador-que-viene-para-la-economia\/"]}]},{"@type":"ImageObject","inLanguage":"es","@id":"https:\/\/focus.s.nomatter.dev\/es\/blog\/daniel-noboa-reelegido-en-ecuador-que-viene-para-la-economia\/#primaryimage","url":"https:\/\/focus-d7op8.kinsta.storage\/production\/uploads\/2025\/04\/ecuador-outlook-2025-1024x535.png","contentUrl":"https:\/\/focus-d7op8.kinsta.storage\/production\/uploads\/2025\/04\/ecuador-outlook-2025-1024x535.png"},{"@type":"BreadcrumbList","@id":"https:\/\/focus.s.nomatter.dev\/es\/blog\/daniel-noboa-reelegido-en-ecuador-que-viene-para-la-economia\/#breadcrumb","itemListElement":[{"@type":"ListItem","position":1,"name":"Home","item":"https:\/\/focus.s.nomatter.dev\/es\/"},{"@type":"ListItem","position":2,"name":"Daniel Noboa reelegido en Ecuador: \u00bfQu\u00e9 viene para la econom\u00eda?"}]},{"@type":"WebSite","@id":"https:\/\/focus.s.nomatter.dev\/es\/#website","url":"https:\/\/focus.s.nomatter.dev\/es\/","name":"FocusEconomics","description":"Economic Indicators, News and Forecasts","publisher":{"@id":"https:\/\/focus.s.nomatter.dev\/es\/#organization"},"potentialAction":[{"@type":"SearchAction","target":{"@type":"EntryPoint","urlTemplate":"https:\/\/focus.s.nomatter.dev\/es\/search-results\/?global-search={search_term_string}"},"query-input":{"@type":"PropertyValueSpecification","valueRequired":true,"valueName":"search_term_string"}}],"inLanguage":"es"},{"@type":"Organization","@id":"https:\/\/focus.s.nomatter.dev\/es\/#organization","name":"FocusEconomics","url":"https:\/\/focus.s.nomatter.dev\/es\/","logo":{"@type":"ImageObject","inLanguage":"es","@id":"https:\/\/focus.s.nomatter.dev\/es\/#\/schema\/logo\/image\/","url":"https:\/\/focus-d7op8.kinsta.storage\/production\/uploads\/sites\/5\/2022\/08\/logo.svg","contentUrl":"https:\/\/focus-d7op8.kinsta.storage\/production\/uploads\/sites\/5\/2022\/08\/logo.svg","width":277,"height":54,"caption":"FocusEconomics"},"image":{"@id":"https:\/\/focus.s.nomatter.dev\/es\/#\/schema\/logo\/image\/"},"sameAs":["https:\/\/www.facebook.com\/FocusEconomics","https:\/\/x.com\/FocusEconomics"]},{"@type":"Person","@id":"https:\/\/focus.s.nomatter.dev\/es\/#\/schema\/person\/a6ea9596e6e69459f9f8a56cabc2c5c7","name":"Miriam Dowd"}]}},"_links":{"self":[{"href":"https:\/\/focus.s.nomatter.dev\/es\/wp-json\/wp\/v2\/posts\/155906","targetHints":{"allow":["GET"]}}],"collection":[{"href":"https:\/\/focus.s.nomatter.dev\/es\/wp-json\/wp\/v2\/posts"}],"about":[{"href":"https:\/\/focus.s.nomatter.dev\/es\/wp-json\/wp\/v2\/types\/post"}],"author":[{"embeddable":true,"href":"https:\/\/focus.s.nomatter.dev\/es\/wp-json\/wp\/v2\/users\/8"}],"replies":[{"embeddable":true,"href":"https:\/\/focus.s.nomatter.dev\/es\/wp-json\/wp\/v2\/comments?post=155906"}],"version-history":[{"count":3,"href":"https:\/\/focus.s.nomatter.dev\/es\/wp-json\/wp\/v2\/posts\/155906\/revisions"}],"predecessor-version":[{"id":158215,"href":"https:\/\/focus.s.nomatter.dev\/es\/wp-json\/wp\/v2\/posts\/155906\/revisions\/158215"}],"wp:attachment":[{"href":"https:\/\/focus.s.nomatter.dev\/es\/wp-json\/wp\/v2\/media?parent=155906"}],"wp:term":[{"taxonomy":"category","embeddable":true,"href":"https:\/\/focus.s.nomatter.dev\/es\/wp-json\/wp\/v2\/categories?post=155906"},{"taxonomy":"post_tag","embeddable":true,"href":"https:\/\/focus.s.nomatter.dev\/es\/wp-json\/wp\/v2\/tags?post=155906"}],"curies":[{"name":"wp","href":"https:\/\/api.w.org\/{rel}","templated":true}]}}