{"id":155909,"date":"2025-04-27T15:44:03","date_gmt":"2025-04-27T15:44:03","guid":{"rendered":"https:\/\/focus.s.nomatter.dev\/es\/?p=155909"},"modified":"2025-05-02T09:15:40","modified_gmt":"2025-05-02T09:15:40","slug":"como-ven-los-analistas-de-121-que-los-aranceles-afectaran-a-las-economias-de-estados-unidos-y-del-mundo","status":"publish","type":"post","link":"https:\/\/focus.s.nomatter.dev\/es\/blog\/como-ven-los-analistas-de-121-que-los-aranceles-afectaran-a-las-economias-de-estados-unidos-y-del-mundo\/","title":{"rendered":"\u00bfC\u00f3mo ven los analistas de 121 que los aranceles afectar\u00e1n a las econom\u00edas de Estados Unidos y del mundo?"},"content":{"rendered":"<p><a href=\"https:\/\/focus.s.nomatter.dev\/blog\/how-do-121-analysts-see-tariffs-affecting-the-u-s-and-global-economies\/\"><em>Read in English<\/em><\/a><\/p>\n<p><em>Los intermitentes anuncios arancelarios de Donald Trump han desestabilizado las perspectivas econ\u00f3micas mundiales. El FMI rebaj\u00f3 recientemente sus perspectivas de crecimiento global, al igual que otras instituciones de nuestro panel, como analizamos en una entrada reciente del blog.<\/em><\/p>\n<p><em>Con esto en mente, a mediados de abril encuestamos a 121 de nuestros panelistas, incluyendo instituciones de primer nivel como Moody&#8217;s, Scope Ratings y el Banco de Canad\u00e1, sobre la probable evoluci\u00f3n de los aranceles estadounidenses y la econom\u00eda global en el futuro. A continuaci\u00f3n, un resumen de sus opiniones.<\/em><\/p>\n<p><strong>Se espera que los aranceles estadounidenses cierren 2025 por debajo de su nivel actual:<\/strong> Cerca de dos tercios de los analistas encuestados prev\u00e9n que el arancel estadounidense promedio ponderado finalice 2025 en un rango del 10 al 20 %, frente a un mero 1,5 % en 2022, pero por debajo del nivel de mediados de abril. Alrededor de una d\u00e9cima parte de los analistas prev\u00e9 aranceles superiores al 25% para finales de a\u00f1o. La disminuci\u00f3n de los aranceles con respecto a los niveles de abril depende de excepciones m\u00e1s espec\u00edficas para cada sector, una desescalada del embargo estadounidense vigente sobre la mayor\u00eda de los productos chinos y la conclusi\u00f3n exitosa de las negociaciones arancelarias rec\u00edprocas con otros pa\u00edses.<\/p>\n<p><strong>Aranceles rec\u00edprocos en marcha:<\/strong> Alrededor de dos tercios de los analistas prev\u00e9n que Estados Unidos implementar\u00e1 estos aranceles a sus socios comerciales despu\u00e9s de que expire la pausa actual de 90 d\u00edas en julio. Dicho esto, para algunos pa\u00edses, las negociaciones comerciales probablemente resulten en aranceles inferiores a los exorbitantes anunciados inicialmente por Donald Trump a principios de abril.<\/p>\n<p><strong>Recesi\u00f3n mundial en la balanza:<\/strong> Los panelistas encuestados est\u00e1n bastante divididos sobre si se producir\u00e1 una recesi\u00f3n mundial este a\u00f1o, con una proporci\u00f3n similar que la considera \u00abalgo o muy probable\u00bb en comparaci\u00f3n con \u00abalgo o muy improbable\u00bb.<\/p>\n<p><strong>EE. UU. evitar\u00e1 una crisis de deuda y mantendr\u00e1 su estatus de moneda de reserva:<\/strong> Aproximadamente nueve de cada diez panelistas no prev\u00e9n que EE. UU. sufra una crisis de deuda durante el segundo mandato de Trump; dicha crisis, de ocurrir, se caracterizar\u00eda por un aumento repentino de los rendimientos de los bonos, un colapso de la demanda de bonos del Tesoro estadounidense y dificultades del gobierno para pagar a los acreedores. Una mayor\u00eda igualmente amplia de panelistas espera que el d\u00f3lar estadounidense se mantenga como la moneda de reserva mundial, a pesar de perder terreno frente a otras, como ya ha sucedido en los \u00faltimos a\u00f1os. Es probable que la Reserva Federal intervenga para abordar los problemas del mercado de bonos antes de que se conviertan en una crisis a gran escala, y actualmente no existe un rival de tama\u00f1o similar al mercado de bonos del Tesoro estadounidense como alternativa para los activos financieros actuales.<\/p>\n<p><img loading=\"lazy\" decoding=\"async\" class=\"alignnone wp-image-155912 size-large\" src=\"https:\/\/nm-img.b-cdn.net\/focus\/es\/wp-content\/uploads\/sites\/5\/2025\/04\/newsletter-graph-1-2-1024x535.png\" alt=\"\" width=\"1024\" height=\"535\" srcset=\"https:\/\/focus-d7op8.kinsta.storage\/staging\/uploads\/sites\/5\/2025\/04\/newsletter-graph-1-2-1024x535.png 1024w, https:\/\/focus-d7op8.kinsta.storage\/staging\/uploads\/sites\/5\/2025\/04\/newsletter-graph-1-2-300x157.png 300w, https:\/\/focus-d7op8.kinsta.storage\/staging\/uploads\/sites\/5\/2025\/04\/newsletter-graph-1-2-768x401.png 768w, https:\/\/focus-d7op8.kinsta.storage\/staging\/uploads\/sites\/5\/2025\/04\/newsletter-graph-1-2-1536x803.png 1536w, https:\/\/focus-d7op8.kinsta.storage\/staging\/uploads\/sites\/5\/2025\/04\/newsletter-graph-1-2-2048x1070.png 2048w\" sizes=\"auto, (max-width: 1024px) 100vw, 1024px\" \/><\/p>\n<p><em>Para consultar la encuesta completa y analizar con m\u00e1s detalle c\u00f3mo han cambiado nuestras previsiones diarias de consenso en las \u00faltimas semanas, <a href=\"https:\/\/focus.s.nomatter.dev\/es\/blog\/impact-of-tariffs-on-global-economic-outlook\/\">descargue aqu\u00ed nuestro \u00faltimo informe especial sobre las perspectivas econ\u00f3micas globales.<\/a><\/em><\/p>\n<p><strong>Perspectivas de nuestros analistas:<\/strong><\/p>\n<p><em>\u201cConsideramos el anuncio de aranceles rec\u00edprocos como un punto de partida para las negociaciones bilaterales. Los tipos arancelarios efectivos ser\u00e1n inferiores a los anunciados el 2 de abril, pero probablemente se mantendr\u00e1n por encima del 10% para la mayor\u00eda de los pa\u00edses. Adem\u00e1s, el c\u00e1lculo de los aranceles rec\u00edprocos parece arbitrario, ya que se basa simplemente en el d\u00e9ficit comercial bilateral en relaci\u00f3n con las importaciones estadounidenses y, por lo tanto, no refleja las diferencias reales en los tipos arancelarios ni en las restricciones no arancelarias.\u201d<\/em> <strong>Martin Weder, Z\u00fcrcher Kantonalbank<\/strong><\/p>\n<p><em>\u201cEs probable que se produzcan fluctuaciones continuas e impredecibles entre la escalada de la imposici\u00f3n de aranceles y las pausas\/reducciones de los tipos arancelarios para facilitar las negociaciones y las concesiones. Los nuevos aranceles se adoptan especialmente para 1) las contrapartes que muestran importantes super\u00e1vits comerciales de bienes con Estados Unidos; 2) aquellas que tomaron represalias contra las pol\u00edticas comerciales estadounidenses; y 3) los productos para los que se espera una reactivaci\u00f3n de la industria manufacturera estadounidense.\u201d<\/em> <strong>Dennis Shen, Scope Ratings<\/strong><\/p>\n","protected":false},"excerpt":{"rendered":"<p>Read in English Los intermitentes anuncios arancelarios de Donald Trump han desestabilizado las perspectivas econ\u00f3micas mundiales. El FMI rebaj\u00f3 recientemente sus perspectivas de crecimiento global, al igual que otras instituciones de nuestro panel, como analizamos en una entrada reciente del blog. Con esto en mente, a mediados de abril encuestamos a 121 de nuestros panelistas,<\/p>\n","protected":false},"author":8,"featured_media":0,"comment_status":"closed","ping_status":"closed","sticky":false,"template":"","format":"standard","meta":{"_acf_changed":false,"editor_notices":[],"footnotes":""},"categories":[1],"tags":[],"class_list":["post-155909","post","type-post","status-publish","format-standard","hentry","category-uncategorized"],"acf":[],"yoast_head":"<!-- This site is optimized with the Yoast SEO Premium plugin v26.9 (Yoast SEO v26.9) - https:\/\/yoast.com\/product\/yoast-seo-premium-wordpress\/ -->\n<title>\u00bfC\u00f3mo ven los analistas de 121 que los aranceles afectar\u00e1n a las econom\u00edas de Estados Unidos y del mundo? - FocusEconomics [ES]<\/title>\n<meta name=\"robots\" content=\"noindex, follow, max-snippet:-1, max-image-preview:large, max-video-preview:-1\" \/>\n<meta property=\"og:locale\" content=\"es_ES\" class=\"yoast-seo-meta-tag\" \/>\n<meta property=\"og:type\" content=\"article\" class=\"yoast-seo-meta-tag\" \/>\n<meta property=\"og:title\" content=\"\u00bfC\u00f3mo ven los analistas de 121 que los aranceles afectar\u00e1n a las econom\u00edas de Estados Unidos y del mundo?\" class=\"yoast-seo-meta-tag\" \/>\n<meta property=\"og:description\" content=\"Read in English Los intermitentes anuncios arancelarios de Donald Trump han desestabilizado las perspectivas econ\u00f3micas mundiales. El FMI rebaj\u00f3 recientemente sus perspectivas de crecimiento global, al igual que otras instituciones de nuestro panel, como analizamos en una entrada reciente del blog. Con esto en mente, a mediados de abril encuestamos a 121 de nuestros panelistas,\" class=\"yoast-seo-meta-tag\" \/>\n<meta property=\"og:url\" content=\"https:\/\/focus.s.nomatter.dev\/es\/blog\/como-ven-los-analistas-de-121-que-los-aranceles-afectaran-a-las-economias-de-estados-unidos-y-del-mundo\/\" class=\"yoast-seo-meta-tag\" \/>\n<meta property=\"og:site_name\" content=\"FocusEconomics [ES]\" class=\"yoast-seo-meta-tag\" \/>\n<meta property=\"article:publisher\" content=\"https:\/\/www.facebook.com\/FocusEconomics\" class=\"yoast-seo-meta-tag\" \/>\n<meta property=\"article:published_time\" content=\"2025-04-27T15:44:03+00:00\" class=\"yoast-seo-meta-tag\" \/>\n<meta property=\"article:modified_time\" content=\"2025-05-02T09:15:40+00:00\" class=\"yoast-seo-meta-tag\" \/>\n<meta property=\"og:image\" content=\"https:\/\/focus-stg.nm-img.net\/uploads\/sites\/5\/2025\/04\/newsletter-graph-1-2.png\" class=\"yoast-seo-meta-tag\" \/>\n\t<meta property=\"og:image:width\" content=\"2400\" class=\"yoast-seo-meta-tag\" \/>\n\t<meta property=\"og:image:height\" content=\"1254\" class=\"yoast-seo-meta-tag\" \/>\n\t<meta property=\"og:image:type\" content=\"image\/png\" class=\"yoast-seo-meta-tag\" \/>\n<meta name=\"author\" content=\"Miriam Dowd\" class=\"yoast-seo-meta-tag\" \/>\n<meta name=\"twitter:card\" content=\"summary_large_image\" class=\"yoast-seo-meta-tag\" \/>\n<meta name=\"twitter:creator\" content=\"@FocusEconomics\" class=\"yoast-seo-meta-tag\" \/>\n<meta name=\"twitter:site\" content=\"@FocusEconomics\" class=\"yoast-seo-meta-tag\" \/>\n<meta name=\"twitter:label1\" content=\"Escrito por\" class=\"yoast-seo-meta-tag\" \/>\n\t<meta name=\"twitter:data1\" content=\"Miriam Dowd\" class=\"yoast-seo-meta-tag\" \/>\n\t<meta name=\"twitter:label2\" content=\"Tiempo de lectura\" class=\"yoast-seo-meta-tag\" \/>\n\t<meta name=\"twitter:data2\" content=\"4 minutos\" class=\"yoast-seo-meta-tag\" \/>\n<script type=\"application\/ld+json\" class=\"yoast-schema-graph\">{\"@context\":\"https:\/\/schema.org\",\"@graph\":[{\"@type\":\"Article\",\"@id\":\"https:\/\/focus.s.nomatter.dev\/es\/blog\/como-ven-los-analistas-de-121-que-los-aranceles-afectaran-a-las-economias-de-estados-unidos-y-del-mundo\/#article\",\"isPartOf\":{\"@id\":\"https:\/\/focus.s.nomatter.dev\/es\/blog\/como-ven-los-analistas-de-121-que-los-aranceles-afectaran-a-las-economias-de-estados-unidos-y-del-mundo\/\"},\"author\":{\"name\":\"Miriam Dowd\",\"@id\":\"https:\/\/focus.s.nomatter.dev\/es\/#\/schema\/person\/a6ea9596e6e69459f9f8a56cabc2c5c7\"},\"headline\":\"\u00bfC\u00f3mo ven los analistas de 121 que los aranceles afectar\u00e1n a las econom\u00edas de Estados Unidos y del mundo?\",\"datePublished\":\"2025-04-27T15:44:03+00:00\",\"dateModified\":\"2025-05-02T09:15:40+00:00\",\"mainEntityOfPage\":{\"@id\":\"https:\/\/focus.s.nomatter.dev\/es\/blog\/como-ven-los-analistas-de-121-que-los-aranceles-afectaran-a-las-economias-de-estados-unidos-y-del-mundo\/\"},\"wordCount\":726,\"publisher\":{\"@id\":\"https:\/\/focus.s.nomatter.dev\/es\/#organization\"},\"image\":{\"@id\":\"https:\/\/focus.s.nomatter.dev\/es\/blog\/como-ven-los-analistas-de-121-que-los-aranceles-afectaran-a-las-economias-de-estados-unidos-y-del-mundo\/#primaryimage\"},\"thumbnailUrl\":\"https:\/\/nm-img.b-cdn.net\/focus\/es\/wp-content\/uploads\/sites\/5\/2025\/04\/newsletter-graph-1-2-1024x535.png\",\"articleSection\":[\"Uncategorized\"],\"inLanguage\":\"es\"},{\"@type\":\"WebPage\",\"@id\":\"https:\/\/focus.s.nomatter.dev\/es\/blog\/como-ven-los-analistas-de-121-que-los-aranceles-afectaran-a-las-economias-de-estados-unidos-y-del-mundo\/\",\"url\":\"https:\/\/focus.s.nomatter.dev\/es\/blog\/como-ven-los-analistas-de-121-que-los-aranceles-afectaran-a-las-economias-de-estados-unidos-y-del-mundo\/\",\"name\":\"\u00bfC\u00f3mo ven los analistas de 121 que los aranceles afectar\u00e1n a las econom\u00edas de Estados Unidos y del mundo? - FocusEconomics [ES]\",\"isPartOf\":{\"@id\":\"https:\/\/focus.s.nomatter.dev\/es\/#website\"},\"primaryImageOfPage\":{\"@id\":\"https:\/\/focus.s.nomatter.dev\/es\/blog\/como-ven-los-analistas-de-121-que-los-aranceles-afectaran-a-las-economias-de-estados-unidos-y-del-mundo\/#primaryimage\"},\"image\":{\"@id\":\"https:\/\/focus.s.nomatter.dev\/es\/blog\/como-ven-los-analistas-de-121-que-los-aranceles-afectaran-a-las-economias-de-estados-unidos-y-del-mundo\/#primaryimage\"},\"thumbnailUrl\":\"https:\/\/nm-img.b-cdn.net\/focus\/es\/wp-content\/uploads\/sites\/5\/2025\/04\/newsletter-graph-1-2-1024x535.png\",\"datePublished\":\"2025-04-27T15:44:03+00:00\",\"dateModified\":\"2025-05-02T09:15:40+00:00\",\"breadcrumb\":{\"@id\":\"https:\/\/focus.s.nomatter.dev\/es\/blog\/como-ven-los-analistas-de-121-que-los-aranceles-afectaran-a-las-economias-de-estados-unidos-y-del-mundo\/#breadcrumb\"},\"inLanguage\":\"es\",\"potentialAction\":[{\"@type\":\"ReadAction\",\"target\":[\"https:\/\/focus.s.nomatter.dev\/es\/blog\/como-ven-los-analistas-de-121-que-los-aranceles-afectaran-a-las-economias-de-estados-unidos-y-del-mundo\/\"]}]},{\"@type\":\"ImageObject\",\"inLanguage\":\"es\",\"@id\":\"https:\/\/focus.s.nomatter.dev\/es\/blog\/como-ven-los-analistas-de-121-que-los-aranceles-afectaran-a-las-economias-de-estados-unidos-y-del-mundo\/#primaryimage\",\"url\":\"https:\/\/nm-img.b-cdn.net\/focus\/es\/wp-content\/uploads\/sites\/5\/2025\/04\/newsletter-graph-1-2-1024x535.png\",\"contentUrl\":\"https:\/\/nm-img.b-cdn.net\/focus\/es\/wp-content\/uploads\/sites\/5\/2025\/04\/newsletter-graph-1-2-1024x535.png\"},{\"@type\":\"BreadcrumbList\",\"@id\":\"https:\/\/focus.s.nomatter.dev\/es\/blog\/como-ven-los-analistas-de-121-que-los-aranceles-afectaran-a-las-economias-de-estados-unidos-y-del-mundo\/#breadcrumb\",\"itemListElement\":[{\"@type\":\"ListItem\",\"position\":1,\"name\":\"Home\",\"item\":\"https:\/\/focus.s.nomatter.dev\/es\/\"},{\"@type\":\"ListItem\",\"position\":2,\"name\":\"\u00bfC\u00f3mo ven los analistas de 121 que los aranceles afectar\u00e1n a las econom\u00edas de Estados Unidos y del mundo?\"}]},{\"@type\":\"WebSite\",\"@id\":\"https:\/\/focus.s.nomatter.dev\/es\/#website\",\"url\":\"https:\/\/focus.s.nomatter.dev\/es\/\",\"name\":\"FocusEconomics\",\"description\":\"Economic Indicators, News and Forecasts\",\"publisher\":{\"@id\":\"https:\/\/focus.s.nomatter.dev\/es\/#organization\"},\"potentialAction\":[{\"@type\":\"SearchAction\",\"target\":{\"@type\":\"EntryPoint\",\"urlTemplate\":\"https:\/\/focus.s.nomatter.dev\/es\/search-results\/?global-search={search_term_string}\"},\"query-input\":{\"@type\":\"PropertyValueSpecification\",\"valueRequired\":true,\"valueName\":\"search_term_string\"}}],\"inLanguage\":\"es\"},{\"@type\":\"Organization\",\"@id\":\"https:\/\/focus.s.nomatter.dev\/es\/#organization\",\"name\":\"FocusEconomics\",\"url\":\"https:\/\/focus.s.nomatter.dev\/es\/\",\"logo\":{\"@type\":\"ImageObject\",\"inLanguage\":\"es\",\"@id\":\"https:\/\/focus.s.nomatter.dev\/es\/#\/schema\/logo\/image\/\",\"url\":\"https:\/\/focus-d7op8.kinsta.storage\/production\/uploads\/sites\/5\/2022\/08\/logo.svg\",\"contentUrl\":\"https:\/\/focus-d7op8.kinsta.storage\/production\/uploads\/sites\/5\/2022\/08\/logo.svg\",\"width\":277,\"height\":54,\"caption\":\"FocusEconomics\"},\"image\":{\"@id\":\"https:\/\/focus.s.nomatter.dev\/es\/#\/schema\/logo\/image\/\"},\"sameAs\":[\"https:\/\/www.facebook.com\/FocusEconomics\",\"https:\/\/x.com\/FocusEconomics\"]},{\"@type\":\"Person\",\"@id\":\"https:\/\/focus.s.nomatter.dev\/es\/#\/schema\/person\/a6ea9596e6e69459f9f8a56cabc2c5c7\",\"name\":\"Miriam Dowd\"}]}<\/script>\n<!-- \/ Yoast SEO Premium plugin. -->","yoast_head_json":{"title":"\u00bfC\u00f3mo ven los analistas de 121 que los aranceles afectar\u00e1n a las econom\u00edas de Estados Unidos y del mundo? - FocusEconomics [ES]","robots":{"index":"noindex","follow":"follow","max-snippet":"max-snippet:-1","max-image-preview":"max-image-preview:large","max-video-preview":"max-video-preview:-1"},"og_locale":"es_ES","og_type":"article","og_title":"\u00bfC\u00f3mo ven los analistas de 121 que los aranceles afectar\u00e1n a las econom\u00edas de Estados Unidos y del mundo?","og_description":"Read in English Los intermitentes anuncios arancelarios de Donald Trump han desestabilizado las perspectivas econ\u00f3micas mundiales. El FMI rebaj\u00f3 recientemente sus perspectivas de crecimiento global, al igual que otras instituciones de nuestro panel, como analizamos en una entrada reciente del blog. Con esto en mente, a mediados de abril encuestamos a 121 de nuestros panelistas,","og_url":"https:\/\/focus.s.nomatter.dev\/es\/blog\/como-ven-los-analistas-de-121-que-los-aranceles-afectaran-a-las-economias-de-estados-unidos-y-del-mundo\/","og_site_name":"FocusEconomics [ES]","article_publisher":"https:\/\/www.facebook.com\/FocusEconomics","article_published_time":"2025-04-27T15:44:03+00:00","article_modified_time":"2025-05-02T09:15:40+00:00","og_image":[{"width":2400,"height":1254,"url":"https:\/\/focus-stg.nm-img.net\/uploads\/sites\/5\/2025\/04\/newsletter-graph-1-2.png","type":"image\/png"}],"author":"Miriam Dowd","twitter_card":"summary_large_image","twitter_creator":"@FocusEconomics","twitter_site":"@FocusEconomics","twitter_misc":{"Escrito por":"Miriam Dowd","Tiempo de lectura":"4 minutos"},"schema":{"@context":"https:\/\/schema.org","@graph":[{"@type":"Article","@id":"https:\/\/focus.s.nomatter.dev\/es\/blog\/como-ven-los-analistas-de-121-que-los-aranceles-afectaran-a-las-economias-de-estados-unidos-y-del-mundo\/#article","isPartOf":{"@id":"https:\/\/focus.s.nomatter.dev\/es\/blog\/como-ven-los-analistas-de-121-que-los-aranceles-afectaran-a-las-economias-de-estados-unidos-y-del-mundo\/"},"author":{"name":"Miriam Dowd","@id":"https:\/\/focus.s.nomatter.dev\/es\/#\/schema\/person\/a6ea9596e6e69459f9f8a56cabc2c5c7"},"headline":"\u00bfC\u00f3mo ven los analistas de 121 que los aranceles afectar\u00e1n a las econom\u00edas de Estados Unidos y del mundo?","datePublished":"2025-04-27T15:44:03+00:00","dateModified":"2025-05-02T09:15:40+00:00","mainEntityOfPage":{"@id":"https:\/\/focus.s.nomatter.dev\/es\/blog\/como-ven-los-analistas-de-121-que-los-aranceles-afectaran-a-las-economias-de-estados-unidos-y-del-mundo\/"},"wordCount":726,"publisher":{"@id":"https:\/\/focus.s.nomatter.dev\/es\/#organization"},"image":{"@id":"https:\/\/focus.s.nomatter.dev\/es\/blog\/como-ven-los-analistas-de-121-que-los-aranceles-afectaran-a-las-economias-de-estados-unidos-y-del-mundo\/#primaryimage"},"thumbnailUrl":"https:\/\/nm-img.b-cdn.net\/focus\/es\/wp-content\/uploads\/sites\/5\/2025\/04\/newsletter-graph-1-2-1024x535.png","articleSection":["Uncategorized"],"inLanguage":"es"},{"@type":"WebPage","@id":"https:\/\/focus.s.nomatter.dev\/es\/blog\/como-ven-los-analistas-de-121-que-los-aranceles-afectaran-a-las-economias-de-estados-unidos-y-del-mundo\/","url":"https:\/\/focus.s.nomatter.dev\/es\/blog\/como-ven-los-analistas-de-121-que-los-aranceles-afectaran-a-las-economias-de-estados-unidos-y-del-mundo\/","name":"\u00bfC\u00f3mo ven los analistas de 121 que los aranceles afectar\u00e1n a las econom\u00edas de Estados Unidos y del mundo? - FocusEconomics [ES]","isPartOf":{"@id":"https:\/\/focus.s.nomatter.dev\/es\/#website"},"primaryImageOfPage":{"@id":"https:\/\/focus.s.nomatter.dev\/es\/blog\/como-ven-los-analistas-de-121-que-los-aranceles-afectaran-a-las-economias-de-estados-unidos-y-del-mundo\/#primaryimage"},"image":{"@id":"https:\/\/focus.s.nomatter.dev\/es\/blog\/como-ven-los-analistas-de-121-que-los-aranceles-afectaran-a-las-economias-de-estados-unidos-y-del-mundo\/#primaryimage"},"thumbnailUrl":"https:\/\/nm-img.b-cdn.net\/focus\/es\/wp-content\/uploads\/sites\/5\/2025\/04\/newsletter-graph-1-2-1024x535.png","datePublished":"2025-04-27T15:44:03+00:00","dateModified":"2025-05-02T09:15:40+00:00","breadcrumb":{"@id":"https:\/\/focus.s.nomatter.dev\/es\/blog\/como-ven-los-analistas-de-121-que-los-aranceles-afectaran-a-las-economias-de-estados-unidos-y-del-mundo\/#breadcrumb"},"inLanguage":"es","potentialAction":[{"@type":"ReadAction","target":["https:\/\/focus.s.nomatter.dev\/es\/blog\/como-ven-los-analistas-de-121-que-los-aranceles-afectaran-a-las-economias-de-estados-unidos-y-del-mundo\/"]}]},{"@type":"ImageObject","inLanguage":"es","@id":"https:\/\/focus.s.nomatter.dev\/es\/blog\/como-ven-los-analistas-de-121-que-los-aranceles-afectaran-a-las-economias-de-estados-unidos-y-del-mundo\/#primaryimage","url":"https:\/\/nm-img.b-cdn.net\/focus\/es\/wp-content\/uploads\/sites\/5\/2025\/04\/newsletter-graph-1-2-1024x535.png","contentUrl":"https:\/\/nm-img.b-cdn.net\/focus\/es\/wp-content\/uploads\/sites\/5\/2025\/04\/newsletter-graph-1-2-1024x535.png"},{"@type":"BreadcrumbList","@id":"https:\/\/focus.s.nomatter.dev\/es\/blog\/como-ven-los-analistas-de-121-que-los-aranceles-afectaran-a-las-economias-de-estados-unidos-y-del-mundo\/#breadcrumb","itemListElement":[{"@type":"ListItem","position":1,"name":"Home","item":"https:\/\/focus.s.nomatter.dev\/es\/"},{"@type":"ListItem","position":2,"name":"\u00bfC\u00f3mo ven los analistas de 121 que los aranceles afectar\u00e1n a las econom\u00edas de Estados Unidos y del mundo?"}]},{"@type":"WebSite","@id":"https:\/\/focus.s.nomatter.dev\/es\/#website","url":"https:\/\/focus.s.nomatter.dev\/es\/","name":"FocusEconomics","description":"Economic Indicators, News and Forecasts","publisher":{"@id":"https:\/\/focus.s.nomatter.dev\/es\/#organization"},"potentialAction":[{"@type":"SearchAction","target":{"@type":"EntryPoint","urlTemplate":"https:\/\/focus.s.nomatter.dev\/es\/search-results\/?global-search={search_term_string}"},"query-input":{"@type":"PropertyValueSpecification","valueRequired":true,"valueName":"search_term_string"}}],"inLanguage":"es"},{"@type":"Organization","@id":"https:\/\/focus.s.nomatter.dev\/es\/#organization","name":"FocusEconomics","url":"https:\/\/focus.s.nomatter.dev\/es\/","logo":{"@type":"ImageObject","inLanguage":"es","@id":"https:\/\/focus.s.nomatter.dev\/es\/#\/schema\/logo\/image\/","url":"https:\/\/focus-d7op8.kinsta.storage\/production\/uploads\/sites\/5\/2022\/08\/logo.svg","contentUrl":"https:\/\/focus-d7op8.kinsta.storage\/production\/uploads\/sites\/5\/2022\/08\/logo.svg","width":277,"height":54,"caption":"FocusEconomics"},"image":{"@id":"https:\/\/focus.s.nomatter.dev\/es\/#\/schema\/logo\/image\/"},"sameAs":["https:\/\/www.facebook.com\/FocusEconomics","https:\/\/x.com\/FocusEconomics"]},{"@type":"Person","@id":"https:\/\/focus.s.nomatter.dev\/es\/#\/schema\/person\/a6ea9596e6e69459f9f8a56cabc2c5c7","name":"Miriam Dowd"}]}},"_links":{"self":[{"href":"https:\/\/focus.s.nomatter.dev\/es\/wp-json\/wp\/v2\/posts\/155909","targetHints":{"allow":["GET"]}}],"collection":[{"href":"https:\/\/focus.s.nomatter.dev\/es\/wp-json\/wp\/v2\/posts"}],"about":[{"href":"https:\/\/focus.s.nomatter.dev\/es\/wp-json\/wp\/v2\/types\/post"}],"author":[{"embeddable":true,"href":"https:\/\/focus.s.nomatter.dev\/es\/wp-json\/wp\/v2\/users\/8"}],"replies":[{"embeddable":true,"href":"https:\/\/focus.s.nomatter.dev\/es\/wp-json\/wp\/v2\/comments?post=155909"}],"version-history":[{"count":8,"href":"https:\/\/focus.s.nomatter.dev\/es\/wp-json\/wp\/v2\/posts\/155909\/revisions"}],"predecessor-version":[{"id":155939,"href":"https:\/\/focus.s.nomatter.dev\/es\/wp-json\/wp\/v2\/posts\/155909\/revisions\/155939"}],"wp:attachment":[{"href":"https:\/\/focus.s.nomatter.dev\/es\/wp-json\/wp\/v2\/media?parent=155909"}],"wp:term":[{"taxonomy":"category","embeddable":true,"href":"https:\/\/focus.s.nomatter.dev\/es\/wp-json\/wp\/v2\/categories?post=155909"},{"taxonomy":"post_tag","embeddable":true,"href":"https:\/\/focus.s.nomatter.dev\/es\/wp-json\/wp\/v2\/tags?post=155909"}],"curies":[{"name":"wp","href":"https:\/\/api.w.org\/{rel}","templated":true}]}}