{"id":156489,"date":"2025-06-22T16:39:52","date_gmt":"2025-06-22T16:39:52","guid":{"rendered":"https:\/\/focus.s.nomatter.dev\/es\/?p=156489"},"modified":"2025-06-23T08:57:30","modified_gmt":"2025-06-23T08:57:30","slug":"el-leon-bulgaria-se-une-al-orgullo-de-la-eurozona-que-impacto-tendra","status":"publish","type":"post","link":"https:\/\/focus.s.nomatter.dev\/es\/blog\/el-leon-bulgaria-se-une-al-orgullo-de-la-eurozona-que-impacto-tendra\/","title":{"rendered":"El \u201cle\u00f3n\u201d Bulgaria se une a la manada de la eurozona: \u00bfQu\u00e9 impacto tendr\u00e1?"},"content":{"rendered":"<p><a href=\"https:\/\/focus.s.nomatter.dev\/blog\/the-lion-bulgaria-joins-the-eurozone-pride-what-impact-will-it-have\/\"><em>Read in English<\/em><\/a><\/p>\n<p><span data-contrast=\"none\">El 1 de enero de 2026, Bulgaria adoptar\u00e1 el euro, convirti\u00e9ndose en el 21.\u00ba miembro del bloque monetario. Esta decisi\u00f3n se ha gestado durante a\u00f1os: m\u00e1s de dos d\u00e9cadas despu\u00e9s de vincular su moneda \u2014el lev, o \u00able\u00f3n\u00bb\u2014 al euro, y cinco a\u00f1os despu\u00e9s de entrar en la sala de espera de la eurozona (MTC II), Bulgaria recibi\u00f3 luz verde en junio tras cumplir los criterios necesarios en materia de inflaci\u00f3n, disciplina fiscal, estabilidad cambiaria y reforma institucional, a pesar de sufrir una grave crisis pol\u00edtica entre 2021 y 2025.\u00a0<\/span><span data-ccp-props=\"{&quot;201341983&quot;:0,&quot;335559738&quot;:240,&quot;335559739&quot;:240,&quot;335559740&quot;:240}\">\u00a0<\/span><\/p>\n<p><b><span data-contrast=\"none\">\u00bfUna victoria pol\u00edtica o una apuesta arriesgada?\u00a0<\/span><\/b><span data-ccp-props=\"{&quot;201341983&quot;:0,&quot;335559738&quot;:240,&quot;335559739&quot;:240,&quot;335559740&quot;:240}\">\u00a0<\/span><\/p>\n<p><span data-contrast=\"none\">El euro supone una victoria simb\u00f3lica e institucional para la actual coalici\u00f3n gobernante, pero tambi\u00e9n arriesgada. Varios partidos en el Parlamento se oponen a la transici\u00f3n, y el presidente convoc\u00f3 un refer\u00e9ndum pocas semanas antes de que Bruselas diera luz verde.\u00a0<\/span><span data-ccp-props=\"{&quot;201341983&quot;:0,&quot;335559738&quot;:240,&quot;335559739&quot;:240,&quot;335559740&quot;:240}\">\u00a0<\/span><\/p>\n<p><span data-contrast=\"none\">Una transici\u00f3n fluida podr\u00eda consolidar a Bulgaria en el n\u00facleo europeo y apoyar la estabilidad financiera. Sin embargo, si la transici\u00f3n es m\u00e1s complicada y la inflaci\u00f3n se dispara, las consecuencias pol\u00edticas podr\u00edan ser graves: algunos de nuestros panelistas prev\u00e9n un riesgo significativo de colapso del gobierno tras la adopci\u00f3n.<\/span><span data-ccp-props=\"{&quot;201341983&quot;:0,&quot;335559738&quot;:240,&quot;335559739&quot;:240,&quot;335559740&quot;:240}\">\u00a0<\/span><\/p>\n<p><b><span data-contrast=\"none\">Ganancias econ\u00f3micas peque\u00f1as pero firmes<\/span><\/b><span data-ccp-props=\"{&quot;201341983&quot;:0,&quot;335559738&quot;:240,&quot;335559739&quot;:240,&quot;335559740&quot;:240}\">\u00a0<\/span><\/p>\n<p><span data-contrast=\"none\">En t\u00e9rminos econ\u00f3micos, la adhesi\u00f3n al euro traer\u00e1 beneficios sutiles pero significativos. Bulgaria tendr\u00e1 acceso a las facilidades de liquidez del BCE, a los programas de compra de bonos y a las estructuras de toma de decisiones, lo que respaldar\u00e1 la econom\u00eda en tiempos de volatilidad.\u00a0<\/span><span data-contrast=\"none\">Nuestro consenso es que el crecimiento del PIB se mantendr\u00e1 pr\u00e1cticamente estable hasta 2029\u00a0<\/span><span data-contrast=\"none\">, con la adopci\u00f3n del euro amortiguando el impulso en medio de la creciente incertidumbre geopol\u00edtica y comercial.<\/span><span data-ccp-props=\"{&quot;201341983&quot;:0,&quot;335559738&quot;:240,&quot;335559739&quot;:240,&quot;335559740&quot;:240}\">\u00a0<\/span><\/p>\n<p><span data-contrast=\"none\"><span class=\"\">La adopci\u00f3n del euro tambi\u00e9n eliminar\u00e1 el riesgo cambiario, reduciendo gradualmente los costes de financiaci\u00f3n de los pa\u00edses soberanos y corporativos. Dado que Bulgaria a\u00fan se encuentra por detr\u00e1s de sus pares de la eurozona en cuanto a rendimiento de los bonos y calificaci\u00f3n crediticia, la eliminaci\u00f3n del riesgo cambiario y el fortalecimiento de su perfil de deuda podr\u00edan contribuir a reducir la brecha; varias agencias de calificaci\u00f3n han se\u00f1alado posibles mejoras tras la entrada en el euro.\u202f<\/span><\/span><span data-ccp-props=\"{&quot;201341983&quot;:0,&quot;335559738&quot;:240,&quot;335559739&quot;:240,&quot;335559740&quot;:240}\">\u00a0<\/span><\/p>\n<p><b><span data-contrast=\"none\">El comercio y el turismo ver\u00e1n ganancias incrementales<\/span><\/b><span data-ccp-props=\"{&quot;201341983&quot;:0,&quot;335559738&quot;:280,&quot;335559739&quot;:80,&quot;335559740&quot;:240}\">\u00a0<\/span><\/p>\n<p><span data-contrast=\"none\">Nuestros panelistas prev\u00e9n un repunte notable en el crecimiento de las exportaciones tras la adopci\u00f3n de la eurozona, a medida que se desvanezca el riesgo cambiario\u00a0<\/span><span data-contrast=\"none\">, lo que impulsar\u00e1 los flujos comerciales y tur\u00edsticos con los socios de la eurozona. El euro tambi\u00e9n podr\u00eda reforzar la competitividad de Bulgaria frente a vecinos no pertenecientes a la eurozona, como Ruman\u00eda y Polonia. Aun as\u00ed, el impacto deber\u00eda ser bastante limitado: la eurozona ya absorbe casi el 50 % de las exportaciones b\u00falgaras.\u00a0<\/span><span data-ccp-props=\"{&quot;201341983&quot;:0,&quot;335559738&quot;:240,&quot;335559739&quot;:240,&quot;335559740&quot;:240}\">\u00a0<\/span><\/p>\n<p><b><span data-contrast=\"auto\">El coco de la inflaci\u00f3n<\/span><\/b><span data-ccp-props=\"{&quot;201341983&quot;:0,&quot;335559738&quot;:240,&quot;335559739&quot;:240,&quot;335559740&quot;:240}\">\u00a0<\/span><\/p>\n<p><span data-ccp-props=\"{&quot;201341983&quot;:0,&quot;335559738&quot;:240,&quot;335559739&quot;:240,&quot;335559740&quot;:240}\"><img loading=\"lazy\" decoding=\"async\" class=\"alignnone wp-image-66299 size-large\" src=\"https:\/\/focus-d7op8.kinsta.storage\/production\/uploads\/2025\/06\/image-12-1-1024x535.png\" sizes=\"auto, (max-width: 1024px) 100vw, 1024px\" srcset=\"https:\/\/www-focus--economics-com.translate.goog\/wp-content\/uploads\/2025\/06\/image-12-1-1024x535.png?_x_tr_sl=en&amp;_x_tr_tl=es&amp;_x_tr_hl=en&amp;_x_tr_pto=wapp 1024w,https:\/\/www-focus--economics-com.translate.goog\/wp-content\/uploads\/2025\/06\/image-12-1-300x157.png?_x_tr_sl=en&amp;_x_tr_tl=es&amp;_x_tr_hl=en&amp;_x_tr_pto=wapp 300w,https:\/\/www-focus--economics-com.translate.goog\/wp-content\/uploads\/2025\/06\/image-12-1-768x401.png?_x_tr_sl=en&amp;_x_tr_tl=es&amp;_x_tr_hl=en&amp;_x_tr_pto=wapp 768w,https:\/\/www-focus--economics-com.translate.goog\/wp-content\/uploads\/2025\/06\/image-12-1-1536x803.png?_x_tr_sl=en&amp;_x_tr_tl=es&amp;_x_tr_hl=en&amp;_x_tr_pto=wapp 1536w,https:\/\/www-focus--economics-com.translate.goog\/wp-content\/uploads\/2025\/06\/image-12-1-2048x1070.png?_x_tr_sl=en&amp;_x_tr_tl=es&amp;_x_tr_hl=en&amp;_x_tr_pto=wapp 2048w\" alt=\"\" width=\"1024\" height=\"535\" \/><\/span><\/p>\n<p><span data-contrast=\"auto\">La incorporaci\u00f3n de Bulgaria a la eurozona deber\u00eda tener un impacto m\u00ednimo en los precios:\u00a0<\/span><span data-contrast=\"auto\">Nuestros panelistas han mantenido, en general, sus previsiones de inflaci\u00f3n para 2026-2029 desde enero\u00a0<\/span><span data-contrast=\"auto\">. La inflaci\u00f3n de Bulgaria deber\u00eda mantenerse por debajo de la de la mayor\u00eda de los pa\u00edses vecinos no pertenecientes a la eurozona\u00a0<\/span><span data-contrast=\"auto\">, que a\u00fan est\u00e1n\u00a0<\/span><span data-contrast=\"auto\">expuestos a las fluctuaciones cambiarias. La reducci\u00f3n de los costes de financiaci\u00f3n para las empresas b\u00falgaras tambi\u00e9n deber\u00eda limitar la inflaci\u00f3n futura.<\/span><span data-ccp-props=\"{&quot;201341983&quot;:0,&quot;335559738&quot;:240,&quot;335559739&quot;:240,&quot;335559740&quot;:240}\">\u00a0<\/span><\/p>\n<p><span data-contrast=\"auto\">Aun as\u00ed, la preocupaci\u00f3n p\u00fablica por la inflaci\u00f3n sigue siendo alta. El recuerdo de la hiperinflaci\u00f3n de la d\u00e9cada de 1990, sumado a la ret\u00f3rica populista incendiaria, podr\u00eda aumentar la sensibilidad a cualquier efecto menor en los precios derivado del redondeo y de los costos de conversi\u00f3n puntuales. Esto podr\u00eda alimentar las expectativas de inflaci\u00f3n, especialmente en el sector servicios, convirti\u00e9ndolas en una profec\u00eda autocumplida.<\/span><span data-ccp-props=\"{&quot;201341983&quot;:0,&quot;335559738&quot;:240,&quot;335559739&quot;:240,&quot;335559740&quot;:240}\">\u00a0<\/span><\/p>\n<p><b><span data-contrast=\"auto\">Siguen existiendo desaf\u00edos estructurales<\/span><\/b><span data-ccp-props=\"{&quot;201341983&quot;:0,&quot;335559738&quot;:240,&quot;335559739&quot;:240,&quot;335559740&quot;:240}\">\u00a0<\/span><\/p>\n<p><span data-contrast=\"auto\">El euro no es una panacea. Los desaf\u00edos estructurales de Bulgaria \u2014emigraci\u00f3n, corrupci\u00f3n, demograf\u00eda d\u00e9bil\u2014 sobrevivir\u00e1n al cambio de moneda y seguir\u00e1n limitando el crecimiento del PIB durante la pr\u00f3xima d\u00e9cada. Pero la adopci\u00f3n del euro anclar\u00e1 a Bulgaria en la UE, consolidar\u00e1 la credibilidad pol\u00edtica y reducir\u00e1 las vulnerabilidades externas. Por lo tanto, el euro se centra menos en la transformaci\u00f3n inmediata y m\u00e1s en el desarrollo de la resiliencia econ\u00f3mica y pol\u00edtica en un momento en que ambas escasean.<\/span><span data-ccp-props=\"{&quot;201341983&quot;:0,&quot;335559738&quot;:240,&quot;335559739&quot;:240,&quot;335559740&quot;:240}\">\u00a0<\/span><\/p>\n<p><b><span data-contrast=\"auto\">La opini\u00f3n de nuestros analistas:<\/span><\/b><span data-ccp-props=\"{&quot;201341983&quot;:0,&quot;335559738&quot;:240,&quot;335559739&quot;:240,&quot;335559740&quot;:240}\">\u00a0<\/span><\/p>\n<p><b><span data-contrast=\"auto\">Dennis Shen y Brian Marly de Scope Ratings<\/span><\/b><span data-contrast=\"auto\">\u00a0dijeron:\u00a0<\/span><span data-ccp-props=\"{}\">\u00a0<\/span><\/p>\n<p><i><span data-contrast=\"auto\">Con la inflaci\u00f3n bajo control, Bulgaria est\u00e1 en v\u00edas de adoptar el euro en enero de 2026, lo que reforzar\u00eda la estabilidad de una econom\u00eda altamente euroizada, mejorar\u00eda la flexibilidad de la pol\u00edtica monetaria y facilitar\u00eda el acceso de la deuda soberana a los mercados de capitales. La adopci\u00f3n de la moneda com\u00fan por parte de Bulgaria impulsar\u00eda un crecimiento potencial de alrededor del 2,75 % anual y acelerar\u00eda la convergencia hacia el nivel de vida promedio de la Uni\u00f3n Europea.<\/span><\/i><span data-ccp-props=\"{}\">\u00a0<\/span><\/p>\n<p><b><span data-contrast=\"auto\">Los analistas de EIU<\/span><\/b><span data-contrast=\"auto\">\u00a0comentaron:\u00a0<\/span><span data-ccp-props=\"{}\">\u00a0<\/span><\/p>\n<p><i><span data-contrast=\"auto\">A pesar de la creciente inestabilidad pol\u00edtica, esperamos que el gobierno permanezca en el cargo este a\u00f1o y garantice la entrada de Bulgaria en la eurozona. [\u2026] El partido de centroderecha Ciudadanos por el Desarrollo Europeo de Bulgaria (GERB), el mayor partido gobernante, ha declarado que el gobierno debe permanecer en el poder durante al menos 18 meses para garantizar una transici\u00f3n monetaria fluida, un plazo que coincidir\u00eda con las elecciones presidenciales previstas para el oto\u00f1o de 2026.<\/span><\/i><span data-ccp-props=\"{}\">\u00a0<\/span><\/p>\n<p><b><span data-contrast=\"auto\">Los analistas de S&amp;P Global<\/span><\/b><span data-contrast=\"auto\">\u00a0dijeron:\u00a0<\/span><span data-ccp-props=\"{}\">\u00a0<\/span><\/p>\n<p><i><span data-contrast=\"auto\">La ambici\u00f3n de adhesi\u00f3n a la eurozona ha proporcionado un importante punto de apoyo pol\u00edtico para una gesti\u00f3n fiscal rigurosa, especialmente en tiempos de inestabilidad pol\u00edtica. El presupuesto y los planes fiscales actuales apuntan a que los d\u00e9ficits se mantengan en torno al 3% del PIB de media durante los pr\u00f3ximos tres a\u00f1os, lo cual parece alcanzable. Sin embargo, prevemos riesgos a la baja debido al aumento del gasto en defensa a partir de 2027 y a un posible menor crecimiento de los ingresos.\u00a0<\/span><\/i><span data-ccp-props=\"{}\">\u00a0<\/span><\/p>\n","protected":false},"excerpt":{"rendered":"<p>Read in English El 1 de enero de 2026, Bulgaria adoptar\u00e1 el euro, convirti\u00e9ndose en el 21.\u00ba miembro del bloque monetario. Esta decisi\u00f3n se ha gestado durante a\u00f1os: m\u00e1s de dos d\u00e9cadas despu\u00e9s de vincular su moneda \u2014el lev, o \u00able\u00f3n\u00bb\u2014 al euro, y cinco a\u00f1os despu\u00e9s de entrar en la sala de espera de<\/p>\n","protected":false},"author":8,"featured_media":156492,"comment_status":"closed","ping_status":"closed","sticky":false,"template":"","format":"standard","meta":{"_acf_changed":false,"editor_notices":[],"footnotes":""},"categories":[1],"tags":[],"class_list":["post-156489","post","type-post","status-publish","format-standard","has-post-thumbnail","hentry","category-uncategorized"],"acf":[],"yoast_head":"<!-- This site is optimized with the Yoast SEO Premium plugin v26.9 (Yoast SEO v26.9) - https:\/\/yoast.com\/product\/yoast-seo-premium-wordpress\/ -->\n<title>El \u201cle\u00f3n\u201d Bulgaria se une a la manada de la eurozona: \u00bfQu\u00e9 impacto tendr\u00e1? - FocusEconomics [ES]<\/title>\n<meta name=\"robots\" content=\"noindex, follow, max-snippet:-1, max-image-preview:large, max-video-preview:-1\" \/>\n<meta property=\"og:locale\" content=\"es_ES\" class=\"yoast-seo-meta-tag\" \/>\n<meta property=\"og:type\" content=\"article\" class=\"yoast-seo-meta-tag\" \/>\n<meta property=\"og:title\" content=\"El \u201cle\u00f3n\u201d Bulgaria se une a la manada de la eurozona: \u00bfQu\u00e9 impacto tendr\u00e1?\" class=\"yoast-seo-meta-tag\" \/>\n<meta property=\"og:description\" content=\"Read in English El 1 de enero de 2026, Bulgaria adoptar\u00e1 el euro, convirti\u00e9ndose en el 21.\u00ba miembro del bloque monetario. Esta decisi\u00f3n se ha gestado durante a\u00f1os: m\u00e1s de dos d\u00e9cadas despu\u00e9s de vincular su moneda \u2014el lev, o \u00able\u00f3n\u00bb\u2014 al euro, y cinco a\u00f1os despu\u00e9s de entrar en la sala de espera de\" class=\"yoast-seo-meta-tag\" \/>\n<meta property=\"og:url\" content=\"https:\/\/focus.s.nomatter.dev\/es\/blog\/el-leon-bulgaria-se-une-al-orgullo-de-la-eurozona-que-impacto-tendra\/\" class=\"yoast-seo-meta-tag\" \/>\n<meta property=\"og:site_name\" content=\"FocusEconomics [ES]\" class=\"yoast-seo-meta-tag\" \/>\n<meta property=\"article:publisher\" content=\"https:\/\/www.facebook.com\/FocusEconomics\" class=\"yoast-seo-meta-tag\" \/>\n<meta property=\"article:published_time\" content=\"2025-06-22T16:39:52+00:00\" class=\"yoast-seo-meta-tag\" \/>\n<meta property=\"article:modified_time\" content=\"2025-06-23T08:57:30+00:00\" class=\"yoast-seo-meta-tag\" \/>\n<meta property=\"og:image\" content=\"https:\/\/focus.nm-img.net\/uploads\/sites\/5\/2025\/06\/image-6.jpg\" class=\"yoast-seo-meta-tag\" \/>\n\t<meta property=\"og:image:width\" content=\"2000\" class=\"yoast-seo-meta-tag\" \/>\n\t<meta property=\"og:image:height\" content=\"1200\" class=\"yoast-seo-meta-tag\" \/>\n\t<meta property=\"og:image:type\" content=\"image\/jpeg\" class=\"yoast-seo-meta-tag\" \/>\n<meta name=\"author\" content=\"Miriam Dowd\" class=\"yoast-seo-meta-tag\" \/>\n<meta name=\"twitter:card\" content=\"summary_large_image\" class=\"yoast-seo-meta-tag\" \/>\n<meta name=\"twitter:creator\" content=\"@FocusEconomics\" class=\"yoast-seo-meta-tag\" \/>\n<meta name=\"twitter:site\" content=\"@FocusEconomics\" class=\"yoast-seo-meta-tag\" \/>\n<meta name=\"twitter:label1\" content=\"Escrito por\" class=\"yoast-seo-meta-tag\" \/>\n\t<meta name=\"twitter:data1\" content=\"Miriam Dowd\" class=\"yoast-seo-meta-tag\" \/>\n\t<meta name=\"twitter:label2\" content=\"Tiempo de lectura\" class=\"yoast-seo-meta-tag\" \/>\n\t<meta name=\"twitter:data2\" content=\"5 minutos\" class=\"yoast-seo-meta-tag\" \/>\n<script type=\"application\/ld+json\" class=\"yoast-schema-graph\">{\"@context\":\"https:\/\/schema.org\",\"@graph\":[{\"@type\":\"Article\",\"@id\":\"https:\/\/focus.s.nomatter.dev\/es\/blog\/el-leon-bulgaria-se-une-al-orgullo-de-la-eurozona-que-impacto-tendra\/#article\",\"isPartOf\":{\"@id\":\"https:\/\/focus.s.nomatter.dev\/es\/blog\/el-leon-bulgaria-se-une-al-orgullo-de-la-eurozona-que-impacto-tendra\/\"},\"author\":{\"name\":\"Miriam Dowd\",\"@id\":\"https:\/\/focus.s.nomatter.dev\/es\/#\/schema\/person\/a6ea9596e6e69459f9f8a56cabc2c5c7\"},\"headline\":\"El \u201cle\u00f3n\u201d Bulgaria se une a la manada de la eurozona: \u00bfQu\u00e9 impacto tendr\u00e1?\",\"datePublished\":\"2025-06-22T16:39:52+00:00\",\"dateModified\":\"2025-06-23T08:57:30+00:00\",\"mainEntityOfPage\":{\"@id\":\"https:\/\/focus.s.nomatter.dev\/es\/blog\/el-leon-bulgaria-se-une-al-orgullo-de-la-eurozona-que-impacto-tendra\/\"},\"wordCount\":1066,\"publisher\":{\"@id\":\"https:\/\/focus.s.nomatter.dev\/es\/#organization\"},\"image\":{\"@id\":\"https:\/\/focus.s.nomatter.dev\/es\/blog\/el-leon-bulgaria-se-une-al-orgullo-de-la-eurozona-que-impacto-tendra\/#primaryimage\"},\"thumbnailUrl\":\"https:\/\/focus-stg.nm-img.net\/uploads\/sites\/5\/2025\/06\/image-6.jpg\",\"articleSection\":[\"Uncategorized\"],\"inLanguage\":\"es\"},{\"@type\":\"WebPage\",\"@id\":\"https:\/\/focus.s.nomatter.dev\/es\/blog\/el-leon-bulgaria-se-une-al-orgullo-de-la-eurozona-que-impacto-tendra\/\",\"url\":\"https:\/\/focus.s.nomatter.dev\/es\/blog\/el-leon-bulgaria-se-une-al-orgullo-de-la-eurozona-que-impacto-tendra\/\",\"name\":\"El \u201cle\u00f3n\u201d Bulgaria se une a la manada de la eurozona: \u00bfQu\u00e9 impacto tendr\u00e1? - FocusEconomics [ES]\",\"isPartOf\":{\"@id\":\"https:\/\/focus.s.nomatter.dev\/es\/#website\"},\"primaryImageOfPage\":{\"@id\":\"https:\/\/focus.s.nomatter.dev\/es\/blog\/el-leon-bulgaria-se-une-al-orgullo-de-la-eurozona-que-impacto-tendra\/#primaryimage\"},\"image\":{\"@id\":\"https:\/\/focus.s.nomatter.dev\/es\/blog\/el-leon-bulgaria-se-une-al-orgullo-de-la-eurozona-que-impacto-tendra\/#primaryimage\"},\"thumbnailUrl\":\"https:\/\/focus-stg.nm-img.net\/uploads\/sites\/5\/2025\/06\/image-6.jpg\",\"datePublished\":\"2025-06-22T16:39:52+00:00\",\"dateModified\":\"2025-06-23T08:57:30+00:00\",\"breadcrumb\":{\"@id\":\"https:\/\/focus.s.nomatter.dev\/es\/blog\/el-leon-bulgaria-se-une-al-orgullo-de-la-eurozona-que-impacto-tendra\/#breadcrumb\"},\"inLanguage\":\"es\",\"potentialAction\":[{\"@type\":\"ReadAction\",\"target\":[\"https:\/\/focus.s.nomatter.dev\/es\/blog\/el-leon-bulgaria-se-une-al-orgullo-de-la-eurozona-que-impacto-tendra\/\"]}]},{\"@type\":\"ImageObject\",\"inLanguage\":\"es\",\"@id\":\"https:\/\/focus.s.nomatter.dev\/es\/blog\/el-leon-bulgaria-se-une-al-orgullo-de-la-eurozona-que-impacto-tendra\/#primaryimage\",\"url\":\"https:\/\/focus-stg.nm-img.net\/uploads\/sites\/5\/2025\/06\/image-6.jpg\",\"contentUrl\":\"https:\/\/focus-stg.nm-img.net\/uploads\/sites\/5\/2025\/06\/image-6.jpg\",\"width\":2000,\"height\":1200},{\"@type\":\"BreadcrumbList\",\"@id\":\"https:\/\/focus.s.nomatter.dev\/es\/blog\/el-leon-bulgaria-se-une-al-orgullo-de-la-eurozona-que-impacto-tendra\/#breadcrumb\",\"itemListElement\":[{\"@type\":\"ListItem\",\"position\":1,\"name\":\"Home\",\"item\":\"https:\/\/focus.s.nomatter.dev\/es\/\"},{\"@type\":\"ListItem\",\"position\":2,\"name\":\"El \u201cle\u00f3n\u201d Bulgaria se une a la manada de la eurozona: \u00bfQu\u00e9 impacto tendr\u00e1?\"}]},{\"@type\":\"WebSite\",\"@id\":\"https:\/\/focus.s.nomatter.dev\/es\/#website\",\"url\":\"https:\/\/focus.s.nomatter.dev\/es\/\",\"name\":\"FocusEconomics\",\"description\":\"Economic Indicators, News and Forecasts\",\"publisher\":{\"@id\":\"https:\/\/focus.s.nomatter.dev\/es\/#organization\"},\"potentialAction\":[{\"@type\":\"SearchAction\",\"target\":{\"@type\":\"EntryPoint\",\"urlTemplate\":\"https:\/\/focus.s.nomatter.dev\/es\/search-results\/?global-search={search_term_string}\"},\"query-input\":{\"@type\":\"PropertyValueSpecification\",\"valueRequired\":true,\"valueName\":\"search_term_string\"}}],\"inLanguage\":\"es\"},{\"@type\":\"Organization\",\"@id\":\"https:\/\/focus.s.nomatter.dev\/es\/#organization\",\"name\":\"FocusEconomics\",\"url\":\"https:\/\/focus.s.nomatter.dev\/es\/\",\"logo\":{\"@type\":\"ImageObject\",\"inLanguage\":\"es\",\"@id\":\"https:\/\/focus.s.nomatter.dev\/es\/#\/schema\/logo\/image\/\",\"url\":\"https:\/\/focus-d7op8.kinsta.storage\/production\/uploads\/sites\/5\/2022\/08\/logo.svg\",\"contentUrl\":\"https:\/\/focus-d7op8.kinsta.storage\/production\/uploads\/sites\/5\/2022\/08\/logo.svg\",\"width\":277,\"height\":54,\"caption\":\"FocusEconomics\"},\"image\":{\"@id\":\"https:\/\/focus.s.nomatter.dev\/es\/#\/schema\/logo\/image\/\"},\"sameAs\":[\"https:\/\/www.facebook.com\/FocusEconomics\",\"https:\/\/x.com\/FocusEconomics\"]},{\"@type\":\"Person\",\"@id\":\"https:\/\/focus.s.nomatter.dev\/es\/#\/schema\/person\/a6ea9596e6e69459f9f8a56cabc2c5c7\",\"name\":\"Miriam Dowd\"}]}<\/script>\n<!-- \/ Yoast SEO Premium plugin. -->","yoast_head_json":{"title":"El \u201cle\u00f3n\u201d Bulgaria se une a la manada de la eurozona: \u00bfQu\u00e9 impacto tendr\u00e1? - FocusEconomics [ES]","robots":{"index":"noindex","follow":"follow","max-snippet":"max-snippet:-1","max-image-preview":"max-image-preview:large","max-video-preview":"max-video-preview:-1"},"og_locale":"es_ES","og_type":"article","og_title":"El \u201cle\u00f3n\u201d Bulgaria se une a la manada de la eurozona: \u00bfQu\u00e9 impacto tendr\u00e1?","og_description":"Read in English El 1 de enero de 2026, Bulgaria adoptar\u00e1 el euro, convirti\u00e9ndose en el 21.\u00ba miembro del bloque monetario. Esta decisi\u00f3n se ha gestado durante a\u00f1os: m\u00e1s de dos d\u00e9cadas despu\u00e9s de vincular su moneda \u2014el lev, o \u00able\u00f3n\u00bb\u2014 al euro, y cinco a\u00f1os despu\u00e9s de entrar en la sala de espera de","og_url":"https:\/\/focus.s.nomatter.dev\/es\/blog\/el-leon-bulgaria-se-une-al-orgullo-de-la-eurozona-que-impacto-tendra\/","og_site_name":"FocusEconomics [ES]","article_publisher":"https:\/\/www.facebook.com\/FocusEconomics","article_published_time":"2025-06-22T16:39:52+00:00","article_modified_time":"2025-06-23T08:57:30+00:00","og_image":[{"width":2000,"height":1200,"url":"https:\/\/focus.nm-img.net\/uploads\/sites\/5\/2025\/06\/image-6.jpg","type":"image\/jpeg"}],"author":"Miriam Dowd","twitter_card":"summary_large_image","twitter_creator":"@FocusEconomics","twitter_site":"@FocusEconomics","twitter_misc":{"Escrito por":"Miriam Dowd","Tiempo de lectura":"5 minutos"},"schema":{"@context":"https:\/\/schema.org","@graph":[{"@type":"Article","@id":"https:\/\/focus.s.nomatter.dev\/es\/blog\/el-leon-bulgaria-se-une-al-orgullo-de-la-eurozona-que-impacto-tendra\/#article","isPartOf":{"@id":"https:\/\/focus.s.nomatter.dev\/es\/blog\/el-leon-bulgaria-se-une-al-orgullo-de-la-eurozona-que-impacto-tendra\/"},"author":{"name":"Miriam Dowd","@id":"https:\/\/focus.s.nomatter.dev\/es\/#\/schema\/person\/a6ea9596e6e69459f9f8a56cabc2c5c7"},"headline":"El \u201cle\u00f3n\u201d Bulgaria se une a la manada de la eurozona: \u00bfQu\u00e9 impacto tendr\u00e1?","datePublished":"2025-06-22T16:39:52+00:00","dateModified":"2025-06-23T08:57:30+00:00","mainEntityOfPage":{"@id":"https:\/\/focus.s.nomatter.dev\/es\/blog\/el-leon-bulgaria-se-une-al-orgullo-de-la-eurozona-que-impacto-tendra\/"},"wordCount":1066,"publisher":{"@id":"https:\/\/focus.s.nomatter.dev\/es\/#organization"},"image":{"@id":"https:\/\/focus.s.nomatter.dev\/es\/blog\/el-leon-bulgaria-se-une-al-orgullo-de-la-eurozona-que-impacto-tendra\/#primaryimage"},"thumbnailUrl":"https:\/\/focus-stg.nm-img.net\/uploads\/sites\/5\/2025\/06\/image-6.jpg","articleSection":["Uncategorized"],"inLanguage":"es"},{"@type":"WebPage","@id":"https:\/\/focus.s.nomatter.dev\/es\/blog\/el-leon-bulgaria-se-une-al-orgullo-de-la-eurozona-que-impacto-tendra\/","url":"https:\/\/focus.s.nomatter.dev\/es\/blog\/el-leon-bulgaria-se-une-al-orgullo-de-la-eurozona-que-impacto-tendra\/","name":"El \u201cle\u00f3n\u201d Bulgaria se une a la manada de la eurozona: \u00bfQu\u00e9 impacto tendr\u00e1? - FocusEconomics [ES]","isPartOf":{"@id":"https:\/\/focus.s.nomatter.dev\/es\/#website"},"primaryImageOfPage":{"@id":"https:\/\/focus.s.nomatter.dev\/es\/blog\/el-leon-bulgaria-se-une-al-orgullo-de-la-eurozona-que-impacto-tendra\/#primaryimage"},"image":{"@id":"https:\/\/focus.s.nomatter.dev\/es\/blog\/el-leon-bulgaria-se-une-al-orgullo-de-la-eurozona-que-impacto-tendra\/#primaryimage"},"thumbnailUrl":"https:\/\/focus-stg.nm-img.net\/uploads\/sites\/5\/2025\/06\/image-6.jpg","datePublished":"2025-06-22T16:39:52+00:00","dateModified":"2025-06-23T08:57:30+00:00","breadcrumb":{"@id":"https:\/\/focus.s.nomatter.dev\/es\/blog\/el-leon-bulgaria-se-une-al-orgullo-de-la-eurozona-que-impacto-tendra\/#breadcrumb"},"inLanguage":"es","potentialAction":[{"@type":"ReadAction","target":["https:\/\/focus.s.nomatter.dev\/es\/blog\/el-leon-bulgaria-se-une-al-orgullo-de-la-eurozona-que-impacto-tendra\/"]}]},{"@type":"ImageObject","inLanguage":"es","@id":"https:\/\/focus.s.nomatter.dev\/es\/blog\/el-leon-bulgaria-se-une-al-orgullo-de-la-eurozona-que-impacto-tendra\/#primaryimage","url":"https:\/\/focus-stg.nm-img.net\/uploads\/sites\/5\/2025\/06\/image-6.jpg","contentUrl":"https:\/\/focus-stg.nm-img.net\/uploads\/sites\/5\/2025\/06\/image-6.jpg","width":2000,"height":1200},{"@type":"BreadcrumbList","@id":"https:\/\/focus.s.nomatter.dev\/es\/blog\/el-leon-bulgaria-se-une-al-orgullo-de-la-eurozona-que-impacto-tendra\/#breadcrumb","itemListElement":[{"@type":"ListItem","position":1,"name":"Home","item":"https:\/\/focus.s.nomatter.dev\/es\/"},{"@type":"ListItem","position":2,"name":"El \u201cle\u00f3n\u201d Bulgaria se une a la manada de la eurozona: \u00bfQu\u00e9 impacto tendr\u00e1?"}]},{"@type":"WebSite","@id":"https:\/\/focus.s.nomatter.dev\/es\/#website","url":"https:\/\/focus.s.nomatter.dev\/es\/","name":"FocusEconomics","description":"Economic Indicators, News and Forecasts","publisher":{"@id":"https:\/\/focus.s.nomatter.dev\/es\/#organization"},"potentialAction":[{"@type":"SearchAction","target":{"@type":"EntryPoint","urlTemplate":"https:\/\/focus.s.nomatter.dev\/es\/search-results\/?global-search={search_term_string}"},"query-input":{"@type":"PropertyValueSpecification","valueRequired":true,"valueName":"search_term_string"}}],"inLanguage":"es"},{"@type":"Organization","@id":"https:\/\/focus.s.nomatter.dev\/es\/#organization","name":"FocusEconomics","url":"https:\/\/focus.s.nomatter.dev\/es\/","logo":{"@type":"ImageObject","inLanguage":"es","@id":"https:\/\/focus.s.nomatter.dev\/es\/#\/schema\/logo\/image\/","url":"https:\/\/focus-d7op8.kinsta.storage\/production\/uploads\/sites\/5\/2022\/08\/logo.svg","contentUrl":"https:\/\/focus-d7op8.kinsta.storage\/production\/uploads\/sites\/5\/2022\/08\/logo.svg","width":277,"height":54,"caption":"FocusEconomics"},"image":{"@id":"https:\/\/focus.s.nomatter.dev\/es\/#\/schema\/logo\/image\/"},"sameAs":["https:\/\/www.facebook.com\/FocusEconomics","https:\/\/x.com\/FocusEconomics"]},{"@type":"Person","@id":"https:\/\/focus.s.nomatter.dev\/es\/#\/schema\/person\/a6ea9596e6e69459f9f8a56cabc2c5c7","name":"Miriam Dowd"}]}},"_links":{"self":[{"href":"https:\/\/focus.s.nomatter.dev\/es\/wp-json\/wp\/v2\/posts\/156489","targetHints":{"allow":["GET"]}}],"collection":[{"href":"https:\/\/focus.s.nomatter.dev\/es\/wp-json\/wp\/v2\/posts"}],"about":[{"href":"https:\/\/focus.s.nomatter.dev\/es\/wp-json\/wp\/v2\/types\/post"}],"author":[{"embeddable":true,"href":"https:\/\/focus.s.nomatter.dev\/es\/wp-json\/wp\/v2\/users\/8"}],"replies":[{"embeddable":true,"href":"https:\/\/focus.s.nomatter.dev\/es\/wp-json\/wp\/v2\/comments?post=156489"}],"version-history":[{"count":4,"href":"https:\/\/focus.s.nomatter.dev\/es\/wp-json\/wp\/v2\/posts\/156489\/revisions"}],"predecessor-version":[{"id":156494,"href":"https:\/\/focus.s.nomatter.dev\/es\/wp-json\/wp\/v2\/posts\/156489\/revisions\/156494"}],"wp:featuredmedia":[{"embeddable":true,"href":"https:\/\/focus.s.nomatter.dev\/es\/wp-json\/wp\/v2\/media\/156492"}],"wp:attachment":[{"href":"https:\/\/focus.s.nomatter.dev\/es\/wp-json\/wp\/v2\/media?parent=156489"}],"wp:term":[{"taxonomy":"category","embeddable":true,"href":"https:\/\/focus.s.nomatter.dev\/es\/wp-json\/wp\/v2\/categories?post=156489"},{"taxonomy":"post_tag","embeddable":true,"href":"https:\/\/focus.s.nomatter.dev\/es\/wp-json\/wp\/v2\/tags?post=156489"}],"curies":[{"name":"wp","href":"https:\/\/api.w.org\/{rel}","templated":true}]}}