{"id":156659,"date":"2025-07-07T07:00:08","date_gmt":"2025-07-07T07:00:08","guid":{"rendered":"https:\/\/focus.s.nomatter.dev\/es\/?p=156659"},"modified":"2025-07-08T06:42:17","modified_gmt":"2025-07-08T06:42:17","slug":"consecuencias-economicas-del-conflicto-iran-israel-2025","status":"publish","type":"post","link":"https:\/\/focus.s.nomatter.dev\/es\/blog\/consecuencias-economicas-del-conflicto-iran-israel-2025\/","title":{"rendered":"\u00bfCu\u00e1les ser\u00e1n las consecuencias econ\u00f3micas del conflicto Ir\u00e1n-Israel?"},"content":{"rendered":"<p><a href=\"https:\/\/focus.s.nomatter.dev\/blog\/economic-impact-iran-israel-conflict-2025\/\"><em>Read in English<\/em><\/a><\/p>\n<p><strong>El conflicto entre Ir\u00e1n e Israel sigue siendo un riesgo importante para la econom\u00eda mundial:<\/strong>\u00a0el alto el fuego entre Ir\u00e1n e Israel se produjo r\u00e1pidamente, lo que garantiza que el mundo escapar\u00e1, por ahora, del peor escenario posible: un aumento en los precios del petr\u00f3leo que impulse la inflaci\u00f3n, lo que a su vez afectar\u00e1 a\u00fan m\u00e1s a una econom\u00eda mundial que ya se est\u00e1 recuperando de los aranceles de Trump.<\/p>\n<p>Adem\u00e1s, la semana pasada los medios informaron que el enviado estadounidense Steve Witkoff se reunir\u00eda con el ministro de Asuntos Exteriores iran\u00ed, Abbas Araghchi, en Oslo esta semana para reiniciar las conversaciones nucleares, lo que conducir\u00eda a una ca\u00edda en los precios del petr\u00f3leo.<\/p>\n<p>Seg\u00fan nuestros panelistas, ser\u00eda prematuro, sin embargo, actuar como si el conflicto hubiera sido solo una pesadilla. Como una herida abierta, el conflicto podr\u00eda reabrirse en cualquier momento, cuyas posibles consecuencias describen los analistas de Fitch Solutions:<\/p>\n<p><em>En caso de una reescalada de tensiones que conduzca al cierre del estrecho [de Ormuz], los importadores de energ\u00eda con alta dependencia del estrecho de Ormuz y con importantes subsidios energ\u00e9ticos \u2014como India, Egipto y Tailandia\u2014 son especialmente vulnerables a interrupciones en el suministro de petr\u00f3leo y a fluctuaciones de precios, sobre todo si cuentan con un margen limitado de maniobra fiscal y monetaria.<\/em><\/p>\n<p><strong>Las perspectivas econ\u00f3micas tanto para Ir\u00e1n como para Israel han empeorado:\u00a0<\/strong>\u00a0en cuanto a Ir\u00e1n e Israel, la amenaza de las bombas nucleares se cierne sobre sus econom\u00edas como una espada de Damocles. Puede que el conflicto se haya calmado por ahora, pero el da\u00f1o psicol\u00f3gico a ambas econom\u00edas persistir\u00e1. Esto se puede observar en el siguiente gr\u00e1fico, que destaca las actualizaciones diarias de nuestro pron\u00f3stico de consenso, disponible\u00a0<a href=\"https:\/\/www-focus--economics-com.translate.goog\/solutions\/data-platform\/?_x_tr_sl=en&amp;_x_tr_tl=ca&amp;_x_tr_hl=en&amp;_x_tr_pto=wapp\">a trav\u00e9s de nuestra plataforma de datos.<\/a><\/p>\n<p><img loading=\"lazy\" decoding=\"async\" class=\"alignnone wp-image-156693 size-large\" src=\"https:\/\/nm-img.b-cdn.net\/focus\/es\/wp-content\/uploads\/sites\/5\/2025\/07\/FocusEconomic_newsletter-graph_07-July-2025-1024x535.png\" alt=\"\" width=\"1024\" height=\"535\" srcset=\"https:\/\/focus-d7op8.kinsta.storage\/staging\/uploads\/sites\/5\/2025\/07\/FocusEconomic_newsletter-graph_07-July-2025-1024x535.png 1024w, https:\/\/focus-d7op8.kinsta.storage\/staging\/uploads\/sites\/5\/2025\/07\/FocusEconomic_newsletter-graph_07-July-2025-300x157.png 300w, https:\/\/focus-d7op8.kinsta.storage\/staging\/uploads\/sites\/5\/2025\/07\/FocusEconomic_newsletter-graph_07-July-2025-768x401.png 768w, https:\/\/focus-d7op8.kinsta.storage\/staging\/uploads\/sites\/5\/2025\/07\/FocusEconomic_newsletter-graph_07-July-2025-1536x803.png 1536w, https:\/\/focus-d7op8.kinsta.storage\/staging\/uploads\/sites\/5\/2025\/07\/FocusEconomic_newsletter-graph_07-July-2025-2048x1070.png 2048w\" sizes=\"auto, (max-width: 1024px) 100vw, 1024px\" \/><\/p>\n<p>Es probable que la incertidumbre econ\u00f3mica generada por el conflicto lleve a los consumidores a aumentar el ahorro preventivo, a los turistas a cancelar sus planes de viaje y a las empresas a congelar sus inversiones. Como resultado de esto y de la guerra en Gaza, se prev\u00e9 que la econom\u00eda israel\u00ed experimente su racha de crecimiento m\u00e1s d\u00e9bil en el per\u00edodo 2022-2025 desde principios de la d\u00e9cada de 2000, cuando se vio devastada por la Segunda Intifada y el desplome de las puntocom. Ir\u00e1n, por su parte, se prev\u00e9 que apenas crezca este a\u00f1o, y es probable que su sector petrolero sufra un golpe adicional por el endurecimiento de las sanciones estadounidenses.<\/p>\n<p><strong>El futuro del conflicto sigue siendo incierto:\u00a0<\/strong>\u00a0por ahora, parece probable que el r\u00e9gimen iran\u00ed sobreviva. La verdadera pregunta es si aceptar\u00e1 o rechazar\u00e1 un acuerdo nuclear. Como comentaron los analistas de EIU:<\/p>\n<p><em>El panorama sigue siendo muy cambiante e incierto, pero nuestra opini\u00f3n general es que, aunque participar\u00e1 en conversaciones nucleares, parece improbable que Ir\u00e1n acceda a las exigencias de Estados Unidos de renunciar a su capacidad de enriquecer uranio. Es probable que las conversaciones se prolonguen, ya que Estados Unidos se muestra reacio a recurrir (y a llevar a cabo) otra amenaza con plazos concretos de nuevos ataques militares si no se alcanza un acuerdo satisfactorio. Dependiendo de su evaluaci\u00f3n del da\u00f1o infligido al programa nuclear iran\u00ed, Trump podr\u00eda decidir que no hay una necesidad apremiante de un nuevo acuerdo nuclear.<\/em><\/p>\n<p><strong>M\u00e1s informaci\u00f3n de nuestros analistas:<\/strong><\/p>\n<p><strong>Los economistas de Goldman Sachs<\/strong>\u00a0dijeron:<\/p>\n<p><em>Una interrupci\u00f3n temporal del suministro de energ\u00eda a trav\u00e9s del Estrecho de Ormuz probablemente reducir\u00eda el crecimiento mundial en m\u00e1s de 0,3 puntos porcentuales y aumentar\u00eda la inflaci\u00f3n general en 0,7 puntos porcentuales. Los efectos sobre la inflaci\u00f3n subyacente global en estos\u00a0<\/em>\u00a0escenarios deber\u00edan ser leves (&lt;0,1 puntos porcentuales). Tanto el impacto en el crecimiento como el impulso a la inflaci\u00f3n ser\u00edan mayores en caso de un cierre prolongado del Estrecho de Ormuz.<\/p>\n<p><strong>Nuestro \u00faltimo an\u00e1lisis:<\/strong><\/p>\n<p>El PIB de Argentina\u00a0<a href=\"https:\/\/www-focus--economics-com.translate.goog\/countries\/argentina\/news\/gdp\/argentina-national-accounts-24-06-2025-gdp-grows-at-robust-pace-in-the-first-quarter\/?_x_tr_sl=en&amp;_x_tr_tl=ca&amp;_x_tr_hl=en&amp;_x_tr_pto=wapp\">en el primer trimestre creci\u00f3 a un ritmo s\u00f3lido<\/a>\u00a0, lo que sugiere que las reformas de Milei contin\u00faan dando frutos.<\/p>\n<p>La tasa de inflaci\u00f3n b\u00e1sica de Jap\u00f3n aument\u00f3 en mayo\u00a0<a href=\"https:\/\/www-focus--economics-com.translate.goog\/countries\/japan\/news\/inflation\/japan-consumer-prices-20-06-2025-inflation-declines-to-lowest-level-since-november-2024-in-may\/?_x_tr_sl=en&amp;_x_tr_tl=ca&amp;_x_tr_hl=en&amp;_x_tr_pto=wapp\">y los precios del arroz aumentaron m\u00e1s del 100%<\/a>\u00a0.<\/p>\n","protected":false},"excerpt":{"rendered":"<p>Read in English El conflicto entre Ir\u00e1n e Israel sigue siendo un riesgo importante para la econom\u00eda mundial:\u00a0el alto el fuego entre Ir\u00e1n e Israel se produjo r\u00e1pidamente, lo que garantiza que el mundo escapar\u00e1, por ahora, del peor escenario posible: un aumento en los precios del petr\u00f3leo que impulse la inflaci\u00f3n, lo que a<\/p>\n","protected":false},"author":8,"featured_media":0,"comment_status":"closed","ping_status":"closed","sticky":false,"template":"","format":"standard","meta":{"_acf_changed":false,"editor_notices":[],"footnotes":""},"categories":[1],"tags":[],"class_list":["post-156659","post","type-post","status-publish","format-standard","hentry","category-uncategorized"],"acf":[],"yoast_head":"<!-- This site is optimized with the Yoast SEO Premium plugin v26.9 (Yoast SEO v26.9) - https:\/\/yoast.com\/product\/yoast-seo-premium-wordpress\/ -->\n<title>\u00bfCu\u00e1les ser\u00e1n las consecuencias econ\u00f3micas del conflicto Ir\u00e1n-Israel? - FocusEconomics [ES]<\/title>\n<meta name=\"robots\" content=\"noindex, follow, max-snippet:-1, max-image-preview:large, max-video-preview:-1\" \/>\n<meta property=\"og:locale\" content=\"es_ES\" class=\"yoast-seo-meta-tag\" \/>\n<meta property=\"og:type\" content=\"article\" class=\"yoast-seo-meta-tag\" \/>\n<meta property=\"og:title\" content=\"\u00bfCu\u00e1les ser\u00e1n las consecuencias econ\u00f3micas del conflicto Ir\u00e1n-Israel?\" class=\"yoast-seo-meta-tag\" \/>\n<meta property=\"og:description\" content=\"Read in English El conflicto entre Ir\u00e1n e Israel sigue siendo un riesgo importante para la econom\u00eda mundial:\u00a0el alto el fuego entre Ir\u00e1n e Israel se produjo r\u00e1pidamente, lo que garantiza que el mundo escapar\u00e1, por ahora, del peor escenario posible: un aumento en los precios del petr\u00f3leo que impulse la inflaci\u00f3n, lo que a\" class=\"yoast-seo-meta-tag\" \/>\n<meta property=\"og:url\" content=\"https:\/\/focus.s.nomatter.dev\/es\/blog\/consecuencias-economicas-del-conflicto-iran-israel-2025\/\" class=\"yoast-seo-meta-tag\" \/>\n<meta property=\"og:site_name\" content=\"FocusEconomics [ES]\" class=\"yoast-seo-meta-tag\" \/>\n<meta property=\"article:publisher\" content=\"https:\/\/www.facebook.com\/FocusEconomics\" class=\"yoast-seo-meta-tag\" \/>\n<meta property=\"article:published_time\" content=\"2025-07-07T07:00:08+00:00\" class=\"yoast-seo-meta-tag\" \/>\n<meta property=\"article:modified_time\" content=\"2025-07-08T06:42:17+00:00\" class=\"yoast-seo-meta-tag\" \/>\n<meta property=\"og:image\" content=\"https:\/\/focus-stg.nm-img.net\/uploads\/sites\/5\/2025\/07\/FocusEconomic_newsletter-graph_07-July-2025.png\" class=\"yoast-seo-meta-tag\" \/>\n\t<meta property=\"og:image:width\" content=\"2400\" class=\"yoast-seo-meta-tag\" \/>\n\t<meta property=\"og:image:height\" content=\"1254\" class=\"yoast-seo-meta-tag\" \/>\n\t<meta property=\"og:image:type\" content=\"image\/png\" class=\"yoast-seo-meta-tag\" \/>\n<meta name=\"author\" content=\"Miriam Dowd\" class=\"yoast-seo-meta-tag\" \/>\n<meta name=\"twitter:card\" content=\"summary_large_image\" class=\"yoast-seo-meta-tag\" \/>\n<meta name=\"twitter:creator\" content=\"@FocusEconomics\" class=\"yoast-seo-meta-tag\" \/>\n<meta name=\"twitter:site\" content=\"@FocusEconomics\" class=\"yoast-seo-meta-tag\" \/>\n<meta name=\"twitter:label1\" content=\"Escrito por\" class=\"yoast-seo-meta-tag\" \/>\n\t<meta name=\"twitter:data1\" content=\"Miriam Dowd\" class=\"yoast-seo-meta-tag\" \/>\n\t<meta name=\"twitter:label2\" content=\"Tiempo de lectura\" class=\"yoast-seo-meta-tag\" \/>\n\t<meta name=\"twitter:data2\" content=\"4 minutos\" class=\"yoast-seo-meta-tag\" \/>\n<script type=\"application\/ld+json\" class=\"yoast-schema-graph\">{\"@context\":\"https:\/\/schema.org\",\"@graph\":[{\"@type\":\"Article\",\"@id\":\"https:\/\/focus.s.nomatter.dev\/es\/blog\/consecuencias-economicas-del-conflicto-iran-israel-2025\/#article\",\"isPartOf\":{\"@id\":\"https:\/\/focus.s.nomatter.dev\/es\/blog\/consecuencias-economicas-del-conflicto-iran-israel-2025\/\"},\"author\":{\"name\":\"Miriam Dowd\",\"@id\":\"https:\/\/focus.s.nomatter.dev\/es\/#\/schema\/person\/a6ea9596e6e69459f9f8a56cabc2c5c7\"},\"headline\":\"\u00bfCu\u00e1les ser\u00e1n las consecuencias econ\u00f3micas del conflicto Ir\u00e1n-Israel?\",\"datePublished\":\"2025-07-07T07:00:08+00:00\",\"dateModified\":\"2025-07-08T06:42:17+00:00\",\"mainEntityOfPage\":{\"@id\":\"https:\/\/focus.s.nomatter.dev\/es\/blog\/consecuencias-economicas-del-conflicto-iran-israel-2025\/\"},\"wordCount\":744,\"publisher\":{\"@id\":\"https:\/\/focus.s.nomatter.dev\/es\/#organization\"},\"image\":{\"@id\":\"https:\/\/focus.s.nomatter.dev\/es\/blog\/consecuencias-economicas-del-conflicto-iran-israel-2025\/#primaryimage\"},\"thumbnailUrl\":\"https:\/\/nm-img.b-cdn.net\/focus\/es\/wp-content\/uploads\/sites\/5\/2025\/07\/FocusEconomic_newsletter-graph_07-July-2025-1024x535.png\",\"articleSection\":[\"Uncategorized\"],\"inLanguage\":\"es\"},{\"@type\":\"WebPage\",\"@id\":\"https:\/\/focus.s.nomatter.dev\/es\/blog\/consecuencias-economicas-del-conflicto-iran-israel-2025\/\",\"url\":\"https:\/\/focus.s.nomatter.dev\/es\/blog\/consecuencias-economicas-del-conflicto-iran-israel-2025\/\",\"name\":\"\u00bfCu\u00e1les ser\u00e1n las consecuencias econ\u00f3micas del conflicto Ir\u00e1n-Israel? - FocusEconomics [ES]\",\"isPartOf\":{\"@id\":\"https:\/\/focus.s.nomatter.dev\/es\/#website\"},\"primaryImageOfPage\":{\"@id\":\"https:\/\/focus.s.nomatter.dev\/es\/blog\/consecuencias-economicas-del-conflicto-iran-israel-2025\/#primaryimage\"},\"image\":{\"@id\":\"https:\/\/focus.s.nomatter.dev\/es\/blog\/consecuencias-economicas-del-conflicto-iran-israel-2025\/#primaryimage\"},\"thumbnailUrl\":\"https:\/\/nm-img.b-cdn.net\/focus\/es\/wp-content\/uploads\/sites\/5\/2025\/07\/FocusEconomic_newsletter-graph_07-July-2025-1024x535.png\",\"datePublished\":\"2025-07-07T07:00:08+00:00\",\"dateModified\":\"2025-07-08T06:42:17+00:00\",\"breadcrumb\":{\"@id\":\"https:\/\/focus.s.nomatter.dev\/es\/blog\/consecuencias-economicas-del-conflicto-iran-israel-2025\/#breadcrumb\"},\"inLanguage\":\"es\",\"potentialAction\":[{\"@type\":\"ReadAction\",\"target\":[\"https:\/\/focus.s.nomatter.dev\/es\/blog\/consecuencias-economicas-del-conflicto-iran-israel-2025\/\"]}]},{\"@type\":\"ImageObject\",\"inLanguage\":\"es\",\"@id\":\"https:\/\/focus.s.nomatter.dev\/es\/blog\/consecuencias-economicas-del-conflicto-iran-israel-2025\/#primaryimage\",\"url\":\"https:\/\/nm-img.b-cdn.net\/focus\/es\/wp-content\/uploads\/sites\/5\/2025\/07\/FocusEconomic_newsletter-graph_07-July-2025-1024x535.png\",\"contentUrl\":\"https:\/\/nm-img.b-cdn.net\/focus\/es\/wp-content\/uploads\/sites\/5\/2025\/07\/FocusEconomic_newsletter-graph_07-July-2025-1024x535.png\"},{\"@type\":\"BreadcrumbList\",\"@id\":\"https:\/\/focus.s.nomatter.dev\/es\/blog\/consecuencias-economicas-del-conflicto-iran-israel-2025\/#breadcrumb\",\"itemListElement\":[{\"@type\":\"ListItem\",\"position\":1,\"name\":\"Home\",\"item\":\"https:\/\/focus.s.nomatter.dev\/es\/\"},{\"@type\":\"ListItem\",\"position\":2,\"name\":\"\u00bfCu\u00e1les ser\u00e1n las consecuencias econ\u00f3micas del conflicto Ir\u00e1n-Israel?\"}]},{\"@type\":\"WebSite\",\"@id\":\"https:\/\/focus.s.nomatter.dev\/es\/#website\",\"url\":\"https:\/\/focus.s.nomatter.dev\/es\/\",\"name\":\"FocusEconomics\",\"description\":\"Economic Indicators, News and Forecasts\",\"publisher\":{\"@id\":\"https:\/\/focus.s.nomatter.dev\/es\/#organization\"},\"potentialAction\":[{\"@type\":\"SearchAction\",\"target\":{\"@type\":\"EntryPoint\",\"urlTemplate\":\"https:\/\/focus.s.nomatter.dev\/es\/search-results\/?global-search={search_term_string}\"},\"query-input\":{\"@type\":\"PropertyValueSpecification\",\"valueRequired\":true,\"valueName\":\"search_term_string\"}}],\"inLanguage\":\"es\"},{\"@type\":\"Organization\",\"@id\":\"https:\/\/focus.s.nomatter.dev\/es\/#organization\",\"name\":\"FocusEconomics\",\"url\":\"https:\/\/focus.s.nomatter.dev\/es\/\",\"logo\":{\"@type\":\"ImageObject\",\"inLanguage\":\"es\",\"@id\":\"https:\/\/focus.s.nomatter.dev\/es\/#\/schema\/logo\/image\/\",\"url\":\"https:\/\/focus-d7op8.kinsta.storage\/production\/uploads\/sites\/5\/2022\/08\/logo.svg\",\"contentUrl\":\"https:\/\/focus-d7op8.kinsta.storage\/production\/uploads\/sites\/5\/2022\/08\/logo.svg\",\"width\":277,\"height\":54,\"caption\":\"FocusEconomics\"},\"image\":{\"@id\":\"https:\/\/focus.s.nomatter.dev\/es\/#\/schema\/logo\/image\/\"},\"sameAs\":[\"https:\/\/www.facebook.com\/FocusEconomics\",\"https:\/\/x.com\/FocusEconomics\"]},{\"@type\":\"Person\",\"@id\":\"https:\/\/focus.s.nomatter.dev\/es\/#\/schema\/person\/a6ea9596e6e69459f9f8a56cabc2c5c7\",\"name\":\"Miriam Dowd\"}]}<\/script>\n<!-- \/ Yoast SEO Premium plugin. -->","yoast_head_json":{"title":"\u00bfCu\u00e1les ser\u00e1n las consecuencias econ\u00f3micas del conflicto Ir\u00e1n-Israel? - FocusEconomics [ES]","robots":{"index":"noindex","follow":"follow","max-snippet":"max-snippet:-1","max-image-preview":"max-image-preview:large","max-video-preview":"max-video-preview:-1"},"og_locale":"es_ES","og_type":"article","og_title":"\u00bfCu\u00e1les ser\u00e1n las consecuencias econ\u00f3micas del conflicto Ir\u00e1n-Israel?","og_description":"Read in English El conflicto entre Ir\u00e1n e Israel sigue siendo un riesgo importante para la econom\u00eda mundial:\u00a0el alto el fuego entre Ir\u00e1n e Israel se produjo r\u00e1pidamente, lo que garantiza que el mundo escapar\u00e1, por ahora, del peor escenario posible: un aumento en los precios del petr\u00f3leo que impulse la inflaci\u00f3n, lo que a","og_url":"https:\/\/focus.s.nomatter.dev\/es\/blog\/consecuencias-economicas-del-conflicto-iran-israel-2025\/","og_site_name":"FocusEconomics [ES]","article_publisher":"https:\/\/www.facebook.com\/FocusEconomics","article_published_time":"2025-07-07T07:00:08+00:00","article_modified_time":"2025-07-08T06:42:17+00:00","og_image":[{"width":2400,"height":1254,"url":"https:\/\/focus-stg.nm-img.net\/uploads\/sites\/5\/2025\/07\/FocusEconomic_newsletter-graph_07-July-2025.png","type":"image\/png"}],"author":"Miriam Dowd","twitter_card":"summary_large_image","twitter_creator":"@FocusEconomics","twitter_site":"@FocusEconomics","twitter_misc":{"Escrito por":"Miriam Dowd","Tiempo de lectura":"4 minutos"},"schema":{"@context":"https:\/\/schema.org","@graph":[{"@type":"Article","@id":"https:\/\/focus.s.nomatter.dev\/es\/blog\/consecuencias-economicas-del-conflicto-iran-israel-2025\/#article","isPartOf":{"@id":"https:\/\/focus.s.nomatter.dev\/es\/blog\/consecuencias-economicas-del-conflicto-iran-israel-2025\/"},"author":{"name":"Miriam Dowd","@id":"https:\/\/focus.s.nomatter.dev\/es\/#\/schema\/person\/a6ea9596e6e69459f9f8a56cabc2c5c7"},"headline":"\u00bfCu\u00e1les ser\u00e1n las consecuencias econ\u00f3micas del conflicto Ir\u00e1n-Israel?","datePublished":"2025-07-07T07:00:08+00:00","dateModified":"2025-07-08T06:42:17+00:00","mainEntityOfPage":{"@id":"https:\/\/focus.s.nomatter.dev\/es\/blog\/consecuencias-economicas-del-conflicto-iran-israel-2025\/"},"wordCount":744,"publisher":{"@id":"https:\/\/focus.s.nomatter.dev\/es\/#organization"},"image":{"@id":"https:\/\/focus.s.nomatter.dev\/es\/blog\/consecuencias-economicas-del-conflicto-iran-israel-2025\/#primaryimage"},"thumbnailUrl":"https:\/\/nm-img.b-cdn.net\/focus\/es\/wp-content\/uploads\/sites\/5\/2025\/07\/FocusEconomic_newsletter-graph_07-July-2025-1024x535.png","articleSection":["Uncategorized"],"inLanguage":"es"},{"@type":"WebPage","@id":"https:\/\/focus.s.nomatter.dev\/es\/blog\/consecuencias-economicas-del-conflicto-iran-israel-2025\/","url":"https:\/\/focus.s.nomatter.dev\/es\/blog\/consecuencias-economicas-del-conflicto-iran-israel-2025\/","name":"\u00bfCu\u00e1les ser\u00e1n las consecuencias econ\u00f3micas del conflicto Ir\u00e1n-Israel? - FocusEconomics [ES]","isPartOf":{"@id":"https:\/\/focus.s.nomatter.dev\/es\/#website"},"primaryImageOfPage":{"@id":"https:\/\/focus.s.nomatter.dev\/es\/blog\/consecuencias-economicas-del-conflicto-iran-israel-2025\/#primaryimage"},"image":{"@id":"https:\/\/focus.s.nomatter.dev\/es\/blog\/consecuencias-economicas-del-conflicto-iran-israel-2025\/#primaryimage"},"thumbnailUrl":"https:\/\/nm-img.b-cdn.net\/focus\/es\/wp-content\/uploads\/sites\/5\/2025\/07\/FocusEconomic_newsletter-graph_07-July-2025-1024x535.png","datePublished":"2025-07-07T07:00:08+00:00","dateModified":"2025-07-08T06:42:17+00:00","breadcrumb":{"@id":"https:\/\/focus.s.nomatter.dev\/es\/blog\/consecuencias-economicas-del-conflicto-iran-israel-2025\/#breadcrumb"},"inLanguage":"es","potentialAction":[{"@type":"ReadAction","target":["https:\/\/focus.s.nomatter.dev\/es\/blog\/consecuencias-economicas-del-conflicto-iran-israel-2025\/"]}]},{"@type":"ImageObject","inLanguage":"es","@id":"https:\/\/focus.s.nomatter.dev\/es\/blog\/consecuencias-economicas-del-conflicto-iran-israel-2025\/#primaryimage","url":"https:\/\/nm-img.b-cdn.net\/focus\/es\/wp-content\/uploads\/sites\/5\/2025\/07\/FocusEconomic_newsletter-graph_07-July-2025-1024x535.png","contentUrl":"https:\/\/nm-img.b-cdn.net\/focus\/es\/wp-content\/uploads\/sites\/5\/2025\/07\/FocusEconomic_newsletter-graph_07-July-2025-1024x535.png"},{"@type":"BreadcrumbList","@id":"https:\/\/focus.s.nomatter.dev\/es\/blog\/consecuencias-economicas-del-conflicto-iran-israel-2025\/#breadcrumb","itemListElement":[{"@type":"ListItem","position":1,"name":"Home","item":"https:\/\/focus.s.nomatter.dev\/es\/"},{"@type":"ListItem","position":2,"name":"\u00bfCu\u00e1les ser\u00e1n las consecuencias econ\u00f3micas del conflicto Ir\u00e1n-Israel?"}]},{"@type":"WebSite","@id":"https:\/\/focus.s.nomatter.dev\/es\/#website","url":"https:\/\/focus.s.nomatter.dev\/es\/","name":"FocusEconomics","description":"Economic Indicators, News and Forecasts","publisher":{"@id":"https:\/\/focus.s.nomatter.dev\/es\/#organization"},"potentialAction":[{"@type":"SearchAction","target":{"@type":"EntryPoint","urlTemplate":"https:\/\/focus.s.nomatter.dev\/es\/search-results\/?global-search={search_term_string}"},"query-input":{"@type":"PropertyValueSpecification","valueRequired":true,"valueName":"search_term_string"}}],"inLanguage":"es"},{"@type":"Organization","@id":"https:\/\/focus.s.nomatter.dev\/es\/#organization","name":"FocusEconomics","url":"https:\/\/focus.s.nomatter.dev\/es\/","logo":{"@type":"ImageObject","inLanguage":"es","@id":"https:\/\/focus.s.nomatter.dev\/es\/#\/schema\/logo\/image\/","url":"https:\/\/focus-d7op8.kinsta.storage\/production\/uploads\/sites\/5\/2022\/08\/logo.svg","contentUrl":"https:\/\/focus-d7op8.kinsta.storage\/production\/uploads\/sites\/5\/2022\/08\/logo.svg","width":277,"height":54,"caption":"FocusEconomics"},"image":{"@id":"https:\/\/focus.s.nomatter.dev\/es\/#\/schema\/logo\/image\/"},"sameAs":["https:\/\/www.facebook.com\/FocusEconomics","https:\/\/x.com\/FocusEconomics"]},{"@type":"Person","@id":"https:\/\/focus.s.nomatter.dev\/es\/#\/schema\/person\/a6ea9596e6e69459f9f8a56cabc2c5c7","name":"Miriam Dowd"}]}},"_links":{"self":[{"href":"https:\/\/focus.s.nomatter.dev\/es\/wp-json\/wp\/v2\/posts\/156659","targetHints":{"allow":["GET"]}}],"collection":[{"href":"https:\/\/focus.s.nomatter.dev\/es\/wp-json\/wp\/v2\/posts"}],"about":[{"href":"https:\/\/focus.s.nomatter.dev\/es\/wp-json\/wp\/v2\/types\/post"}],"author":[{"embeddable":true,"href":"https:\/\/focus.s.nomatter.dev\/es\/wp-json\/wp\/v2\/users\/8"}],"replies":[{"embeddable":true,"href":"https:\/\/focus.s.nomatter.dev\/es\/wp-json\/wp\/v2\/comments?post=156659"}],"version-history":[{"count":6,"href":"https:\/\/focus.s.nomatter.dev\/es\/wp-json\/wp\/v2\/posts\/156659\/revisions"}],"predecessor-version":[{"id":156695,"href":"https:\/\/focus.s.nomatter.dev\/es\/wp-json\/wp\/v2\/posts\/156659\/revisions\/156695"}],"wp:attachment":[{"href":"https:\/\/focus.s.nomatter.dev\/es\/wp-json\/wp\/v2\/media?parent=156659"}],"wp:term":[{"taxonomy":"category","embeddable":true,"href":"https:\/\/focus.s.nomatter.dev\/es\/wp-json\/wp\/v2\/categories?post=156659"},{"taxonomy":"post_tag","embeddable":true,"href":"https:\/\/focus.s.nomatter.dev\/es\/wp-json\/wp\/v2\/tags?post=156659"}],"curies":[{"name":"wp","href":"https:\/\/api.w.org\/{rel}","templated":true}]}}