{"id":156908,"date":"2025-07-28T10:43:14","date_gmt":"2025-07-28T10:43:14","guid":{"rendered":"https:\/\/focus.s.nomatter.dev\/es\/?p=156908"},"modified":"2025-11-17T18:43:26","modified_gmt":"2025-11-17T18:43:26","slug":"el-impacto-economico-de-los-aranceles-estadounidenses-presente-y-futuro","status":"publish","type":"post","link":"https:\/\/focus.s.nomatter.dev\/es\/blog\/el-impacto-economico-de-los-aranceles-estadounidenses-presente-y-futuro\/","title":{"rendered":"El impacto econ\u00f3mico de los aranceles estadounidenses, presente y futuro"},"content":{"rendered":"<p><b><span data-contrast=\"auto\">Panorama general de los aranceles estadounidenses y su implementaci\u00f3n<\/span><\/b><span data-ccp-props=\"{}\">\u00a0<\/span><\/p>\n<p><span data-contrast=\"auto\"><span class=\"\">Desde que asumi\u00f3 el cargo en enero, el presidente estadounidense Donald Trump ha amenazado, implementado y retrocedido en aranceles a un ritmo vertiginoso, lo que dificulta seguir el ritmo de los \u00faltimos acontecimientos. Al 25 de julio, Estados\u00a0<\/span><\/span><a href=\"https:\/\/www-focus--economics-com.translate.goog\/countries\/united-states\/?_x_tr_sl=auto&amp;_x_tr_tl=en&amp;_x_tr_hl=en&amp;_x_tr_pto=wapp\"><span data-contrast=\"none\"><span class=\"\">Unidos<\/span><\/span><\/a><span data-contrast=\"auto\"><span class=\"\">\u00a0ten\u00eda vigentes aranceles del 25% sobre la mayor\u00eda de los productos procedentes de Canad\u00e1 y M\u00e9xico que no cumplen con el tratado de libre comercio T-MEC. Tambi\u00e9n se aplica un gravamen global de referencia del 25% a los autom\u00f3viles y sus componentes, y se han impuesto aranceles del 50% al aluminio y al acero. Trump elev\u00f3 brevemente los aranceles sobre China a tres d\u00edgitos en abril antes de dar marcha atr\u00e1s, aunque los aranceles sobre el pa\u00eds siguen siendo notablemente superiores a los de la era Biden.<\/span><\/span><span data-ccp-props=\"{}\">\u00a0<\/span><span data-ccp-props=\"{}\">\u00a0<\/span><\/p>\n<p><b><span data-contrast=\"auto\">Resumen de los aranceles impuestos a Estados Unidos por otros pa\u00edses<\/span><\/b><span data-ccp-props=\"{}\">\u00a0<\/span><\/p>\n<p><span data-contrast=\"auto\">Desde marzo, Canad\u00e1 ha impuesto aranceles de represalia por un valor aproximado de 22\u00a0000 millones de d\u00f3lares a las importaciones estadounidenses, y China respondi\u00f3 con un arancel del 10\u00a0% sobre los productos estadounidenses, una cifra inferior a las cifras de tres d\u00edgitos registradas brevemente a principios de a\u00f1o. Hasta ahora, otros pa\u00edses han preferido dialogar con la administraci\u00f3n Trump en lugar de una confrontaci\u00f3n arancelaria directa.\u00a0<\/span><span data-ccp-props=\"{}\">\u00a0<\/span><span data-ccp-props=\"{}\">\u00a0<\/span><\/p>\n<p><b><span data-contrast=\"auto\">El efecto econ\u00f3mico de los aranceles de Trump sobre la econom\u00eda estadounidense hasta la fecha<\/span><\/b><span data-ccp-props=\"{}\">\u00a0<\/span><\/p>\n<p><b><span data-contrast=\"auto\">El impacto de los aranceles en la inflaci\u00f3n:<\/span><\/b><span data-contrast=\"auto\">\u00a0Probablemente\u00a0<\/span><span data-contrast=\"auto\">debido a una combinaci\u00f3n de acumulaci\u00f3n de inventario y el deseo de las empresas de proteger las ventas, las anteriores subidas de aranceles han tardado m\u00e1s de lo previsto en reflejarse en los precios al consumidor en EE. UU.\u00a0<\/span><a href=\"https:\/\/www-focus--economics-com.translate.goog\/country-indicator\/united-states\/inflation\/?_x_tr_sl=auto&amp;_x_tr_tl=en&amp;_x_tr_hl=en&amp;_x_tr_pto=wapp\"><span data-contrast=\"none\">La inflaci\u00f3n estadounidense<\/span><\/a><span data-contrast=\"auto\">\u00a0cay\u00f3 del 3,0 % en enero al 2,4 % en mayo, aunque un repunte al 2,7 % en junio sugiri\u00f3 un impacto incipiente del aumento de los grav\u00e1menes a las importaciones, un efecto que deber\u00eda intensificarse en la segunda mitad del a\u00f1o.<\/span><span data-ccp-props=\"{}\">\u00a0<\/span><\/p>\n<p><b><span data-contrast=\"auto\">El impacto de los aranceles en el comercio:<\/span><\/b><span data-contrast=\"auto\">\u00a0Hasta la fecha, el impacto en el comercio ha sido mayormente distorsionador, no destructivo.\u00a0<\/span><a href=\"https:\/\/www-focus--economics-com.translate.goog\/country-indicator\/united-states\/imports-good-services\/?_x_tr_sl=auto&amp;_x_tr_tl=en&amp;_x_tr_hl=en&amp;_x_tr_pto=wapp\"><span data-contrast=\"none\">Las importaciones estadounidenses<\/span><\/a><span data-contrast=\"auto\">\u00a0aumentaron un 38 % intertrimestralmente anualizado en el primer trimestre, la tasa m\u00e1s alta desde que se levantaron las restricciones de confinamiento en 2020, ya que las empresas se apresuraron a adelantar sus env\u00edos ante la inminente imposici\u00f3n de aranceles. Se espera que este efecto se haya revertido en el segundo trimestre, y los panelistas prev\u00e9n una fuerte ca\u00edda de las importaciones en comparaci\u00f3n con el primer trimestre. Los vol\u00famenes\u00a0<\/span><span data-contrast=\"none\">de exportaci\u00f3n estadounidenses\u00a0<\/span><span data-contrast=\"auto\">se mantuvieron pr\u00e1cticamente estables en el primer trimestre y se espera que se hayan mantenido as\u00ed en el segundo, probablemente afectados por mayores fricciones comerciales con Canad\u00e1 y China.<\/span><span data-ccp-props=\"{}\">\u00a0<\/span><\/p>\n<p><span data-ccp-props=\"{}\"><img loading=\"lazy\" decoding=\"async\" class=\"alignnone wp-image-66853 size-large\" src=\"https:\/\/focus-d7op8.kinsta.storage\/production\/uploads\/2025\/07\/page-1-11-1024x535.png\" sizes=\"auto, (max-width: 1024px) 100vw, 1024px\" srcset=\"https:\/\/www-focus--economics-com.translate.goog\/wp-content\/uploads\/2025\/07\/page-1-11-1024x535.png?_x_tr_sl=auto&amp;_x_tr_tl=en&amp;_x_tr_hl=en&amp;_x_tr_pto=wapp 1024w,https:\/\/www-focus--economics-com.translate.goog\/wp-content\/uploads\/2025\/07\/page-1-11-300x157.png?_x_tr_sl=auto&amp;_x_tr_tl=en&amp;_x_tr_hl=en&amp;_x_tr_pto=wapp 300w,https:\/\/www-focus--economics-com.translate.goog\/wp-content\/uploads\/2025\/07\/page-1-11-768x401.png?_x_tr_sl=auto&amp;_x_tr_tl=en&amp;_x_tr_hl=en&amp;_x_tr_pto=wapp 768w,https:\/\/www-focus--economics-com.translate.goog\/wp-content\/uploads\/2025\/07\/page-1-11-1536x803.png?_x_tr_sl=auto&amp;_x_tr_tl=en&amp;_x_tr_hl=en&amp;_x_tr_pto=wapp 1536w,https:\/\/www-focus--economics-com.translate.goog\/wp-content\/uploads\/2025\/07\/page-1-11-2048x1070.png?_x_tr_sl=auto&amp;_x_tr_tl=en&amp;_x_tr_hl=en&amp;_x_tr_pto=wapp 2048w\" alt=\"\" width=\"1024\" height=\"535\" \/><\/span><\/p>\n<p><b><span data-contrast=\"auto\">El impacto de los aranceles en el PIB:<\/span><\/b><span data-contrast=\"auto\">\u00a0La\u00a0<\/span><a href=\"https:\/\/www-focus--economics-com.translate.goog\/country-indicator\/united-states\/gdp\/?_x_tr_sl=auto&amp;_x_tr_tl=en&amp;_x_tr_hl=en&amp;_x_tr_pto=wapp\"><span data-contrast=\"none\">econom\u00eda estadounidense<\/span><\/a><span data-contrast=\"auto\">\u00a0se contrajo por primera vez en tres a\u00f1os en el primer trimestre de 2025, debido principalmente a las distorsiones comerciales, ya que las empresas anticiparon las importaciones. Sin embargo, las conversaciones sobre aranceles tambi\u00e9n perjudicaron la confianza del consumidor, lo que pareci\u00f3 afectar al gasto privado. La desaceleraci\u00f3n del auge de las importaciones deber\u00eda haber impulsado la recuperaci\u00f3n del crecimiento del PIB en el segundo trimestre, aunque los indicadores de gasto e inversi\u00f3n privados probablemente fueron considerablemente m\u00e1s d\u00e9biles que en los \u00faltimos a\u00f1os.\u00a0<\/span><span data-ccp-props=\"{}\">\u00a0<\/span><\/p>\n<p><span data-contrast=\"auto\">En resumen, si bien los aranceles est\u00e1n deslumbrando a la econom\u00eda estadounidense, a\u00fan no han provocado una recesi\u00f3n grave. La econom\u00eda sigue teniendo factores a su favor, principalmente el s\u00f3lido crecimiento del empleo y un sector tecnol\u00f3gico din\u00e1mico.\u00a0<\/span><span data-ccp-props=\"{}\">\u00a0<\/span><\/p>\n<p><b><span data-contrast=\"auto\">El impacto de los aranceles en el tipo de cambio:<\/span><\/b><span data-contrast=\"auto\">\u00a0El \u00edndice del d\u00f3lar estadounidense se ha debilitado alrededor de un 10% en lo que va de a\u00f1o. Esto se debe en parte a la preocupaci\u00f3n del mercado por\u00a0<\/span><span data-contrast=\"auto\">las consecuencias econ\u00f3micas de los aranceles, pero tambi\u00e9n a la preocupaci\u00f3n por la liberalizaci\u00f3n fiscal, agravada por la reciente aprobaci\u00f3n de un proyecto de ley en el Congreso que probablemente a\u00f1adir\u00e1 billones de d\u00f3lares a la deuda p\u00fablica. Los ataques de Trump a los pilares del \u00e9xito econ\u00f3mico estadounidense, especialmente las universidades y la Reserva Federal, han inquietado a\u00fan m\u00e1s a los inversores y han perjudicado al d\u00f3lar.<\/span><span data-ccp-props=\"{}\">\u00a0<\/span><\/p>\n<p><b><span data-contrast=\"auto\">Efectos arancelarios positivos en la econom\u00eda estadounidense:<\/span><\/b><span data-contrast=\"auto\">\u00a0Es dif\u00edcil encontrar muchos aspectos macroecon\u00f3micos positivos que se puedan extraer de las subidas arancelarias de Trump, aunque la pol\u00edtica fiscal es sin duda uno de ellos. Los ingresos arancelarios ya han ascendido a cerca de 30\u00a0000 millones de d\u00f3lares mensuales, desde las cifras inferiores a 10\u00a0000 millones de d\u00f3lares registradas antes del segundo mandato de Trump, y es probable que sigan aumentando a medida que se implementen aranceles rec\u00edprocos y otros aranceles espec\u00edficos para cada sector. La Oficina de Presupuesto del Congreso, una entidad independiente, estim\u00f3 que, una vez considerado el impacto de los grav\u00e1menes en el PIB, los ingresos procedentes de los aranceles aplicados hasta mediados de mayo podr\u00edan reducir el d\u00e9ficit federal total en 2,8 billones de d\u00f3lares durante los pr\u00f3ximos diez a\u00f1os. Dicho esto, esta cifra ser\u00eda a\u00fan m\u00ednima en comparaci\u00f3n con el tama\u00f1o total del d\u00e9ficit, que actualmente se acerca a los 2 billones de d\u00f3lares anuales.\u00a0<\/span><span data-ccp-props=\"{}\">\u00a0<\/span><\/p>\n<p><b><span data-contrast=\"auto\"><span class=\"\">Perspectivas econ\u00f3micas futuras:<\/span><\/span><\/b><span data-contrast=\"auto\"><span class=\"\">\u00a0Desde la implementaci\u00f3n de los primeros aranceles a Canad\u00e1 y M\u00e9xico en marzo, nuestros panelistas han recortado sus previsiones de crecimiento del PIB para 2025 y sus componentes clave. El consumo privado se ver\u00e1 afectado por una mayor inflaci\u00f3n, la inversi\u00f3n fija por la incertidumbre sobre el destino final de los aranceles, y las exportaciones por los aranceles de represalia previstos. Sin embargo, desde que alcanzaron m\u00ednimos en mayo y junio, las previsiones se han revisado ligeramente al alza. Esto probablemente se deba a que la econom\u00eda estadounidense ha demostrado ser algo m\u00e1s resiliente de lo previsto en lo que va de a\u00f1o, con un crecimiento del empleo sostenido, la confianza del consumidor estabiliz\u00e1ndose y la inflaci\u00f3n tardando m\u00e1s de lo previsto en reflejarse en los precios. Dicho esto, los panelistas podr\u00edan volver a revisar las rebajas si se incrementan los aranceles a socios comerciales importantes en el segundo semestre del a\u00f1o.<\/span><\/span><span data-ccp-props=\"{}\">\u00a0<\/span><\/p>\n<p><span data-ccp-props=\"{}\"><img loading=\"lazy\" decoding=\"async\" class=\"alignnone wp-image-66856 size-large\" src=\"https:\/\/focus-d7op8.kinsta.storage\/production\/uploads\/2025\/07\/page-4-2-1024x535.png\" sizes=\"auto, (max-width: 1024px) 100vw, 1024px\" srcset=\"https:\/\/www-focus--economics-com.translate.goog\/wp-content\/uploads\/2025\/07\/page-4-2-1024x535.png?_x_tr_sl=auto&amp;_x_tr_tl=en&amp;_x_tr_hl=en&amp;_x_tr_pto=wapp 1024w,https:\/\/www-focus--economics-com.translate.goog\/wp-content\/uploads\/2025\/07\/page-4-2-300x157.png?_x_tr_sl=auto&amp;_x_tr_tl=en&amp;_x_tr_hl=en&amp;_x_tr_pto=wapp 300w,https:\/\/www-focus--economics-com.translate.goog\/wp-content\/uploads\/2025\/07\/page-4-2-768x401.png?_x_tr_sl=auto&amp;_x_tr_tl=en&amp;_x_tr_hl=en&amp;_x_tr_pto=wapp 768w,https:\/\/www-focus--economics-com.translate.goog\/wp-content\/uploads\/2025\/07\/page-4-2-1536x803.png?_x_tr_sl=auto&amp;_x_tr_tl=en&amp;_x_tr_hl=en&amp;_x_tr_pto=wapp 1536w,https:\/\/www-focus--economics-com.translate.goog\/wp-content\/uploads\/2025\/07\/page-4-2-2048x1070.png?_x_tr_sl=auto&amp;_x_tr_tl=en&amp;_x_tr_hl=en&amp;_x_tr_pto=wapp 2048w\" alt=\"\" width=\"1024\" height=\"535\" \/>\u00a0<\/span><\/p>\n<p><span data-contrast=\"auto\">Un patr\u00f3n similar se observa con la inflaci\u00f3n. Tras aumentar r\u00e1pidamente las previsiones en abril y mayo, los panelistas las han recortado desde entonces ante la lenta repercusi\u00f3n del aumento de aranceles en los precios al consumidor, como indica el gr\u00e1fico a continuaci\u00f3n.<\/span><span data-ccp-props=\"{}\">\u00a0<\/span><span data-ccp-props=\"{}\">\u00a0<\/span><\/p>\n<p><span data-ccp-props=\"{}\"><img loading=\"lazy\" decoding=\"async\" class=\"alignnone wp-image-66854 size-large\" src=\"https:\/\/focus-d7op8.kinsta.storage\/production\/uploads\/2025\/07\/page-2-12-1024x535.png\" sizes=\"auto, (max-width: 1024px) 100vw, 1024px\" srcset=\"https:\/\/www-focus--economics-com.translate.goog\/wp-content\/uploads\/2025\/07\/page-2-12-1024x535.png?_x_tr_sl=auto&amp;_x_tr_tl=en&amp;_x_tr_hl=en&amp;_x_tr_pto=wapp 1024w,https:\/\/www-focus--economics-com.translate.goog\/wp-content\/uploads\/2025\/07\/page-2-12-300x157.png?_x_tr_sl=auto&amp;_x_tr_tl=en&amp;_x_tr_hl=en&amp;_x_tr_pto=wapp 300w,https:\/\/www-focus--economics-com.translate.goog\/wp-content\/uploads\/2025\/07\/page-2-12-768x401.png?_x_tr_sl=auto&amp;_x_tr_tl=en&amp;_x_tr_hl=en&amp;_x_tr_pto=wapp 768w,https:\/\/www-focus--economics-com.translate.goog\/wp-content\/uploads\/2025\/07\/page-2-12-1536x803.png?_x_tr_sl=auto&amp;_x_tr_tl=en&amp;_x_tr_hl=en&amp;_x_tr_pto=wapp 1536w,https:\/\/www-focus--economics-com.translate.goog\/wp-content\/uploads\/2025\/07\/page-2-12-2048x1070.png?_x_tr_sl=auto&amp;_x_tr_tl=en&amp;_x_tr_hl=en&amp;_x_tr_pto=wapp 2048w\" alt=\"\" width=\"1024\" height=\"535\" \/><\/span><\/p>\n<p><span data-contrast=\"auto\">Un pron\u00f3stico diario que ha mostrado una tendencia lineal constante es el del\u00a0<\/span><a href=\"https:\/\/www-focus--economics-com.translate.goog\/country-indicator\/united-states\/exchange-rate-eur-eop\/?_x_tr_sl=auto&amp;_x_tr_tl=en&amp;_x_tr_hl=en&amp;_x_tr_pto=wapp\"><span data-contrast=\"none\">tipo de cambio estadounidense<\/span><\/a><span data-contrast=\"auto\">\u00a0, probablemente en parte porque este se determina por muchos factores adem\u00e1s de los aranceles. Nuestros panelistas han seguido revisando a la baja sus proyecciones para el d\u00f3lar en los \u00faltimos meses debido a la continua inestabilidad arancelaria, el despilfarro fiscal y la incertidumbre institucional.<\/span><span data-ccp-props=\"{}\">\u00a0<\/span><\/p>\n<p><span data-ccp-props=\"{}\"><img loading=\"lazy\" decoding=\"async\" class=\"alignnone wp-image-66855 size-large\" src=\"https:\/\/focus-d7op8.kinsta.storage\/production\/uploads\/2025\/07\/page-3-9-1024x535.png\" sizes=\"auto, (max-width: 1024px) 100vw, 1024px\" srcset=\"https:\/\/www-focus--economics-com.translate.goog\/wp-content\/uploads\/2025\/07\/page-3-9-1024x535.png?_x_tr_sl=auto&amp;_x_tr_tl=en&amp;_x_tr_hl=en&amp;_x_tr_pto=wapp 1024w,https:\/\/www-focus--economics-com.translate.goog\/wp-content\/uploads\/2025\/07\/page-3-9-300x157.png?_x_tr_sl=auto&amp;_x_tr_tl=en&amp;_x_tr_hl=en&amp;_x_tr_pto=wapp 300w,https:\/\/www-focus--economics-com.translate.goog\/wp-content\/uploads\/2025\/07\/page-3-9-768x401.png?_x_tr_sl=auto&amp;_x_tr_tl=en&amp;_x_tr_hl=en&amp;_x_tr_pto=wapp 768w,https:\/\/www-focus--economics-com.translate.goog\/wp-content\/uploads\/2025\/07\/page-3-9-1536x803.png?_x_tr_sl=auto&amp;_x_tr_tl=en&amp;_x_tr_hl=en&amp;_x_tr_pto=wapp 1536w,https:\/\/www-focus--economics-com.translate.goog\/wp-content\/uploads\/2025\/07\/page-3-9-2048x1070.png?_x_tr_sl=auto&amp;_x_tr_tl=en&amp;_x_tr_hl=en&amp;_x_tr_pto=wapp 2048w\" alt=\"\" width=\"1024\" height=\"535\" \/><\/span><span data-ccp-props=\"{}\">\u00a0<\/span><\/p>\n<p><b><span data-contrast=\"auto\">En resumen:<\/span><\/b><span data-contrast=\"auto\">\u00a0Estados Unidos a\u00fan puede contar con su vasto mercado interno, su sector tecnol\u00f3gico de vanguardia, su mentalidad emprendedora, su mercado laboral flexible, sus condiciones comerciales liberales y su estatus de refugio seguro para impulsar la actividad econ\u00f3mica a pesar del aumento de las barreras comerciales. Por ello, los aranceles son actualmente una molestia, pero no una tragedia, para Estados Unidos. A menos que las pol\u00edticas de Trump debiliten a\u00fan m\u00e1s las fortalezas clave de la econom\u00eda, es probable que la situaci\u00f3n se mantenga as\u00ed.<\/span><span data-ccp-props=\"{}\">\u00a0<\/span><span data-ccp-props=\"{}\">\u00a0<\/span><\/p>\n<p><b><span data-contrast=\"auto\">La opini\u00f3n de nuestros analistas:<\/span><\/b><span data-ccp-props=\"{}\">\u00a0<\/span><\/p>\n<p><span data-contrast=\"auto\">Los analistas de EIU dijeron:<\/span><span data-ccp-props=\"{}\">\u00a0<\/span><\/p>\n<p><span data-contrast=\"auto\">Seguimos esperando que Estados Unidos mantenga una postura cautelosa ante la futura adopci\u00f3n de aranceles, dadas las posibles repercusiones en la econom\u00eda y los mercados financieros estadounidenses si Trump adopta sus aranceles, tal como ha amenazado. Como m\u00ednimo, esta posibilidad mantendr\u00e1 a Estados Unidos abierto a las negociaciones.<\/span><span data-ccp-props=\"{}\">\u00a0<\/span><\/p>\n<p><span data-contrast=\"auto\">Sobre el reciente acuerdo comercial entre la UE y EE.UU., Carsten Brzeski de ING coment\u00f3:<\/span><span data-ccp-props=\"{&quot;134233117&quot;:false,&quot;134233118&quot;:false,&quot;201341983&quot;:0,&quot;335551550&quot;:1,&quot;335551620&quot;:1,&quot;335559685&quot;:0,&quot;335559737&quot;:0,&quot;335559738&quot;:0,&quot;335559739&quot;:160,&quot;335559740&quot;:259}\">\u00a0<\/span><\/p>\n<p><span data-contrast=\"auto\">De cara al futuro, a primera vista, el acuerdo se ajusta a nuestro escenario base de un arancel efectivo sobre los productos europeos cercano al 20 %. Sin embargo, tambi\u00e9n sabemos que un acuerdo comercial solo est\u00e1 decidido cuando todos lo firman. En el contexto europeo, esto sigue implicando un Parlamento Europeo y todos los parlamentos nacionales.<\/span><span data-ccp-props=\"{&quot;134233117&quot;:false,&quot;134233118&quot;:false,&quot;201341983&quot;:0,&quot;335551550&quot;:1,&quot;335551620&quot;:1,&quot;335559685&quot;:0,&quot;335559737&quot;:0,&quot;335559738&quot;:0,&quot;335559739&quot;:160,&quot;335559740&quot;:259}\">\u00a0<\/span><span data-ccp-props=\"{&quot;134233117&quot;:false,&quot;134233118&quot;:false,&quot;201341983&quot;:0,&quot;335551550&quot;:1,&quot;335551620&quot;:1,&quot;335559685&quot;:0,&quot;335559737&quot;:0,&quot;335559738&quot;:0,&quot;335559739&quot;:160,&quot;335559740&quot;:259}\">\u00a0<\/span><\/p>\n<p><b><span data-contrast=\"auto\">Nuestro \u00faltimo an\u00e1lisis:<\/span><\/b><span data-ccp-props=\"{&quot;134233117&quot;:false,&quot;134233118&quot;:false,&quot;201341983&quot;:0,&quot;335551550&quot;:1,&quot;335551620&quot;:1,&quot;335559685&quot;:0,&quot;335559737&quot;:0,&quot;335559738&quot;:0,&quot;335559739&quot;:160,&quot;335559740&quot;:259}\">\u00a0<\/span><\/p>\n<p><span data-contrast=\"auto\">La econom\u00eda de Malasia\u00a0<\/span><a href=\"https:\/\/www-focus--economics-com.translate.goog\/countries\/malaysia\/news\/gdp\/malaysia-national-accounts-p-18-07-2025-economy-edges-up-more-than-expected-in-the-second-quarter\/?_x_tr_sl=auto&amp;_x_tr_tl=en&amp;_x_tr_hl=en&amp;_x_tr_pto=wapp\"><span data-contrast=\"none\">sorprendi\u00f3 a los mercados al alza en el segundo trimestre<\/span><\/a><span data-contrast=\"auto\">\u00a0.<\/span><span data-ccp-props=\"{&quot;134233117&quot;:false,&quot;134233118&quot;:false,&quot;201341983&quot;:0,&quot;335551550&quot;:1,&quot;335551620&quot;:1,&quot;335559685&quot;:0,&quot;335559737&quot;:0,&quot;335559738&quot;:0,&quot;335559739&quot;:160,&quot;335559740&quot;:259}\">\u00a0<\/span><\/p>\n<p><span data-contrast=\"auto\">Las ventas minoristas en Estados Unidos\u00a0<\/span><a href=\"https:\/\/www-focus--economics-com.translate.goog\/countries\/united-states\/news\/retail\/united-states-retail-sales-17-07-2025-retail-sales-rebound-in-june\/?_x_tr_sl=auto&amp;_x_tr_tl=en&amp;_x_tr_hl=en&amp;_x_tr_pto=wapp\"><span data-contrast=\"none\">se recuperaron en junio<\/span><\/a><span data-contrast=\"auto\">\u00a0a pesar de la agitaci\u00f3n arancelaria.<\/span><span data-ccp-props=\"{&quot;134233117&quot;:false,&quot;134233118&quot;:false,&quot;201341983&quot;:0,&quot;335551550&quot;:1,&quot;335551620&quot;:1,&quot;335559685&quot;:0,&quot;335559737&quot;:0,&quot;335559738&quot;:0,&quot;335559739&quot;:160,&quot;335559740&quot;:259}\">\u00a0<\/span><\/p>\n","protected":false},"excerpt":{"rendered":"<p>Panorama general de los aranceles estadounidenses y su implementaci\u00f3n\u00a0 Desde que asumi\u00f3 el cargo en enero, el presidente estadounidense Donald Trump ha amenazado, implementado y retrocedido en aranceles a un ritmo vertiginoso, lo que dificulta seguir el ritmo de los \u00faltimos acontecimientos. Al 25 de julio, Estados\u00a0Unidos\u00a0ten\u00eda vigentes aranceles del 25% sobre la mayor\u00eda de<\/p>\n","protected":false},"author":8,"featured_media":0,"comment_status":"closed","ping_status":"closed","sticky":false,"template":"","format":"standard","meta":{"_acf_changed":false,"editor_notices":[],"footnotes":""},"categories":[1],"tags":[],"class_list":["post-156908","post","type-post","status-publish","format-standard","hentry","category-uncategorized"],"acf":[],"yoast_head":"<!-- This site is optimized with the Yoast SEO Premium plugin v26.9 (Yoast SEO v26.9) - https:\/\/yoast.com\/product\/yoast-seo-premium-wordpress\/ -->\n<title>El impacto econ\u00f3mico de los aranceles estadounidenses, presente y futuro - FocusEconomics [ES]<\/title>\n<meta name=\"robots\" content=\"noindex, follow, max-snippet:-1, max-image-preview:large, max-video-preview:-1\" \/>\n<meta property=\"og:locale\" content=\"es_ES\" class=\"yoast-seo-meta-tag\" \/>\n<meta property=\"og:type\" content=\"article\" class=\"yoast-seo-meta-tag\" \/>\n<meta property=\"og:title\" content=\"El impacto econ\u00f3mico de los aranceles estadounidenses, presente y futuro\" class=\"yoast-seo-meta-tag\" \/>\n<meta property=\"og:description\" content=\"Panorama general de los aranceles estadounidenses y su implementaci\u00f3n\u00a0 Desde que asumi\u00f3 el cargo en enero, el presidente estadounidense Donald Trump ha amenazado, implementado y retrocedido en aranceles a un ritmo vertiginoso, lo que dificulta seguir el ritmo de los \u00faltimos acontecimientos. Al 25 de julio, Estados\u00a0Unidos\u00a0ten\u00eda vigentes aranceles del 25% sobre la mayor\u00eda de\" class=\"yoast-seo-meta-tag\" \/>\n<meta property=\"og:url\" content=\"https:\/\/focus.s.nomatter.dev\/es\/blog\/el-impacto-economico-de-los-aranceles-estadounidenses-presente-y-futuro\/\" class=\"yoast-seo-meta-tag\" \/>\n<meta property=\"og:site_name\" content=\"FocusEconomics [ES]\" class=\"yoast-seo-meta-tag\" \/>\n<meta property=\"article:publisher\" content=\"https:\/\/www.facebook.com\/FocusEconomics\" class=\"yoast-seo-meta-tag\" \/>\n<meta property=\"article:published_time\" content=\"2025-07-28T10:43:14+00:00\" class=\"yoast-seo-meta-tag\" \/>\n<meta property=\"article:modified_time\" content=\"2025-11-17T18:43:26+00:00\" class=\"yoast-seo-meta-tag\" \/>\n<meta name=\"author\" content=\"Miriam Dowd\" class=\"yoast-seo-meta-tag\" \/>\n<meta name=\"twitter:card\" content=\"summary_large_image\" class=\"yoast-seo-meta-tag\" \/>\n<meta name=\"twitter:creator\" content=\"@FocusEconomics\" class=\"yoast-seo-meta-tag\" \/>\n<meta name=\"twitter:site\" content=\"@FocusEconomics\" class=\"yoast-seo-meta-tag\" \/>\n<meta name=\"twitter:label1\" content=\"Escrito por\" class=\"yoast-seo-meta-tag\" \/>\n\t<meta name=\"twitter:data1\" content=\"Miriam Dowd\" class=\"yoast-seo-meta-tag\" \/>\n\t<meta name=\"twitter:label2\" content=\"Tiempo de lectura\" class=\"yoast-seo-meta-tag\" \/>\n\t<meta name=\"twitter:data2\" content=\"8 minutos\" class=\"yoast-seo-meta-tag\" \/>\n<script type=\"application\/ld+json\" class=\"yoast-schema-graph\">{\"@context\":\"https:\/\/schema.org\",\"@graph\":[{\"@type\":\"Article\",\"@id\":\"https:\/\/focus.s.nomatter.dev\/es\/blog\/el-impacto-economico-de-los-aranceles-estadounidenses-presente-y-futuro\/#article\",\"isPartOf\":{\"@id\":\"https:\/\/focus.s.nomatter.dev\/es\/blog\/el-impacto-economico-de-los-aranceles-estadounidenses-presente-y-futuro\/\"},\"author\":{\"name\":\"Miriam Dowd\",\"@id\":\"https:\/\/focus.s.nomatter.dev\/es\/#\/schema\/person\/a6ea9596e6e69459f9f8a56cabc2c5c7\"},\"headline\":\"El impacto econ\u00f3mico de los aranceles estadounidenses, presente y futuro\",\"datePublished\":\"2025-07-28T10:43:14+00:00\",\"dateModified\":\"2025-11-17T18:43:26+00:00\",\"mainEntityOfPage\":{\"@id\":\"https:\/\/focus.s.nomatter.dev\/es\/blog\/el-impacto-economico-de-los-aranceles-estadounidenses-presente-y-futuro\/\"},\"wordCount\":1470,\"publisher\":{\"@id\":\"https:\/\/focus.s.nomatter.dev\/es\/#organization\"},\"image\":{\"@id\":\"https:\/\/focus.s.nomatter.dev\/es\/blog\/el-impacto-economico-de-los-aranceles-estadounidenses-presente-y-futuro\/#primaryimage\"},\"thumbnailUrl\":\"https:\/\/focus-d7op8.kinsta.storage\/production\/uploads\/2025\/07\/page-1-11-1024x535.png\",\"articleSection\":[\"Uncategorized\"],\"inLanguage\":\"es\"},{\"@type\":\"WebPage\",\"@id\":\"https:\/\/focus.s.nomatter.dev\/es\/blog\/el-impacto-economico-de-los-aranceles-estadounidenses-presente-y-futuro\/\",\"url\":\"https:\/\/focus.s.nomatter.dev\/es\/blog\/el-impacto-economico-de-los-aranceles-estadounidenses-presente-y-futuro\/\",\"name\":\"El impacto econ\u00f3mico de los aranceles estadounidenses, presente y futuro - FocusEconomics [ES]\",\"isPartOf\":{\"@id\":\"https:\/\/focus.s.nomatter.dev\/es\/#website\"},\"primaryImageOfPage\":{\"@id\":\"https:\/\/focus.s.nomatter.dev\/es\/blog\/el-impacto-economico-de-los-aranceles-estadounidenses-presente-y-futuro\/#primaryimage\"},\"image\":{\"@id\":\"https:\/\/focus.s.nomatter.dev\/es\/blog\/el-impacto-economico-de-los-aranceles-estadounidenses-presente-y-futuro\/#primaryimage\"},\"thumbnailUrl\":\"https:\/\/focus-d7op8.kinsta.storage\/production\/uploads\/2025\/07\/page-1-11-1024x535.png\",\"datePublished\":\"2025-07-28T10:43:14+00:00\",\"dateModified\":\"2025-11-17T18:43:26+00:00\",\"breadcrumb\":{\"@id\":\"https:\/\/focus.s.nomatter.dev\/es\/blog\/el-impacto-economico-de-los-aranceles-estadounidenses-presente-y-futuro\/#breadcrumb\"},\"inLanguage\":\"es\",\"potentialAction\":[{\"@type\":\"ReadAction\",\"target\":[\"https:\/\/focus.s.nomatter.dev\/es\/blog\/el-impacto-economico-de-los-aranceles-estadounidenses-presente-y-futuro\/\"]}]},{\"@type\":\"ImageObject\",\"inLanguage\":\"es\",\"@id\":\"https:\/\/focus.s.nomatter.dev\/es\/blog\/el-impacto-economico-de-los-aranceles-estadounidenses-presente-y-futuro\/#primaryimage\",\"url\":\"https:\/\/focus-d7op8.kinsta.storage\/production\/uploads\/2025\/07\/page-1-11-1024x535.png\",\"contentUrl\":\"https:\/\/focus-d7op8.kinsta.storage\/production\/uploads\/2025\/07\/page-1-11-1024x535.png\"},{\"@type\":\"BreadcrumbList\",\"@id\":\"https:\/\/focus.s.nomatter.dev\/es\/blog\/el-impacto-economico-de-los-aranceles-estadounidenses-presente-y-futuro\/#breadcrumb\",\"itemListElement\":[{\"@type\":\"ListItem\",\"position\":1,\"name\":\"Home\",\"item\":\"https:\/\/focus.s.nomatter.dev\/es\/\"},{\"@type\":\"ListItem\",\"position\":2,\"name\":\"El impacto econ\u00f3mico de los aranceles estadounidenses, presente y futuro\"}]},{\"@type\":\"WebSite\",\"@id\":\"https:\/\/focus.s.nomatter.dev\/es\/#website\",\"url\":\"https:\/\/focus.s.nomatter.dev\/es\/\",\"name\":\"FocusEconomics\",\"description\":\"Economic Indicators, News and Forecasts\",\"publisher\":{\"@id\":\"https:\/\/focus.s.nomatter.dev\/es\/#organization\"},\"potentialAction\":[{\"@type\":\"SearchAction\",\"target\":{\"@type\":\"EntryPoint\",\"urlTemplate\":\"https:\/\/focus.s.nomatter.dev\/es\/search-results\/?global-search={search_term_string}\"},\"query-input\":{\"@type\":\"PropertyValueSpecification\",\"valueRequired\":true,\"valueName\":\"search_term_string\"}}],\"inLanguage\":\"es\"},{\"@type\":\"Organization\",\"@id\":\"https:\/\/focus.s.nomatter.dev\/es\/#organization\",\"name\":\"FocusEconomics\",\"url\":\"https:\/\/focus.s.nomatter.dev\/es\/\",\"logo\":{\"@type\":\"ImageObject\",\"inLanguage\":\"es\",\"@id\":\"https:\/\/focus.s.nomatter.dev\/es\/#\/schema\/logo\/image\/\",\"url\":\"https:\/\/focus-d7op8.kinsta.storage\/production\/uploads\/sites\/5\/2022\/08\/logo.svg\",\"contentUrl\":\"https:\/\/focus-d7op8.kinsta.storage\/production\/uploads\/sites\/5\/2022\/08\/logo.svg\",\"width\":277,\"height\":54,\"caption\":\"FocusEconomics\"},\"image\":{\"@id\":\"https:\/\/focus.s.nomatter.dev\/es\/#\/schema\/logo\/image\/\"},\"sameAs\":[\"https:\/\/www.facebook.com\/FocusEconomics\",\"https:\/\/x.com\/FocusEconomics\"]},{\"@type\":\"Person\",\"@id\":\"https:\/\/focus.s.nomatter.dev\/es\/#\/schema\/person\/a6ea9596e6e69459f9f8a56cabc2c5c7\",\"name\":\"Miriam Dowd\"}]}<\/script>\n<!-- \/ Yoast SEO Premium plugin. -->","yoast_head_json":{"title":"El impacto econ\u00f3mico de los aranceles estadounidenses, presente y futuro - FocusEconomics [ES]","robots":{"index":"noindex","follow":"follow","max-snippet":"max-snippet:-1","max-image-preview":"max-image-preview:large","max-video-preview":"max-video-preview:-1"},"og_locale":"es_ES","og_type":"article","og_title":"El impacto econ\u00f3mico de los aranceles estadounidenses, presente y futuro","og_description":"Panorama general de los aranceles estadounidenses y su implementaci\u00f3n\u00a0 Desde que asumi\u00f3 el cargo en enero, el presidente estadounidense Donald Trump ha amenazado, implementado y retrocedido en aranceles a un ritmo vertiginoso, lo que dificulta seguir el ritmo de los \u00faltimos acontecimientos. Al 25 de julio, Estados\u00a0Unidos\u00a0ten\u00eda vigentes aranceles del 25% sobre la mayor\u00eda de","og_url":"https:\/\/focus.s.nomatter.dev\/es\/blog\/el-impacto-economico-de-los-aranceles-estadounidenses-presente-y-futuro\/","og_site_name":"FocusEconomics [ES]","article_publisher":"https:\/\/www.facebook.com\/FocusEconomics","article_published_time":"2025-07-28T10:43:14+00:00","article_modified_time":"2025-11-17T18:43:26+00:00","author":"Miriam Dowd","twitter_card":"summary_large_image","twitter_creator":"@FocusEconomics","twitter_site":"@FocusEconomics","twitter_misc":{"Escrito por":"Miriam Dowd","Tiempo de lectura":"8 minutos"},"schema":{"@context":"https:\/\/schema.org","@graph":[{"@type":"Article","@id":"https:\/\/focus.s.nomatter.dev\/es\/blog\/el-impacto-economico-de-los-aranceles-estadounidenses-presente-y-futuro\/#article","isPartOf":{"@id":"https:\/\/focus.s.nomatter.dev\/es\/blog\/el-impacto-economico-de-los-aranceles-estadounidenses-presente-y-futuro\/"},"author":{"name":"Miriam Dowd","@id":"https:\/\/focus.s.nomatter.dev\/es\/#\/schema\/person\/a6ea9596e6e69459f9f8a56cabc2c5c7"},"headline":"El impacto econ\u00f3mico de los aranceles estadounidenses, presente y futuro","datePublished":"2025-07-28T10:43:14+00:00","dateModified":"2025-11-17T18:43:26+00:00","mainEntityOfPage":{"@id":"https:\/\/focus.s.nomatter.dev\/es\/blog\/el-impacto-economico-de-los-aranceles-estadounidenses-presente-y-futuro\/"},"wordCount":1470,"publisher":{"@id":"https:\/\/focus.s.nomatter.dev\/es\/#organization"},"image":{"@id":"https:\/\/focus.s.nomatter.dev\/es\/blog\/el-impacto-economico-de-los-aranceles-estadounidenses-presente-y-futuro\/#primaryimage"},"thumbnailUrl":"https:\/\/focus-d7op8.kinsta.storage\/production\/uploads\/2025\/07\/page-1-11-1024x535.png","articleSection":["Uncategorized"],"inLanguage":"es"},{"@type":"WebPage","@id":"https:\/\/focus.s.nomatter.dev\/es\/blog\/el-impacto-economico-de-los-aranceles-estadounidenses-presente-y-futuro\/","url":"https:\/\/focus.s.nomatter.dev\/es\/blog\/el-impacto-economico-de-los-aranceles-estadounidenses-presente-y-futuro\/","name":"El impacto econ\u00f3mico de los aranceles estadounidenses, presente y futuro - FocusEconomics [ES]","isPartOf":{"@id":"https:\/\/focus.s.nomatter.dev\/es\/#website"},"primaryImageOfPage":{"@id":"https:\/\/focus.s.nomatter.dev\/es\/blog\/el-impacto-economico-de-los-aranceles-estadounidenses-presente-y-futuro\/#primaryimage"},"image":{"@id":"https:\/\/focus.s.nomatter.dev\/es\/blog\/el-impacto-economico-de-los-aranceles-estadounidenses-presente-y-futuro\/#primaryimage"},"thumbnailUrl":"https:\/\/focus-d7op8.kinsta.storage\/production\/uploads\/2025\/07\/page-1-11-1024x535.png","datePublished":"2025-07-28T10:43:14+00:00","dateModified":"2025-11-17T18:43:26+00:00","breadcrumb":{"@id":"https:\/\/focus.s.nomatter.dev\/es\/blog\/el-impacto-economico-de-los-aranceles-estadounidenses-presente-y-futuro\/#breadcrumb"},"inLanguage":"es","potentialAction":[{"@type":"ReadAction","target":["https:\/\/focus.s.nomatter.dev\/es\/blog\/el-impacto-economico-de-los-aranceles-estadounidenses-presente-y-futuro\/"]}]},{"@type":"ImageObject","inLanguage":"es","@id":"https:\/\/focus.s.nomatter.dev\/es\/blog\/el-impacto-economico-de-los-aranceles-estadounidenses-presente-y-futuro\/#primaryimage","url":"https:\/\/focus-d7op8.kinsta.storage\/production\/uploads\/2025\/07\/page-1-11-1024x535.png","contentUrl":"https:\/\/focus-d7op8.kinsta.storage\/production\/uploads\/2025\/07\/page-1-11-1024x535.png"},{"@type":"BreadcrumbList","@id":"https:\/\/focus.s.nomatter.dev\/es\/blog\/el-impacto-economico-de-los-aranceles-estadounidenses-presente-y-futuro\/#breadcrumb","itemListElement":[{"@type":"ListItem","position":1,"name":"Home","item":"https:\/\/focus.s.nomatter.dev\/es\/"},{"@type":"ListItem","position":2,"name":"El impacto econ\u00f3mico de los aranceles estadounidenses, presente y futuro"}]},{"@type":"WebSite","@id":"https:\/\/focus.s.nomatter.dev\/es\/#website","url":"https:\/\/focus.s.nomatter.dev\/es\/","name":"FocusEconomics","description":"Economic Indicators, News and Forecasts","publisher":{"@id":"https:\/\/focus.s.nomatter.dev\/es\/#organization"},"potentialAction":[{"@type":"SearchAction","target":{"@type":"EntryPoint","urlTemplate":"https:\/\/focus.s.nomatter.dev\/es\/search-results\/?global-search={search_term_string}"},"query-input":{"@type":"PropertyValueSpecification","valueRequired":true,"valueName":"search_term_string"}}],"inLanguage":"es"},{"@type":"Organization","@id":"https:\/\/focus.s.nomatter.dev\/es\/#organization","name":"FocusEconomics","url":"https:\/\/focus.s.nomatter.dev\/es\/","logo":{"@type":"ImageObject","inLanguage":"es","@id":"https:\/\/focus.s.nomatter.dev\/es\/#\/schema\/logo\/image\/","url":"https:\/\/focus-d7op8.kinsta.storage\/production\/uploads\/sites\/5\/2022\/08\/logo.svg","contentUrl":"https:\/\/focus-d7op8.kinsta.storage\/production\/uploads\/sites\/5\/2022\/08\/logo.svg","width":277,"height":54,"caption":"FocusEconomics"},"image":{"@id":"https:\/\/focus.s.nomatter.dev\/es\/#\/schema\/logo\/image\/"},"sameAs":["https:\/\/www.facebook.com\/FocusEconomics","https:\/\/x.com\/FocusEconomics"]},{"@type":"Person","@id":"https:\/\/focus.s.nomatter.dev\/es\/#\/schema\/person\/a6ea9596e6e69459f9f8a56cabc2c5c7","name":"Miriam Dowd"}]}},"_links":{"self":[{"href":"https:\/\/focus.s.nomatter.dev\/es\/wp-json\/wp\/v2\/posts\/156908","targetHints":{"allow":["GET"]}}],"collection":[{"href":"https:\/\/focus.s.nomatter.dev\/es\/wp-json\/wp\/v2\/posts"}],"about":[{"href":"https:\/\/focus.s.nomatter.dev\/es\/wp-json\/wp\/v2\/types\/post"}],"author":[{"embeddable":true,"href":"https:\/\/focus.s.nomatter.dev\/es\/wp-json\/wp\/v2\/users\/8"}],"replies":[{"embeddable":true,"href":"https:\/\/focus.s.nomatter.dev\/es\/wp-json\/wp\/v2\/comments?post=156908"}],"version-history":[{"count":4,"href":"https:\/\/focus.s.nomatter.dev\/es\/wp-json\/wp\/v2\/posts\/156908\/revisions"}],"predecessor-version":[{"id":158219,"href":"https:\/\/focus.s.nomatter.dev\/es\/wp-json\/wp\/v2\/posts\/156908\/revisions\/158219"}],"wp:attachment":[{"href":"https:\/\/focus.s.nomatter.dev\/es\/wp-json\/wp\/v2\/media?parent=156908"}],"wp:term":[{"taxonomy":"category","embeddable":true,"href":"https:\/\/focus.s.nomatter.dev\/es\/wp-json\/wp\/v2\/categories?post=156908"},{"taxonomy":"post_tag","embeddable":true,"href":"https:\/\/focus.s.nomatter.dev\/es\/wp-json\/wp\/v2\/tags?post=156908"}],"curies":[{"name":"wp","href":"https:\/\/api.w.org\/{rel}","templated":true}]}}