{"id":157365,"date":"2025-09-01T11:47:09","date_gmt":"2025-09-01T11:47:09","guid":{"rendered":"https:\/\/focus.s.nomatter.dev\/es\/?p=157365"},"modified":"2025-09-01T14:28:49","modified_gmt":"2025-09-01T14:28:49","slug":"get-the-latest-global-gdp-growth-forecasts-via-our-daily-tracker","status":"publish","type":"post","link":"https:\/\/focus.s.nomatter.dev\/es\/blog\/get-the-latest-global-gdp-growth-forecasts-via-our-daily-tracker\/","title":{"rendered":"Obtenga las \u00faltimas previsiones de crecimiento del PIB mundial a trav\u00e9s de nuestro rastreador diario"},"content":{"rendered":"<p><strong>La econom\u00eda mundial perder\u00e1 impulso este a\u00f1o:<\/strong> El pron\u00f3stico consensuado del PIB mundial de FocusEconomics, basado en 3500 proyecciones individuales sobre el crecimiento del PIB en 198 pa\u00edses, muestra que la econom\u00eda mundial se encamina hacia su crecimiento m\u00e1s lento desde la recesi\u00f3n provocada por la COVID-19 en 2020, lastrada por una expansi\u00f3n m\u00e1s moderada en pa\u00edses importantes como Brasil, Canad\u00e1, China, M\u00e9xico, Rusia y Estados Unidos. Sin embargo, el panorama no es desolador en todas partes: \u00c1frica y Oriente Medio est\u00e1n llamados a acelerarse, impulsados por el aumento de las cuotas de producci\u00f3n de petr\u00f3leo de la OPEP+, que est\u00e1n dando un impulso muy positivo al PIB regional.<\/p>\n<p><img loading=\"lazy\" decoding=\"async\" class=\"alignnone wp-image-157368\" src=\"https:\/\/nm-img.b-cdn.net\/focus\/es\/wp-content\/uploads\/sites\/5\/2025\/09\/page-3-10-300x157.png\" alt=\"\" width=\"510\" height=\"267\" srcset=\"https:\/\/focus-d7op8.kinsta.storage\/staging\/uploads\/sites\/5\/2025\/09\/page-3-10-300x157.png 300w, https:\/\/focus-d7op8.kinsta.storage\/staging\/uploads\/sites\/5\/2025\/09\/page-3-10-1024x535.png 1024w, https:\/\/focus-d7op8.kinsta.storage\/staging\/uploads\/sites\/5\/2025\/09\/page-3-10-768x401.png 768w, https:\/\/focus-d7op8.kinsta.storage\/staging\/uploads\/sites\/5\/2025\/09\/page-3-10-1536x803.png 1536w, https:\/\/focus-d7op8.kinsta.storage\/staging\/uploads\/sites\/5\/2025\/09\/page-3-10-2048x1070.png 2048w\" sizes=\"auto, (max-width: 510px) 100vw, 510px\" \/><\/p>\n<p><strong>Las previsiones muestran una tendencia en forma de U:<\/strong> como muestra el gr\u00e1fico siguiente, nuestra previsi\u00f3n consensuada del PIB mundial se redujo dr\u00e1sticamente tras el anuncio de Donald Trump de aranceles rec\u00edprocos, pero desde entonces se ha recuperado en cierta medida. La actividad econ\u00f3mica en muchas partes del mundo ha demostrado ser m\u00e1s resistente de lo esperado, los aranceles m\u00e1s elevados en Estados Unidos est\u00e1n tardando en repercutir en los precios y el auge mundial de la inteligencia artificial est\u00e1 impulsando las exportaciones y las inversiones en tecnolog\u00eda.<\/p>\n<p><img loading=\"lazy\" decoding=\"async\" class=\"alignnone wp-image-157367\" src=\"https:\/\/nm-img.b-cdn.net\/focus\/es\/wp-content\/uploads\/sites\/5\/2025\/09\/page-2-16-300x157.png\" alt=\"\" width=\"491\" height=\"257\" srcset=\"https:\/\/focus-d7op8.kinsta.storage\/staging\/uploads\/sites\/5\/2025\/09\/page-2-16-300x157.png 300w, https:\/\/focus-d7op8.kinsta.storage\/staging\/uploads\/sites\/5\/2025\/09\/page-2-16-1024x535.png 1024w, https:\/\/focus-d7op8.kinsta.storage\/staging\/uploads\/sites\/5\/2025\/09\/page-2-16-768x401.png 768w, https:\/\/focus-d7op8.kinsta.storage\/staging\/uploads\/sites\/5\/2025\/09\/page-2-16-1536x803.png 1536w, https:\/\/focus-d7op8.kinsta.storage\/staging\/uploads\/sites\/5\/2025\/09\/page-2-16-2048x1070.png 2048w\" sizes=\"auto, (max-width: 491px) 100vw, 491px\" \/><\/p>\n<p><strong>Los pa\u00edses del G20 muestran tendencias divergentes:<\/strong> El siguiente gr\u00e1fico muestra la evoluci\u00f3n de nuestras previsiones de crecimiento del PIB para 2025 en determinados pa\u00edses del G20 durante los \u00faltimos seis meses. Argentina ha experimentado la mayor mejora, gracias a los frutos cosechados por el agresivo programa de reformas del Gobierno. Las previsiones para China tambi\u00e9n se han revisado al alza, lo que resulta sorprendente a primera vista, dado que el pa\u00eds ha sido objeto de nuevos aranceles estadounidenses muy elevados. La actividad econ\u00f3mica china se ha visto impulsada por la emisi\u00f3n r\u00e9cord de bonos del Estado, la fuerte demanda mundial de productos electr\u00f3nicos, el r\u00e1pido crecimiento del sector de los veh\u00edculos el\u00e9ctricos, la anticipaci\u00f3n de las exportaciones y el desv\u00edo de las mismas para evitar los aranceles estadounidenses, y la ampliaci\u00f3n del programa de renovaci\u00f3n de veh\u00edculos, que ha impulsado el gasto de los hogares. En el otro extremo del espectro se encuentran las econom\u00edas de Corea del Sur y M\u00e9xico, que probablemente sufrir\u00e1n las consecuencias de un mayor proteccionismo por parte de Estados Unidos.<\/p>\n<p><img loading=\"lazy\" decoding=\"async\" class=\"alignnone wp-image-157366\" src=\"https:\/\/nm-img.b-cdn.net\/focus\/es\/wp-content\/uploads\/sites\/5\/2025\/09\/page-1-16-300x157.png\" alt=\"\" width=\"680\" height=\"356\" srcset=\"https:\/\/focus-d7op8.kinsta.storage\/staging\/uploads\/sites\/5\/2025\/09\/page-1-16-300x157.png 300w, https:\/\/focus-d7op8.kinsta.storage\/staging\/uploads\/sites\/5\/2025\/09\/page-1-16-1024x535.png 1024w, https:\/\/focus-d7op8.kinsta.storage\/staging\/uploads\/sites\/5\/2025\/09\/page-1-16-768x401.png 768w, https:\/\/focus-d7op8.kinsta.storage\/staging\/uploads\/sites\/5\/2025\/09\/page-1-16-1536x803.png 1536w, https:\/\/focus-d7op8.kinsta.storage\/staging\/uploads\/sites\/5\/2025\/09\/page-1-16-2048x1070.png 2048w\" sizes=\"auto, (max-width: 680px) 100vw, 680px\" \/><\/p>\n<h2><strong>Perspectivas de nuestros panelistas:<\/strong><\/h2>\n<p>En cuanto a las perspectivas de la econom\u00eda mundial, los analistas de EIU afirmaron: \u00ab<em>El proteccionismo comercial de EE. UU. est\u00e1 siendo respondido en su mayor parte con moderaci\u00f3n en t\u00e9rminos de represalias, pero la profunda incertidumbre pol\u00edtica est\u00e1 llevando a la econom\u00eda mundial a un equilibrio peor. El riesgo de errores pol\u00edticos ser\u00e1 elevado en este entorno de r\u00e1pidos cambios. Aunque prevemos que los tipos de inter\u00e9s a corto plazo a nivel mundial seguir\u00e1n bajando, la aplicaci\u00f3n impredecible de los aranceles estadounidenses dificultar\u00e1 a los bancos centrales descifrar las tendencias de la inflaci\u00f3n. Bajo la segunda administraci\u00f3n Trump, Estados Unidos est\u00e1 trabajando para reequilibrar sus relaciones econ\u00f3micas y de seguridad. Sin embargo, la forma en que se est\u00e1 llevando a cabo la agenda tensar\u00e1 las alianzas tradicionales e impulsar\u00e1 un reajuste geopol\u00edtico y econ\u00f3mico. El riesgo de conflicto y la pol\u00edtica de riesgo calculado geopol\u00edtico ser\u00e1n caracter\u00edsticas clave del panorama mundial, lo que contribuir\u00e1 a unas primas de riesgo elevadas y mantendr\u00e1 el riesgo de perturbaciones en los precios de las materias primas\u00bb.<\/em><\/p>\n<p>Sobre la pol\u00edtica comercial estadounidense, Carsten Brzeski, de ING, afirm\u00f3: \u00ab<em>Trump exige a sus socios comerciales que le muestren el dinero en forma de compromisos de inversi\u00f3n o se enfrentar\u00e1n a aranceles astron\u00f3micos. [\u2026]\u202fNo est\u00e1 claro si los aspectos de inversi\u00f3n de las negociaciones comerciales ir\u00e1n m\u00e1s all\u00e1 de las cifras generales y los compromisos vagos. A diferencia de los aranceles, que son f\u00e1ciles de aplicar, las promesas de inversi\u00f3n y los compromisos de compra son m\u00e1s dif\u00edciles de supervisar, sobre todo porque entidades como la UE carecen de autoridad para garantizarlos, dejando su cumplimiento en manos de las empresas. Las promesas de Jap\u00f3n y Corea del Sur son principalmente en forma de pr\u00e9stamos. Esto plantea dudas sobre c\u00f3mo podr\u00eda responder Estados Unidos si los pa\u00edses no cumplen sus compromisos. E incluso con un acuerdo \u2014y me refiero a ti, Suiza\u2014, la cuesti\u00f3n de los aranceles persiste. Para Trump, los aranceles son una herramienta vers\u00e1til, que se utiliza mucho m\u00e1s all\u00e1 de las preocupaciones por la balanza comercial. Solo podemos especular sobre las implicaciones a largo plazo de este juego de poder econ\u00f3mico. Las cadenas de suministro interrumpidas, las tensas relaciones diplom\u00e1ticas, el ego\u00edsmo econ\u00f3mico y un comercio mundial menos eficiente son solo algunas de las cosas que nos vienen a la mente<\/em>\u00bb.<\/p>\n","protected":false},"excerpt":{"rendered":"<p>En nuestro \u00faltimo art\u00edculo, analizamos la informaci\u00f3n de nuestra nueva p\u00e1gina Global GDP Tracker.<\/p>\n","protected":false},"author":7,"featured_media":0,"comment_status":"closed","ping_status":"closed","sticky":false,"template":"","format":"standard","meta":{"_acf_changed":false,"editor_notices":[],"footnotes":""},"categories":[1],"tags":[],"class_list":["post-157365","post","type-post","status-publish","format-standard","hentry","category-uncategorized"],"acf":[],"yoast_head":"<!-- This site is optimized with the Yoast SEO Premium plugin v26.9 (Yoast SEO v26.9) - https:\/\/yoast.com\/product\/yoast-seo-premium-wordpress\/ -->\n<title>Obtenga las \u00faltimas previsiones de crecimiento del PIB mundial a trav\u00e9s de nuestro rastreador diario - FocusEconomics [ES]<\/title>\n<meta name=\"robots\" content=\"noindex, follow, max-snippet:-1, max-image-preview:large, max-video-preview:-1\" \/>\n<meta property=\"og:locale\" content=\"es_ES\" class=\"yoast-seo-meta-tag\" \/>\n<meta property=\"og:type\" content=\"article\" class=\"yoast-seo-meta-tag\" \/>\n<meta property=\"og:title\" content=\"Obtenga las \u00faltimas previsiones de crecimiento del PIB mundial a trav\u00e9s de nuestro rastreador diario\" class=\"yoast-seo-meta-tag\" \/>\n<meta property=\"og:description\" content=\"En nuestro \u00faltimo art\u00edculo, analizamos la informaci\u00f3n de nuestra nueva p\u00e1gina Global GDP Tracker.\" class=\"yoast-seo-meta-tag\" \/>\n<meta property=\"og:url\" content=\"https:\/\/focus.s.nomatter.dev\/es\/blog\/get-the-latest-global-gdp-growth-forecasts-via-our-daily-tracker\/\" class=\"yoast-seo-meta-tag\" \/>\n<meta property=\"og:site_name\" content=\"FocusEconomics [ES]\" class=\"yoast-seo-meta-tag\" \/>\n<meta property=\"article:publisher\" content=\"https:\/\/www.facebook.com\/FocusEconomics\" class=\"yoast-seo-meta-tag\" \/>\n<meta property=\"article:published_time\" content=\"2025-09-01T11:47:09+00:00\" class=\"yoast-seo-meta-tag\" \/>\n<meta property=\"article:modified_time\" content=\"2025-09-01T14:28:49+00:00\" class=\"yoast-seo-meta-tag\" \/>\n<meta property=\"og:image\" content=\"https:\/\/focus-stg.nm-img.net\/uploads\/sites\/5\/2025\/09\/page-3-10.png\" class=\"yoast-seo-meta-tag\" \/>\n\t<meta property=\"og:image:width\" content=\"2400\" class=\"yoast-seo-meta-tag\" \/>\n\t<meta property=\"og:image:height\" content=\"1254\" class=\"yoast-seo-meta-tag\" \/>\n\t<meta property=\"og:image:type\" content=\"image\/png\" class=\"yoast-seo-meta-tag\" \/>\n<meta name=\"author\" content=\"Sibel A\u011flamaz\" class=\"yoast-seo-meta-tag\" \/>\n<meta name=\"twitter:card\" content=\"summary_large_image\" class=\"yoast-seo-meta-tag\" \/>\n<meta name=\"twitter:creator\" content=\"@FocusEconomics\" class=\"yoast-seo-meta-tag\" \/>\n<meta name=\"twitter:site\" content=\"@FocusEconomics\" class=\"yoast-seo-meta-tag\" \/>\n<meta name=\"twitter:label1\" content=\"Escrito por\" class=\"yoast-seo-meta-tag\" \/>\n\t<meta name=\"twitter:data1\" content=\"Sibel A\u011flamaz\" class=\"yoast-seo-meta-tag\" \/>\n\t<meta name=\"twitter:label2\" content=\"Tiempo de lectura\" class=\"yoast-seo-meta-tag\" \/>\n\t<meta name=\"twitter:data2\" content=\"5 minutos\" class=\"yoast-seo-meta-tag\" \/>\n<script type=\"application\/ld+json\" class=\"yoast-schema-graph\">{\"@context\":\"https:\/\/schema.org\",\"@graph\":[{\"@type\":\"Article\",\"@id\":\"https:\/\/focus.s.nomatter.dev\/es\/blog\/get-the-latest-global-gdp-growth-forecasts-via-our-daily-tracker\/#article\",\"isPartOf\":{\"@id\":\"https:\/\/focus.s.nomatter.dev\/es\/blog\/get-the-latest-global-gdp-growth-forecasts-via-our-daily-tracker\/\"},\"author\":{\"name\":\"Sibel A\u011flamaz\",\"@id\":\"https:\/\/focus.s.nomatter.dev\/es\/#\/schema\/person\/74ccc4de3a3df5da86a5bd7d82f542bc\"},\"headline\":\"Obtenga las \u00faltimas previsiones de crecimiento del PIB mundial a trav\u00e9s de nuestro rastreador diario\",\"datePublished\":\"2025-09-01T11:47:09+00:00\",\"dateModified\":\"2025-09-01T14:28:49+00:00\",\"mainEntityOfPage\":{\"@id\":\"https:\/\/focus.s.nomatter.dev\/es\/blog\/get-the-latest-global-gdp-growth-forecasts-via-our-daily-tracker\/\"},\"wordCount\":863,\"publisher\":{\"@id\":\"https:\/\/focus.s.nomatter.dev\/es\/#organization\"},\"image\":{\"@id\":\"https:\/\/focus.s.nomatter.dev\/es\/blog\/get-the-latest-global-gdp-growth-forecasts-via-our-daily-tracker\/#primaryimage\"},\"thumbnailUrl\":\"https:\/\/nm-img.b-cdn.net\/focus\/es\/wp-content\/uploads\/sites\/5\/2025\/09\/page-3-10-300x157.png\",\"articleSection\":[\"Uncategorized\"],\"inLanguage\":\"es\"},{\"@type\":\"WebPage\",\"@id\":\"https:\/\/focus.s.nomatter.dev\/es\/blog\/get-the-latest-global-gdp-growth-forecasts-via-our-daily-tracker\/\",\"url\":\"https:\/\/focus.s.nomatter.dev\/es\/blog\/get-the-latest-global-gdp-growth-forecasts-via-our-daily-tracker\/\",\"name\":\"Obtenga las \u00faltimas previsiones de crecimiento del PIB mundial a trav\u00e9s de nuestro rastreador diario - FocusEconomics [ES]\",\"isPartOf\":{\"@id\":\"https:\/\/focus.s.nomatter.dev\/es\/#website\"},\"primaryImageOfPage\":{\"@id\":\"https:\/\/focus.s.nomatter.dev\/es\/blog\/get-the-latest-global-gdp-growth-forecasts-via-our-daily-tracker\/#primaryimage\"},\"image\":{\"@id\":\"https:\/\/focus.s.nomatter.dev\/es\/blog\/get-the-latest-global-gdp-growth-forecasts-via-our-daily-tracker\/#primaryimage\"},\"thumbnailUrl\":\"https:\/\/nm-img.b-cdn.net\/focus\/es\/wp-content\/uploads\/sites\/5\/2025\/09\/page-3-10-300x157.png\",\"datePublished\":\"2025-09-01T11:47:09+00:00\",\"dateModified\":\"2025-09-01T14:28:49+00:00\",\"breadcrumb\":{\"@id\":\"https:\/\/focus.s.nomatter.dev\/es\/blog\/get-the-latest-global-gdp-growth-forecasts-via-our-daily-tracker\/#breadcrumb\"},\"inLanguage\":\"es\",\"potentialAction\":[{\"@type\":\"ReadAction\",\"target\":[\"https:\/\/focus.s.nomatter.dev\/es\/blog\/get-the-latest-global-gdp-growth-forecasts-via-our-daily-tracker\/\"]}]},{\"@type\":\"ImageObject\",\"inLanguage\":\"es\",\"@id\":\"https:\/\/focus.s.nomatter.dev\/es\/blog\/get-the-latest-global-gdp-growth-forecasts-via-our-daily-tracker\/#primaryimage\",\"url\":\"https:\/\/nm-img.b-cdn.net\/focus\/es\/wp-content\/uploads\/sites\/5\/2025\/09\/page-3-10-300x157.png\",\"contentUrl\":\"https:\/\/nm-img.b-cdn.net\/focus\/es\/wp-content\/uploads\/sites\/5\/2025\/09\/page-3-10-300x157.png\"},{\"@type\":\"BreadcrumbList\",\"@id\":\"https:\/\/focus.s.nomatter.dev\/es\/blog\/get-the-latest-global-gdp-growth-forecasts-via-our-daily-tracker\/#breadcrumb\",\"itemListElement\":[{\"@type\":\"ListItem\",\"position\":1,\"name\":\"Home\",\"item\":\"https:\/\/focus.s.nomatter.dev\/es\/\"},{\"@type\":\"ListItem\",\"position\":2,\"name\":\"Obtenga las \u00faltimas previsiones de crecimiento del PIB mundial a trav\u00e9s de nuestro rastreador diario\"}]},{\"@type\":\"WebSite\",\"@id\":\"https:\/\/focus.s.nomatter.dev\/es\/#website\",\"url\":\"https:\/\/focus.s.nomatter.dev\/es\/\",\"name\":\"FocusEconomics\",\"description\":\"Economic Indicators, News and Forecasts\",\"publisher\":{\"@id\":\"https:\/\/focus.s.nomatter.dev\/es\/#organization\"},\"potentialAction\":[{\"@type\":\"SearchAction\",\"target\":{\"@type\":\"EntryPoint\",\"urlTemplate\":\"https:\/\/focus.s.nomatter.dev\/es\/search-results\/?global-search={search_term_string}\"},\"query-input\":{\"@type\":\"PropertyValueSpecification\",\"valueRequired\":true,\"valueName\":\"search_term_string\"}}],\"inLanguage\":\"es\"},{\"@type\":\"Organization\",\"@id\":\"https:\/\/focus.s.nomatter.dev\/es\/#organization\",\"name\":\"FocusEconomics\",\"url\":\"https:\/\/focus.s.nomatter.dev\/es\/\",\"logo\":{\"@type\":\"ImageObject\",\"inLanguage\":\"es\",\"@id\":\"https:\/\/focus.s.nomatter.dev\/es\/#\/schema\/logo\/image\/\",\"url\":\"https:\/\/focus-d7op8.kinsta.storage\/production\/uploads\/sites\/5\/2022\/08\/logo.svg\",\"contentUrl\":\"https:\/\/focus-d7op8.kinsta.storage\/production\/uploads\/sites\/5\/2022\/08\/logo.svg\",\"width\":277,\"height\":54,\"caption\":\"FocusEconomics\"},\"image\":{\"@id\":\"https:\/\/focus.s.nomatter.dev\/es\/#\/schema\/logo\/image\/\"},\"sameAs\":[\"https:\/\/www.facebook.com\/FocusEconomics\",\"https:\/\/x.com\/FocusEconomics\"]},{\"@type\":\"Person\",\"@id\":\"https:\/\/focus.s.nomatter.dev\/es\/#\/schema\/person\/74ccc4de3a3df5da86a5bd7d82f542bc\",\"name\":\"Sibel A\u011flamaz\"}]}<\/script>\n<!-- \/ Yoast SEO Premium plugin. -->","yoast_head_json":{"title":"Obtenga las \u00faltimas previsiones de crecimiento del PIB mundial a trav\u00e9s de nuestro rastreador diario - FocusEconomics [ES]","robots":{"index":"noindex","follow":"follow","max-snippet":"max-snippet:-1","max-image-preview":"max-image-preview:large","max-video-preview":"max-video-preview:-1"},"og_locale":"es_ES","og_type":"article","og_title":"Obtenga las \u00faltimas previsiones de crecimiento del PIB mundial a trav\u00e9s de nuestro rastreador diario","og_description":"En nuestro \u00faltimo art\u00edculo, analizamos la informaci\u00f3n de nuestra nueva p\u00e1gina Global GDP Tracker.","og_url":"https:\/\/focus.s.nomatter.dev\/es\/blog\/get-the-latest-global-gdp-growth-forecasts-via-our-daily-tracker\/","og_site_name":"FocusEconomics [ES]","article_publisher":"https:\/\/www.facebook.com\/FocusEconomics","article_published_time":"2025-09-01T11:47:09+00:00","article_modified_time":"2025-09-01T14:28:49+00:00","og_image":[{"width":2400,"height":1254,"url":"https:\/\/focus-stg.nm-img.net\/uploads\/sites\/5\/2025\/09\/page-3-10.png","type":"image\/png"}],"author":"Sibel A\u011flamaz","twitter_card":"summary_large_image","twitter_creator":"@FocusEconomics","twitter_site":"@FocusEconomics","twitter_misc":{"Escrito por":"Sibel A\u011flamaz","Tiempo de lectura":"5 minutos"},"schema":{"@context":"https:\/\/schema.org","@graph":[{"@type":"Article","@id":"https:\/\/focus.s.nomatter.dev\/es\/blog\/get-the-latest-global-gdp-growth-forecasts-via-our-daily-tracker\/#article","isPartOf":{"@id":"https:\/\/focus.s.nomatter.dev\/es\/blog\/get-the-latest-global-gdp-growth-forecasts-via-our-daily-tracker\/"},"author":{"name":"Sibel A\u011flamaz","@id":"https:\/\/focus.s.nomatter.dev\/es\/#\/schema\/person\/74ccc4de3a3df5da86a5bd7d82f542bc"},"headline":"Obtenga las \u00faltimas previsiones de crecimiento del PIB mundial a trav\u00e9s de nuestro rastreador diario","datePublished":"2025-09-01T11:47:09+00:00","dateModified":"2025-09-01T14:28:49+00:00","mainEntityOfPage":{"@id":"https:\/\/focus.s.nomatter.dev\/es\/blog\/get-the-latest-global-gdp-growth-forecasts-via-our-daily-tracker\/"},"wordCount":863,"publisher":{"@id":"https:\/\/focus.s.nomatter.dev\/es\/#organization"},"image":{"@id":"https:\/\/focus.s.nomatter.dev\/es\/blog\/get-the-latest-global-gdp-growth-forecasts-via-our-daily-tracker\/#primaryimage"},"thumbnailUrl":"https:\/\/nm-img.b-cdn.net\/focus\/es\/wp-content\/uploads\/sites\/5\/2025\/09\/page-3-10-300x157.png","articleSection":["Uncategorized"],"inLanguage":"es"},{"@type":"WebPage","@id":"https:\/\/focus.s.nomatter.dev\/es\/blog\/get-the-latest-global-gdp-growth-forecasts-via-our-daily-tracker\/","url":"https:\/\/focus.s.nomatter.dev\/es\/blog\/get-the-latest-global-gdp-growth-forecasts-via-our-daily-tracker\/","name":"Obtenga las \u00faltimas previsiones de crecimiento del PIB mundial a trav\u00e9s de nuestro rastreador diario - FocusEconomics [ES]","isPartOf":{"@id":"https:\/\/focus.s.nomatter.dev\/es\/#website"},"primaryImageOfPage":{"@id":"https:\/\/focus.s.nomatter.dev\/es\/blog\/get-the-latest-global-gdp-growth-forecasts-via-our-daily-tracker\/#primaryimage"},"image":{"@id":"https:\/\/focus.s.nomatter.dev\/es\/blog\/get-the-latest-global-gdp-growth-forecasts-via-our-daily-tracker\/#primaryimage"},"thumbnailUrl":"https:\/\/nm-img.b-cdn.net\/focus\/es\/wp-content\/uploads\/sites\/5\/2025\/09\/page-3-10-300x157.png","datePublished":"2025-09-01T11:47:09+00:00","dateModified":"2025-09-01T14:28:49+00:00","breadcrumb":{"@id":"https:\/\/focus.s.nomatter.dev\/es\/blog\/get-the-latest-global-gdp-growth-forecasts-via-our-daily-tracker\/#breadcrumb"},"inLanguage":"es","potentialAction":[{"@type":"ReadAction","target":["https:\/\/focus.s.nomatter.dev\/es\/blog\/get-the-latest-global-gdp-growth-forecasts-via-our-daily-tracker\/"]}]},{"@type":"ImageObject","inLanguage":"es","@id":"https:\/\/focus.s.nomatter.dev\/es\/blog\/get-the-latest-global-gdp-growth-forecasts-via-our-daily-tracker\/#primaryimage","url":"https:\/\/nm-img.b-cdn.net\/focus\/es\/wp-content\/uploads\/sites\/5\/2025\/09\/page-3-10-300x157.png","contentUrl":"https:\/\/nm-img.b-cdn.net\/focus\/es\/wp-content\/uploads\/sites\/5\/2025\/09\/page-3-10-300x157.png"},{"@type":"BreadcrumbList","@id":"https:\/\/focus.s.nomatter.dev\/es\/blog\/get-the-latest-global-gdp-growth-forecasts-via-our-daily-tracker\/#breadcrumb","itemListElement":[{"@type":"ListItem","position":1,"name":"Home","item":"https:\/\/focus.s.nomatter.dev\/es\/"},{"@type":"ListItem","position":2,"name":"Obtenga las \u00faltimas previsiones de crecimiento del PIB mundial a trav\u00e9s de nuestro rastreador diario"}]},{"@type":"WebSite","@id":"https:\/\/focus.s.nomatter.dev\/es\/#website","url":"https:\/\/focus.s.nomatter.dev\/es\/","name":"FocusEconomics","description":"Economic Indicators, News and Forecasts","publisher":{"@id":"https:\/\/focus.s.nomatter.dev\/es\/#organization"},"potentialAction":[{"@type":"SearchAction","target":{"@type":"EntryPoint","urlTemplate":"https:\/\/focus.s.nomatter.dev\/es\/search-results\/?global-search={search_term_string}"},"query-input":{"@type":"PropertyValueSpecification","valueRequired":true,"valueName":"search_term_string"}}],"inLanguage":"es"},{"@type":"Organization","@id":"https:\/\/focus.s.nomatter.dev\/es\/#organization","name":"FocusEconomics","url":"https:\/\/focus.s.nomatter.dev\/es\/","logo":{"@type":"ImageObject","inLanguage":"es","@id":"https:\/\/focus.s.nomatter.dev\/es\/#\/schema\/logo\/image\/","url":"https:\/\/focus-d7op8.kinsta.storage\/production\/uploads\/sites\/5\/2022\/08\/logo.svg","contentUrl":"https:\/\/focus-d7op8.kinsta.storage\/production\/uploads\/sites\/5\/2022\/08\/logo.svg","width":277,"height":54,"caption":"FocusEconomics"},"image":{"@id":"https:\/\/focus.s.nomatter.dev\/es\/#\/schema\/logo\/image\/"},"sameAs":["https:\/\/www.facebook.com\/FocusEconomics","https:\/\/x.com\/FocusEconomics"]},{"@type":"Person","@id":"https:\/\/focus.s.nomatter.dev\/es\/#\/schema\/person\/74ccc4de3a3df5da86a5bd7d82f542bc","name":"Sibel A\u011flamaz"}]}},"_links":{"self":[{"href":"https:\/\/focus.s.nomatter.dev\/es\/wp-json\/wp\/v2\/posts\/157365","targetHints":{"allow":["GET"]}}],"collection":[{"href":"https:\/\/focus.s.nomatter.dev\/es\/wp-json\/wp\/v2\/posts"}],"about":[{"href":"https:\/\/focus.s.nomatter.dev\/es\/wp-json\/wp\/v2\/types\/post"}],"author":[{"embeddable":true,"href":"https:\/\/focus.s.nomatter.dev\/es\/wp-json\/wp\/v2\/users\/7"}],"replies":[{"embeddable":true,"href":"https:\/\/focus.s.nomatter.dev\/es\/wp-json\/wp\/v2\/comments?post=157365"}],"version-history":[{"count":4,"href":"https:\/\/focus.s.nomatter.dev\/es\/wp-json\/wp\/v2\/posts\/157365\/revisions"}],"predecessor-version":[{"id":157372,"href":"https:\/\/focus.s.nomatter.dev\/es\/wp-json\/wp\/v2\/posts\/157365\/revisions\/157372"}],"wp:attachment":[{"href":"https:\/\/focus.s.nomatter.dev\/es\/wp-json\/wp\/v2\/media?parent=157365"}],"wp:term":[{"taxonomy":"category","embeddable":true,"href":"https:\/\/focus.s.nomatter.dev\/es\/wp-json\/wp\/v2\/categories?post=157365"},{"taxonomy":"post_tag","embeddable":true,"href":"https:\/\/focus.s.nomatter.dev\/es\/wp-json\/wp\/v2\/tags?post=157365"}],"curies":[{"name":"wp","href":"https:\/\/api.w.org\/{rel}","templated":true}]}}