{"id":157596,"date":"2025-09-22T08:04:30","date_gmt":"2025-09-22T08:04:30","guid":{"rendered":"https:\/\/focus.s.nomatter.dev\/es\/?p=157596"},"modified":"2025-09-22T08:56:18","modified_gmt":"2025-09-22T08:56:18","slug":"deuda-y-desorden-la-secuela-politica-francesa-que-nadie-queria","status":"publish","type":"post","link":"https:\/\/focus.s.nomatter.dev\/es\/blog\/deuda-y-desorden-la-secuela-politica-francesa-que-nadie-queria\/","title":{"rendered":"Deuda y desorden: la secuela pol\u00edtica francesa que nadie quer\u00eda"},"content":{"rendered":"<p><a href=\"https:\/\/focus.s.nomatter.dev\/blog\/debt-and-disorder-the-french-political-sequel-nobody-wanted\/\"><em>Read in English<\/em><\/a><\/p>\n<p><i><span data-contrast=\"auto\"><span dir=\"auto\">El 9 de septiembre, el primer ministro franc\u00e9s, Fran\u00e7ois Bayrou, dimiti\u00f3 tras perder una moci\u00f3n de confianza que derroc\u00f3 a su gobierno. Poco despu\u00e9s, el presidente Emmanuel Macron nombr\u00f3 a un nuevo primer ministro, S\u00e9bastien Lecornu: ser\u00e1 el segundo primer ministro en menos de un a\u00f1o y el quinto en dos a\u00f1os bajo la presidencia de Macron. Los problemas del pa\u00eds persisten: Francia tiene el mayor d\u00e9ficit fiscal de Europa y un parlamento muy fragmentado.\u00a0\u00a0<\/span><\/span><\/i><span data-ccp-props=\"{&quot;134233117&quot;:true,&quot;134233118&quot;:true,&quot;201341983&quot;:0,&quot;335559740&quot;:240}\">\u00a0<\/span><\/p>\n<p><b><span data-contrast=\"auto\"><span dir=\"auto\">Un objetivo, m\u00faltiples perspectivas:<\/span><\/span><\/b><span data-contrast=\"auto\"><span dir=\"auto\">\u00a0Existe un amplio consenso pol\u00edtico sobre la necesidad de reducir el d\u00e9ficit fiscal de Francia \u2014el m\u00e1s alto de la eurozona y casi el doble del objetivo del 3,0% de la Comisi\u00f3n Europea\u2014, pero persisten fuertes desacuerdos sobre c\u00f3mo lograrlo. Los partidos de izquierda abogan por mayores impuestos a los ricos, mientras que la centroderecha se opone a tales medidas, ya que socavar\u00edan la agenda proempresarial del presidente Macron. Dicho esto, Lecornu deber\u00eda evitar reabrir el debate sobre la reforma de las pensiones si desea conservar su esca\u00f1o; sus predecesores fueron destituidos por este asunto. Francia es actualmente la \u00fanica econom\u00eda desarrollada donde la poblaci\u00f3n mayor de 65 a\u00f1os disfruta de ingresos promedio m\u00e1s altos que la poblaci\u00f3n en edad laboral, lo que convierte la reforma de las pensiones en un tema especialmente delicado.\u00a0<\/span><\/span><span data-ccp-props=\"{&quot;201341983&quot;:0,&quot;335559739&quot;:0,&quot;335559740&quot;:240}\">\u00a0<\/span><span data-ccp-props=\"{&quot;201341983&quot;:0,&quot;335559739&quot;:0,&quot;335559740&quot;:240}\">\u00a0<\/span><\/p>\n<p><b><span data-contrast=\"auto\"><span dir=\"auto\">Echando m\u00e1s le\u00f1a al fuego:<\/span><\/span><\/b><span data-contrast=\"auto\"><span dir=\"auto\">\u00a0Mientras contin\u00faan los debates pol\u00edticos en el parlamento y en las redes sociales, las protestas masivas contra los recortes presupuestarios han vuelto a llenar las calles. Al mismo tiempo, Fitch Ratings ha rebajado la calificaci\u00f3n crediticia soberana de Francia a su nivel m\u00e1s bajo registrado, lo que intensifica a\u00fan m\u00e1s la presi\u00f3n sobre las perspectivas fiscales del pa\u00eds. En este contexto, se espera que Lecornu env\u00ede un borrador completo del presupuesto al parlamento antes del 7 de octubre.<\/span><\/span><span data-ccp-props=\"{&quot;201341983&quot;:0,&quot;335559739&quot;:0,&quot;335559740&quot;:240}\">\u00a0<\/span><span data-ccp-props=\"{&quot;201341983&quot;:0,&quot;335559739&quot;:0,&quot;335559740&quot;:240}\">\u00a0<\/span><\/p>\n<p><b><span data-contrast=\"auto\"><span dir=\"auto\">Opini\u00f3n de nuestros panelistas sobre el futuro d\u00e9ficit fiscal:<\/span><\/span><\/b><span data-contrast=\"auto\"><span dir=\"auto\">\u00a0En los \u00faltimos meses, nuestros panelistas han revisado sus previsiones para proyectar un d\u00e9ficit fiscal ligeramente menor en 2025 y 2026. Sin embargo, se prev\u00e9 que el d\u00e9ficit fiscal en ambos a\u00f1os se mantenga muy por encima del umbral del 3,0 % del PIB establecido por la Comisi\u00f3n Europea, ya que el amplio gasto p\u00fablico del pa\u00eds, impulsado por el bienestar, tardar\u00e1 en recalibrarse. Para contextualizar, Francia no ha registrado un super\u00e1vit fiscal desde 1974, el a\u00f1o en que Richard Nixon dimiti\u00f3 por el esc\u00e1ndalo de Watergate y Muhammad Ali derrot\u00f3 a George Foreman.<\/span><\/span><span data-ccp-props=\"{&quot;201341983&quot;:0,&quot;335559739&quot;:0,&quot;335559740&quot;:240}\">\u00a0<\/span><\/p>\n<p><img loading=\"lazy\" decoding=\"async\" class=\"alignnone wp-image-67527 size-large\" src=\"https:\/\/focus.nm-img.net\/uploads\/2025\/09\/newsletter-graph_19-Sept-2025-1024x535.png\" sizes=\"auto, (max-width: 1024px) 100vw, 1024px\" srcset=\"https:\/\/translate.google.com\/website?sl=ca&amp;tl=es&amp;hl=en&amp;client=webapp&amp;u=https:\/\/focus-d7op8.kinsta.storage\/production\/uploads\/2025\/09\/newsletter-graph_19-Sept-2025-1024x535.png 1024w,https:\/\/translate.google.com\/website?sl=ca&amp;tl=es&amp;hl=en&amp;client=webapp&amp;u=https:\/\/focus-d7op8.kinsta.storage\/production\/uploads\/2025\/09\/newsletter-graph_19-Sept-2025-300x157.png 300w,https:\/\/translate.google.com\/website?sl=ca&amp;tl=es&amp;hl=en&amp;client=webapp&amp;u=https:\/\/focus-d7op8.kinsta.storage\/production\/uploads\/2025\/09\/newsletter-graph_19-Sept-2025-768x401.png 768w,https:\/\/translate.google.com\/website?sl=ca&amp;tl=es&amp;hl=en&amp;client=webapp&amp;u=https:\/\/focus-d7op8.kinsta.storage\/production\/uploads\/2025\/09\/newsletter-graph_19-Sept-2025-1536x803.png 1536w,https:\/\/translate.google.com\/website?sl=ca&amp;tl=es&amp;hl=en&amp;client=webapp&amp;u=https:\/\/focus-d7op8.kinsta.storage\/production\/uploads\/2025\/09\/newsletter-graph_19-Sept-2025-2048x1070.png 2048w\" alt=\"d\u00e9ficit de Francia\" width=\"1024\" height=\"535\" \/><\/p>\n<h3><b><span data-contrast=\"auto\"><span dir=\"auto\">La opini\u00f3n de nuestros analistas:<\/span><\/span><\/b><span data-ccp-props=\"{&quot;201341983&quot;:0,&quot;335551550&quot;:6,&quot;335551620&quot;:6,&quot;335559739&quot;:0,&quot;335559740&quot;:290}\">\u00a0<\/span><\/h3>\n<p><span dir=\"auto\">Al comentar sobre la futura inestabilidad pol\u00edtica,\u00a0<\/span><b><span data-contrast=\"auto\"><span dir=\"auto\">los analistas de ING afirmaron:<\/span><\/span><\/b><span data-ccp-props=\"{&quot;335551550&quot;:6,&quot;335551620&quot;:6}\">\u00a0<\/span><\/p>\n<p><i><span data-contrast=\"auto\"><span dir=\"auto\">Si [\u2026] el Primer Ministro logra conservar su cargo, probablemente ser\u00e1 a costa de una consolidaci\u00f3n fiscal menos rigurosa, posponiendo en la pr\u00e1ctica la consolidaci\u00f3n presupuestaria prometida. Sin embargo, es posible que el Sr. Lecornu no logre formar una coalici\u00f3n viable. En este caso, Macron podr\u00eda nombrar un nuevo Primer Ministro, pero las probabilidades de \u00e9xito no ser\u00edan mayores. Esto podr\u00eda, en \u00faltima instancia, llevar a otra disoluci\u00f3n de la Asamblea Nacional. En nuestra opini\u00f3n, la probabilidad de que Macron dimita es muy baja en este momento. No obstante, la inestabilidad persistir\u00e1 al menos hasta las elecciones presidenciales de 2027.<\/span><\/span><\/i><span data-ccp-props=\"{}\">\u00a0<\/span><\/p>\n<p><span dir=\"auto\">Adem\u00e1s,\u00a0<\/span><b><span data-contrast=\"auto\"><span dir=\"auto\">los analistas de EIU agregaron:<\/span><\/span><\/b><span data-ccp-props=\"{}\">\u00a0<\/span><\/p>\n<p><i><span data-contrast=\"auto\"><span dir=\"auto\">Las pr\u00f3ximas conversaciones entre el Sr. Lecornu y otros partidos no parecen prometedoras. Su supervivencia pol\u00edtica depende de obtener la confianza del parlamento y mantenerla el tiempo suficiente para aprobar un presupuesto que reduzca el d\u00e9ficit. Tambi\u00e9n deber\u00e1 encontrar la manera de calmar la tensi\u00f3n p\u00fablica y reducir las protestas. Dado que los partidos de la oposici\u00f3n parecen reacios a cooperar con un nuevo gobierno, estas tareas podr\u00edan resultar imposibles. Existe un alto riesgo (45 % de probabilidad) de que el gobierno del Sr. Lecornu colapse prematuramente, antes de las pr\u00f3ximas elecciones presidenciales de abril de 2027.<\/span><\/span><\/i><span data-ccp-props=\"{}\">\u00a0<\/span><\/p>\n<h3><b><span data-contrast=\"none\"><span dir=\"auto\">Nuestro \u00faltimo an\u00e1lisis<\/span><\/span><\/b><span data-ccp-props=\"{&quot;201341983&quot;:0,&quot;335559739&quot;:0,&quot;335559740&quot;:240}\">\u00a0<\/span><\/h3>\n<p><span data-contrast=\"auto\"><span dir=\"auto\">Estados Unidos registr\u00f3 ventas minoristas\u00a0<\/span><\/span><a href=\"https:\/\/www-focus--economics-com.translate.goog\/countries\/united-states\/news\/retail\/united-states-retail-sales-17-09-2025-retail-sales-growth-beats-market-expectations-in-august\/?_x_tr_sl=ca&amp;_x_tr_tl=es&amp;_x_tr_hl=en&amp;_x_tr_pto=wapp\"><span data-contrast=\"none\"><span dir=\"auto\">m\u00e1s fuertes de lo esperado<\/span><\/span><\/a><span data-contrast=\"auto\"><span dir=\"auto\">\u00a0en agosto.<\/span><\/span><span data-ccp-props=\"{}\">\u00a0<\/span><\/p>\n<p><span data-contrast=\"auto\"><span dir=\"auto\">En agosto, la actividad econ\u00f3mica de China\u00a0<\/span><\/span><a href=\"https:\/\/www-focus--economics-com.translate.goog\/countries\/china\/news\/economic-activity\/china-economic-activity-16-09-2025-economic-activity-disappoints-in-august\/?_x_tr_sl=ca&amp;_x_tr_tl=es&amp;_x_tr_hl=en&amp;_x_tr_pto=wapp\"><span data-contrast=\"none\"><span dir=\"auto\">estuvo por debajo de las expectativas del mercado<\/span><\/span><\/a><span data-contrast=\"auto\"><span dir=\"auto\">\u00a0.<\/span><\/span><span data-ccp-props=\"{}\">\u00a0<\/span><\/p>\n","protected":false},"excerpt":{"rendered":"<p>Read in English El 9 de septiembre, el primer ministro franc\u00e9s, Fran\u00e7ois Bayrou, dimiti\u00f3 tras perder una moci\u00f3n de confianza que derroc\u00f3 a su gobierno. Poco despu\u00e9s, el presidente Emmanuel Macron nombr\u00f3 a un nuevo primer ministro, S\u00e9bastien Lecornu: ser\u00e1 el segundo primer ministro en menos de un a\u00f1o y el quinto en dos a\u00f1os<\/p>\n","protected":false},"author":8,"featured_media":0,"comment_status":"closed","ping_status":"closed","sticky":false,"template":"","format":"standard","meta":{"_acf_changed":false,"editor_notices":[],"footnotes":""},"categories":[1],"tags":[1802,1878,1879],"class_list":["post-157596","post","type-post","status-publish","format-standard","hentry","category-uncategorized","tag-pib","tag-francia","tag-deuda"],"acf":[],"yoast_head":"<!-- This site is optimized with the Yoast SEO Premium plugin v26.9 (Yoast SEO v26.9) - https:\/\/yoast.com\/product\/yoast-seo-premium-wordpress\/ -->\n<title>Deuda y desorden: la secuela pol\u00edtica francesa que nadie quer\u00eda - FocusEconomics [ES]<\/title>\n<meta name=\"robots\" content=\"noindex, follow, max-snippet:-1, max-image-preview:large, max-video-preview:-1\" \/>\n<meta property=\"og:locale\" content=\"es_ES\" class=\"yoast-seo-meta-tag\" \/>\n<meta property=\"og:type\" content=\"article\" class=\"yoast-seo-meta-tag\" \/>\n<meta property=\"og:title\" content=\"Deuda y desorden: la secuela pol\u00edtica francesa que nadie quer\u00eda\" class=\"yoast-seo-meta-tag\" \/>\n<meta property=\"og:description\" content=\"Read in English El 9 de septiembre, el primer ministro franc\u00e9s, Fran\u00e7ois Bayrou, dimiti\u00f3 tras perder una moci\u00f3n de confianza que derroc\u00f3 a su gobierno. Poco despu\u00e9s, el presidente Emmanuel Macron nombr\u00f3 a un nuevo primer ministro, S\u00e9bastien Lecornu: ser\u00e1 el segundo primer ministro en menos de un a\u00f1o y el quinto en dos a\u00f1os\" class=\"yoast-seo-meta-tag\" \/>\n<meta property=\"og:url\" content=\"https:\/\/focus.s.nomatter.dev\/es\/blog\/deuda-y-desorden-la-secuela-politica-francesa-que-nadie-queria\/\" class=\"yoast-seo-meta-tag\" \/>\n<meta property=\"og:site_name\" content=\"FocusEconomics [ES]\" class=\"yoast-seo-meta-tag\" \/>\n<meta property=\"article:publisher\" content=\"https:\/\/www.facebook.com\/FocusEconomics\" class=\"yoast-seo-meta-tag\" \/>\n<meta property=\"article:published_time\" content=\"2025-09-22T08:04:30+00:00\" class=\"yoast-seo-meta-tag\" \/>\n<meta property=\"article:modified_time\" content=\"2025-09-22T08:56:18+00:00\" class=\"yoast-seo-meta-tag\" \/>\n<meta name=\"author\" content=\"Miriam Dowd\" class=\"yoast-seo-meta-tag\" \/>\n<meta name=\"twitter:card\" content=\"summary_large_image\" class=\"yoast-seo-meta-tag\" \/>\n<meta name=\"twitter:creator\" content=\"@FocusEconomics\" class=\"yoast-seo-meta-tag\" \/>\n<meta name=\"twitter:site\" content=\"@FocusEconomics\" class=\"yoast-seo-meta-tag\" \/>\n<meta name=\"twitter:label1\" content=\"Escrito por\" class=\"yoast-seo-meta-tag\" \/>\n\t<meta name=\"twitter:data1\" content=\"Miriam Dowd\" class=\"yoast-seo-meta-tag\" \/>\n\t<meta name=\"twitter:label2\" content=\"Tiempo de lectura\" class=\"yoast-seo-meta-tag\" \/>\n\t<meta name=\"twitter:data2\" content=\"4 minutos\" class=\"yoast-seo-meta-tag\" \/>\n<script type=\"application\/ld+json\" class=\"yoast-schema-graph\">{\"@context\":\"https:\/\/schema.org\",\"@graph\":[{\"@type\":\"Article\",\"@id\":\"https:\/\/focus.s.nomatter.dev\/es\/blog\/deuda-y-desorden-la-secuela-politica-francesa-que-nadie-queria\/#article\",\"isPartOf\":{\"@id\":\"https:\/\/focus.s.nomatter.dev\/es\/blog\/deuda-y-desorden-la-secuela-politica-francesa-que-nadie-queria\/\"},\"author\":{\"name\":\"Miriam Dowd\",\"@id\":\"https:\/\/focus.s.nomatter.dev\/es\/#\/schema\/person\/a6ea9596e6e69459f9f8a56cabc2c5c7\"},\"headline\":\"Deuda y desorden: la secuela pol\u00edtica francesa que nadie quer\u00eda\",\"datePublished\":\"2025-09-22T08:04:30+00:00\",\"dateModified\":\"2025-09-22T08:56:18+00:00\",\"mainEntityOfPage\":{\"@id\":\"https:\/\/focus.s.nomatter.dev\/es\/blog\/deuda-y-desorden-la-secuela-politica-francesa-que-nadie-queria\/\"},\"wordCount\":719,\"publisher\":{\"@id\":\"https:\/\/focus.s.nomatter.dev\/es\/#organization\"},\"image\":{\"@id\":\"https:\/\/focus.s.nomatter.dev\/es\/blog\/deuda-y-desorden-la-secuela-politica-francesa-que-nadie-queria\/#primaryimage\"},\"thumbnailUrl\":\"https:\/\/focus.nm-img.net\/uploads\/2025\/09\/newsletter-graph_19-Sept-2025-1024x535.png\",\"keywords\":[\"PIB\",\"Francia\",\"Deuda\"],\"articleSection\":[\"Uncategorized\"],\"inLanguage\":\"es\"},{\"@type\":\"WebPage\",\"@id\":\"https:\/\/focus.s.nomatter.dev\/es\/blog\/deuda-y-desorden-la-secuela-politica-francesa-que-nadie-queria\/\",\"url\":\"https:\/\/focus.s.nomatter.dev\/es\/blog\/deuda-y-desorden-la-secuela-politica-francesa-que-nadie-queria\/\",\"name\":\"Deuda y desorden: la secuela pol\u00edtica francesa que nadie quer\u00eda - FocusEconomics [ES]\",\"isPartOf\":{\"@id\":\"https:\/\/focus.s.nomatter.dev\/es\/#website\"},\"primaryImageOfPage\":{\"@id\":\"https:\/\/focus.s.nomatter.dev\/es\/blog\/deuda-y-desorden-la-secuela-politica-francesa-que-nadie-queria\/#primaryimage\"},\"image\":{\"@id\":\"https:\/\/focus.s.nomatter.dev\/es\/blog\/deuda-y-desorden-la-secuela-politica-francesa-que-nadie-queria\/#primaryimage\"},\"thumbnailUrl\":\"https:\/\/focus.nm-img.net\/uploads\/2025\/09\/newsletter-graph_19-Sept-2025-1024x535.png\",\"datePublished\":\"2025-09-22T08:04:30+00:00\",\"dateModified\":\"2025-09-22T08:56:18+00:00\",\"breadcrumb\":{\"@id\":\"https:\/\/focus.s.nomatter.dev\/es\/blog\/deuda-y-desorden-la-secuela-politica-francesa-que-nadie-queria\/#breadcrumb\"},\"inLanguage\":\"es\",\"potentialAction\":[{\"@type\":\"ReadAction\",\"target\":[\"https:\/\/focus.s.nomatter.dev\/es\/blog\/deuda-y-desorden-la-secuela-politica-francesa-que-nadie-queria\/\"]}]},{\"@type\":\"ImageObject\",\"inLanguage\":\"es\",\"@id\":\"https:\/\/focus.s.nomatter.dev\/es\/blog\/deuda-y-desorden-la-secuela-politica-francesa-que-nadie-queria\/#primaryimage\",\"url\":\"https:\/\/focus.nm-img.net\/uploads\/2025\/09\/newsletter-graph_19-Sept-2025-1024x535.png\",\"contentUrl\":\"https:\/\/focus.nm-img.net\/uploads\/2025\/09\/newsletter-graph_19-Sept-2025-1024x535.png\"},{\"@type\":\"BreadcrumbList\",\"@id\":\"https:\/\/focus.s.nomatter.dev\/es\/blog\/deuda-y-desorden-la-secuela-politica-francesa-que-nadie-queria\/#breadcrumb\",\"itemListElement\":[{\"@type\":\"ListItem\",\"position\":1,\"name\":\"Home\",\"item\":\"https:\/\/focus.s.nomatter.dev\/es\/\"},{\"@type\":\"ListItem\",\"position\":2,\"name\":\"Deuda y desorden: la secuela pol\u00edtica francesa que nadie quer\u00eda\"}]},{\"@type\":\"WebSite\",\"@id\":\"https:\/\/focus.s.nomatter.dev\/es\/#website\",\"url\":\"https:\/\/focus.s.nomatter.dev\/es\/\",\"name\":\"FocusEconomics\",\"description\":\"Economic Indicators, News and Forecasts\",\"publisher\":{\"@id\":\"https:\/\/focus.s.nomatter.dev\/es\/#organization\"},\"potentialAction\":[{\"@type\":\"SearchAction\",\"target\":{\"@type\":\"EntryPoint\",\"urlTemplate\":\"https:\/\/focus.s.nomatter.dev\/es\/search-results\/?global-search={search_term_string}\"},\"query-input\":{\"@type\":\"PropertyValueSpecification\",\"valueRequired\":true,\"valueName\":\"search_term_string\"}}],\"inLanguage\":\"es\"},{\"@type\":\"Organization\",\"@id\":\"https:\/\/focus.s.nomatter.dev\/es\/#organization\",\"name\":\"FocusEconomics\",\"url\":\"https:\/\/focus.s.nomatter.dev\/es\/\",\"logo\":{\"@type\":\"ImageObject\",\"inLanguage\":\"es\",\"@id\":\"https:\/\/focus.s.nomatter.dev\/es\/#\/schema\/logo\/image\/\",\"url\":\"https:\/\/focus-d7op8.kinsta.storage\/production\/uploads\/sites\/5\/2022\/08\/logo.svg\",\"contentUrl\":\"https:\/\/focus-d7op8.kinsta.storage\/production\/uploads\/sites\/5\/2022\/08\/logo.svg\",\"width\":277,\"height\":54,\"caption\":\"FocusEconomics\"},\"image\":{\"@id\":\"https:\/\/focus.s.nomatter.dev\/es\/#\/schema\/logo\/image\/\"},\"sameAs\":[\"https:\/\/www.facebook.com\/FocusEconomics\",\"https:\/\/x.com\/FocusEconomics\"]},{\"@type\":\"Person\",\"@id\":\"https:\/\/focus.s.nomatter.dev\/es\/#\/schema\/person\/a6ea9596e6e69459f9f8a56cabc2c5c7\",\"name\":\"Miriam Dowd\"}]}<\/script>\n<!-- \/ Yoast SEO Premium plugin. -->","yoast_head_json":{"title":"Deuda y desorden: la secuela pol\u00edtica francesa que nadie quer\u00eda - FocusEconomics [ES]","robots":{"index":"noindex","follow":"follow","max-snippet":"max-snippet:-1","max-image-preview":"max-image-preview:large","max-video-preview":"max-video-preview:-1"},"og_locale":"es_ES","og_type":"article","og_title":"Deuda y desorden: la secuela pol\u00edtica francesa que nadie quer\u00eda","og_description":"Read in English El 9 de septiembre, el primer ministro franc\u00e9s, Fran\u00e7ois Bayrou, dimiti\u00f3 tras perder una moci\u00f3n de confianza que derroc\u00f3 a su gobierno. Poco despu\u00e9s, el presidente Emmanuel Macron nombr\u00f3 a un nuevo primer ministro, S\u00e9bastien Lecornu: ser\u00e1 el segundo primer ministro en menos de un a\u00f1o y el quinto en dos a\u00f1os","og_url":"https:\/\/focus.s.nomatter.dev\/es\/blog\/deuda-y-desorden-la-secuela-politica-francesa-que-nadie-queria\/","og_site_name":"FocusEconomics [ES]","article_publisher":"https:\/\/www.facebook.com\/FocusEconomics","article_published_time":"2025-09-22T08:04:30+00:00","article_modified_time":"2025-09-22T08:56:18+00:00","author":"Miriam Dowd","twitter_card":"summary_large_image","twitter_creator":"@FocusEconomics","twitter_site":"@FocusEconomics","twitter_misc":{"Escrito por":"Miriam Dowd","Tiempo de lectura":"4 minutos"},"schema":{"@context":"https:\/\/schema.org","@graph":[{"@type":"Article","@id":"https:\/\/focus.s.nomatter.dev\/es\/blog\/deuda-y-desorden-la-secuela-politica-francesa-que-nadie-queria\/#article","isPartOf":{"@id":"https:\/\/focus.s.nomatter.dev\/es\/blog\/deuda-y-desorden-la-secuela-politica-francesa-que-nadie-queria\/"},"author":{"name":"Miriam Dowd","@id":"https:\/\/focus.s.nomatter.dev\/es\/#\/schema\/person\/a6ea9596e6e69459f9f8a56cabc2c5c7"},"headline":"Deuda y desorden: la secuela pol\u00edtica francesa que nadie quer\u00eda","datePublished":"2025-09-22T08:04:30+00:00","dateModified":"2025-09-22T08:56:18+00:00","mainEntityOfPage":{"@id":"https:\/\/focus.s.nomatter.dev\/es\/blog\/deuda-y-desorden-la-secuela-politica-francesa-que-nadie-queria\/"},"wordCount":719,"publisher":{"@id":"https:\/\/focus.s.nomatter.dev\/es\/#organization"},"image":{"@id":"https:\/\/focus.s.nomatter.dev\/es\/blog\/deuda-y-desorden-la-secuela-politica-francesa-que-nadie-queria\/#primaryimage"},"thumbnailUrl":"https:\/\/focus.nm-img.net\/uploads\/2025\/09\/newsletter-graph_19-Sept-2025-1024x535.png","keywords":["PIB","Francia","Deuda"],"articleSection":["Uncategorized"],"inLanguage":"es"},{"@type":"WebPage","@id":"https:\/\/focus.s.nomatter.dev\/es\/blog\/deuda-y-desorden-la-secuela-politica-francesa-que-nadie-queria\/","url":"https:\/\/focus.s.nomatter.dev\/es\/blog\/deuda-y-desorden-la-secuela-politica-francesa-que-nadie-queria\/","name":"Deuda y desorden: la secuela pol\u00edtica francesa que nadie quer\u00eda - FocusEconomics [ES]","isPartOf":{"@id":"https:\/\/focus.s.nomatter.dev\/es\/#website"},"primaryImageOfPage":{"@id":"https:\/\/focus.s.nomatter.dev\/es\/blog\/deuda-y-desorden-la-secuela-politica-francesa-que-nadie-queria\/#primaryimage"},"image":{"@id":"https:\/\/focus.s.nomatter.dev\/es\/blog\/deuda-y-desorden-la-secuela-politica-francesa-que-nadie-queria\/#primaryimage"},"thumbnailUrl":"https:\/\/focus.nm-img.net\/uploads\/2025\/09\/newsletter-graph_19-Sept-2025-1024x535.png","datePublished":"2025-09-22T08:04:30+00:00","dateModified":"2025-09-22T08:56:18+00:00","breadcrumb":{"@id":"https:\/\/focus.s.nomatter.dev\/es\/blog\/deuda-y-desorden-la-secuela-politica-francesa-que-nadie-queria\/#breadcrumb"},"inLanguage":"es","potentialAction":[{"@type":"ReadAction","target":["https:\/\/focus.s.nomatter.dev\/es\/blog\/deuda-y-desorden-la-secuela-politica-francesa-que-nadie-queria\/"]}]},{"@type":"ImageObject","inLanguage":"es","@id":"https:\/\/focus.s.nomatter.dev\/es\/blog\/deuda-y-desorden-la-secuela-politica-francesa-que-nadie-queria\/#primaryimage","url":"https:\/\/focus.nm-img.net\/uploads\/2025\/09\/newsletter-graph_19-Sept-2025-1024x535.png","contentUrl":"https:\/\/focus.nm-img.net\/uploads\/2025\/09\/newsletter-graph_19-Sept-2025-1024x535.png"},{"@type":"BreadcrumbList","@id":"https:\/\/focus.s.nomatter.dev\/es\/blog\/deuda-y-desorden-la-secuela-politica-francesa-que-nadie-queria\/#breadcrumb","itemListElement":[{"@type":"ListItem","position":1,"name":"Home","item":"https:\/\/focus.s.nomatter.dev\/es\/"},{"@type":"ListItem","position":2,"name":"Deuda y desorden: la secuela pol\u00edtica francesa que nadie quer\u00eda"}]},{"@type":"WebSite","@id":"https:\/\/focus.s.nomatter.dev\/es\/#website","url":"https:\/\/focus.s.nomatter.dev\/es\/","name":"FocusEconomics","description":"Economic Indicators, News and Forecasts","publisher":{"@id":"https:\/\/focus.s.nomatter.dev\/es\/#organization"},"potentialAction":[{"@type":"SearchAction","target":{"@type":"EntryPoint","urlTemplate":"https:\/\/focus.s.nomatter.dev\/es\/search-results\/?global-search={search_term_string}"},"query-input":{"@type":"PropertyValueSpecification","valueRequired":true,"valueName":"search_term_string"}}],"inLanguage":"es"},{"@type":"Organization","@id":"https:\/\/focus.s.nomatter.dev\/es\/#organization","name":"FocusEconomics","url":"https:\/\/focus.s.nomatter.dev\/es\/","logo":{"@type":"ImageObject","inLanguage":"es","@id":"https:\/\/focus.s.nomatter.dev\/es\/#\/schema\/logo\/image\/","url":"https:\/\/focus-d7op8.kinsta.storage\/production\/uploads\/sites\/5\/2022\/08\/logo.svg","contentUrl":"https:\/\/focus-d7op8.kinsta.storage\/production\/uploads\/sites\/5\/2022\/08\/logo.svg","width":277,"height":54,"caption":"FocusEconomics"},"image":{"@id":"https:\/\/focus.s.nomatter.dev\/es\/#\/schema\/logo\/image\/"},"sameAs":["https:\/\/www.facebook.com\/FocusEconomics","https:\/\/x.com\/FocusEconomics"]},{"@type":"Person","@id":"https:\/\/focus.s.nomatter.dev\/es\/#\/schema\/person\/a6ea9596e6e69459f9f8a56cabc2c5c7","name":"Miriam Dowd"}]}},"_links":{"self":[{"href":"https:\/\/focus.s.nomatter.dev\/es\/wp-json\/wp\/v2\/posts\/157596","targetHints":{"allow":["GET"]}}],"collection":[{"href":"https:\/\/focus.s.nomatter.dev\/es\/wp-json\/wp\/v2\/posts"}],"about":[{"href":"https:\/\/focus.s.nomatter.dev\/es\/wp-json\/wp\/v2\/types\/post"}],"author":[{"embeddable":true,"href":"https:\/\/focus.s.nomatter.dev\/es\/wp-json\/wp\/v2\/users\/8"}],"replies":[{"embeddable":true,"href":"https:\/\/focus.s.nomatter.dev\/es\/wp-json\/wp\/v2\/comments?post=157596"}],"version-history":[{"count":6,"href":"https:\/\/focus.s.nomatter.dev\/es\/wp-json\/wp\/v2\/posts\/157596\/revisions"}],"predecessor-version":[{"id":157602,"href":"https:\/\/focus.s.nomatter.dev\/es\/wp-json\/wp\/v2\/posts\/157596\/revisions\/157602"}],"wp:attachment":[{"href":"https:\/\/focus.s.nomatter.dev\/es\/wp-json\/wp\/v2\/media?parent=157596"}],"wp:term":[{"taxonomy":"category","embeddable":true,"href":"https:\/\/focus.s.nomatter.dev\/es\/wp-json\/wp\/v2\/categories?post=157596"},{"taxonomy":"post_tag","embeddable":true,"href":"https:\/\/focus.s.nomatter.dev\/es\/wp-json\/wp\/v2\/tags?post=157596"}],"curies":[{"name":"wp","href":"https:\/\/api.w.org\/{rel}","templated":true}]}}