{"id":157731,"date":"2025-10-07T10:54:14","date_gmt":"2025-10-07T10:54:14","guid":{"rendered":"https:\/\/focus.s.nomatter.dev\/es\/?p=157731"},"modified":"2025-10-07T11:01:40","modified_gmt":"2025-10-07T11:01:40","slug":"un-diamante-en-bruto-alcanzara-america-latina-finalmente-su-potencial","status":"publish","type":"post","link":"https:\/\/focus.s.nomatter.dev\/es\/blog\/un-diamante-en-bruto-alcanzara-america-latina-finalmente-su-potencial\/","title":{"rendered":"Un diamante en bruto: \u00bfAlcanzar\u00e1 Am\u00e9rica Latina finalmente su potencial?"},"content":{"rendered":"<p><a href=\"https:\/\/focus.s.nomatter.dev\/blog\/a-diamond-in-the-rough-will-latin-america-finally-reach-its-potential\/\"><em>Read in English<\/em><\/a><\/p>\n<p><em>Descargue nuestro <a href=\"https:\/\/focus.s.nomatter.dev\/es\/blog\/latin-america-economic-outlook-2025\/\">informe gratuito en PDF<\/a>, que profundiza en el an\u00e1lisis a continuaci\u00f3n y lo complementa con gr\u00e1ficos, citas de economistas destacados y otras previsiones clave para la regi\u00f3n.<\/em><\/p>\n<p><strong>La econom\u00eda regional ha mostrado una debilidad reciente:<\/strong> la econom\u00eda de Am\u00e9rica Latina creci\u00f3 un promedio de tan solo el 1,4 % en la d\u00e9cada hasta 2024, el peor desempe\u00f1o de todas las regiones del mundo. A modo de comparaci\u00f3n, la zona euro, mucho m\u00e1s rica, se expandi\u00f3 un 1,5 %, mientras que la cifra correspondiente para Europa del Este \u2014el siguiente mercado emergente de menor crecimiento\u2014 fue del 2,7 %. La inestabilidad pol\u00edtica cr\u00f3nica de Am\u00e9rica Latina, los altos niveles de delincuencia y corrupci\u00f3n, el deficiente sistema educativo, la dependencia del vol\u00e1til sector de las materias primas y la falta de presencia en industrias de r\u00e1pido crecimiento como la electr\u00f3nica y las tecnolog\u00edas de la informaci\u00f3n son factores que han frenado el crecimiento del PIB regional durante la \u00faltima d\u00e9cada.<\/p>\n<p><strong>El impacto arancelario de EE. UU. ser\u00e1 manejable:<\/strong> Estados Unidos implement\u00f3 nuevos aranceles este a\u00f1o que afectan a Am\u00e9rica Latina con un l\u00edmite base del 10 % para la mayor\u00eda de las importaciones, cargos adicionales al aluminio, autom\u00f3viles, cobre y acero, adem\u00e1s de aranceles \u00abrec\u00edprocos\u00bb para un pu\u00f1ado de pa\u00edses, como Brasil, M\u00e9xico y Bolivia. Sin embargo, en comparaci\u00f3n con otras regiones, Am\u00e9rica Latina sale relativamente bien parada: muchos pa\u00edses eludieron los aranceles rec\u00edprocos gracias a sus d\u00e9ficits comerciales con EE. UU., y numerosas excepciones suavizan el impacto donde s\u00ed se aplican aranceles. El arancel del 50 % de Brasil solo afecta a una fracci\u00f3n de las importaciones, las exportaciones de cobre de Chile y Per\u00fa se mantienen seguras siempre que no est\u00e9n procesadas, y las empresas mexicanas pueden eludir las sanciones apeg\u00e1ndose a las normas del T-MEC. Aun as\u00ed, la mayor preocupaci\u00f3n no son los aranceles de hoy, sino los del futuro: la incertidumbre ya est\u00e1 frenando la inversi\u00f3n, con Tesla y BYD cancelando sus planes de f\u00e1bricas en M\u00e9xico. Nuestras previsiones de crecimiento del PIB: Nuestro consenso es que Am\u00e9rica Latina seguir\u00e1 siendo el mercado emergente de menor crecimiento durante nuestro horizonte de previsi\u00f3n hasta 2029, con un crecimiento anual promedio del PIB ligeramente superior al 2 %. A diferencia de la \u00faltima d\u00e9cada, se espera que el rango de pron\u00f3stico entre pa\u00edses sea bastante estrecho, con un crecimiento promedio de las econom\u00edas de la regi\u00f3n de entre el 1 % y el 3 %. Sin embargo, nuestros panelistas prev\u00e9n que cada a\u00f1o se mantenga una variabilidad considerable. Por ejemplo, se prev\u00e9 que el pr\u00f3ximo a\u00f1o la econom\u00eda de Venezuela se contraiga, la de Bolivia se estabilice pr\u00e1cticamente y la de Paraguay registre una expansi\u00f3n superior al 3 %.<\/p>\n<p><em>Para obtener informaci\u00f3n m\u00e1s detallada sobre lo que le espera a la regi\u00f3n en los pr\u00f3ximos a\u00f1os, <a href=\"https:\/\/focus.s.nomatter.dev\/es\/blog\/latin-america-economic-outlook-2025\/\">descargue nuestro informe gratuito en PDF<\/a>.<\/em><\/p>\n<p><img loading=\"lazy\" decoding=\"async\" class=\"alignnone wp-image-157788 size-large\" src=\"https:\/\/focus-d7op8.kinsta.storage\/production\/uploads\/sites\/5\/2025\/10\/newsletter-graph_7-oct-2025-1024x535.png\" alt=\"\" width=\"1024\" height=\"535\" srcset=\"https:\/\/focus-d7op8.kinsta.storage\/staging\/uploads\/sites\/5\/2025\/10\/newsletter-graph_7-oct-2025-1024x535.png 1024w, https:\/\/focus-d7op8.kinsta.storage\/staging\/uploads\/sites\/5\/2025\/10\/newsletter-graph_7-oct-2025-300x157.png 300w, https:\/\/focus-d7op8.kinsta.storage\/staging\/uploads\/sites\/5\/2025\/10\/newsletter-graph_7-oct-2025-768x401.png 768w, https:\/\/focus-d7op8.kinsta.storage\/staging\/uploads\/sites\/5\/2025\/10\/newsletter-graph_7-oct-2025-1536x803.png 1536w, https:\/\/focus-d7op8.kinsta.storage\/staging\/uploads\/sites\/5\/2025\/10\/newsletter-graph_7-oct-2025-2048x1070.png 2048w\" sizes=\"auto, (max-width: 1024px) 100vw, 1024px\" \/><\/p>\n<p><strong>Perspectivas de nuestros panelistas:<\/strong><\/p>\n<p>Sobre las perspectivas para la econom\u00eda latinoamericana, los analistas de EIU afirmaron: \u201cEl crecimiento econ\u00f3mico regional se desacelerar\u00e1 al 2% en 2025-26, ya que las consecuencias del proteccionismo estadounidense, incluida la incertidumbre que genera, frenar\u00e1n el comercio y la inversi\u00f3n en Am\u00e9rica Latina. La econom\u00eda de M\u00e9xico ser\u00e1 la m\u00e1s afectada, dados sus estrechos v\u00ednculos con Estados Unidos, mientras que el impacto en Brasil y otros exportadores de materias primas sudamericanos se ver\u00e1 parcialmente compensado por sus mayores relaciones comerciales con China. La recuperaci\u00f3n de la econom\u00eda argentina tras dos a\u00f1os de recesi\u00f3n se ha topado con dificultades recientemente, pero deber\u00eda reanudarse tras las promesas de asistencia financiera de Estados Unidos y suponiendo que el partido gobernante del presidente Javier Milei fortalezca su posici\u00f3n legislativa en las elecciones de mitad de mandato de octubre. Las oportunidades en Am\u00e9rica Latina en minerales cr\u00edticos, energ\u00eda e infraestructura seguir\u00e1n siendo atractivas para los inversores\u201d.<\/p>\n<p><strong>Nuestro \u00faltimo an\u00e1lisis:<\/strong><\/p>\n<p>Las ventas minoristas en EE. UU. superaron las expectativas en agosto.<\/p>\n<p>La producci\u00f3n de petr\u00f3leo de Nigeria disminuy\u00f3 en agosto.<\/p>\n","protected":false},"excerpt":{"rendered":"<p>Read in English Descargue nuestro informe gratuito en PDF, que profundiza en el an\u00e1lisis a continuaci\u00f3n y lo complementa con gr\u00e1ficos, citas de economistas destacados y otras previsiones clave para la regi\u00f3n. La econom\u00eda regional ha mostrado una debilidad reciente: la econom\u00eda de Am\u00e9rica Latina creci\u00f3 un promedio de tan solo el 1,4 % en<\/p>\n","protected":false},"author":8,"featured_media":157732,"comment_status":"closed","ping_status":"closed","sticky":false,"template":"","format":"standard","meta":{"_acf_changed":false,"editor_notices":[],"footnotes":""},"categories":[1],"tags":[1802,1880],"class_list":["post-157731","post","type-post","status-publish","format-standard","has-post-thumbnail","hentry","category-uncategorized","tag-pib","tag-america-latina"],"acf":[],"yoast_head":"<!-- This site is optimized with the Yoast SEO Premium plugin v26.9 (Yoast SEO v26.9) - https:\/\/yoast.com\/product\/yoast-seo-premium-wordpress\/ -->\n<title>Un diamante en bruto: \u00bfAlcanzar\u00e1 Am\u00e9rica Latina finalmente su potencial? - FocusEconomics [ES]<\/title>\n<meta name=\"robots\" content=\"noindex, follow, max-snippet:-1, max-image-preview:large, max-video-preview:-1\" \/>\n<meta property=\"og:locale\" content=\"es_ES\" class=\"yoast-seo-meta-tag\" \/>\n<meta property=\"og:type\" content=\"article\" class=\"yoast-seo-meta-tag\" \/>\n<meta property=\"og:title\" content=\"Un diamante en bruto: \u00bfAlcanzar\u00e1 Am\u00e9rica Latina finalmente su potencial?\" class=\"yoast-seo-meta-tag\" \/>\n<meta property=\"og:description\" content=\"Read in English Descargue nuestro informe gratuito en PDF, que profundiza en el an\u00e1lisis a continuaci\u00f3n y lo complementa con gr\u00e1ficos, citas de economistas destacados y otras previsiones clave para la regi\u00f3n. La econom\u00eda regional ha mostrado una debilidad reciente: la econom\u00eda de Am\u00e9rica Latina creci\u00f3 un promedio de tan solo el 1,4 % en\" class=\"yoast-seo-meta-tag\" \/>\n<meta property=\"og:url\" content=\"https:\/\/focus.s.nomatter.dev\/es\/blog\/un-diamante-en-bruto-alcanzara-america-latina-finalmente-su-potencial\/\" class=\"yoast-seo-meta-tag\" \/>\n<meta property=\"og:site_name\" content=\"FocusEconomics [ES]\" class=\"yoast-seo-meta-tag\" \/>\n<meta property=\"article:publisher\" content=\"https:\/\/www.facebook.com\/FocusEconomics\" class=\"yoast-seo-meta-tag\" \/>\n<meta property=\"article:published_time\" content=\"2025-10-07T10:54:14+00:00\" class=\"yoast-seo-meta-tag\" \/>\n<meta property=\"article:modified_time\" content=\"2025-10-07T11:01:40+00:00\" class=\"yoast-seo-meta-tag\" \/>\n<meta property=\"og:image\" content=\"https:\/\/focus.nm-img.net\/uploads\/sites\/5\/2025\/10\/image-for-newsletter-article-linkdein_07-Oct-2025.jpg\" class=\"yoast-seo-meta-tag\" \/>\n\t<meta property=\"og:image:width\" content=\"1024\" class=\"yoast-seo-meta-tag\" \/>\n\t<meta property=\"og:image:height\" content=\"683\" class=\"yoast-seo-meta-tag\" \/>\n\t<meta property=\"og:image:type\" content=\"image\/jpeg\" class=\"yoast-seo-meta-tag\" \/>\n<meta name=\"author\" content=\"Miriam Dowd\" class=\"yoast-seo-meta-tag\" \/>\n<meta name=\"twitter:card\" content=\"summary_large_image\" class=\"yoast-seo-meta-tag\" \/>\n<meta name=\"twitter:creator\" content=\"@FocusEconomics\" class=\"yoast-seo-meta-tag\" \/>\n<meta name=\"twitter:site\" content=\"@FocusEconomics\" class=\"yoast-seo-meta-tag\" \/>\n<meta name=\"twitter:label1\" content=\"Escrito por\" class=\"yoast-seo-meta-tag\" \/>\n\t<meta name=\"twitter:data1\" content=\"Miriam Dowd\" class=\"yoast-seo-meta-tag\" \/>\n\t<meta name=\"twitter:label2\" content=\"Tiempo de lectura\" class=\"yoast-seo-meta-tag\" \/>\n\t<meta name=\"twitter:data2\" content=\"4 minutos\" class=\"yoast-seo-meta-tag\" \/>\n<script type=\"application\/ld+json\" class=\"yoast-schema-graph\">{\"@context\":\"https:\/\/schema.org\",\"@graph\":[{\"@type\":\"Article\",\"@id\":\"https:\/\/focus.s.nomatter.dev\/es\/blog\/un-diamante-en-bruto-alcanzara-america-latina-finalmente-su-potencial\/#article\",\"isPartOf\":{\"@id\":\"https:\/\/focus.s.nomatter.dev\/es\/blog\/un-diamante-en-bruto-alcanzara-america-latina-finalmente-su-potencial\/\"},\"author\":{\"name\":\"Miriam Dowd\",\"@id\":\"https:\/\/focus.s.nomatter.dev\/es\/#\/schema\/person\/a6ea9596e6e69459f9f8a56cabc2c5c7\"},\"headline\":\"Un diamante en bruto: \u00bfAlcanzar\u00e1 Am\u00e9rica Latina finalmente su potencial?\",\"datePublished\":\"2025-10-07T10:54:14+00:00\",\"dateModified\":\"2025-10-07T11:01:40+00:00\",\"mainEntityOfPage\":{\"@id\":\"https:\/\/focus.s.nomatter.dev\/es\/blog\/un-diamante-en-bruto-alcanzara-america-latina-finalmente-su-potencial\/\"},\"wordCount\":729,\"publisher\":{\"@id\":\"https:\/\/focus.s.nomatter.dev\/es\/#organization\"},\"image\":{\"@id\":\"https:\/\/focus.s.nomatter.dev\/es\/blog\/un-diamante-en-bruto-alcanzara-america-latina-finalmente-su-potencial\/#primaryimage\"},\"thumbnailUrl\":\"https:\/\/focus-stg.nm-img.net\/uploads\/sites\/5\/2025\/10\/image-for-newsletter-article-linkdein_07-Oct-2025.jpg\",\"keywords\":[\"PIB\",\"Am\u00e9rica Latina\"],\"articleSection\":[\"Uncategorized\"],\"inLanguage\":\"es\"},{\"@type\":\"WebPage\",\"@id\":\"https:\/\/focus.s.nomatter.dev\/es\/blog\/un-diamante-en-bruto-alcanzara-america-latina-finalmente-su-potencial\/\",\"url\":\"https:\/\/focus.s.nomatter.dev\/es\/blog\/un-diamante-en-bruto-alcanzara-america-latina-finalmente-su-potencial\/\",\"name\":\"Un diamante en bruto: \u00bfAlcanzar\u00e1 Am\u00e9rica Latina finalmente su potencial? - FocusEconomics [ES]\",\"isPartOf\":{\"@id\":\"https:\/\/focus.s.nomatter.dev\/es\/#website\"},\"primaryImageOfPage\":{\"@id\":\"https:\/\/focus.s.nomatter.dev\/es\/blog\/un-diamante-en-bruto-alcanzara-america-latina-finalmente-su-potencial\/#primaryimage\"},\"image\":{\"@id\":\"https:\/\/focus.s.nomatter.dev\/es\/blog\/un-diamante-en-bruto-alcanzara-america-latina-finalmente-su-potencial\/#primaryimage\"},\"thumbnailUrl\":\"https:\/\/focus-stg.nm-img.net\/uploads\/sites\/5\/2025\/10\/image-for-newsletter-article-linkdein_07-Oct-2025.jpg\",\"datePublished\":\"2025-10-07T10:54:14+00:00\",\"dateModified\":\"2025-10-07T11:01:40+00:00\",\"breadcrumb\":{\"@id\":\"https:\/\/focus.s.nomatter.dev\/es\/blog\/un-diamante-en-bruto-alcanzara-america-latina-finalmente-su-potencial\/#breadcrumb\"},\"inLanguage\":\"es\",\"potentialAction\":[{\"@type\":\"ReadAction\",\"target\":[\"https:\/\/focus.s.nomatter.dev\/es\/blog\/un-diamante-en-bruto-alcanzara-america-latina-finalmente-su-potencial\/\"]}]},{\"@type\":\"ImageObject\",\"inLanguage\":\"es\",\"@id\":\"https:\/\/focus.s.nomatter.dev\/es\/blog\/un-diamante-en-bruto-alcanzara-america-latina-finalmente-su-potencial\/#primaryimage\",\"url\":\"https:\/\/focus-stg.nm-img.net\/uploads\/sites\/5\/2025\/10\/image-for-newsletter-article-linkdein_07-Oct-2025.jpg\",\"contentUrl\":\"https:\/\/focus-stg.nm-img.net\/uploads\/sites\/5\/2025\/10\/image-for-newsletter-article-linkdein_07-Oct-2025.jpg\",\"width\":1024,\"height\":683},{\"@type\":\"BreadcrumbList\",\"@id\":\"https:\/\/focus.s.nomatter.dev\/es\/blog\/un-diamante-en-bruto-alcanzara-america-latina-finalmente-su-potencial\/#breadcrumb\",\"itemListElement\":[{\"@type\":\"ListItem\",\"position\":1,\"name\":\"Home\",\"item\":\"https:\/\/focus.s.nomatter.dev\/es\/\"},{\"@type\":\"ListItem\",\"position\":2,\"name\":\"Un diamante en bruto: \u00bfAlcanzar\u00e1 Am\u00e9rica Latina finalmente su potencial?\"}]},{\"@type\":\"WebSite\",\"@id\":\"https:\/\/focus.s.nomatter.dev\/es\/#website\",\"url\":\"https:\/\/focus.s.nomatter.dev\/es\/\",\"name\":\"FocusEconomics\",\"description\":\"Economic Indicators, News and Forecasts\",\"publisher\":{\"@id\":\"https:\/\/focus.s.nomatter.dev\/es\/#organization\"},\"potentialAction\":[{\"@type\":\"SearchAction\",\"target\":{\"@type\":\"EntryPoint\",\"urlTemplate\":\"https:\/\/focus.s.nomatter.dev\/es\/search-results\/?global-search={search_term_string}\"},\"query-input\":{\"@type\":\"PropertyValueSpecification\",\"valueRequired\":true,\"valueName\":\"search_term_string\"}}],\"inLanguage\":\"es\"},{\"@type\":\"Organization\",\"@id\":\"https:\/\/focus.s.nomatter.dev\/es\/#organization\",\"name\":\"FocusEconomics\",\"url\":\"https:\/\/focus.s.nomatter.dev\/es\/\",\"logo\":{\"@type\":\"ImageObject\",\"inLanguage\":\"es\",\"@id\":\"https:\/\/focus.s.nomatter.dev\/es\/#\/schema\/logo\/image\/\",\"url\":\"https:\/\/focus-d7op8.kinsta.storage\/production\/uploads\/sites\/5\/2022\/08\/logo.svg\",\"contentUrl\":\"https:\/\/focus-d7op8.kinsta.storage\/production\/uploads\/sites\/5\/2022\/08\/logo.svg\",\"width\":277,\"height\":54,\"caption\":\"FocusEconomics\"},\"image\":{\"@id\":\"https:\/\/focus.s.nomatter.dev\/es\/#\/schema\/logo\/image\/\"},\"sameAs\":[\"https:\/\/www.facebook.com\/FocusEconomics\",\"https:\/\/x.com\/FocusEconomics\"]},{\"@type\":\"Person\",\"@id\":\"https:\/\/focus.s.nomatter.dev\/es\/#\/schema\/person\/a6ea9596e6e69459f9f8a56cabc2c5c7\",\"name\":\"Miriam Dowd\"}]}<\/script>\n<!-- \/ Yoast SEO Premium plugin. -->","yoast_head_json":{"title":"Un diamante en bruto: \u00bfAlcanzar\u00e1 Am\u00e9rica Latina finalmente su potencial? - FocusEconomics [ES]","robots":{"index":"noindex","follow":"follow","max-snippet":"max-snippet:-1","max-image-preview":"max-image-preview:large","max-video-preview":"max-video-preview:-1"},"og_locale":"es_ES","og_type":"article","og_title":"Un diamante en bruto: \u00bfAlcanzar\u00e1 Am\u00e9rica Latina finalmente su potencial?","og_description":"Read in English Descargue nuestro informe gratuito en PDF, que profundiza en el an\u00e1lisis a continuaci\u00f3n y lo complementa con gr\u00e1ficos, citas de economistas destacados y otras previsiones clave para la regi\u00f3n. La econom\u00eda regional ha mostrado una debilidad reciente: la econom\u00eda de Am\u00e9rica Latina creci\u00f3 un promedio de tan solo el 1,4 % en","og_url":"https:\/\/focus.s.nomatter.dev\/es\/blog\/un-diamante-en-bruto-alcanzara-america-latina-finalmente-su-potencial\/","og_site_name":"FocusEconomics [ES]","article_publisher":"https:\/\/www.facebook.com\/FocusEconomics","article_published_time":"2025-10-07T10:54:14+00:00","article_modified_time":"2025-10-07T11:01:40+00:00","og_image":[{"width":1024,"height":683,"url":"https:\/\/focus.nm-img.net\/uploads\/sites\/5\/2025\/10\/image-for-newsletter-article-linkdein_07-Oct-2025.jpg","type":"image\/jpeg"}],"author":"Miriam Dowd","twitter_card":"summary_large_image","twitter_creator":"@FocusEconomics","twitter_site":"@FocusEconomics","twitter_misc":{"Escrito por":"Miriam Dowd","Tiempo de lectura":"4 minutos"},"schema":{"@context":"https:\/\/schema.org","@graph":[{"@type":"Article","@id":"https:\/\/focus.s.nomatter.dev\/es\/blog\/un-diamante-en-bruto-alcanzara-america-latina-finalmente-su-potencial\/#article","isPartOf":{"@id":"https:\/\/focus.s.nomatter.dev\/es\/blog\/un-diamante-en-bruto-alcanzara-america-latina-finalmente-su-potencial\/"},"author":{"name":"Miriam Dowd","@id":"https:\/\/focus.s.nomatter.dev\/es\/#\/schema\/person\/a6ea9596e6e69459f9f8a56cabc2c5c7"},"headline":"Un diamante en bruto: \u00bfAlcanzar\u00e1 Am\u00e9rica Latina finalmente su potencial?","datePublished":"2025-10-07T10:54:14+00:00","dateModified":"2025-10-07T11:01:40+00:00","mainEntityOfPage":{"@id":"https:\/\/focus.s.nomatter.dev\/es\/blog\/un-diamante-en-bruto-alcanzara-america-latina-finalmente-su-potencial\/"},"wordCount":729,"publisher":{"@id":"https:\/\/focus.s.nomatter.dev\/es\/#organization"},"image":{"@id":"https:\/\/focus.s.nomatter.dev\/es\/blog\/un-diamante-en-bruto-alcanzara-america-latina-finalmente-su-potencial\/#primaryimage"},"thumbnailUrl":"https:\/\/focus-stg.nm-img.net\/uploads\/sites\/5\/2025\/10\/image-for-newsletter-article-linkdein_07-Oct-2025.jpg","keywords":["PIB","Am\u00e9rica Latina"],"articleSection":["Uncategorized"],"inLanguage":"es"},{"@type":"WebPage","@id":"https:\/\/focus.s.nomatter.dev\/es\/blog\/un-diamante-en-bruto-alcanzara-america-latina-finalmente-su-potencial\/","url":"https:\/\/focus.s.nomatter.dev\/es\/blog\/un-diamante-en-bruto-alcanzara-america-latina-finalmente-su-potencial\/","name":"Un diamante en bruto: \u00bfAlcanzar\u00e1 Am\u00e9rica Latina finalmente su potencial? - FocusEconomics [ES]","isPartOf":{"@id":"https:\/\/focus.s.nomatter.dev\/es\/#website"},"primaryImageOfPage":{"@id":"https:\/\/focus.s.nomatter.dev\/es\/blog\/un-diamante-en-bruto-alcanzara-america-latina-finalmente-su-potencial\/#primaryimage"},"image":{"@id":"https:\/\/focus.s.nomatter.dev\/es\/blog\/un-diamante-en-bruto-alcanzara-america-latina-finalmente-su-potencial\/#primaryimage"},"thumbnailUrl":"https:\/\/focus-stg.nm-img.net\/uploads\/sites\/5\/2025\/10\/image-for-newsletter-article-linkdein_07-Oct-2025.jpg","datePublished":"2025-10-07T10:54:14+00:00","dateModified":"2025-10-07T11:01:40+00:00","breadcrumb":{"@id":"https:\/\/focus.s.nomatter.dev\/es\/blog\/un-diamante-en-bruto-alcanzara-america-latina-finalmente-su-potencial\/#breadcrumb"},"inLanguage":"es","potentialAction":[{"@type":"ReadAction","target":["https:\/\/focus.s.nomatter.dev\/es\/blog\/un-diamante-en-bruto-alcanzara-america-latina-finalmente-su-potencial\/"]}]},{"@type":"ImageObject","inLanguage":"es","@id":"https:\/\/focus.s.nomatter.dev\/es\/blog\/un-diamante-en-bruto-alcanzara-america-latina-finalmente-su-potencial\/#primaryimage","url":"https:\/\/focus-stg.nm-img.net\/uploads\/sites\/5\/2025\/10\/image-for-newsletter-article-linkdein_07-Oct-2025.jpg","contentUrl":"https:\/\/focus-stg.nm-img.net\/uploads\/sites\/5\/2025\/10\/image-for-newsletter-article-linkdein_07-Oct-2025.jpg","width":1024,"height":683},{"@type":"BreadcrumbList","@id":"https:\/\/focus.s.nomatter.dev\/es\/blog\/un-diamante-en-bruto-alcanzara-america-latina-finalmente-su-potencial\/#breadcrumb","itemListElement":[{"@type":"ListItem","position":1,"name":"Home","item":"https:\/\/focus.s.nomatter.dev\/es\/"},{"@type":"ListItem","position":2,"name":"Un diamante en bruto: \u00bfAlcanzar\u00e1 Am\u00e9rica Latina finalmente su potencial?"}]},{"@type":"WebSite","@id":"https:\/\/focus.s.nomatter.dev\/es\/#website","url":"https:\/\/focus.s.nomatter.dev\/es\/","name":"FocusEconomics","description":"Economic Indicators, News and Forecasts","publisher":{"@id":"https:\/\/focus.s.nomatter.dev\/es\/#organization"},"potentialAction":[{"@type":"SearchAction","target":{"@type":"EntryPoint","urlTemplate":"https:\/\/focus.s.nomatter.dev\/es\/search-results\/?global-search={search_term_string}"},"query-input":{"@type":"PropertyValueSpecification","valueRequired":true,"valueName":"search_term_string"}}],"inLanguage":"es"},{"@type":"Organization","@id":"https:\/\/focus.s.nomatter.dev\/es\/#organization","name":"FocusEconomics","url":"https:\/\/focus.s.nomatter.dev\/es\/","logo":{"@type":"ImageObject","inLanguage":"es","@id":"https:\/\/focus.s.nomatter.dev\/es\/#\/schema\/logo\/image\/","url":"https:\/\/focus-d7op8.kinsta.storage\/production\/uploads\/sites\/5\/2022\/08\/logo.svg","contentUrl":"https:\/\/focus-d7op8.kinsta.storage\/production\/uploads\/sites\/5\/2022\/08\/logo.svg","width":277,"height":54,"caption":"FocusEconomics"},"image":{"@id":"https:\/\/focus.s.nomatter.dev\/es\/#\/schema\/logo\/image\/"},"sameAs":["https:\/\/www.facebook.com\/FocusEconomics","https:\/\/x.com\/FocusEconomics"]},{"@type":"Person","@id":"https:\/\/focus.s.nomatter.dev\/es\/#\/schema\/person\/a6ea9596e6e69459f9f8a56cabc2c5c7","name":"Miriam Dowd"}]}},"_links":{"self":[{"href":"https:\/\/focus.s.nomatter.dev\/es\/wp-json\/wp\/v2\/posts\/157731","targetHints":{"allow":["GET"]}}],"collection":[{"href":"https:\/\/focus.s.nomatter.dev\/es\/wp-json\/wp\/v2\/posts"}],"about":[{"href":"https:\/\/focus.s.nomatter.dev\/es\/wp-json\/wp\/v2\/types\/post"}],"author":[{"embeddable":true,"href":"https:\/\/focus.s.nomatter.dev\/es\/wp-json\/wp\/v2\/users\/8"}],"replies":[{"embeddable":true,"href":"https:\/\/focus.s.nomatter.dev\/es\/wp-json\/wp\/v2\/comments?post=157731"}],"version-history":[{"count":5,"href":"https:\/\/focus.s.nomatter.dev\/es\/wp-json\/wp\/v2\/posts\/157731\/revisions"}],"predecessor-version":[{"id":157791,"href":"https:\/\/focus.s.nomatter.dev\/es\/wp-json\/wp\/v2\/posts\/157731\/revisions\/157791"}],"wp:featuredmedia":[{"embeddable":true,"href":"https:\/\/focus.s.nomatter.dev\/es\/wp-json\/wp\/v2\/media\/157732"}],"wp:attachment":[{"href":"https:\/\/focus.s.nomatter.dev\/es\/wp-json\/wp\/v2\/media?parent=157731"}],"wp:term":[{"taxonomy":"category","embeddable":true,"href":"https:\/\/focus.s.nomatter.dev\/es\/wp-json\/wp\/v2\/categories?post=157731"},{"taxonomy":"post_tag","embeddable":true,"href":"https:\/\/focus.s.nomatter.dev\/es\/wp-json\/wp\/v2\/tags?post=157731"}],"curies":[{"name":"wp","href":"https:\/\/api.w.org\/{rel}","templated":true}]}}