{"id":158299,"date":"2025-11-25T10:50:37","date_gmt":"2025-11-25T10:50:37","guid":{"rendered":"https:\/\/focus.s.nomatter.dev\/es\/?p=158299"},"modified":"2025-11-25T11:30:24","modified_gmt":"2025-11-25T11:30:24","slug":"que-le-espera-a-los-mercados-emergentes-en-2026","status":"publish","type":"post","link":"https:\/\/focus.s.nomatter.dev\/es\/blog\/que-le-espera-a-los-mercados-emergentes-en-2026\/","title":{"rendered":"\u00bfQu\u00e9 le espera a los mercados emergentes en 2026?"},"content":{"rendered":"<p data-start=\"124\" data-end=\"469\"><a href=\"https:\/\/focus.s.nomatter.dev\/blog\/whats-in-store-for-emerging-markets-in-2026\/\"><em>Read in English<\/em><\/a><\/p>\n<p data-start=\"124\" data-end=\"469\">En <a href=\"https:\/\/focus.s.nomatter.dev\/es\/blog\/mercados-emergentes-2026\/\">nuestro informe especial<\/a>, analizamos en profundidad las perspectivas de nuestros panelistas para las econom\u00edas emergentes el pr\u00f3ximo a\u00f1o, examinando las previsiones de PIB por regiones completas y pa\u00edses individuales, as\u00ed como las principales tendencias, impulsores y riesgos. A continuaci\u00f3n se muestra un resumen de esas proyecciones.<\/p>\n<p data-start=\"471\" data-end=\"962\"><strong data-start=\"471\" data-end=\"489\">Asia-Pac\u00edfico:<\/strong> Como ha ocurrido en las \u00faltimas d\u00e9cadas, Asia-Pac\u00edfico ser\u00e1 una de las regiones econ\u00f3micas de m\u00e1s r\u00e1pido crecimiento en 2026. Entre los factores de apoyo se encuentran el turismo, la fuerte presencia de la regi\u00f3n en sectores din\u00e1micos como las tecnolog\u00edas de la informaci\u00f3n y la electr\u00f3nica, la formulaci\u00f3n de pol\u00edticas favorables a los negocios, unos niveles educativos elevados en comparaci\u00f3n con muchos otros mercados emergentes y un crecimiento poblacional a\u00fan s\u00f3lido.<\/p>\n<p data-start=\"964\" data-end=\"1504\"><strong data-start=\"964\" data-end=\"983\">Am\u00e9rica Latina:<\/strong> Se prev\u00e9 que Am\u00e9rica Latina sea la regi\u00f3n de mercados emergentes de menor crecimiento en 2026. Esto se debe en parte a su relativamente alto PIB per c\u00e1pita \u2014la regi\u00f3n est\u00e1 compuesta en gran medida por pa\u00edses de ingresos medios y altos seg\u00fan la definici\u00f3n del Banco Mundial\u2014, lo que reduce el margen para un r\u00e1pido crecimiento por convergencia. Adem\u00e1s, la regi\u00f3n se ver\u00e1 lastrada por la inestabilidad pol\u00edtica, sistemas educativos deficientes, corrupci\u00f3n, violencia y una escasa presencia en sectores de alto crecimiento.<\/p>\n<p data-start=\"1506\" data-end=\"2041\"><strong data-start=\"1506\" data-end=\"1530\">\u00c1frica Subsahariana:<\/strong> \u00c1frica Subsahariana (ASS) deber\u00eda superar ligeramente a Asia-Pac\u00edfico como la regi\u00f3n de mayor crecimiento del mundo el pr\u00f3ximo a\u00f1o, con un aumento del 4,1%, una tendencia que se espera contin\u00fae a lo largo de nuestro horizonte de previsi\u00f3n. Un factor clave que respalda el desempe\u00f1o de ASS es la tasa de expansi\u00f3n demogr\u00e1fica m\u00e1s r\u00e1pida del mundo; para el pr\u00f3ximo a\u00f1o, se prev\u00e9 un crecimiento del 2,4% anual. Por ello, se estima que la producci\u00f3n regional por habitante solo aumente a un ritmo moderado en 2026.<\/p>\n<p data-start=\"2043\" data-end=\"2512\"><strong data-start=\"2043\" data-end=\"2079\">Oriente Medio y Norte de \u00c1frica:<\/strong> Se espera que la econom\u00eda de Oriente Medio y Norte de \u00c1frica (MENA) se expanda en 2026 al ritmo m\u00e1s r\u00e1pido desde la recuperaci\u00f3n pospandemia. Un factor fundamental ser\u00e1 el aumento de las cuotas de producci\u00f3n petrolera de la OPEP. Aunque el cartel recientemente paus\u00f3 los incrementos de producci\u00f3n en el primer trimestre de 2026, los niveles permitidos para el conjunto del a\u00f1o deber\u00edan situarse claramente por encima de los de 2025.<\/p>\n<p data-start=\"2514\" data-end=\"3166\"><strong data-start=\"2514\" data-end=\"2549\">Europa Oriental y Asia Central:<\/strong> Seg\u00fan las previsiones de nuestros panelistas, Europa Oriental y Asia Central ser\u00e1 la segunda regi\u00f3n de mercados emergentes de menor crecimiento en 2026. Como en Am\u00e9rica Latina, esto se debe en parte a que muchas econom\u00edas de Europa Oriental \u2014especialmente las pertenecientes a la UE\u2014 est\u00e1n convergiendo o ya han convergido hacia niveles de PIB per c\u00e1pita de econom\u00edas desarrolladas, dejando menos margen para el crecimiento por convergencia. Adem\u00e1s, precios m\u00e1s moderados del crudo y el gas respecto a 2025 podr\u00edan convertirse en un lastre adicional al limitar el gasto p\u00fablico en los pa\u00edses exportadores de energ\u00eda.<\/p>\n<p data-start=\"2514\" data-end=\"3166\"><img loading=\"lazy\" decoding=\"async\" class=\"alignnone wp-image-158911 size-large\" src=\"https:\/\/focus.nm-img.net\/uploads\/sites\/5\/2025\/11\/image-1024x535.png\" alt=\"\" width=\"1024\" height=\"535\" srcset=\"https:\/\/focus-d7op8.kinsta.storage\/staging\/uploads\/sites\/5\/2025\/11\/image-1024x535.png 1024w, https:\/\/focus-d7op8.kinsta.storage\/staging\/uploads\/sites\/5\/2025\/11\/image-300x157.png 300w, https:\/\/focus-d7op8.kinsta.storage\/staging\/uploads\/sites\/5\/2025\/11\/image-768x401.png 768w, https:\/\/focus-d7op8.kinsta.storage\/staging\/uploads\/sites\/5\/2025\/11\/image-1536x803.png 1536w, https:\/\/focus-d7op8.kinsta.storage\/staging\/uploads\/sites\/5\/2025\/11\/image-2048x1070.png 2048w\" sizes=\"auto, (max-width: 1024px) 100vw, 1024px\" \/><\/p>\n<p data-start=\"2514\" data-end=\"3166\">\n<h3 data-start=\"3173\" data-end=\"3215\">Perspectivas de nuestros panelistas:<\/h3>\n<p data-start=\"3217\" data-end=\"3295\"><strong data-start=\"3217\" data-end=\"3295\">Sobre las previsiones para Am\u00e9rica Latina, los analistas de EIU se\u00f1alaron:<\/strong><\/p>\n<p data-start=\"3297\" data-end=\"4162\">\u201cEl impacto del proteccionismo de Estados Unidos \u2014incluida la incertidumbre que esto genera\u2014 atenuar\u00e1 el comercio y la inversi\u00f3n en Am\u00e9rica Latina. La econom\u00eda de M\u00e9xico ser\u00e1 la m\u00e1s afectada, dada su estrecha relaci\u00f3n con EE. UU., mientras que el efecto sobre Brasil y otros exportadores sudamericanos de materias primas se ver\u00e1 parcialmente compensado por sus mayores v\u00ednculos comerciales con China. La recuperaci\u00f3n de la econom\u00eda argentina tras una recesi\u00f3n de dos a\u00f1os, que enfrent\u00f3 obst\u00e1culos en el tercer trimestre, deber\u00eda reanudarse ahora tras la asistencia financiera de EE. UU. y los avances en el Congreso en las elecciones legislativas de medio mandato de octubre para el partido gobernante del presidente Javier Milei. Las oportunidades en Am\u00e9rica Latina en minerales cr\u00edticos, energ\u00eda e infraestructuras seguir\u00e1n siendo atractivas para los inversores.\u201d<\/p>\n<p data-start=\"4164\" data-end=\"4272\"><strong data-start=\"4164\" data-end=\"4272\">Sobre el impacto de los aranceles de EE. UU. en la econom\u00eda asi\u00e1tica, los analistas de Nomura indicaron:<\/strong><\/p>\n<p data-start=\"4274\" data-end=\"5444\">\u201cCon el aumento de los aranceles rec\u00edprocos del 10% en julio al 15\u201320% en agosto, es probable que se produzca una mayor compresi\u00f3n de m\u00e1rgenes en los pr\u00f3ximos meses. Medidas temporales como la reducci\u00f3n de costos y la disminuci\u00f3n de inventarios para retrasar un aumento de precios en EE. UU. no ser\u00e1n sostenibles a largo plazo. Esto coincide con lo observado en los resultados corporativos del segundo trimestre, donde las empresas advirtieron de nuevos impactos en los m\u00e1rgenes a medida que las medidas de ahorro alcanzan sus l\u00edmites. Los aranceles m\u00e1s elevados de EE. UU. han dejado a los exportadores asi\u00e1ticos ante una dif\u00edcil elecci\u00f3n: trasladar los costos crecientes y poner en riesgo su cuota de mercado en EE. UU., o absorberlos y asumir el golpe en su rentabilidad. Esto se ha visto agravado por la apreciaci\u00f3n de las monedas locales y las presiones competitivas sobre los precios. Las econom\u00edas con exportaciones de mayor valor a\u00f1adido y basadas en marcas tienden a mantener los precios estables durante m\u00e1s tiempo, sacrificando m\u00e1rgenes, mientras que los exportadores de bajo margen suelen trasladar los costos m\u00e1s r\u00e1pidamente, arriesgando su competitividad.\u201d<\/p>\n","protected":false},"excerpt":{"rendered":"<p>Read in English En nuestro informe especial, analizamos en profundidad las perspectivas de nuestros panelistas para las econom\u00edas emergentes el pr\u00f3ximo a\u00f1o, examinando las previsiones de PIB por regiones completas y pa\u00edses individuales, as\u00ed como las principales tendencias, impulsores y riesgos. A continuaci\u00f3n se muestra un resumen de esas proyecciones. Asia-Pac\u00edfico: Como ha ocurrido en<\/p>\n","protected":false},"author":8,"featured_media":0,"comment_status":"closed","ping_status":"closed","sticky":false,"template":"","format":"standard","meta":{"_acf_changed":false,"editor_notices":[],"footnotes":""},"categories":[1],"tags":[],"class_list":["post-158299","post","type-post","status-publish","format-standard","hentry","category-uncategorized"],"acf":[],"yoast_head":"<!-- This site is optimized with the Yoast SEO Premium plugin v26.9 (Yoast SEO v26.9) - https:\/\/yoast.com\/product\/yoast-seo-premium-wordpress\/ -->\n<title>\u00bfQu\u00e9 le espera a los mercados emergentes en 2026? - FocusEconomics [ES]<\/title>\n<meta name=\"robots\" content=\"noindex, follow, max-snippet:-1, max-image-preview:large, max-video-preview:-1\" \/>\n<meta property=\"og:locale\" content=\"es_ES\" class=\"yoast-seo-meta-tag\" \/>\n<meta property=\"og:type\" content=\"article\" class=\"yoast-seo-meta-tag\" \/>\n<meta property=\"og:title\" content=\"\u00bfQu\u00e9 le espera a los mercados emergentes en 2026?\" class=\"yoast-seo-meta-tag\" \/>\n<meta property=\"og:description\" content=\"Read in English En nuestro informe especial, analizamos en profundidad las perspectivas de nuestros panelistas para las econom\u00edas emergentes el pr\u00f3ximo a\u00f1o, examinando las previsiones de PIB por regiones completas y pa\u00edses individuales, as\u00ed como las principales tendencias, impulsores y riesgos. A continuaci\u00f3n se muestra un resumen de esas proyecciones. Asia-Pac\u00edfico: Como ha ocurrido en\" class=\"yoast-seo-meta-tag\" \/>\n<meta property=\"og:url\" content=\"https:\/\/focus.s.nomatter.dev\/es\/blog\/que-le-espera-a-los-mercados-emergentes-en-2026\/\" class=\"yoast-seo-meta-tag\" \/>\n<meta property=\"og:site_name\" content=\"FocusEconomics [ES]\" class=\"yoast-seo-meta-tag\" \/>\n<meta property=\"article:publisher\" content=\"https:\/\/www.facebook.com\/FocusEconomics\" class=\"yoast-seo-meta-tag\" \/>\n<meta property=\"article:published_time\" content=\"2025-11-25T10:50:37+00:00\" class=\"yoast-seo-meta-tag\" \/>\n<meta property=\"article:modified_time\" content=\"2025-11-25T11:30:24+00:00\" class=\"yoast-seo-meta-tag\" \/>\n<meta property=\"og:image\" content=\"https:\/\/focus-stg.nm-img.net\/uploads\/sites\/5\/2025\/11\/image.png\" class=\"yoast-seo-meta-tag\" \/>\n\t<meta property=\"og:image:width\" content=\"2400\" class=\"yoast-seo-meta-tag\" \/>\n\t<meta property=\"og:image:height\" content=\"1254\" class=\"yoast-seo-meta-tag\" \/>\n\t<meta property=\"og:image:type\" content=\"image\/png\" class=\"yoast-seo-meta-tag\" \/>\n<meta name=\"author\" content=\"Miriam Dowd\" class=\"yoast-seo-meta-tag\" \/>\n<meta name=\"twitter:card\" content=\"summary_large_image\" class=\"yoast-seo-meta-tag\" \/>\n<meta name=\"twitter:creator\" content=\"@FocusEconomics\" class=\"yoast-seo-meta-tag\" \/>\n<meta name=\"twitter:site\" content=\"@FocusEconomics\" class=\"yoast-seo-meta-tag\" \/>\n<meta name=\"twitter:label1\" content=\"Escrito por\" class=\"yoast-seo-meta-tag\" \/>\n\t<meta name=\"twitter:data1\" content=\"Miriam Dowd\" class=\"yoast-seo-meta-tag\" \/>\n\t<meta name=\"twitter:label2\" content=\"Tiempo de lectura\" class=\"yoast-seo-meta-tag\" \/>\n\t<meta name=\"twitter:data2\" content=\"4 minutos\" class=\"yoast-seo-meta-tag\" \/>\n<script type=\"application\/ld+json\" class=\"yoast-schema-graph\">{\"@context\":\"https:\/\/schema.org\",\"@graph\":[{\"@type\":\"Article\",\"@id\":\"https:\/\/focus.s.nomatter.dev\/es\/blog\/que-le-espera-a-los-mercados-emergentes-en-2026\/#article\",\"isPartOf\":{\"@id\":\"https:\/\/focus.s.nomatter.dev\/es\/blog\/que-le-espera-a-los-mercados-emergentes-en-2026\/\"},\"author\":{\"name\":\"Miriam Dowd\",\"@id\":\"https:\/\/focus.s.nomatter.dev\/es\/#\/schema\/person\/a6ea9596e6e69459f9f8a56cabc2c5c7\"},\"headline\":\"\u00bfQu\u00e9 le espera a los mercados emergentes en 2026?\",\"datePublished\":\"2025-11-25T10:50:37+00:00\",\"dateModified\":\"2025-11-25T11:30:24+00:00\",\"mainEntityOfPage\":{\"@id\":\"https:\/\/focus.s.nomatter.dev\/es\/blog\/que-le-espera-a-los-mercados-emergentes-en-2026\/\"},\"wordCount\":933,\"publisher\":{\"@id\":\"https:\/\/focus.s.nomatter.dev\/es\/#organization\"},\"image\":{\"@id\":\"https:\/\/focus.s.nomatter.dev\/es\/blog\/que-le-espera-a-los-mercados-emergentes-en-2026\/#primaryimage\"},\"thumbnailUrl\":\"https:\/\/focus.nm-img.net\/uploads\/sites\/5\/2025\/11\/image-1024x535.png\",\"articleSection\":[\"Uncategorized\"],\"inLanguage\":\"es\"},{\"@type\":\"WebPage\",\"@id\":\"https:\/\/focus.s.nomatter.dev\/es\/blog\/que-le-espera-a-los-mercados-emergentes-en-2026\/\",\"url\":\"https:\/\/focus.s.nomatter.dev\/es\/blog\/que-le-espera-a-los-mercados-emergentes-en-2026\/\",\"name\":\"\u00bfQu\u00e9 le espera a los mercados emergentes en 2026? - FocusEconomics [ES]\",\"isPartOf\":{\"@id\":\"https:\/\/focus.s.nomatter.dev\/es\/#website\"},\"primaryImageOfPage\":{\"@id\":\"https:\/\/focus.s.nomatter.dev\/es\/blog\/que-le-espera-a-los-mercados-emergentes-en-2026\/#primaryimage\"},\"image\":{\"@id\":\"https:\/\/focus.s.nomatter.dev\/es\/blog\/que-le-espera-a-los-mercados-emergentes-en-2026\/#primaryimage\"},\"thumbnailUrl\":\"https:\/\/focus.nm-img.net\/uploads\/sites\/5\/2025\/11\/image-1024x535.png\",\"datePublished\":\"2025-11-25T10:50:37+00:00\",\"dateModified\":\"2025-11-25T11:30:24+00:00\",\"breadcrumb\":{\"@id\":\"https:\/\/focus.s.nomatter.dev\/es\/blog\/que-le-espera-a-los-mercados-emergentes-en-2026\/#breadcrumb\"},\"inLanguage\":\"es\",\"potentialAction\":[{\"@type\":\"ReadAction\",\"target\":[\"https:\/\/focus.s.nomatter.dev\/es\/blog\/que-le-espera-a-los-mercados-emergentes-en-2026\/\"]}]},{\"@type\":\"ImageObject\",\"inLanguage\":\"es\",\"@id\":\"https:\/\/focus.s.nomatter.dev\/es\/blog\/que-le-espera-a-los-mercados-emergentes-en-2026\/#primaryimage\",\"url\":\"https:\/\/focus.nm-img.net\/uploads\/sites\/5\/2025\/11\/image-1024x535.png\",\"contentUrl\":\"https:\/\/focus.nm-img.net\/uploads\/sites\/5\/2025\/11\/image-1024x535.png\"},{\"@type\":\"BreadcrumbList\",\"@id\":\"https:\/\/focus.s.nomatter.dev\/es\/blog\/que-le-espera-a-los-mercados-emergentes-en-2026\/#breadcrumb\",\"itemListElement\":[{\"@type\":\"ListItem\",\"position\":1,\"name\":\"Home\",\"item\":\"https:\/\/focus.s.nomatter.dev\/es\/\"},{\"@type\":\"ListItem\",\"position\":2,\"name\":\"\u00bfQu\u00e9 le espera a los mercados emergentes en 2026?\"}]},{\"@type\":\"WebSite\",\"@id\":\"https:\/\/focus.s.nomatter.dev\/es\/#website\",\"url\":\"https:\/\/focus.s.nomatter.dev\/es\/\",\"name\":\"FocusEconomics\",\"description\":\"Economic Indicators, News and Forecasts\",\"publisher\":{\"@id\":\"https:\/\/focus.s.nomatter.dev\/es\/#organization\"},\"potentialAction\":[{\"@type\":\"SearchAction\",\"target\":{\"@type\":\"EntryPoint\",\"urlTemplate\":\"https:\/\/focus.s.nomatter.dev\/es\/search-results\/?global-search={search_term_string}\"},\"query-input\":{\"@type\":\"PropertyValueSpecification\",\"valueRequired\":true,\"valueName\":\"search_term_string\"}}],\"inLanguage\":\"es\"},{\"@type\":\"Organization\",\"@id\":\"https:\/\/focus.s.nomatter.dev\/es\/#organization\",\"name\":\"FocusEconomics\",\"url\":\"https:\/\/focus.s.nomatter.dev\/es\/\",\"logo\":{\"@type\":\"ImageObject\",\"inLanguage\":\"es\",\"@id\":\"https:\/\/focus.s.nomatter.dev\/es\/#\/schema\/logo\/image\/\",\"url\":\"https:\/\/focus-d7op8.kinsta.storage\/production\/uploads\/sites\/5\/2022\/08\/logo.svg\",\"contentUrl\":\"https:\/\/focus-d7op8.kinsta.storage\/production\/uploads\/sites\/5\/2022\/08\/logo.svg\",\"width\":277,\"height\":54,\"caption\":\"FocusEconomics\"},\"image\":{\"@id\":\"https:\/\/focus.s.nomatter.dev\/es\/#\/schema\/logo\/image\/\"},\"sameAs\":[\"https:\/\/www.facebook.com\/FocusEconomics\",\"https:\/\/x.com\/FocusEconomics\"]},{\"@type\":\"Person\",\"@id\":\"https:\/\/focus.s.nomatter.dev\/es\/#\/schema\/person\/a6ea9596e6e69459f9f8a56cabc2c5c7\",\"name\":\"Miriam Dowd\"}]}<\/script>\n<!-- \/ Yoast SEO Premium plugin. -->","yoast_head_json":{"title":"\u00bfQu\u00e9 le espera a los mercados emergentes en 2026? - FocusEconomics [ES]","robots":{"index":"noindex","follow":"follow","max-snippet":"max-snippet:-1","max-image-preview":"max-image-preview:large","max-video-preview":"max-video-preview:-1"},"og_locale":"es_ES","og_type":"article","og_title":"\u00bfQu\u00e9 le espera a los mercados emergentes en 2026?","og_description":"Read in English En nuestro informe especial, analizamos en profundidad las perspectivas de nuestros panelistas para las econom\u00edas emergentes el pr\u00f3ximo a\u00f1o, examinando las previsiones de PIB por regiones completas y pa\u00edses individuales, as\u00ed como las principales tendencias, impulsores y riesgos. A continuaci\u00f3n se muestra un resumen de esas proyecciones. Asia-Pac\u00edfico: Como ha ocurrido en","og_url":"https:\/\/focus.s.nomatter.dev\/es\/blog\/que-le-espera-a-los-mercados-emergentes-en-2026\/","og_site_name":"FocusEconomics [ES]","article_publisher":"https:\/\/www.facebook.com\/FocusEconomics","article_published_time":"2025-11-25T10:50:37+00:00","article_modified_time":"2025-11-25T11:30:24+00:00","og_image":[{"width":2400,"height":1254,"url":"https:\/\/focus-stg.nm-img.net\/uploads\/sites\/5\/2025\/11\/image.png","type":"image\/png"}],"author":"Miriam Dowd","twitter_card":"summary_large_image","twitter_creator":"@FocusEconomics","twitter_site":"@FocusEconomics","twitter_misc":{"Escrito por":"Miriam Dowd","Tiempo de lectura":"4 minutos"},"schema":{"@context":"https:\/\/schema.org","@graph":[{"@type":"Article","@id":"https:\/\/focus.s.nomatter.dev\/es\/blog\/que-le-espera-a-los-mercados-emergentes-en-2026\/#article","isPartOf":{"@id":"https:\/\/focus.s.nomatter.dev\/es\/blog\/que-le-espera-a-los-mercados-emergentes-en-2026\/"},"author":{"name":"Miriam Dowd","@id":"https:\/\/focus.s.nomatter.dev\/es\/#\/schema\/person\/a6ea9596e6e69459f9f8a56cabc2c5c7"},"headline":"\u00bfQu\u00e9 le espera a los mercados emergentes en 2026?","datePublished":"2025-11-25T10:50:37+00:00","dateModified":"2025-11-25T11:30:24+00:00","mainEntityOfPage":{"@id":"https:\/\/focus.s.nomatter.dev\/es\/blog\/que-le-espera-a-los-mercados-emergentes-en-2026\/"},"wordCount":933,"publisher":{"@id":"https:\/\/focus.s.nomatter.dev\/es\/#organization"},"image":{"@id":"https:\/\/focus.s.nomatter.dev\/es\/blog\/que-le-espera-a-los-mercados-emergentes-en-2026\/#primaryimage"},"thumbnailUrl":"https:\/\/focus.nm-img.net\/uploads\/sites\/5\/2025\/11\/image-1024x535.png","articleSection":["Uncategorized"],"inLanguage":"es"},{"@type":"WebPage","@id":"https:\/\/focus.s.nomatter.dev\/es\/blog\/que-le-espera-a-los-mercados-emergentes-en-2026\/","url":"https:\/\/focus.s.nomatter.dev\/es\/blog\/que-le-espera-a-los-mercados-emergentes-en-2026\/","name":"\u00bfQu\u00e9 le espera a los mercados emergentes en 2026? - FocusEconomics [ES]","isPartOf":{"@id":"https:\/\/focus.s.nomatter.dev\/es\/#website"},"primaryImageOfPage":{"@id":"https:\/\/focus.s.nomatter.dev\/es\/blog\/que-le-espera-a-los-mercados-emergentes-en-2026\/#primaryimage"},"image":{"@id":"https:\/\/focus.s.nomatter.dev\/es\/blog\/que-le-espera-a-los-mercados-emergentes-en-2026\/#primaryimage"},"thumbnailUrl":"https:\/\/focus.nm-img.net\/uploads\/sites\/5\/2025\/11\/image-1024x535.png","datePublished":"2025-11-25T10:50:37+00:00","dateModified":"2025-11-25T11:30:24+00:00","breadcrumb":{"@id":"https:\/\/focus.s.nomatter.dev\/es\/blog\/que-le-espera-a-los-mercados-emergentes-en-2026\/#breadcrumb"},"inLanguage":"es","potentialAction":[{"@type":"ReadAction","target":["https:\/\/focus.s.nomatter.dev\/es\/blog\/que-le-espera-a-los-mercados-emergentes-en-2026\/"]}]},{"@type":"ImageObject","inLanguage":"es","@id":"https:\/\/focus.s.nomatter.dev\/es\/blog\/que-le-espera-a-los-mercados-emergentes-en-2026\/#primaryimage","url":"https:\/\/focus.nm-img.net\/uploads\/sites\/5\/2025\/11\/image-1024x535.png","contentUrl":"https:\/\/focus.nm-img.net\/uploads\/sites\/5\/2025\/11\/image-1024x535.png"},{"@type":"BreadcrumbList","@id":"https:\/\/focus.s.nomatter.dev\/es\/blog\/que-le-espera-a-los-mercados-emergentes-en-2026\/#breadcrumb","itemListElement":[{"@type":"ListItem","position":1,"name":"Home","item":"https:\/\/focus.s.nomatter.dev\/es\/"},{"@type":"ListItem","position":2,"name":"\u00bfQu\u00e9 le espera a los mercados emergentes en 2026?"}]},{"@type":"WebSite","@id":"https:\/\/focus.s.nomatter.dev\/es\/#website","url":"https:\/\/focus.s.nomatter.dev\/es\/","name":"FocusEconomics","description":"Economic Indicators, News and Forecasts","publisher":{"@id":"https:\/\/focus.s.nomatter.dev\/es\/#organization"},"potentialAction":[{"@type":"SearchAction","target":{"@type":"EntryPoint","urlTemplate":"https:\/\/focus.s.nomatter.dev\/es\/search-results\/?global-search={search_term_string}"},"query-input":{"@type":"PropertyValueSpecification","valueRequired":true,"valueName":"search_term_string"}}],"inLanguage":"es"},{"@type":"Organization","@id":"https:\/\/focus.s.nomatter.dev\/es\/#organization","name":"FocusEconomics","url":"https:\/\/focus.s.nomatter.dev\/es\/","logo":{"@type":"ImageObject","inLanguage":"es","@id":"https:\/\/focus.s.nomatter.dev\/es\/#\/schema\/logo\/image\/","url":"https:\/\/focus-d7op8.kinsta.storage\/production\/uploads\/sites\/5\/2022\/08\/logo.svg","contentUrl":"https:\/\/focus-d7op8.kinsta.storage\/production\/uploads\/sites\/5\/2022\/08\/logo.svg","width":277,"height":54,"caption":"FocusEconomics"},"image":{"@id":"https:\/\/focus.s.nomatter.dev\/es\/#\/schema\/logo\/image\/"},"sameAs":["https:\/\/www.facebook.com\/FocusEconomics","https:\/\/x.com\/FocusEconomics"]},{"@type":"Person","@id":"https:\/\/focus.s.nomatter.dev\/es\/#\/schema\/person\/a6ea9596e6e69459f9f8a56cabc2c5c7","name":"Miriam Dowd"}]}},"_links":{"self":[{"href":"https:\/\/focus.s.nomatter.dev\/es\/wp-json\/wp\/v2\/posts\/158299","targetHints":{"allow":["GET"]}}],"collection":[{"href":"https:\/\/focus.s.nomatter.dev\/es\/wp-json\/wp\/v2\/posts"}],"about":[{"href":"https:\/\/focus.s.nomatter.dev\/es\/wp-json\/wp\/v2\/types\/post"}],"author":[{"embeddable":true,"href":"https:\/\/focus.s.nomatter.dev\/es\/wp-json\/wp\/v2\/users\/8"}],"replies":[{"embeddable":true,"href":"https:\/\/focus.s.nomatter.dev\/es\/wp-json\/wp\/v2\/comments?post=158299"}],"version-history":[{"count":7,"href":"https:\/\/focus.s.nomatter.dev\/es\/wp-json\/wp\/v2\/posts\/158299\/revisions"}],"predecessor-version":[{"id":158912,"href":"https:\/\/focus.s.nomatter.dev\/es\/wp-json\/wp\/v2\/posts\/158299\/revisions\/158912"}],"wp:attachment":[{"href":"https:\/\/focus.s.nomatter.dev\/es\/wp-json\/wp\/v2\/media?parent=158299"}],"wp:term":[{"taxonomy":"category","embeddable":true,"href":"https:\/\/focus.s.nomatter.dev\/es\/wp-json\/wp\/v2\/categories?post=158299"},{"taxonomy":"post_tag","embeddable":true,"href":"https:\/\/focus.s.nomatter.dev\/es\/wp-json\/wp\/v2\/tags?post=158299"}],"curies":[{"name":"wp","href":"https:\/\/api.w.org\/{rel}","templated":true}]}}