{"id":159301,"date":"2026-01-22T07:48:57","date_gmt":"2026-01-22T07:48:57","guid":{"rendered":"https:\/\/focus.s.nomatter.dev\/es\/?p=159301"},"modified":"2026-01-23T10:37:23","modified_gmt":"2026-01-23T10:37:23","slug":"maduro-se-ha-ido-que-creen-los-principales-economistas-que-ocurrira-a-continuacion","status":"publish","type":"post","link":"https:\/\/focus.s.nomatter.dev\/es\/blog\/maduro-se-ha-ido-que-creen-los-principales-economistas-que-ocurrira-a-continuacion\/","title":{"rendered":"Maduro se fue. \u00bfQu\u00e9 le depara el futuro a la econom\u00eda venezolana?"},"content":{"rendered":"<header>\n<h2>Qu\u00e9 pas\u00f3<\/h2>\n<\/header>\n<div>\n<div>A principios de enero, fuerzas especiales estadounidenses secuestraron al presidente venezolano Maduro y lo llevaron a Estados Unidos para enfrentar cargos. La vicepresidenta Delcy Rodr\u00edguez est\u00e1 ahora al mando del pa\u00eds latinoamericano, y el gobierno del presidente Trump pretende dictar la pol\u00edtica petrolera venezolana.<\/div>\n<p><\/p>\n<h2>El impacto en la econom\u00eda de Venezuela.<\/h2>\n<div><\/div>\n<div>El impacto inicial en\u00a0<u><a id=\"m_-632602121236425237OWA6a3eb55c-f944-d144-98fb-a41f4225b6d6\" href=\"https:\/\/focus.s.nomatter.dev\/countries\/venezuela\/\" target=\"_blank\" rel=\"noopener\" data-saferedirecturl=\"https:\/\/www.google.com\/url?q=https:\/\/focus.s.nomatter.dev\/countries\/venezuela\/&amp;source=gmail&amp;ust=1769245981630000&amp;usg=AOvVaw06GKgyO9jqsi7wxYc1cGox\">Venezuela<\/a><\/u>\u00a0ha sido sin duda negativo. El embargo estadounidense a las exportaciones petroleras sancionadas ha interrumpido ingresos vitales para el r\u00e9gimen y ha provocado una depreciaci\u00f3n acelerada del tipo de cambio;\u00a0<u><a id=\"m_-632602121236425237OWA92059049-300d-14ac-ab0f-aa1a93379d92\" href=\"https:\/\/focus.s.nomatter.dev\/country-indicator\/venezuela\/exchange-rate\/\" target=\"_blank\" rel=\"noopener\" data-saferedirecturl=\"https:\/\/www.google.com\/url?q=https:\/\/focus.s.nomatter.dev\/country-indicator\/venezuela\/exchange-rate\/&amp;source=gmail&amp;ust=1769245981630000&amp;usg=AOvVaw1ibn3NymfJH23d2AjZhovn\">el bol\u00edvar<\/a><\/u>\u00a0pas\u00f3 de 300 bol\u00edvares por d\u00f3lar estadounidense a principios de 2026 a 330 tras la captura de Maduro. Adem\u00e1s, muchos negocios cerraron temporalmente tras el ataque estadounidense por motivos de seguridad.<\/div>\n<p><\/p>\n<h2>El impacto en los mercados petroleros<\/h2>\n<div>Los precios del crudo Brent han subido m\u00e1s del 5% desde el ataque en Estados Unidos, pasando de alrededor de USD 60 por barril a cerca de USD 65. Esto se debe en parte al bloqueo estadounidense al\u00a0<u><a id=\"m_-632602121236425237OWAd8261fd9-74bf-246c-0aaf-06f1906ce121\" href=\"https:\/\/focus.s.nomatter.dev\/country-indicator\/venezuela\/oil\/\" target=\"_blank\" rel=\"noopener\" data-saferedirecturl=\"https:\/\/www.google.com\/url?q=https:\/\/focus.s.nomatter.dev\/country-indicator\/venezuela\/oil\/&amp;source=gmail&amp;ust=1769245981630000&amp;usg=AOvVaw2r-4O5eMnflJ_TLC37SEhH\">petr\u00f3leo venezolano<\/a><\/u>\u00a0sancionado , as\u00ed como a la inestabilidad social en Ir\u00e1n que amenaza la producci\u00f3n de petr\u00f3leo all\u00ed.<\/div>\n<p><\/p>\n<div><\/div>\n<div><strong>Natasha Kaneva y Lyuba Savinova de JPMorgan<\/strong> son optimistas sobre la futura producci\u00f3n de petr\u00f3leo de Venezuela:<\/div>\n<p><\/p>\n<div><\/div>\n<div><i>Venezuela podr\u00eda alcanzar, de forma realista, niveles de producci\u00f3n de 1,3 a 1,4 mbd en dos a\u00f1os tras una transici\u00f3n pol\u00edtica. Con nuevas inversiones y reformas institucionales importantes, la producci\u00f3n podr\u00eda alcanzar los 2,5 mbd en la pr\u00f3xima d\u00e9cada. Actualmente, la producci\u00f3n petrolera del pa\u00eds ronda los 750 mbd.<\/i><\/div>\n<p><\/p>\n<div><\/div>\n<div><strong>Los economistas de Goldman Sachs<\/strong> creen que los precios del petr\u00f3leo solo se ver\u00e1n afectados significativamente a partir de 2027:<\/div>\n<div><\/div>\n<p><\/p>\n<div><i>Una producci\u00f3n venezolana potencialmente mayor a largo plazo incrementa a\u00fan m\u00e1s los riesgos a la baja para nuestro pron\u00f3stico del precio del petr\u00f3leo para 2027 y a\u00f1os posteriores. Si bien Venezuela produjo aproximadamente 3 mb\/d en su punto m\u00e1ximo a mediados de la d\u00e9cada de 2000 y posee las mayores reservas probadas de petr\u00f3leo del mundo (aproximadamente una quinta parte de las reservas globales), creemos que cualquier recuperaci\u00f3n de la producci\u00f3n probablemente ser\u00e1 gradual y parcial, dado el deterioro de la infraestructura, y requerir\u00e1 fuertes incentivos para una inversi\u00f3n sustancial en exploraci\u00f3n y producci\u00f3n. Estimamos una baja de $4 en nuestro pron\u00f3stico base del precio del petr\u00f3leo Brent para 2030, de $80, en un escenario alcista donde la producci\u00f3n de crudo venezolano aumente a 2 mb\/d en 2030 (en comparaci\u00f3n con nuestro escenario base de 0,9 mb\/d).<\/i><\/div>\n<div><\/div>\n<p><\/p>\n<div><strong>Warren Patterson de ING<\/strong> coincide:<\/div>\n<div><\/div>\n<p><\/p>\n<div><i>Seguimos esperando que un mercado bien abastecido influya en los precios y seguimos pronosticando que el precio del Brent promediar\u00e1 57 d\u00f3lares por barril durante 2026. Mientras tanto, para 2027, existen riesgos a la baja para nuestro pron\u00f3stico de 62 d\u00f3lares por barril si empezamos a ver aumentos significativos de la oferta de Venezuela, aunque mucho depender\u00e1 tambi\u00e9n de la respuesta de la OPEP+.<\/i><\/div>\n<p>\n<\/div>\n<div><img loading=\"lazy\" decoding=\"async\" class=\"alignnone size-full wp-image-159420\" src=\"https:\/\/focus-d7op8.kinsta.storage\/production\/uploads\/sites\/5\/2026\/01\/brent-crude.webp\" alt=\"\" width=\"1200\" height=\"627\" srcset=\"https:\/\/focus-d7op8.kinsta.storage\/staging\/uploads\/sites\/5\/2026\/01\/brent-crude.webp 1200w, https:\/\/focus-d7op8.kinsta.storage\/staging\/uploads\/sites\/5\/2026\/01\/brent-crude-300x157.webp 300w, https:\/\/focus-d7op8.kinsta.storage\/staging\/uploads\/sites\/5\/2026\/01\/brent-crude-1024x535.webp 1024w, https:\/\/focus-d7op8.kinsta.storage\/staging\/uploads\/sites\/5\/2026\/01\/brent-crude-768x401.webp 768w\" sizes=\"auto, (max-width: 1200px) 100vw, 1200px\" \/><\/div>\n<p><\/p>\n<div><\/div>\n<div>\n<h2>Geopol\u00edtica<\/h2>\n<div>La captura de Maduro por parte de Estados Unidos ha suavizado, al menos por el momento, las relaciones entre la administraci\u00f3n Trump y Venezuela, permitiendo a Delcy Rodr\u00edguez dictar la pol\u00edtica petrolera venezolana. Sin embargo, las relaciones de Estados Unidos con China, Rusia y Latinoam\u00e9rica se han deteriorado como resultado.<\/div>\n<p><\/p>\n<div><\/div>\n<div>Adem\u00e1s, alentado por el \u00e9xito en Venezuela, Trump ahora anhela Groenlandia, amenazando con aranceles a las naciones europeas que lo bloqueen. La UE amenaza con aranceles de represalia a cambio. Una eventual ocupaci\u00f3n estadounidense de la isla \u00e1rtica destruir\u00eda d\u00e9cadas de cooperaci\u00f3n transatl\u00e1ntica y dar\u00eda paso a un mundo mucho m\u00e1s incierto. Por lo tanto, las consecuencias geopol\u00edticas del secuestro de Maduro podr\u00edan tener menos que ver con Venezuela en s\u00ed y m\u00e1s con lo que un presidente estadounidense envalentonado finalmente hizo.<\/div>\n<div><\/div>\n<p><\/p>\n<div>Sobre las perspectivas de supervivencia del r\u00e9gimen,\u00a0los<strong> analistas de EIU<\/strong> dijeron\u00a0:<\/div>\n<div><\/div>\n<p><\/p>\n<div><i>La supervivencia del r\u00e9gimen del PSUV ha dependido durante d\u00e9cadas del control de las fuerzas militares y de seguridad, encargadas de reprimir a la oposici\u00f3n. Es muy posible que la captura del Sr. Maduro haya sido facilitada por miembros de estas fuerzas, y las dudas sobre su lealtad aumentar\u00e1n a medida que reeval\u00faen su propia supervivencia ante la amenaza de nuevas acciones militares estadounidenses. Por lo tanto, no est\u00e1 claro cu\u00e1nto apoyo seguir\u00e1n brindando las fuerzas militares y de seguridad venezolanas a la Sra. Rodr\u00edguez ni por cu\u00e1nto tiempo.<\/i><\/div>\n<div><\/div>\n<p><\/p>\n<div><strong>Marc-Antoine Dumont, de Desjardins<\/strong>,\u00a0\u00a0se preocupa por un posible efecto domin\u00f3 producido por la intervenci\u00f3n:<\/div>\n<div><\/div>\n<p><\/p>\n<div><i>Estados Unidos podr\u00eda haber abierto la puerta a una nueva serie de acciones militares preocupantes. El regreso de la Doctrina Monroe implica una mayor presencia estadounidense e intervenciones m\u00e1s frecuentes en el hemisferio occidental, especialmente en Centroam\u00e9rica. Esto podr\u00eda impulsar a Rusia y China a tomar medidas similares. Esto corre el riesgo de aumentar la incertidumbre y la volatilidad del mercado y de aumentar el riesgo de una mayor segmentaci\u00f3n de la econom\u00eda global y las cadenas de suministro.<\/i><\/div>\n<div><\/div>\n<p><\/p>\n<div><strong>Taimur Baig, del Banco DBS<\/strong>,\u00a0\u00a0sospecha que la econom\u00eda y la pol\u00edtica mundiales seguir\u00e1n siendo inciertas este a\u00f1o:<\/div>\n<div><\/div>\n<p><\/p>\n<div><i>La afirmaci\u00f3n de la hegemon\u00eda estadounidense perjudica repetidamente el orden global basado en reglas y agrava la ya acentuada sensaci\u00f3n de incertidumbre geoecon\u00f3mica. De aqu\u00ed a las elecciones intermedias de noviembre en EE. UU., sospechamos que no habr\u00e1 respiro en este \u00e1mbito.<\/i><\/div>\n<div><\/div>\n<p><\/p>\n<div><strong>Naka Matsuzawa de Nomura<\/strong>\u00a0\u00a0cree que el impacto de la redada ser\u00e1 principalmente geopol\u00edtico:<\/div>\n<div><\/div>\n<p><\/p>\n<div><i>Dado que Venezuela representa una baja proporci\u00f3n de la producci\u00f3n de crudo, este autor considera que, al evaluar el impacto de la incursi\u00f3n militar estadounidense, la atenci\u00f3n se centrar\u00e1 menos en los precios del petr\u00f3leo que en los cambios en el equilibrio geopol\u00edtico general, en particular en las pol\u00edticas de China sobre Taiw\u00e1n y las de Rusia sobre Ucrania. Hasta el momento, China ha criticado el ataque militar estadounidense, alegando que viola el derecho internacional. Si parece que Estados Unidos se volver\u00e1 cada vez m\u00e1s aislacionista en el futuro, el aumento de los riesgos geopol\u00edticos globales podr\u00eda provocar una reversi\u00f3n de las operaciones de carry trade y restricciones a la inversi\u00f3n extranjera directa.<\/i><\/div>\n<p><\/p>\n<h2>La econom\u00eda de Venezuela hoy<\/h2>\n<div><\/div>\n<div>No existen datos gubernamentales fiables sobre la econom\u00eda. El Observatorio Financiero, un centro de estudios privado, estim\u00f3 que el PIB se contrajo un 2,7 % en el primer trimestre de 2025, con\u00a0<u><a id=\"m_-632602121236425237OWA893349d4-5f15-6a5d-602b-9eb7fa7aa845\" href=\"https:\/\/focus.s.nomatter.dev\/country-indicator\/venezuela\/inflation\/\" target=\"_blank\" rel=\"noopener\" data-saferedirecturl=\"https:\/\/www.google.com\/url?q=https:\/\/focus.s.nomatter.dev\/country-indicator\/venezuela\/inflation\/&amp;source=gmail&amp;ust=1769245981630000&amp;usg=AOvVaw1BkpxrGwc9foFCBPdjD_vW\">una inflaci\u00f3n venezolana<\/a><\/u>\u00a0del 170 % en abril del mismo a\u00f1o. Estos son los \u00faltimos datos disponibles, ya que las autoridades posteriormente tomaron medidas dr\u00e1sticas contra los analistas econ\u00f3micos privados. Nuestros panelistas prev\u00e9n que\u00a0<u><a id=\"m_-632602121236425237OWA0af1f589-b05f-faf4-dda2-23f5126a9380\" href=\"https:\/\/focus.s.nomatter.dev\/country-indicator\/venezuela\/gdp\/\" target=\"_blank\" rel=\"noopener\" data-saferedirecturl=\"https:\/\/www.google.com\/url?q=https:\/\/focus.s.nomatter.dev\/country-indicator\/venezuela\/gdp\/&amp;source=gmail&amp;ust=1769245981630000&amp;usg=AOvVaw0LovwazgUIrcHTZpjBS8n1\">la econom\u00eda<\/a><\/u>\u00a0se estancar\u00e1 pr\u00e1cticamente en 2025, con una inflaci\u00f3n promedio de alrededor del 180 % anual. En resumen: la econom\u00eda es un desastre, con\u00a0<u><a id=\"m_-632602121236425237OWA7b96d0a1-5c24-9c2d-9bfc-cb961f8af24b\" href=\"https:\/\/focus.s.nomatter.dev\/country-indicator\/venezuela\/gdp-per-capita-usd\/\" target=\"_blank\" rel=\"noopener\" data-saferedirecturl=\"https:\/\/www.google.com\/url?q=https:\/\/focus.s.nomatter.dev\/country-indicator\/venezuela\/gdp-per-capita-usd\/&amp;source=gmail&amp;ust=1769245981630000&amp;usg=AOvVaw2HDRN4eqsYkGViuXNl3OUg\">un PIB per c\u00e1pita<\/a><\/u>\u00a0apenas inferior al de antes de 2014.<\/div>\n<div><\/div>\n<p><\/p>\n<h3>La visi\u00f3n de nuestros expertos sobre las perspectivas econ\u00f3micas de Venezuela<\/h3>\n<div><\/div>\n<div>A pesar de la disrupci\u00f3n a corto plazo causada por la intervenci\u00f3n militar estadounidense, nuestros panelistas se han mostrado notablemente m\u00e1s optimistas sobre las perspectivas para este a\u00f1o en las \u00faltimas semanas. A principios de a\u00f1o, nuestro consenso era que el PIB se mantendr\u00eda pr\u00e1cticamente estancado; ahora, se espera una expansi\u00f3n econ\u00f3mica del 2%. Las previsiones de crecimiento del PIB para 2027 tambi\u00e9n han experimentado una mejora considerable.<\/div>\n<\/div>\n<p><\/p>\n<div><img loading=\"lazy\" decoding=\"async\" class=\"alignnone size-full wp-image-159418\" src=\"https:\/\/focus-d7op8.kinsta.storage\/production\/uploads\/sites\/5\/2026\/01\/evolution-gdp.webp\" alt=\"\" width=\"1200\" height=\"627\" srcset=\"https:\/\/focus-d7op8.kinsta.storage\/staging\/uploads\/sites\/5\/2026\/01\/evolution-gdp.webp 1200w, https:\/\/focus-d7op8.kinsta.storage\/staging\/uploads\/sites\/5\/2026\/01\/evolution-gdp-300x157.webp 300w, https:\/\/focus-d7op8.kinsta.storage\/staging\/uploads\/sites\/5\/2026\/01\/evolution-gdp-1024x535.webp 1024w, https:\/\/focus-d7op8.kinsta.storage\/staging\/uploads\/sites\/5\/2026\/01\/evolution-gdp-768x401.webp 768w\" sizes=\"auto, (max-width: 1200px) 100vw, 1200px\" \/><\/div>\n<div><\/div>\n<p><\/p>\n<div>\n<div>Estas proyecciones probablemente se basan en la venta de petr\u00f3leo venezolano a precios de mercado por parte de Estados Unidos y la entrega al pa\u00eds latinoamericano de una parte de las ganancias, as\u00ed como en la posible inversi\u00f3n en infraestructura petrolera venezolana por parte de empresas estadounidenses. El 20 de enero, Delcy Rodr\u00edguez afirm\u00f3 que el pa\u00eds hab\u00eda recibido recientemente 300 millones de d\u00f3lares en ingresos petroleros provenientes de las ventas realizadas por Estados Unidos. Tambi\u00e9n sugiri\u00f3 que podr\u00eda estar pr\u00f3xima una reforma legislativa para impulsar la inversi\u00f3n extranjera.<\/div>\n<div><\/div>\n<p><\/p>\n<div>Sin embargo, la econom\u00eda seguir\u00e1 siendo altamente disfuncional y mucho menor que su tama\u00f1o anterior a 2014. Se prev\u00e9 que la inflaci\u00f3n promedie tres d\u00edgitos este a\u00f1o y el pr\u00f3ximo debido a la precipitada depreciaci\u00f3n de la moneda. Adem\u00e1s, Trump podr\u00eda elogiar las perspectivas de inversi\u00f3n estadounidense, pero es probable que esto sea provisional sin un marco legal mejorado y garant\u00edas del estado de derecho. Los riesgos a la baja se ciernen sobre el pa\u00eds, principalmente una ruptura de la estabilidad pol\u00edtica interna que provoque la destituci\u00f3n de Rodr\u00edguez o la divisi\u00f3n de las fuerzas armadas en diferentes facciones enfrentadas. En resumen: las perspectivas podr\u00edan haber mejorado, pero a\u00fan est\u00e1n lejos de ser halag\u00fce\u00f1as.<\/div>\n<\/div>\n<p><\/p>\n","protected":false},"excerpt":{"rendered":"<p>Qu\u00e9 pas\u00f3 A principios de enero, fuerzas especiales estadounidenses secuestraron al presidente venezolano Maduro y lo llevaron a Estados Unidos para enfrentar cargos. La vicepresidenta Delcy Rodr\u00edguez est\u00e1 ahora al mando del pa\u00eds latinoamericano, y el gobierno del presidente Trump pretende dictar la pol\u00edtica petrolera venezolana. El impacto en la econom\u00eda de Venezuela. El impacto<\/p>\n","protected":false},"author":8,"featured_media":159419,"comment_status":"closed","ping_status":"closed","sticky":false,"template":"","format":"standard","meta":{"_acf_changed":false,"editor_notices":[],"footnotes":""},"categories":[1702],"tags":[1811,1839],"class_list":["post-159301","post","type-post","status-publish","format-standard","has-post-thumbnail","hentry","category-newsletters","tag-venezuela","tag-petroleo"],"acf":[],"yoast_head":"<!-- This site is optimized with the Yoast SEO Premium plugin v26.9 (Yoast SEO v26.9) - https:\/\/yoast.com\/product\/yoast-seo-premium-wordpress\/ -->\n<title>Perspectivas econ\u00f3micas Venezuela tras Maduro: \u00bfahora qu\u00e9?<\/title>\n<meta name=\"description\" content=\"Perspectivas econ\u00f3micas de Venezuela tras Maduro: c\u00f3mo los mercados petroleros y las condiciones externas pueden marcar el rumbo a corto plazo.\" class=\"yoast-seo-meta-tag\" \/>\n<meta name=\"robots\" content=\"noindex, follow, max-snippet:-1, max-image-preview:large, max-video-preview:-1\" \/>\n<meta property=\"og:locale\" content=\"es_ES\" class=\"yoast-seo-meta-tag\" \/>\n<meta property=\"og:type\" content=\"article\" class=\"yoast-seo-meta-tag\" \/>\n<meta property=\"og:title\" content=\"Maduro se fue. \u00bfQu\u00e9 le depara el futuro a la econom\u00eda venezolana?\" class=\"yoast-seo-meta-tag\" \/>\n<meta property=\"og:description\" content=\"Perspectivas econ\u00f3micas de Venezuela tras Maduro: c\u00f3mo los mercados petroleros y las condiciones externas pueden marcar el rumbo a corto plazo.\" class=\"yoast-seo-meta-tag\" \/>\n<meta property=\"og:url\" content=\"https:\/\/focus.s.nomatter.dev\/es\/blog\/maduro-se-ha-ido-que-creen-los-principales-economistas-que-ocurrira-a-continuacion\/\" class=\"yoast-seo-meta-tag\" \/>\n<meta property=\"og:site_name\" content=\"FocusEconomics [ES]\" class=\"yoast-seo-meta-tag\" \/>\n<meta property=\"article:publisher\" content=\"https:\/\/www.facebook.com\/FocusEconomics\" class=\"yoast-seo-meta-tag\" \/>\n<meta property=\"article:published_time\" content=\"2026-01-22T07:48:57+00:00\" class=\"yoast-seo-meta-tag\" \/>\n<meta property=\"article:modified_time\" content=\"2026-01-23T10:37:23+00:00\" class=\"yoast-seo-meta-tag\" \/>\n<meta property=\"og:image\" content=\"https:\/\/focus-d7op8.kinsta.storage\/production\/uploads\/sites\/5\/2026\/01\/venezuela-featured.webp\" class=\"yoast-seo-meta-tag\" \/>\n\t<meta property=\"og:image:width\" content=\"1200\" class=\"yoast-seo-meta-tag\" \/>\n\t<meta property=\"og:image:height\" content=\"800\" class=\"yoast-seo-meta-tag\" \/>\n\t<meta property=\"og:image:type\" content=\"image\/webp\" class=\"yoast-seo-meta-tag\" \/>\n<meta name=\"author\" content=\"Miriam Dowd\" class=\"yoast-seo-meta-tag\" \/>\n<meta name=\"twitter:card\" content=\"summary_large_image\" class=\"yoast-seo-meta-tag\" \/>\n<meta name=\"twitter:creator\" content=\"@FocusEconomics\" class=\"yoast-seo-meta-tag\" \/>\n<meta name=\"twitter:site\" content=\"@FocusEconomics\" class=\"yoast-seo-meta-tag\" \/>\n<meta name=\"twitter:label1\" content=\"Escrito por\" class=\"yoast-seo-meta-tag\" \/>\n\t<meta name=\"twitter:data1\" content=\"Miriam Dowd\" class=\"yoast-seo-meta-tag\" \/>\n\t<meta name=\"twitter:label2\" content=\"Tiempo de lectura\" class=\"yoast-seo-meta-tag\" \/>\n\t<meta name=\"twitter:data2\" content=\"7 minutos\" class=\"yoast-seo-meta-tag\" \/>\n<script type=\"application\/ld+json\" class=\"yoast-schema-graph\">{\"@context\":\"https:\/\/schema.org\",\"@graph\":[{\"@type\":\"Article\",\"@id\":\"https:\/\/focus.s.nomatter.dev\/es\/blog\/maduro-se-ha-ido-que-creen-los-principales-economistas-que-ocurrira-a-continuacion\/#article\",\"isPartOf\":{\"@id\":\"https:\/\/focus.s.nomatter.dev\/es\/blog\/maduro-se-ha-ido-que-creen-los-principales-economistas-que-ocurrira-a-continuacion\/\"},\"author\":{\"name\":\"Miriam Dowd\",\"@id\":\"https:\/\/focus.s.nomatter.dev\/es\/#\/schema\/person\/a6ea9596e6e69459f9f8a56cabc2c5c7\"},\"headline\":\"Maduro se fue. \u00bfQu\u00e9 le depara el futuro a la econom\u00eda venezolana?\",\"datePublished\":\"2026-01-22T07:48:57+00:00\",\"dateModified\":\"2026-01-23T10:37:23+00:00\",\"mainEntityOfPage\":{\"@id\":\"https:\/\/focus.s.nomatter.dev\/es\/blog\/maduro-se-ha-ido-que-creen-los-principales-economistas-que-ocurrira-a-continuacion\/\"},\"wordCount\":1520,\"publisher\":{\"@id\":\"https:\/\/focus.s.nomatter.dev\/es\/#organization\"},\"image\":{\"@id\":\"https:\/\/focus.s.nomatter.dev\/es\/blog\/maduro-se-ha-ido-que-creen-los-principales-economistas-que-ocurrira-a-continuacion\/#primaryimage\"},\"thumbnailUrl\":\"https:\/\/focus-stg.nm-img.net\/uploads\/sites\/5\/2026\/01\/venezuela-featured.webp\",\"keywords\":[\"Venezuela\",\"petr\u00f3leo\"],\"articleSection\":[\"Newsletters\"],\"inLanguage\":\"es\"},{\"@type\":\"WebPage\",\"@id\":\"https:\/\/focus.s.nomatter.dev\/es\/blog\/maduro-se-ha-ido-que-creen-los-principales-economistas-que-ocurrira-a-continuacion\/\",\"url\":\"https:\/\/focus.s.nomatter.dev\/es\/blog\/maduro-se-ha-ido-que-creen-los-principales-economistas-que-ocurrira-a-continuacion\/\",\"name\":\"Perspectivas econ\u00f3micas Venezuela tras Maduro: \u00bfahora qu\u00e9?\",\"isPartOf\":{\"@id\":\"https:\/\/focus.s.nomatter.dev\/es\/#website\"},\"primaryImageOfPage\":{\"@id\":\"https:\/\/focus.s.nomatter.dev\/es\/blog\/maduro-se-ha-ido-que-creen-los-principales-economistas-que-ocurrira-a-continuacion\/#primaryimage\"},\"image\":{\"@id\":\"https:\/\/focus.s.nomatter.dev\/es\/blog\/maduro-se-ha-ido-que-creen-los-principales-economistas-que-ocurrira-a-continuacion\/#primaryimage\"},\"thumbnailUrl\":\"https:\/\/focus-stg.nm-img.net\/uploads\/sites\/5\/2026\/01\/venezuela-featured.webp\",\"datePublished\":\"2026-01-22T07:48:57+00:00\",\"dateModified\":\"2026-01-23T10:37:23+00:00\",\"description\":\"Perspectivas econ\u00f3micas de Venezuela tras Maduro: c\u00f3mo los mercados petroleros y las condiciones externas pueden marcar el rumbo a corto plazo.\",\"breadcrumb\":{\"@id\":\"https:\/\/focus.s.nomatter.dev\/es\/blog\/maduro-se-ha-ido-que-creen-los-principales-economistas-que-ocurrira-a-continuacion\/#breadcrumb\"},\"inLanguage\":\"es\",\"potentialAction\":[{\"@type\":\"ReadAction\",\"target\":[\"https:\/\/focus.s.nomatter.dev\/es\/blog\/maduro-se-ha-ido-que-creen-los-principales-economistas-que-ocurrira-a-continuacion\/\"]}]},{\"@type\":\"ImageObject\",\"inLanguage\":\"es\",\"@id\":\"https:\/\/focus.s.nomatter.dev\/es\/blog\/maduro-se-ha-ido-que-creen-los-principales-economistas-que-ocurrira-a-continuacion\/#primaryimage\",\"url\":\"https:\/\/focus-stg.nm-img.net\/uploads\/sites\/5\/2026\/01\/venezuela-featured.webp\",\"contentUrl\":\"https:\/\/focus-stg.nm-img.net\/uploads\/sites\/5\/2026\/01\/venezuela-featured.webp\",\"width\":1200,\"height\":800},{\"@type\":\"BreadcrumbList\",\"@id\":\"https:\/\/focus.s.nomatter.dev\/es\/blog\/maduro-se-ha-ido-que-creen-los-principales-economistas-que-ocurrira-a-continuacion\/#breadcrumb\",\"itemListElement\":[{\"@type\":\"ListItem\",\"position\":1,\"name\":\"Home\",\"item\":\"https:\/\/focus.s.nomatter.dev\/es\/\"},{\"@type\":\"ListItem\",\"position\":2,\"name\":\"Maduro se fue. \u00bfQu\u00e9 le depara el futuro a la econom\u00eda venezolana?\"}]},{\"@type\":\"WebSite\",\"@id\":\"https:\/\/focus.s.nomatter.dev\/es\/#website\",\"url\":\"https:\/\/focus.s.nomatter.dev\/es\/\",\"name\":\"FocusEconomics\",\"description\":\"Economic Indicators, News and Forecasts\",\"publisher\":{\"@id\":\"https:\/\/focus.s.nomatter.dev\/es\/#organization\"},\"potentialAction\":[{\"@type\":\"SearchAction\",\"target\":{\"@type\":\"EntryPoint\",\"urlTemplate\":\"https:\/\/focus.s.nomatter.dev\/es\/search-results\/?global-search={search_term_string}\"},\"query-input\":{\"@type\":\"PropertyValueSpecification\",\"valueRequired\":true,\"valueName\":\"search_term_string\"}}],\"inLanguage\":\"es\"},{\"@type\":\"Organization\",\"@id\":\"https:\/\/focus.s.nomatter.dev\/es\/#organization\",\"name\":\"FocusEconomics\",\"url\":\"https:\/\/focus.s.nomatter.dev\/es\/\",\"logo\":{\"@type\":\"ImageObject\",\"inLanguage\":\"es\",\"@id\":\"https:\/\/focus.s.nomatter.dev\/es\/#\/schema\/logo\/image\/\",\"url\":\"https:\/\/focus-d7op8.kinsta.storage\/production\/uploads\/sites\/5\/2022\/08\/logo.svg\",\"contentUrl\":\"https:\/\/focus-d7op8.kinsta.storage\/production\/uploads\/sites\/5\/2022\/08\/logo.svg\",\"width\":277,\"height\":54,\"caption\":\"FocusEconomics\"},\"image\":{\"@id\":\"https:\/\/focus.s.nomatter.dev\/es\/#\/schema\/logo\/image\/\"},\"sameAs\":[\"https:\/\/www.facebook.com\/FocusEconomics\",\"https:\/\/x.com\/FocusEconomics\"]},{\"@type\":\"Person\",\"@id\":\"https:\/\/focus.s.nomatter.dev\/es\/#\/schema\/person\/a6ea9596e6e69459f9f8a56cabc2c5c7\",\"name\":\"Miriam Dowd\"}]}<\/script>\n<!-- \/ Yoast SEO Premium plugin. -->","yoast_head_json":{"title":"Perspectivas econ\u00f3micas Venezuela tras Maduro: \u00bfahora qu\u00e9?","description":"Perspectivas econ\u00f3micas de Venezuela tras Maduro: c\u00f3mo los mercados petroleros y las condiciones externas pueden marcar el rumbo a corto plazo.","robots":{"index":"noindex","follow":"follow","max-snippet":"max-snippet:-1","max-image-preview":"max-image-preview:large","max-video-preview":"max-video-preview:-1"},"og_locale":"es_ES","og_type":"article","og_title":"Maduro se fue. \u00bfQu\u00e9 le depara el futuro a la econom\u00eda venezolana?","og_description":"Perspectivas econ\u00f3micas de Venezuela tras Maduro: c\u00f3mo los mercados petroleros y las condiciones externas pueden marcar el rumbo a corto plazo.","og_url":"https:\/\/focus.s.nomatter.dev\/es\/blog\/maduro-se-ha-ido-que-creen-los-principales-economistas-que-ocurrira-a-continuacion\/","og_site_name":"FocusEconomics [ES]","article_publisher":"https:\/\/www.facebook.com\/FocusEconomics","article_published_time":"2026-01-22T07:48:57+00:00","article_modified_time":"2026-01-23T10:37:23+00:00","og_image":[{"width":1200,"height":800,"url":"https:\/\/focus-d7op8.kinsta.storage\/production\/uploads\/sites\/5\/2026\/01\/venezuela-featured.webp","type":"image\/webp"}],"author":"Miriam Dowd","twitter_card":"summary_large_image","twitter_creator":"@FocusEconomics","twitter_site":"@FocusEconomics","twitter_misc":{"Escrito por":"Miriam Dowd","Tiempo de lectura":"7 minutos"},"schema":{"@context":"https:\/\/schema.org","@graph":[{"@type":"Article","@id":"https:\/\/focus.s.nomatter.dev\/es\/blog\/maduro-se-ha-ido-que-creen-los-principales-economistas-que-ocurrira-a-continuacion\/#article","isPartOf":{"@id":"https:\/\/focus.s.nomatter.dev\/es\/blog\/maduro-se-ha-ido-que-creen-los-principales-economistas-que-ocurrira-a-continuacion\/"},"author":{"name":"Miriam Dowd","@id":"https:\/\/focus.s.nomatter.dev\/es\/#\/schema\/person\/a6ea9596e6e69459f9f8a56cabc2c5c7"},"headline":"Maduro se fue. \u00bfQu\u00e9 le depara el futuro a la econom\u00eda venezolana?","datePublished":"2026-01-22T07:48:57+00:00","dateModified":"2026-01-23T10:37:23+00:00","mainEntityOfPage":{"@id":"https:\/\/focus.s.nomatter.dev\/es\/blog\/maduro-se-ha-ido-que-creen-los-principales-economistas-que-ocurrira-a-continuacion\/"},"wordCount":1520,"publisher":{"@id":"https:\/\/focus.s.nomatter.dev\/es\/#organization"},"image":{"@id":"https:\/\/focus.s.nomatter.dev\/es\/blog\/maduro-se-ha-ido-que-creen-los-principales-economistas-que-ocurrira-a-continuacion\/#primaryimage"},"thumbnailUrl":"https:\/\/focus-stg.nm-img.net\/uploads\/sites\/5\/2026\/01\/venezuela-featured.webp","keywords":["Venezuela","petr\u00f3leo"],"articleSection":["Newsletters"],"inLanguage":"es"},{"@type":"WebPage","@id":"https:\/\/focus.s.nomatter.dev\/es\/blog\/maduro-se-ha-ido-que-creen-los-principales-economistas-que-ocurrira-a-continuacion\/","url":"https:\/\/focus.s.nomatter.dev\/es\/blog\/maduro-se-ha-ido-que-creen-los-principales-economistas-que-ocurrira-a-continuacion\/","name":"Perspectivas econ\u00f3micas Venezuela tras Maduro: \u00bfahora qu\u00e9?","isPartOf":{"@id":"https:\/\/focus.s.nomatter.dev\/es\/#website"},"primaryImageOfPage":{"@id":"https:\/\/focus.s.nomatter.dev\/es\/blog\/maduro-se-ha-ido-que-creen-los-principales-economistas-que-ocurrira-a-continuacion\/#primaryimage"},"image":{"@id":"https:\/\/focus.s.nomatter.dev\/es\/blog\/maduro-se-ha-ido-que-creen-los-principales-economistas-que-ocurrira-a-continuacion\/#primaryimage"},"thumbnailUrl":"https:\/\/focus-stg.nm-img.net\/uploads\/sites\/5\/2026\/01\/venezuela-featured.webp","datePublished":"2026-01-22T07:48:57+00:00","dateModified":"2026-01-23T10:37:23+00:00","description":"Perspectivas econ\u00f3micas de Venezuela tras Maduro: c\u00f3mo los mercados petroleros y las condiciones externas pueden marcar el rumbo a corto plazo.","breadcrumb":{"@id":"https:\/\/focus.s.nomatter.dev\/es\/blog\/maduro-se-ha-ido-que-creen-los-principales-economistas-que-ocurrira-a-continuacion\/#breadcrumb"},"inLanguage":"es","potentialAction":[{"@type":"ReadAction","target":["https:\/\/focus.s.nomatter.dev\/es\/blog\/maduro-se-ha-ido-que-creen-los-principales-economistas-que-ocurrira-a-continuacion\/"]}]},{"@type":"ImageObject","inLanguage":"es","@id":"https:\/\/focus.s.nomatter.dev\/es\/blog\/maduro-se-ha-ido-que-creen-los-principales-economistas-que-ocurrira-a-continuacion\/#primaryimage","url":"https:\/\/focus-stg.nm-img.net\/uploads\/sites\/5\/2026\/01\/venezuela-featured.webp","contentUrl":"https:\/\/focus-stg.nm-img.net\/uploads\/sites\/5\/2026\/01\/venezuela-featured.webp","width":1200,"height":800},{"@type":"BreadcrumbList","@id":"https:\/\/focus.s.nomatter.dev\/es\/blog\/maduro-se-ha-ido-que-creen-los-principales-economistas-que-ocurrira-a-continuacion\/#breadcrumb","itemListElement":[{"@type":"ListItem","position":1,"name":"Home","item":"https:\/\/focus.s.nomatter.dev\/es\/"},{"@type":"ListItem","position":2,"name":"Maduro se fue. \u00bfQu\u00e9 le depara el futuro a la econom\u00eda venezolana?"}]},{"@type":"WebSite","@id":"https:\/\/focus.s.nomatter.dev\/es\/#website","url":"https:\/\/focus.s.nomatter.dev\/es\/","name":"FocusEconomics","description":"Economic Indicators, News and Forecasts","publisher":{"@id":"https:\/\/focus.s.nomatter.dev\/es\/#organization"},"potentialAction":[{"@type":"SearchAction","target":{"@type":"EntryPoint","urlTemplate":"https:\/\/focus.s.nomatter.dev\/es\/search-results\/?global-search={search_term_string}"},"query-input":{"@type":"PropertyValueSpecification","valueRequired":true,"valueName":"search_term_string"}}],"inLanguage":"es"},{"@type":"Organization","@id":"https:\/\/focus.s.nomatter.dev\/es\/#organization","name":"FocusEconomics","url":"https:\/\/focus.s.nomatter.dev\/es\/","logo":{"@type":"ImageObject","inLanguage":"es","@id":"https:\/\/focus.s.nomatter.dev\/es\/#\/schema\/logo\/image\/","url":"https:\/\/focus-d7op8.kinsta.storage\/production\/uploads\/sites\/5\/2022\/08\/logo.svg","contentUrl":"https:\/\/focus-d7op8.kinsta.storage\/production\/uploads\/sites\/5\/2022\/08\/logo.svg","width":277,"height":54,"caption":"FocusEconomics"},"image":{"@id":"https:\/\/focus.s.nomatter.dev\/es\/#\/schema\/logo\/image\/"},"sameAs":["https:\/\/www.facebook.com\/FocusEconomics","https:\/\/x.com\/FocusEconomics"]},{"@type":"Person","@id":"https:\/\/focus.s.nomatter.dev\/es\/#\/schema\/person\/a6ea9596e6e69459f9f8a56cabc2c5c7","name":"Miriam Dowd"}]}},"_links":{"self":[{"href":"https:\/\/focus.s.nomatter.dev\/es\/wp-json\/wp\/v2\/posts\/159301","targetHints":{"allow":["GET"]}}],"collection":[{"href":"https:\/\/focus.s.nomatter.dev\/es\/wp-json\/wp\/v2\/posts"}],"about":[{"href":"https:\/\/focus.s.nomatter.dev\/es\/wp-json\/wp\/v2\/types\/post"}],"author":[{"embeddable":true,"href":"https:\/\/focus.s.nomatter.dev\/es\/wp-json\/wp\/v2\/users\/8"}],"replies":[{"embeddable":true,"href":"https:\/\/focus.s.nomatter.dev\/es\/wp-json\/wp\/v2\/comments?post=159301"}],"version-history":[{"count":7,"href":"https:\/\/focus.s.nomatter.dev\/es\/wp-json\/wp\/v2\/posts\/159301\/revisions"}],"predecessor-version":[{"id":159426,"href":"https:\/\/focus.s.nomatter.dev\/es\/wp-json\/wp\/v2\/posts\/159301\/revisions\/159426"}],"wp:featuredmedia":[{"embeddable":true,"href":"https:\/\/focus.s.nomatter.dev\/es\/wp-json\/wp\/v2\/media\/159419"}],"wp:attachment":[{"href":"https:\/\/focus.s.nomatter.dev\/es\/wp-json\/wp\/v2\/media?parent=159301"}],"wp:term":[{"taxonomy":"category","embeddable":true,"href":"https:\/\/focus.s.nomatter.dev\/es\/wp-json\/wp\/v2\/categories?post=159301"},{"taxonomy":"post_tag","embeddable":true,"href":"https:\/\/focus.s.nomatter.dev\/es\/wp-json\/wp\/v2\/tags?post=159301"}],"curies":[{"name":"wp","href":"https:\/\/api.w.org\/{rel}","templated":true}]}}