{"id":26289,"date":"2023-03-31T11:17:45","date_gmt":"2023-03-31T11:17:45","guid":{"rendered":"https:\/\/focus.s.nomatter.dev\/how-will-south-african-economy-weather-recent-challenges"},"modified":"2023-07-12T00:26:48","modified_gmt":"2023-07-12T00:26:48","slug":"how-will-south-african-economy-weather-recent-challenges","status":"publish","type":"post","link":"https:\/\/focus.s.nomatter.dev\/es\/blog\/how-will-south-african-economy-weather-recent-challenges\/","title":{"rendered":"\u00bfC\u00f3mo superar\u00e1 la econom\u00eda sudafricana los retos recientes?"},"content":{"rendered":"<p>La econom\u00eda sudafricana ha demostrado su capacidad de resistencia frente a los \u00faltimos acontecimientos, registrando \u00faltimamente unos resultados mucho mejores de lo esperado. En febrero, las ventas al por menor en Sud\u00e1frica crecieron un 4,2% m\u00e1s de lo previsto con respecto al mismo mes del a\u00f1o anterior. Esto supuso una mejora considerable con respecto al aumento del 1,9% en el crecimiento de las ventas en enero.<\/p>\n<p>Cuando se le pregunt\u00f3 qu\u00e9 pod\u00eda significar esto para el rand sudafricano, Dirina dijo que \u00abaunque las recientes noticias positivas sobre las ventas al por menor pueden ayudar a la moneda a corto plazo, es necesario que haya mejoras en otras \u00e1reas fundamentales de la econom\u00eda para ver un fortalecimiento de la moneda a largo plazo\u00bb.<\/p>\n<p>A mediados de abril se publicaron las cifras comerciales de <a href=\"https:\/\/focus.s.nomatter.dev\/es\/countries\/china\/\">China<\/a>, peores de lo esperado, y el descenso de las exportaciones y la debilidad de las importaciones hicieron temblar los mercados mundiales, especialmente el sudafricano. \u00abEl lunes, la moneda sudafricana marc\u00f3 un m\u00ednimo de casi dos semanas frente al d\u00f3lar, justo despu\u00e9s de que China, uno de los principales socios comerciales de Sud\u00e1frica, publicara sus d\u00e9biles cifras comerciales\u00bb, explic\u00f3 Dirina.<\/p>\n<p>Sin embargo, a pesar de la p\u00e9rdida<a href=\"https:\/\/focus.s.nomatter.dev\/es\/country-indicator\/sudafrica\/interest-rate\/\"> de valor del rand<\/a> como resultado de los malos resultados de China, Dirina declar\u00f3 que FocusEconomics espera que la divisa se recupere a medio plazo. \u00abEn el horizonte de tres meses, FocusEconomics Consensus Forecast espera que la divisa gane algo de terreno y cotice a 11,93 frente al d\u00f3lar estadounidense, y esto es una expectativa de que la econom\u00eda mejore en el siguiente trimestre\u00bb.<\/p>\n<p>Dirina afirm\u00f3 que es m\u00e1s que probable que esta tendencia se mantenga a largo plazo y acabe el a\u00f1o en un muy ambicioso 11,57 rand por d\u00f3lar. Sin embargo, advirti\u00f3 de que el futuro de la divisa sigue rodeado de incertidumbre, ya que el pa\u00eds a\u00fan tiene mucho que hacer en relaci\u00f3n con los tan denostados problemas de deficiencia energ\u00e9tica y las huelgas laborales.<\/p>\n<p>\u00abPara 2015 nuestro panel espera que la moneda gane algo de terreno y termine el a\u00f1o en 11,57 rands por d\u00f3lar, sin embargo, podemos decir que la moneda sigue estando muy expuesta a las oscilaciones en el sentimiento de riesgo debido principalmente a los desequilibrios externos del pa\u00eds y al riesgo de m\u00e1s huelgas laborales y escasez de suministro el\u00e9ctrico.\u00bb<\/p>\n<p>Vea el v\u00eddeo a continuaci\u00f3n para ver la entrevista completa:<\/p>\n<p><iframe loading=\"lazy\" src=\"https:\/\/www.youtube.com\/embed\/kPthnU_dz-Q\" width=\"560\" height=\"315\" frameborder=\"0\" allowfullscreen=\"allowfullscreen\"><\/iframe><\/p>\n","protected":false},"excerpt":{"rendered":"<p>Dukascopy TV elabor\u00f3 recientemente un art\u00edculo sobre la evoluci\u00f3n econ\u00f3mica de Sud\u00e1frica, ya que las huelgas laborales y los cortes de electricidad, que han asolado el pa\u00eds durante el \u00faltimo a\u00f1o, han tenido un importante impacto negativo en su econom\u00eda. Los bajos precios del petr\u00f3leo en lo que va de 2015, que deber\u00edan haber afectado positivamente a la econom\u00eda en circunstancias normales, se han visto contrarrestados por los mencionados cortes de suministro el\u00e9ctrico, que han perjudicado a la producci\u00f3n manufacturera. La confianza empresarial tambi\u00e9n ha disminuido, alcanzando su nivel m\u00e1s bajo en tres meses, en marzo. Por si fuera poco, la reciente violencia xen\u00f3foba, captada por las c\u00e1maras y difundida por todo el mundo, no ha contribuido a mejorar la situaci\u00f3n. La economista Dirina Man\u00e7ellari habl\u00f3 con Dukascopy para analizar la situaci\u00f3n.<\/p>\n","protected":false},"author":3,"featured_media":0,"comment_status":"closed","ping_status":"closed","sticky":false,"template":"","format":"standard","meta":{"_acf_changed":false,"editor_notices":[],"footnotes":""},"categories":[1],"tags":[],"class_list":["post-26289","post","type-post","status-publish","format-standard","hentry","category-uncategorized"],"acf":[],"yoast_head":"<!-- This site is optimized with the Yoast SEO Premium plugin v26.9 (Yoast SEO v26.9) - https:\/\/yoast.com\/product\/yoast-seo-premium-wordpress\/ -->\n<title>\u00bfC\u00f3mo superar\u00e1 la econom\u00eda sudafricana los retos recientes? - FocusEconomics [ES]<\/title>\n<meta name=\"robots\" content=\"noindex, nofollow\" \/>\n<meta property=\"og:locale\" content=\"es_ES\" class=\"yoast-seo-meta-tag\" \/>\n<meta property=\"og:type\" content=\"article\" class=\"yoast-seo-meta-tag\" \/>\n<meta property=\"og:title\" content=\"\u00bfC\u00f3mo superar\u00e1 la econom\u00eda sudafricana los retos recientes?\" class=\"yoast-seo-meta-tag\" \/>\n<meta property=\"og:description\" content=\"Dukascopy TV elabor\u00f3 recientemente un art\u00edculo sobre la evoluci\u00f3n econ\u00f3mica de Sud\u00e1frica, ya que las huelgas laborales y los cortes de electricidad, que han asolado el pa\u00eds durante el \u00faltimo a\u00f1o, han tenido un importante impacto negativo en su econom\u00eda. Los bajos precios del petr\u00f3leo en lo que va de 2015, que deber\u00edan haber afectado positivamente a la econom\u00eda en circunstancias normales, se han visto contrarrestados por los mencionados cortes de suministro el\u00e9ctrico, que han perjudicado a la producci\u00f3n manufacturera. La confianza empresarial tambi\u00e9n ha disminuido, alcanzando su nivel m\u00e1s bajo en tres meses, en marzo. Por si fuera poco, la reciente violencia xen\u00f3foba, captada por las c\u00e1maras y difundida por todo el mundo, no ha contribuido a mejorar la situaci\u00f3n. La economista Dirina Man\u00e7ellari habl\u00f3 con Dukascopy para analizar la situaci\u00f3n.\" class=\"yoast-seo-meta-tag\" \/>\n<meta property=\"og:url\" content=\"https:\/\/focus.s.nomatter.dev\/es\/blog\/how-will-south-african-economy-weather-recent-challenges\/\" class=\"yoast-seo-meta-tag\" \/>\n<meta property=\"og:site_name\" content=\"FocusEconomics [ES]\" class=\"yoast-seo-meta-tag\" \/>\n<meta property=\"article:publisher\" content=\"https:\/\/www.facebook.com\/FocusEconomics\" class=\"yoast-seo-meta-tag\" \/>\n<meta property=\"article:published_time\" content=\"2023-03-31T11:17:45+00:00\" class=\"yoast-seo-meta-tag\" \/>\n<meta property=\"article:modified_time\" content=\"2023-07-12T00:26:48+00:00\" class=\"yoast-seo-meta-tag\" \/>\n<meta name=\"author\" content=\"Petros Symeonidis\" class=\"yoast-seo-meta-tag\" \/>\n<meta name=\"twitter:card\" content=\"summary_large_image\" class=\"yoast-seo-meta-tag\" \/>\n<meta name=\"twitter:creator\" content=\"@FocusEconomics\" class=\"yoast-seo-meta-tag\" \/>\n<meta name=\"twitter:site\" content=\"@FocusEconomics\" class=\"yoast-seo-meta-tag\" \/>\n<meta name=\"twitter:label1\" content=\"Escrito por\" class=\"yoast-seo-meta-tag\" \/>\n\t<meta name=\"twitter:data1\" content=\"Petros Symeonidis\" class=\"yoast-seo-meta-tag\" \/>\n\t<meta name=\"twitter:label2\" content=\"Tiempo de lectura\" class=\"yoast-seo-meta-tag\" \/>\n\t<meta name=\"twitter:data2\" content=\"2 minutos\" class=\"yoast-seo-meta-tag\" \/>\n<script type=\"application\/ld+json\" class=\"yoast-schema-graph\">{\"@context\":\"https:\/\/schema.org\",\"@graph\":[{\"@type\":\"Article\",\"@id\":\"https:\/\/focus.s.nomatter.dev\/es\/blog\/how-will-south-african-economy-weather-recent-challenges\/#article\",\"isPartOf\":{\"@id\":\"https:\/\/focus.s.nomatter.dev\/es\/blog\/how-will-south-african-economy-weather-recent-challenges\/\"},\"author\":{\"name\":\"Petros Symeonidis\",\"@id\":\"https:\/\/focus.s.nomatter.dev\/es\/#\/schema\/person\/4e022cb6b031922b3d5f68b7fadcbd33\"},\"headline\":\"\u00bfC\u00f3mo superar\u00e1 la econom\u00eda sudafricana los retos recientes?\",\"datePublished\":\"2023-03-31T11:17:45+00:00\",\"dateModified\":\"2023-07-12T00:26:48+00:00\",\"mainEntityOfPage\":{\"@id\":\"https:\/\/focus.s.nomatter.dev\/es\/blog\/how-will-south-african-economy-weather-recent-challenges\/\"},\"wordCount\":429,\"publisher\":{\"@id\":\"https:\/\/focus.s.nomatter.dev\/es\/#organization\"},\"articleSection\":[\"Uncategorized\"],\"inLanguage\":\"es\"},{\"@type\":\"WebPage\",\"@id\":\"https:\/\/focus.s.nomatter.dev\/es\/blog\/how-will-south-african-economy-weather-recent-challenges\/\",\"url\":\"https:\/\/focus.s.nomatter.dev\/es\/blog\/how-will-south-african-economy-weather-recent-challenges\/\",\"name\":\"\u00bfC\u00f3mo superar\u00e1 la econom\u00eda sudafricana los retos recientes? - FocusEconomics [ES]\",\"isPartOf\":{\"@id\":\"https:\/\/focus.s.nomatter.dev\/es\/#website\"},\"datePublished\":\"2023-03-31T11:17:45+00:00\",\"dateModified\":\"2023-07-12T00:26:48+00:00\",\"breadcrumb\":{\"@id\":\"https:\/\/focus.s.nomatter.dev\/es\/blog\/how-will-south-african-economy-weather-recent-challenges\/#breadcrumb\"},\"inLanguage\":\"es\",\"potentialAction\":[{\"@type\":\"ReadAction\",\"target\":[\"https:\/\/focus.s.nomatter.dev\/es\/blog\/how-will-south-african-economy-weather-recent-challenges\/\"]}]},{\"@type\":\"BreadcrumbList\",\"@id\":\"https:\/\/focus.s.nomatter.dev\/es\/blog\/how-will-south-african-economy-weather-recent-challenges\/#breadcrumb\",\"itemListElement\":[{\"@type\":\"ListItem\",\"position\":1,\"name\":\"Home\",\"item\":\"https:\/\/focus.s.nomatter.dev\/es\/\"},{\"@type\":\"ListItem\",\"position\":2,\"name\":\"\u00bfC\u00f3mo superar\u00e1 la econom\u00eda sudafricana los retos recientes?\"}]},{\"@type\":\"WebSite\",\"@id\":\"https:\/\/focus.s.nomatter.dev\/es\/#website\",\"url\":\"https:\/\/focus.s.nomatter.dev\/es\/\",\"name\":\"FocusEconomics\",\"description\":\"Economic Indicators, News and Forecasts\",\"publisher\":{\"@id\":\"https:\/\/focus.s.nomatter.dev\/es\/#organization\"},\"potentialAction\":[{\"@type\":\"SearchAction\",\"target\":{\"@type\":\"EntryPoint\",\"urlTemplate\":\"https:\/\/focus.s.nomatter.dev\/es\/search-results\/?global-search={search_term_string}\"},\"query-input\":{\"@type\":\"PropertyValueSpecification\",\"valueRequired\":true,\"valueName\":\"search_term_string\"}}],\"inLanguage\":\"es\"},{\"@type\":\"Organization\",\"@id\":\"https:\/\/focus.s.nomatter.dev\/es\/#organization\",\"name\":\"FocusEconomics\",\"url\":\"https:\/\/focus.s.nomatter.dev\/es\/\",\"logo\":{\"@type\":\"ImageObject\",\"inLanguage\":\"es\",\"@id\":\"https:\/\/focus.s.nomatter.dev\/es\/#\/schema\/logo\/image\/\",\"url\":\"https:\/\/focus-d7op8.kinsta.storage\/production\/uploads\/sites\/5\/2022\/08\/logo.svg\",\"contentUrl\":\"https:\/\/focus-d7op8.kinsta.storage\/production\/uploads\/sites\/5\/2022\/08\/logo.svg\",\"width\":277,\"height\":54,\"caption\":\"FocusEconomics\"},\"image\":{\"@id\":\"https:\/\/focus.s.nomatter.dev\/es\/#\/schema\/logo\/image\/\"},\"sameAs\":[\"https:\/\/www.facebook.com\/FocusEconomics\",\"https:\/\/x.com\/FocusEconomics\"]},{\"@type\":\"Person\",\"@id\":\"https:\/\/focus.s.nomatter.dev\/es\/#\/schema\/person\/4e022cb6b031922b3d5f68b7fadcbd33\",\"name\":\"Petros Symeonidis\",\"sameAs\":[\"https:\/\/www.nomatter.io\/\"]}]}<\/script>\n<!-- \/ Yoast SEO Premium plugin. -->","yoast_head_json":{"title":"\u00bfC\u00f3mo superar\u00e1 la econom\u00eda sudafricana los retos recientes? - FocusEconomics [ES]","robots":{"index":"noindex","follow":"nofollow"},"og_locale":"es_ES","og_type":"article","og_title":"\u00bfC\u00f3mo superar\u00e1 la econom\u00eda sudafricana los retos recientes?","og_description":"Dukascopy TV elabor\u00f3 recientemente un art\u00edculo sobre la evoluci\u00f3n econ\u00f3mica de Sud\u00e1frica, ya que las huelgas laborales y los cortes de electricidad, que han asolado el pa\u00eds durante el \u00faltimo a\u00f1o, han tenido un importante impacto negativo en su econom\u00eda. Los bajos precios del petr\u00f3leo en lo que va de 2015, que deber\u00edan haber afectado positivamente a la econom\u00eda en circunstancias normales, se han visto contrarrestados por los mencionados cortes de suministro el\u00e9ctrico, que han perjudicado a la producci\u00f3n manufacturera. La confianza empresarial tambi\u00e9n ha disminuido, alcanzando su nivel m\u00e1s bajo en tres meses, en marzo. Por si fuera poco, la reciente violencia xen\u00f3foba, captada por las c\u00e1maras y difundida por todo el mundo, no ha contribuido a mejorar la situaci\u00f3n. La economista Dirina Man\u00e7ellari habl\u00f3 con Dukascopy para analizar la situaci\u00f3n.","og_url":"https:\/\/focus.s.nomatter.dev\/es\/blog\/how-will-south-african-economy-weather-recent-challenges\/","og_site_name":"FocusEconomics [ES]","article_publisher":"https:\/\/www.facebook.com\/FocusEconomics","article_published_time":"2023-03-31T11:17:45+00:00","article_modified_time":"2023-07-12T00:26:48+00:00","author":"Petros Symeonidis","twitter_card":"summary_large_image","twitter_creator":"@FocusEconomics","twitter_site":"@FocusEconomics","twitter_misc":{"Escrito por":"Petros Symeonidis","Tiempo de lectura":"2 minutos"},"schema":{"@context":"https:\/\/schema.org","@graph":[{"@type":"Article","@id":"https:\/\/focus.s.nomatter.dev\/es\/blog\/how-will-south-african-economy-weather-recent-challenges\/#article","isPartOf":{"@id":"https:\/\/focus.s.nomatter.dev\/es\/blog\/how-will-south-african-economy-weather-recent-challenges\/"},"author":{"name":"Petros Symeonidis","@id":"https:\/\/focus.s.nomatter.dev\/es\/#\/schema\/person\/4e022cb6b031922b3d5f68b7fadcbd33"},"headline":"\u00bfC\u00f3mo superar\u00e1 la econom\u00eda sudafricana los retos recientes?","datePublished":"2023-03-31T11:17:45+00:00","dateModified":"2023-07-12T00:26:48+00:00","mainEntityOfPage":{"@id":"https:\/\/focus.s.nomatter.dev\/es\/blog\/how-will-south-african-economy-weather-recent-challenges\/"},"wordCount":429,"publisher":{"@id":"https:\/\/focus.s.nomatter.dev\/es\/#organization"},"articleSection":["Uncategorized"],"inLanguage":"es"},{"@type":"WebPage","@id":"https:\/\/focus.s.nomatter.dev\/es\/blog\/how-will-south-african-economy-weather-recent-challenges\/","url":"https:\/\/focus.s.nomatter.dev\/es\/blog\/how-will-south-african-economy-weather-recent-challenges\/","name":"\u00bfC\u00f3mo superar\u00e1 la econom\u00eda sudafricana los retos recientes? - FocusEconomics [ES]","isPartOf":{"@id":"https:\/\/focus.s.nomatter.dev\/es\/#website"},"datePublished":"2023-03-31T11:17:45+00:00","dateModified":"2023-07-12T00:26:48+00:00","breadcrumb":{"@id":"https:\/\/focus.s.nomatter.dev\/es\/blog\/how-will-south-african-economy-weather-recent-challenges\/#breadcrumb"},"inLanguage":"es","potentialAction":[{"@type":"ReadAction","target":["https:\/\/focus.s.nomatter.dev\/es\/blog\/how-will-south-african-economy-weather-recent-challenges\/"]}]},{"@type":"BreadcrumbList","@id":"https:\/\/focus.s.nomatter.dev\/es\/blog\/how-will-south-african-economy-weather-recent-challenges\/#breadcrumb","itemListElement":[{"@type":"ListItem","position":1,"name":"Home","item":"https:\/\/focus.s.nomatter.dev\/es\/"},{"@type":"ListItem","position":2,"name":"\u00bfC\u00f3mo superar\u00e1 la econom\u00eda sudafricana los retos recientes?"}]},{"@type":"WebSite","@id":"https:\/\/focus.s.nomatter.dev\/es\/#website","url":"https:\/\/focus.s.nomatter.dev\/es\/","name":"FocusEconomics","description":"Economic Indicators, News and Forecasts","publisher":{"@id":"https:\/\/focus.s.nomatter.dev\/es\/#organization"},"potentialAction":[{"@type":"SearchAction","target":{"@type":"EntryPoint","urlTemplate":"https:\/\/focus.s.nomatter.dev\/es\/search-results\/?global-search={search_term_string}"},"query-input":{"@type":"PropertyValueSpecification","valueRequired":true,"valueName":"search_term_string"}}],"inLanguage":"es"},{"@type":"Organization","@id":"https:\/\/focus.s.nomatter.dev\/es\/#organization","name":"FocusEconomics","url":"https:\/\/focus.s.nomatter.dev\/es\/","logo":{"@type":"ImageObject","inLanguage":"es","@id":"https:\/\/focus.s.nomatter.dev\/es\/#\/schema\/logo\/image\/","url":"https:\/\/focus-d7op8.kinsta.storage\/production\/uploads\/sites\/5\/2022\/08\/logo.svg","contentUrl":"https:\/\/focus-d7op8.kinsta.storage\/production\/uploads\/sites\/5\/2022\/08\/logo.svg","width":277,"height":54,"caption":"FocusEconomics"},"image":{"@id":"https:\/\/focus.s.nomatter.dev\/es\/#\/schema\/logo\/image\/"},"sameAs":["https:\/\/www.facebook.com\/FocusEconomics","https:\/\/x.com\/FocusEconomics"]},{"@type":"Person","@id":"https:\/\/focus.s.nomatter.dev\/es\/#\/schema\/person\/4e022cb6b031922b3d5f68b7fadcbd33","name":"Petros Symeonidis","sameAs":["https:\/\/www.nomatter.io\/"]}]}},"_links":{"self":[{"href":"https:\/\/focus.s.nomatter.dev\/es\/wp-json\/wp\/v2\/posts\/26289","targetHints":{"allow":["GET"]}}],"collection":[{"href":"https:\/\/focus.s.nomatter.dev\/es\/wp-json\/wp\/v2\/posts"}],"about":[{"href":"https:\/\/focus.s.nomatter.dev\/es\/wp-json\/wp\/v2\/types\/post"}],"author":[{"embeddable":true,"href":"https:\/\/focus.s.nomatter.dev\/es\/wp-json\/wp\/v2\/users\/3"}],"replies":[{"embeddable":true,"href":"https:\/\/focus.s.nomatter.dev\/es\/wp-json\/wp\/v2\/comments?post=26289"}],"version-history":[{"count":0,"href":"https:\/\/focus.s.nomatter.dev\/es\/wp-json\/wp\/v2\/posts\/26289\/revisions"}],"wp:attachment":[{"href":"https:\/\/focus.s.nomatter.dev\/es\/wp-json\/wp\/v2\/media?parent=26289"}],"wp:term":[{"taxonomy":"category","embeddable":true,"href":"https:\/\/focus.s.nomatter.dev\/es\/wp-json\/wp\/v2\/categories?post=26289"},{"taxonomy":"post_tag","embeddable":true,"href":"https:\/\/focus.s.nomatter.dev\/es\/wp-json\/wp\/v2\/tags?post=26289"}],"curies":[{"name":"wp","href":"https:\/\/api.w.org\/{rel}","templated":true}]}}