{"id":48971,"date":"2023-04-13T11:48:14","date_gmt":"2023-04-13T11:48:14","guid":{"rendered":"https:\/\/focus.s.nomatter.dev\/blog\/will-the-world-cup-bring-home-an-economic-win-for-qatar-copy"},"modified":"2023-05-30T13:11:55","modified_gmt":"2023-05-30T13:11:55","slug":"how-steep-will-the-upcoming-euro-area-downturn-be","status":"publish","type":"post","link":"https:\/\/focus.s.nomatter.dev\/es\/blog\/how-steep-will-the-upcoming-euro-area-downturn-be\/","title":{"rendered":"\u00bfCu\u00e1l ser\u00e1 la intensidad de la recesi\u00f3n en la zona euro?"},"content":{"rendered":"<p>Golpeada por una inflaci\u00f3n elevada y una pol\u00edtica monetaria m\u00e1s restrictiva, no cabe duda de que la econom\u00eda de la zona del euro se ralentizar\u00e1 en los pr\u00f3ximos trimestres; la verdadera cuesti\u00f3n es en qu\u00e9 medida. Seg\u00fan las \u00faltimas previsiones de nuestros analistas, el conjunto de la zona euro se contraer\u00e1 en el cuarto trimestre de 2022 y el primer trimestre de 2023, antes de volver a crecer a partir del segundo trimestre de 2023. Dicho esto, se prev\u00e9 que el descenso sea mucho m\u00e1s leve que durante los cierres de Covid-19 de principios de 2020, o la crisis financiera mundial de 2008\/09.<\/p>\n<p>Se prev\u00e9n divergencias significativas dentro del bloque. En cuanto a las principales econom\u00edas, es probable que Alemania e Italia sufran las mayores recesiones. En cambio, Francia se ver\u00e1 menos afectada, gracias a su fuerte generaci\u00f3n nacional de energ\u00eda nuclear y a una inflaci\u00f3n relativamente limitada. Espa\u00f1a tambi\u00e9n sufrir\u00e1 una leve desaceleraci\u00f3n, debido en parte a su dependencia del gas procedente de Argelia y no de Rusia.<\/p>\n<p>Las medidas de apoyo fiscal anunciadas hasta la fecha tanto a nivel nacional como de la UE -y otras medidas que probablemente se adopten en el futuro- amortiguar\u00e1n la pr\u00f3xima desaceleraci\u00f3n. La disponibilidad de gas durante el invierno tambi\u00e9n ser\u00e1 un factor clave que habr\u00e1 que vigilar. En este frente, las tendencias recientes auguran que se evitar\u00e1n los cortes de gas forzosos a la industria: El tiempo es actualmente m\u00e1s c\u00e1lido de lo normal y deber\u00eda seguir siendo templado en las pr\u00f3ximas semanas, lo que limitar\u00e1 la demanda de calefacci\u00f3n por gas. Los precios del gas han bajado en los \u00faltimos meses. Y las instalaciones europeas de almacenamiento de gas est\u00e1n pr\u00e1cticamente llenas gracias a las fuertes importaciones de GNL. Sin embargo, una ola de fr\u00edo prolongada este invierno, sabotajes en instalaciones energ\u00e9ticas y un eventual corte del suministro de gas ruso a trav\u00e9s de Ucrania podr\u00edan a\u00fan deteriorar el panorama.<\/p>\n<p><strong>Informes de nuestra red de analistas<\/strong><\/p>\n<p>En cuanto al suministro de gas,<strong> Salomon Fiedler, de Berenberg<\/strong>, afirm\u00f3:<\/p>\n<p><em>\u00abEs probable que la UE haya almacenado suficiente gas natural para pasar el pr\u00f3ximo invierno sin tener que reducir por decreto las entregas de gas a la industria. Si las importaciones de gas procedentes de fuentes no rusas se mantienen en sus elevados niveles recientes y las empresas y los hogares siguen respondiendo a los elevados precios consumiendo menos, es probable que la UE pueda evitar la escasez total y el racionamiento tanto este invierno como el pr\u00f3ximo, incluso si todas las importaciones procedentes de Rusia cesaran a partir de noviembre.\u00bb<\/em><\/p>\n<p>En cuanto al panorama a m\u00e1s largo plazo, <strong>Carsten Brzeski, de ING<\/strong>, afirm\u00f3:<\/p>\n<p><em>\u00abMientras todo el mundo sigue evaluando la profundidad de una posible recesi\u00f3n invernal, hay otro riesgo al que a\u00fan no se ha prestado suficiente atenci\u00f3n: la eurozona puede estar asistiendo al final del ciclo econ\u00f3mico tal y como lo conoc\u00edamos. Es muy probable que los precios de la energ\u00eda se mantengan altos &#8211; muy altos &#8211; en los pr\u00f3ximos a\u00f1os. Ser\u00e1 un lastre estructural, no s\u00f3lo c\u00edclico, para la competitividad de costes de las empresas y el poder adquisitivo de los hogares. Es un cambio estructural que podr\u00eda compararse con el desapalancamiento que sufrieron muchos pa\u00edses de la eurozona tras la crisis financiera y que condujo a un crecimiento moderado durante muchos a\u00f1os. En consecuencia, es alto el riesgo de que la econom\u00eda de la eurozona no experimente una recuperaci\u00f3n en forma de V o de U, sino m\u00e1s bien en forma de J\u00bb.<\/em><\/p>\n","protected":false},"excerpt":{"rendered":"<p>Golpeada por una inflaci\u00f3n elevada y una pol\u00edtica monetaria m\u00e1s restrictiva, no cabe duda de que la econom\u00eda de la zona del euro se ralentizar\u00e1 en los pr\u00f3ximos trimestres; la verdadera cuesti\u00f3n es en qu\u00e9 medida. Seg\u00fan las \u00faltimas previsiones de nuestros analistas, el conjunto de la zona euro se contraer\u00e1 en el cuarto trimestre<\/p>\n","protected":false},"author":7,"featured_media":45363,"comment_status":"closed","ping_status":"closed","sticky":false,"template":"","format":"standard","meta":{"_acf_changed":false,"editor_notices":[],"footnotes":""},"categories":[1702],"tags":[1695,1701,1704],"class_list":["post-48971","post","type-post","status-publish","format-standard","has-post-thumbnail","hentry","category-newsletters","tag-gdp","tag-inflation","tag-euro-area"],"acf":[],"yoast_head":"<!-- This site is optimized with the Yoast SEO Premium plugin v26.9 (Yoast SEO v26.9) - https:\/\/yoast.com\/product\/yoast-seo-premium-wordpress\/ -->\n<title>\u00bfCu\u00e1l ser\u00e1 la intensidad de la recesi\u00f3n en la zona euro? - FocusEconomics [ES]<\/title>\n<meta name=\"description\" content=\"In our latest insight piece, we look at the likely severity of the Euro Area\u2019s coming economic downturn.\" class=\"yoast-seo-meta-tag\" \/>\n<meta name=\"robots\" content=\"noindex, follow, max-snippet:-1, max-image-preview:large, max-video-preview:-1\" \/>\n<meta property=\"og:locale\" content=\"es_ES\" class=\"yoast-seo-meta-tag\" \/>\n<meta property=\"og:type\" content=\"article\" class=\"yoast-seo-meta-tag\" \/>\n<meta property=\"og:title\" content=\"\u00bfCu\u00e1l ser\u00e1 la intensidad de la recesi\u00f3n en la zona euro?\" class=\"yoast-seo-meta-tag\" \/>\n<meta property=\"og:description\" content=\"In our latest insight piece, we look at the likely severity of the Euro Area\u2019s coming economic downturn.\" class=\"yoast-seo-meta-tag\" \/>\n<meta property=\"og:url\" content=\"https:\/\/focus.s.nomatter.dev\/es\/blog\/how-steep-will-the-upcoming-euro-area-downturn-be\/\" class=\"yoast-seo-meta-tag\" \/>\n<meta property=\"og:site_name\" content=\"FocusEconomics [ES]\" class=\"yoast-seo-meta-tag\" \/>\n<meta property=\"article:publisher\" content=\"https:\/\/www.facebook.com\/FocusEconomics\" class=\"yoast-seo-meta-tag\" \/>\n<meta property=\"article:published_time\" content=\"2023-04-13T11:48:14+00:00\" class=\"yoast-seo-meta-tag\" \/>\n<meta property=\"article:modified_time\" content=\"2023-05-30T13:11:55+00:00\" class=\"yoast-seo-meta-tag\" \/>\n<meta property=\"og:image\" content=\"https:\/\/focus.nm-img.net\/uploads\/sites\/5\/2022\/11\/FocusEconomics_Eurozone_222061726.jpg\" class=\"yoast-seo-meta-tag\" \/>\n\t<meta property=\"og:image:width\" content=\"1500\" class=\"yoast-seo-meta-tag\" \/>\n\t<meta property=\"og:image:height\" content=\"994\" class=\"yoast-seo-meta-tag\" \/>\n\t<meta property=\"og:image:type\" content=\"image\/jpeg\" class=\"yoast-seo-meta-tag\" \/>\n<meta name=\"author\" content=\"Sibel A\u011flamaz\" class=\"yoast-seo-meta-tag\" \/>\n<meta name=\"twitter:card\" content=\"summary_large_image\" class=\"yoast-seo-meta-tag\" \/>\n<meta name=\"twitter:creator\" content=\"@FocusEconomics\" class=\"yoast-seo-meta-tag\" \/>\n<meta name=\"twitter:site\" content=\"@FocusEconomics\" class=\"yoast-seo-meta-tag\" \/>\n<meta name=\"twitter:label1\" content=\"Escrito por\" class=\"yoast-seo-meta-tag\" \/>\n\t<meta name=\"twitter:data1\" content=\"Sibel A\u011flamaz\" class=\"yoast-seo-meta-tag\" \/>\n\t<meta name=\"twitter:label2\" content=\"Tiempo de lectura\" class=\"yoast-seo-meta-tag\" \/>\n\t<meta name=\"twitter:data2\" content=\"3 minutos\" class=\"yoast-seo-meta-tag\" \/>\n<script type=\"application\/ld+json\" class=\"yoast-schema-graph\">{\"@context\":\"https:\/\/schema.org\",\"@graph\":[{\"@type\":\"Article\",\"@id\":\"https:\/\/focus.s.nomatter.dev\/es\/blog\/how-steep-will-the-upcoming-euro-area-downturn-be\/#article\",\"isPartOf\":{\"@id\":\"https:\/\/focus.s.nomatter.dev\/es\/blog\/how-steep-will-the-upcoming-euro-area-downturn-be\/\"},\"author\":{\"name\":\"Sibel A\u011flamaz\",\"@id\":\"https:\/\/focus.s.nomatter.dev\/es\/#\/schema\/person\/74ccc4de3a3df5da86a5bd7d82f542bc\"},\"headline\":\"\u00bfCu\u00e1l ser\u00e1 la intensidad de la recesi\u00f3n en la zona euro?\",\"datePublished\":\"2023-04-13T11:48:14+00:00\",\"dateModified\":\"2023-05-30T13:11:55+00:00\",\"mainEntityOfPage\":{\"@id\":\"https:\/\/focus.s.nomatter.dev\/es\/blog\/how-steep-will-the-upcoming-euro-area-downturn-be\/\"},\"wordCount\":645,\"publisher\":{\"@id\":\"https:\/\/focus.s.nomatter.dev\/es\/#organization\"},\"image\":{\"@id\":\"https:\/\/focus.s.nomatter.dev\/es\/blog\/how-steep-will-the-upcoming-euro-area-downturn-be\/#primaryimage\"},\"thumbnailUrl\":\"https:\/\/focus-stg.nm-img.net\/uploads\/sites\/5\/2022\/11\/FocusEconomics_Eurozone_222061726.jpg\",\"keywords\":[\"GDP\",\"Inflation\",\"Euro Area\"],\"articleSection\":[\"Newsletters\"],\"inLanguage\":\"es\"},{\"@type\":\"WebPage\",\"@id\":\"https:\/\/focus.s.nomatter.dev\/es\/blog\/how-steep-will-the-upcoming-euro-area-downturn-be\/\",\"url\":\"https:\/\/focus.s.nomatter.dev\/es\/blog\/how-steep-will-the-upcoming-euro-area-downturn-be\/\",\"name\":\"\u00bfCu\u00e1l ser\u00e1 la intensidad de la recesi\u00f3n en la zona euro? - FocusEconomics [ES]\",\"isPartOf\":{\"@id\":\"https:\/\/focus.s.nomatter.dev\/es\/#website\"},\"primaryImageOfPage\":{\"@id\":\"https:\/\/focus.s.nomatter.dev\/es\/blog\/how-steep-will-the-upcoming-euro-area-downturn-be\/#primaryimage\"},\"image\":{\"@id\":\"https:\/\/focus.s.nomatter.dev\/es\/blog\/how-steep-will-the-upcoming-euro-area-downturn-be\/#primaryimage\"},\"thumbnailUrl\":\"https:\/\/focus-stg.nm-img.net\/uploads\/sites\/5\/2022\/11\/FocusEconomics_Eurozone_222061726.jpg\",\"datePublished\":\"2023-04-13T11:48:14+00:00\",\"dateModified\":\"2023-05-30T13:11:55+00:00\",\"description\":\"In our latest insight piece, we look at the likely severity of the Euro Area\u2019s coming economic downturn.\",\"breadcrumb\":{\"@id\":\"https:\/\/focus.s.nomatter.dev\/es\/blog\/how-steep-will-the-upcoming-euro-area-downturn-be\/#breadcrumb\"},\"inLanguage\":\"es\",\"potentialAction\":[{\"@type\":\"ReadAction\",\"target\":[\"https:\/\/focus.s.nomatter.dev\/es\/blog\/how-steep-will-the-upcoming-euro-area-downturn-be\/\"]}]},{\"@type\":\"ImageObject\",\"inLanguage\":\"es\",\"@id\":\"https:\/\/focus.s.nomatter.dev\/es\/blog\/how-steep-will-the-upcoming-euro-area-downturn-be\/#primaryimage\",\"url\":\"https:\/\/focus-stg.nm-img.net\/uploads\/sites\/5\/2022\/11\/FocusEconomics_Eurozone_222061726.jpg\",\"contentUrl\":\"https:\/\/focus-stg.nm-img.net\/uploads\/sites\/5\/2022\/11\/FocusEconomics_Eurozone_222061726.jpg\",\"width\":1500,\"height\":994},{\"@type\":\"BreadcrumbList\",\"@id\":\"https:\/\/focus.s.nomatter.dev\/es\/blog\/how-steep-will-the-upcoming-euro-area-downturn-be\/#breadcrumb\",\"itemListElement\":[{\"@type\":\"ListItem\",\"position\":1,\"name\":\"Home\",\"item\":\"https:\/\/focus.s.nomatter.dev\/es\/\"},{\"@type\":\"ListItem\",\"position\":2,\"name\":\"\u00bfCu\u00e1l ser\u00e1 la intensidad de la recesi\u00f3n en la zona euro?\"}]},{\"@type\":\"WebSite\",\"@id\":\"https:\/\/focus.s.nomatter.dev\/es\/#website\",\"url\":\"https:\/\/focus.s.nomatter.dev\/es\/\",\"name\":\"FocusEconomics\",\"description\":\"Economic Indicators, News and Forecasts\",\"publisher\":{\"@id\":\"https:\/\/focus.s.nomatter.dev\/es\/#organization\"},\"potentialAction\":[{\"@type\":\"SearchAction\",\"target\":{\"@type\":\"EntryPoint\",\"urlTemplate\":\"https:\/\/focus.s.nomatter.dev\/es\/search-results\/?global-search={search_term_string}\"},\"query-input\":{\"@type\":\"PropertyValueSpecification\",\"valueRequired\":true,\"valueName\":\"search_term_string\"}}],\"inLanguage\":\"es\"},{\"@type\":\"Organization\",\"@id\":\"https:\/\/focus.s.nomatter.dev\/es\/#organization\",\"name\":\"FocusEconomics\",\"url\":\"https:\/\/focus.s.nomatter.dev\/es\/\",\"logo\":{\"@type\":\"ImageObject\",\"inLanguage\":\"es\",\"@id\":\"https:\/\/focus.s.nomatter.dev\/es\/#\/schema\/logo\/image\/\",\"url\":\"https:\/\/focus-d7op8.kinsta.storage\/production\/uploads\/sites\/5\/2022\/08\/logo.svg\",\"contentUrl\":\"https:\/\/focus-d7op8.kinsta.storage\/production\/uploads\/sites\/5\/2022\/08\/logo.svg\",\"width\":277,\"height\":54,\"caption\":\"FocusEconomics\"},\"image\":{\"@id\":\"https:\/\/focus.s.nomatter.dev\/es\/#\/schema\/logo\/image\/\"},\"sameAs\":[\"https:\/\/www.facebook.com\/FocusEconomics\",\"https:\/\/x.com\/FocusEconomics\"]},{\"@type\":\"Person\",\"@id\":\"https:\/\/focus.s.nomatter.dev\/es\/#\/schema\/person\/74ccc4de3a3df5da86a5bd7d82f542bc\",\"name\":\"Sibel A\u011flamaz\"}]}<\/script>\n<!-- \/ Yoast SEO Premium plugin. -->","yoast_head_json":{"title":"\u00bfCu\u00e1l ser\u00e1 la intensidad de la recesi\u00f3n en la zona euro? - FocusEconomics [ES]","description":"In our latest insight piece, we look at the likely severity of the Euro Area\u2019s coming economic downturn.","robots":{"index":"noindex","follow":"follow","max-snippet":"max-snippet:-1","max-image-preview":"max-image-preview:large","max-video-preview":"max-video-preview:-1"},"og_locale":"es_ES","og_type":"article","og_title":"\u00bfCu\u00e1l ser\u00e1 la intensidad de la recesi\u00f3n en la zona euro?","og_description":"In our latest insight piece, we look at the likely severity of the Euro Area\u2019s coming economic downturn.","og_url":"https:\/\/focus.s.nomatter.dev\/es\/blog\/how-steep-will-the-upcoming-euro-area-downturn-be\/","og_site_name":"FocusEconomics [ES]","article_publisher":"https:\/\/www.facebook.com\/FocusEconomics","article_published_time":"2023-04-13T11:48:14+00:00","article_modified_time":"2023-05-30T13:11:55+00:00","og_image":[{"width":1500,"height":994,"url":"https:\/\/focus.nm-img.net\/uploads\/sites\/5\/2022\/11\/FocusEconomics_Eurozone_222061726.jpg","type":"image\/jpeg"}],"author":"Sibel A\u011flamaz","twitter_card":"summary_large_image","twitter_creator":"@FocusEconomics","twitter_site":"@FocusEconomics","twitter_misc":{"Escrito por":"Sibel A\u011flamaz","Tiempo de lectura":"3 minutos"},"schema":{"@context":"https:\/\/schema.org","@graph":[{"@type":"Article","@id":"https:\/\/focus.s.nomatter.dev\/es\/blog\/how-steep-will-the-upcoming-euro-area-downturn-be\/#article","isPartOf":{"@id":"https:\/\/focus.s.nomatter.dev\/es\/blog\/how-steep-will-the-upcoming-euro-area-downturn-be\/"},"author":{"name":"Sibel A\u011flamaz","@id":"https:\/\/focus.s.nomatter.dev\/es\/#\/schema\/person\/74ccc4de3a3df5da86a5bd7d82f542bc"},"headline":"\u00bfCu\u00e1l ser\u00e1 la intensidad de la recesi\u00f3n en la zona euro?","datePublished":"2023-04-13T11:48:14+00:00","dateModified":"2023-05-30T13:11:55+00:00","mainEntityOfPage":{"@id":"https:\/\/focus.s.nomatter.dev\/es\/blog\/how-steep-will-the-upcoming-euro-area-downturn-be\/"},"wordCount":645,"publisher":{"@id":"https:\/\/focus.s.nomatter.dev\/es\/#organization"},"image":{"@id":"https:\/\/focus.s.nomatter.dev\/es\/blog\/how-steep-will-the-upcoming-euro-area-downturn-be\/#primaryimage"},"thumbnailUrl":"https:\/\/focus-stg.nm-img.net\/uploads\/sites\/5\/2022\/11\/FocusEconomics_Eurozone_222061726.jpg","keywords":["GDP","Inflation","Euro Area"],"articleSection":["Newsletters"],"inLanguage":"es"},{"@type":"WebPage","@id":"https:\/\/focus.s.nomatter.dev\/es\/blog\/how-steep-will-the-upcoming-euro-area-downturn-be\/","url":"https:\/\/focus.s.nomatter.dev\/es\/blog\/how-steep-will-the-upcoming-euro-area-downturn-be\/","name":"\u00bfCu\u00e1l ser\u00e1 la intensidad de la recesi\u00f3n en la zona euro? - FocusEconomics [ES]","isPartOf":{"@id":"https:\/\/focus.s.nomatter.dev\/es\/#website"},"primaryImageOfPage":{"@id":"https:\/\/focus.s.nomatter.dev\/es\/blog\/how-steep-will-the-upcoming-euro-area-downturn-be\/#primaryimage"},"image":{"@id":"https:\/\/focus.s.nomatter.dev\/es\/blog\/how-steep-will-the-upcoming-euro-area-downturn-be\/#primaryimage"},"thumbnailUrl":"https:\/\/focus-stg.nm-img.net\/uploads\/sites\/5\/2022\/11\/FocusEconomics_Eurozone_222061726.jpg","datePublished":"2023-04-13T11:48:14+00:00","dateModified":"2023-05-30T13:11:55+00:00","description":"In our latest insight piece, we look at the likely severity of the Euro Area\u2019s coming economic downturn.","breadcrumb":{"@id":"https:\/\/focus.s.nomatter.dev\/es\/blog\/how-steep-will-the-upcoming-euro-area-downturn-be\/#breadcrumb"},"inLanguage":"es","potentialAction":[{"@type":"ReadAction","target":["https:\/\/focus.s.nomatter.dev\/es\/blog\/how-steep-will-the-upcoming-euro-area-downturn-be\/"]}]},{"@type":"ImageObject","inLanguage":"es","@id":"https:\/\/focus.s.nomatter.dev\/es\/blog\/how-steep-will-the-upcoming-euro-area-downturn-be\/#primaryimage","url":"https:\/\/focus-stg.nm-img.net\/uploads\/sites\/5\/2022\/11\/FocusEconomics_Eurozone_222061726.jpg","contentUrl":"https:\/\/focus-stg.nm-img.net\/uploads\/sites\/5\/2022\/11\/FocusEconomics_Eurozone_222061726.jpg","width":1500,"height":994},{"@type":"BreadcrumbList","@id":"https:\/\/focus.s.nomatter.dev\/es\/blog\/how-steep-will-the-upcoming-euro-area-downturn-be\/#breadcrumb","itemListElement":[{"@type":"ListItem","position":1,"name":"Home","item":"https:\/\/focus.s.nomatter.dev\/es\/"},{"@type":"ListItem","position":2,"name":"\u00bfCu\u00e1l ser\u00e1 la intensidad de la recesi\u00f3n en la zona euro?"}]},{"@type":"WebSite","@id":"https:\/\/focus.s.nomatter.dev\/es\/#website","url":"https:\/\/focus.s.nomatter.dev\/es\/","name":"FocusEconomics","description":"Economic Indicators, News and Forecasts","publisher":{"@id":"https:\/\/focus.s.nomatter.dev\/es\/#organization"},"potentialAction":[{"@type":"SearchAction","target":{"@type":"EntryPoint","urlTemplate":"https:\/\/focus.s.nomatter.dev\/es\/search-results\/?global-search={search_term_string}"},"query-input":{"@type":"PropertyValueSpecification","valueRequired":true,"valueName":"search_term_string"}}],"inLanguage":"es"},{"@type":"Organization","@id":"https:\/\/focus.s.nomatter.dev\/es\/#organization","name":"FocusEconomics","url":"https:\/\/focus.s.nomatter.dev\/es\/","logo":{"@type":"ImageObject","inLanguage":"es","@id":"https:\/\/focus.s.nomatter.dev\/es\/#\/schema\/logo\/image\/","url":"https:\/\/focus-d7op8.kinsta.storage\/production\/uploads\/sites\/5\/2022\/08\/logo.svg","contentUrl":"https:\/\/focus-d7op8.kinsta.storage\/production\/uploads\/sites\/5\/2022\/08\/logo.svg","width":277,"height":54,"caption":"FocusEconomics"},"image":{"@id":"https:\/\/focus.s.nomatter.dev\/es\/#\/schema\/logo\/image\/"},"sameAs":["https:\/\/www.facebook.com\/FocusEconomics","https:\/\/x.com\/FocusEconomics"]},{"@type":"Person","@id":"https:\/\/focus.s.nomatter.dev\/es\/#\/schema\/person\/74ccc4de3a3df5da86a5bd7d82f542bc","name":"Sibel A\u011flamaz"}]}},"_links":{"self":[{"href":"https:\/\/focus.s.nomatter.dev\/es\/wp-json\/wp\/v2\/posts\/48971","targetHints":{"allow":["GET"]}}],"collection":[{"href":"https:\/\/focus.s.nomatter.dev\/es\/wp-json\/wp\/v2\/posts"}],"about":[{"href":"https:\/\/focus.s.nomatter.dev\/es\/wp-json\/wp\/v2\/types\/post"}],"author":[{"embeddable":true,"href":"https:\/\/focus.s.nomatter.dev\/es\/wp-json\/wp\/v2\/users\/7"}],"replies":[{"embeddable":true,"href":"https:\/\/focus.s.nomatter.dev\/es\/wp-json\/wp\/v2\/comments?post=48971"}],"version-history":[{"count":0,"href":"https:\/\/focus.s.nomatter.dev\/es\/wp-json\/wp\/v2\/posts\/48971\/revisions"}],"wp:featuredmedia":[{"embeddable":true,"href":"https:\/\/focus.s.nomatter.dev\/es\/wp-json\/wp\/v2\/media\/45363"}],"wp:attachment":[{"href":"https:\/\/focus.s.nomatter.dev\/es\/wp-json\/wp\/v2\/media?parent=48971"}],"wp:term":[{"taxonomy":"category","embeddable":true,"href":"https:\/\/focus.s.nomatter.dev\/es\/wp-json\/wp\/v2\/categories?post=48971"},{"taxonomy":"post_tag","embeddable":true,"href":"https:\/\/focus.s.nomatter.dev\/es\/wp-json\/wp\/v2\/tags?post=48971"}],"curies":[{"name":"wp","href":"https:\/\/api.w.org\/{rel}","templated":true}]}}