{"id":48977,"date":"2023-04-13T11:41:34","date_gmt":"2023-04-13T11:41:34","guid":{"rendered":"https:\/\/focus.s.nomatter.dev\/?p=48977"},"modified":"2023-05-30T13:10:57","modified_gmt":"2023-05-30T13:10:57","slug":"as-cop27-rumbles-on-which-regional-economy-will-be-most-affected-by-climate-change","status":"publish","type":"post","link":"https:\/\/focus.s.nomatter.dev\/es\/blog\/as-cop27-rumbles-on-which-regional-economy-will-be-most-affected-by-climate-change\/","title":{"rendered":"A medida que avanza la COP27, \u00bfqu\u00e9 econom\u00eda regional se ver\u00e1 m\u00e1s afectada por el cambio clim\u00e1tico?"},"content":{"rendered":"<p>Mientras los aviones aterrizaban y las delegaciones gubernamentales pon\u00edan pie en Sharm El-Sheikh (Egipto) -anfitri\u00f3n de la conferencia de la ONU sobre cambio clim\u00e1tico de este a\u00f1o-, a unos 4.000 kil\u00f3metros de distancia, en Pakist\u00e1n, muchos a\u00fan se resent\u00edan de las inundaciones que anegaron un tercio del pa\u00eds a principios de a\u00f1o. La naci\u00f3n del sur de Asia se ha mostrado desafiante en la conferencia COP27, declarando que \u00ablo que ocurra en Pakist\u00e1n no se quedar\u00e1 en Pakist\u00e1n\u00bb.<\/p>\n<p>Es probable que los pa\u00edses del sur de Asia sean los m\u00e1s afectados econ\u00f3micamente por el cambio clim\u00e1tico, debido a su gran exposici\u00f3n a tormentas, inundaciones y subidas del nivel del mar, y a la debilidad de sus mecanismos de respuesta. Seg\u00fan las estimaciones realizadas por S&amp;P Global en abril de este a\u00f1o, en un escenario en el que el calentamiento global alcance cerca de 2,0 grados cent\u00edgrados, alrededor del 15% del PIB del sur de Asia podr\u00eda estar en riesgo en 2050. Esta cifra duplica con creces la de la siguiente regi\u00f3n en riesgo, Asia Central. Este escenario parece cada vez m\u00e1s probable dadas las d\u00e9biles perspectivas de cooperaci\u00f3n internacional en medio de las crecientes tensiones geopol\u00edticas y la ralentizaci\u00f3n de la econom\u00eda nacional en todo el mundo.<\/p>\n<p>De hecho, nuestros panelistas prev\u00e9n que el PIB de Pakist\u00e1n crezca este a\u00f1o a un ritmo hist\u00f3ricamente d\u00e9bil. Las previsiones de crecimiento del PIB para el a\u00f1o fiscal 2023 se han reducido en 1,7 puntos porcentuales desde que comenzaron las inundaciones en junio, que se estima que han causado alrededor de 40.000 millones de d\u00f3lares en da\u00f1os y p\u00e9rdidas econ\u00f3micas.<\/p>\n<p>En otros lugares del sur de Asia, el impacto econ\u00f3mico del cambio clim\u00e1tico tambi\u00e9n se hizo patente en las olas de calor que asolaron la regi\u00f3n el verano pasado. La producci\u00f3n industrial se vio afectada por la escasez de energ\u00eda, ya que las redes el\u00e9ctricas de la regi\u00f3n se esforzaron por hacer frente al mayor consumo de energ\u00eda derivado del uso del aire acondicionado.<\/p>\n<p>En el sur de Asia y m\u00e1s all\u00e1, el cambio clim\u00e1tico -en forma de incendios forestales, inundaciones, tormentas y otros fen\u00f3menos meteorol\u00f3gicos extremos- no es s\u00f3lo un riesgo importante para un futuro lejano. Es un riesgo importante ya y algo siempre presente en las mentes de los l\u00edderes mundiales en la COP27, mientras luchan por avanzar para prevenir una de las mayores crisis mundiales de la historia de la humanidad.<\/p>\n<h3>Informes de nuestra red de analistas<\/h3>\n<p>Seg\u00fan<strong> los analistas de EIU<\/strong>:<\/p>\n<p><em>\u00abLa mayor\u00eda de los modelos clim\u00e1ticos predicen actualmente que las temperaturas aumentar\u00e1n entre 2 y 3 \u00baC de aqu\u00ed a 2100. Creemos que la ambici\u00f3n declarada por la ONU de mantener el calentamiento dentro de los 1,5 \u00b0C es inviable dada la trayectoria pol\u00edtica actual, aunque el objetivo central de mantener el calentamiento dentro de los 2 \u00b0C sigue estando al alcance. Incluso si se consigue limitar el calentamiento a 2 \u00b0C, las repercusiones f\u00edsicas seguir\u00edan exigiendo una nueva financiaci\u00f3n masiva para la adaptaci\u00f3n a fin de ajustar casi todas las infraestructuras mundiales a un clima y unas perspectivas de cat\u00e1strofes naturales que hasta ahora no ten\u00edan precedentes.\u00bb<\/em><\/p>\n<p><strong>Los analistas de Fitch Solutions<\/strong> comentaron los riesgos:<\/p>\n<p><em>\u00abLa guerra entre Rusia y Ucrania ha a\u00f1adido tensi\u00f3n a la diplomacia clim\u00e1tica entre los principales emisores (incluida la propia Rusia) y podr\u00eda ralentizar el progreso de la pol\u00edtica clim\u00e1tica, ya que las preocupaciones por la seguridad del suministro desv\u00edan la atenci\u00f3n\u00bb. La \u00abbrecha pol\u00edtica\u00bb -la distancia entre las trayectorias pol\u00edticas actuales y una trayectoria alineada con una senda de 1,5 \u00b0C- sigue siendo amplia, y las reducciones de las emisiones mundiales de GEI distan mucho de alinearse con el Acuerdo de Par\u00eds. El progreso m\u00e1s lento de lo esperado en la mitigaci\u00f3n del cambio clim\u00e1tico, los pasos severamente limitados hacia la adaptaci\u00f3n y un d\u00e9ficit de financiaci\u00f3n grande y persistente siguen plagando las conferencias de la COP y no esperamos ver ning\u00fan cambio importante en la direcci\u00f3n pol\u00edtica este a\u00f1o.\u00bb<\/em><\/p>\n","protected":false},"excerpt":{"rendered":"<p>Mientras los aviones aterrizaban y las delegaciones gubernamentales pon\u00edan pie en Sharm El-Sheikh (Egipto) -anfitri\u00f3n de la conferencia de la ONU sobre cambio clim\u00e1tico de este a\u00f1o-, a unos 4.000 kil\u00f3metros de distancia, en Pakist\u00e1n, muchos a\u00fan se resent\u00edan de las inundaciones que anegaron un tercio del pa\u00eds a principios de a\u00f1o. La naci\u00f3n del<\/p>\n","protected":false},"author":7,"featured_media":0,"comment_status":"closed","ping_status":"closed","sticky":false,"template":"","format":"standard","meta":{"_acf_changed":false,"editor_notices":[],"footnotes":""},"categories":[1702],"tags":[1695,1707,1734],"class_list":["post-48977","post","type-post","status-publish","format-standard","hentry","category-newsletters","tag-gdp","tag-cop27","tag-climate-change"],"acf":[],"yoast_head":"<!-- This site is optimized with the Yoast SEO Premium plugin v26.9 (Yoast SEO v26.9) - https:\/\/yoast.com\/product\/yoast-seo-premium-wordpress\/ -->\n<title>A medida que avanza la COP27, \u00bfqu\u00e9 econom\u00eda regional se ver\u00e1 m\u00e1s afectada por el cambio clim\u00e1tico? - FocusEconomics [ES]<\/title>\n<meta name=\"description\" content=\"The country is situated in the region of the world which is most vulnerable to climate change. Which is it? Read our latest insight piece to find out more\" class=\"yoast-seo-meta-tag\" \/>\n<meta name=\"robots\" content=\"noindex, follow, max-snippet:-1, max-image-preview:large, max-video-preview:-1\" \/>\n<meta property=\"og:locale\" content=\"es_ES\" class=\"yoast-seo-meta-tag\" \/>\n<meta property=\"og:type\" content=\"article\" class=\"yoast-seo-meta-tag\" \/>\n<meta property=\"og:title\" content=\"A medida que avanza la COP27, \u00bfqu\u00e9 econom\u00eda regional se ver\u00e1 m\u00e1s afectada por el cambio clim\u00e1tico?\" class=\"yoast-seo-meta-tag\" \/>\n<meta property=\"og:description\" content=\"The country is situated in the region of the world which is most vulnerable to climate change. Which is it? Read our latest insight piece to find out more\" class=\"yoast-seo-meta-tag\" \/>\n<meta property=\"og:url\" content=\"https:\/\/focus.s.nomatter.dev\/es\/blog\/as-cop27-rumbles-on-which-regional-economy-will-be-most-affected-by-climate-change\/\" class=\"yoast-seo-meta-tag\" \/>\n<meta property=\"og:site_name\" content=\"FocusEconomics [ES]\" class=\"yoast-seo-meta-tag\" \/>\n<meta property=\"article:publisher\" content=\"https:\/\/www.facebook.com\/FocusEconomics\" class=\"yoast-seo-meta-tag\" \/>\n<meta property=\"article:published_time\" content=\"2023-04-13T11:41:34+00:00\" class=\"yoast-seo-meta-tag\" \/>\n<meta property=\"article:modified_time\" content=\"2023-05-30T13:10:57+00:00\" class=\"yoast-seo-meta-tag\" \/>\n<meta name=\"author\" content=\"Sibel A\u011flamaz\" class=\"yoast-seo-meta-tag\" \/>\n<meta name=\"twitter:card\" content=\"summary_large_image\" class=\"yoast-seo-meta-tag\" \/>\n<meta name=\"twitter:creator\" content=\"@FocusEconomics\" class=\"yoast-seo-meta-tag\" \/>\n<meta name=\"twitter:site\" content=\"@FocusEconomics\" class=\"yoast-seo-meta-tag\" \/>\n<meta name=\"twitter:label1\" content=\"Escrito por\" class=\"yoast-seo-meta-tag\" \/>\n\t<meta name=\"twitter:data1\" content=\"Sibel A\u011flamaz\" class=\"yoast-seo-meta-tag\" \/>\n\t<meta name=\"twitter:label2\" content=\"Tiempo de lectura\" class=\"yoast-seo-meta-tag\" \/>\n\t<meta name=\"twitter:data2\" content=\"3 minutos\" class=\"yoast-seo-meta-tag\" \/>\n<script type=\"application\/ld+json\" class=\"yoast-schema-graph\">{\"@context\":\"https:\/\/schema.org\",\"@graph\":[{\"@type\":\"Article\",\"@id\":\"https:\/\/focus.s.nomatter.dev\/es\/blog\/as-cop27-rumbles-on-which-regional-economy-will-be-most-affected-by-climate-change\/#article\",\"isPartOf\":{\"@id\":\"https:\/\/focus.s.nomatter.dev\/es\/blog\/as-cop27-rumbles-on-which-regional-economy-will-be-most-affected-by-climate-change\/\"},\"author\":{\"name\":\"Sibel A\u011flamaz\",\"@id\":\"https:\/\/focus.s.nomatter.dev\/es\/#\/schema\/person\/74ccc4de3a3df5da86a5bd7d82f542bc\"},\"headline\":\"A medida que avanza la COP27, \u00bfqu\u00e9 econom\u00eda regional se ver\u00e1 m\u00e1s afectada por el cambio clim\u00e1tico?\",\"datePublished\":\"2023-04-13T11:41:34+00:00\",\"dateModified\":\"2023-05-30T13:10:57+00:00\",\"mainEntityOfPage\":{\"@id\":\"https:\/\/focus.s.nomatter.dev\/es\/blog\/as-cop27-rumbles-on-which-regional-economy-will-be-most-affected-by-climate-change\/\"},\"wordCount\":754,\"publisher\":{\"@id\":\"https:\/\/focus.s.nomatter.dev\/es\/#organization\"},\"keywords\":[\"GDP\",\"COP27\",\"Climate Change\"],\"articleSection\":[\"Newsletters\"],\"inLanguage\":\"es\"},{\"@type\":\"WebPage\",\"@id\":\"https:\/\/focus.s.nomatter.dev\/es\/blog\/as-cop27-rumbles-on-which-regional-economy-will-be-most-affected-by-climate-change\/\",\"url\":\"https:\/\/focus.s.nomatter.dev\/es\/blog\/as-cop27-rumbles-on-which-regional-economy-will-be-most-affected-by-climate-change\/\",\"name\":\"A medida que avanza la COP27, \u00bfqu\u00e9 econom\u00eda regional se ver\u00e1 m\u00e1s afectada por el cambio clim\u00e1tico? - FocusEconomics [ES]\",\"isPartOf\":{\"@id\":\"https:\/\/focus.s.nomatter.dev\/es\/#website\"},\"datePublished\":\"2023-04-13T11:41:34+00:00\",\"dateModified\":\"2023-05-30T13:10:57+00:00\",\"description\":\"The country is situated in the region of the world which is most vulnerable to climate change. Which is it? Read our latest insight piece to find out more\",\"breadcrumb\":{\"@id\":\"https:\/\/focus.s.nomatter.dev\/es\/blog\/as-cop27-rumbles-on-which-regional-economy-will-be-most-affected-by-climate-change\/#breadcrumb\"},\"inLanguage\":\"es\",\"potentialAction\":[{\"@type\":\"ReadAction\",\"target\":[\"https:\/\/focus.s.nomatter.dev\/es\/blog\/as-cop27-rumbles-on-which-regional-economy-will-be-most-affected-by-climate-change\/\"]}]},{\"@type\":\"BreadcrumbList\",\"@id\":\"https:\/\/focus.s.nomatter.dev\/es\/blog\/as-cop27-rumbles-on-which-regional-economy-will-be-most-affected-by-climate-change\/#breadcrumb\",\"itemListElement\":[{\"@type\":\"ListItem\",\"position\":1,\"name\":\"Home\",\"item\":\"https:\/\/focus.s.nomatter.dev\/es\/\"},{\"@type\":\"ListItem\",\"position\":2,\"name\":\"A medida que avanza la COP27, \u00bfqu\u00e9 econom\u00eda regional se ver\u00e1 m\u00e1s afectada por el cambio clim\u00e1tico?\"}]},{\"@type\":\"WebSite\",\"@id\":\"https:\/\/focus.s.nomatter.dev\/es\/#website\",\"url\":\"https:\/\/focus.s.nomatter.dev\/es\/\",\"name\":\"FocusEconomics\",\"description\":\"Economic Indicators, News and Forecasts\",\"publisher\":{\"@id\":\"https:\/\/focus.s.nomatter.dev\/es\/#organization\"},\"potentialAction\":[{\"@type\":\"SearchAction\",\"target\":{\"@type\":\"EntryPoint\",\"urlTemplate\":\"https:\/\/focus.s.nomatter.dev\/es\/search-results\/?global-search={search_term_string}\"},\"query-input\":{\"@type\":\"PropertyValueSpecification\",\"valueRequired\":true,\"valueName\":\"search_term_string\"}}],\"inLanguage\":\"es\"},{\"@type\":\"Organization\",\"@id\":\"https:\/\/focus.s.nomatter.dev\/es\/#organization\",\"name\":\"FocusEconomics\",\"url\":\"https:\/\/focus.s.nomatter.dev\/es\/\",\"logo\":{\"@type\":\"ImageObject\",\"inLanguage\":\"es\",\"@id\":\"https:\/\/focus.s.nomatter.dev\/es\/#\/schema\/logo\/image\/\",\"url\":\"https:\/\/focus-d7op8.kinsta.storage\/production\/uploads\/sites\/5\/2022\/08\/logo.svg\",\"contentUrl\":\"https:\/\/focus-d7op8.kinsta.storage\/production\/uploads\/sites\/5\/2022\/08\/logo.svg\",\"width\":277,\"height\":54,\"caption\":\"FocusEconomics\"},\"image\":{\"@id\":\"https:\/\/focus.s.nomatter.dev\/es\/#\/schema\/logo\/image\/\"},\"sameAs\":[\"https:\/\/www.facebook.com\/FocusEconomics\",\"https:\/\/x.com\/FocusEconomics\"]},{\"@type\":\"Person\",\"@id\":\"https:\/\/focus.s.nomatter.dev\/es\/#\/schema\/person\/74ccc4de3a3df5da86a5bd7d82f542bc\",\"name\":\"Sibel A\u011flamaz\"}]}<\/script>\n<!-- \/ Yoast SEO Premium plugin. -->","yoast_head_json":{"title":"A medida que avanza la COP27, \u00bfqu\u00e9 econom\u00eda regional se ver\u00e1 m\u00e1s afectada por el cambio clim\u00e1tico? - FocusEconomics [ES]","description":"The country is situated in the region of the world which is most vulnerable to climate change. Which is it? Read our latest insight piece to find out more","robots":{"index":"noindex","follow":"follow","max-snippet":"max-snippet:-1","max-image-preview":"max-image-preview:large","max-video-preview":"max-video-preview:-1"},"og_locale":"es_ES","og_type":"article","og_title":"A medida que avanza la COP27, \u00bfqu\u00e9 econom\u00eda regional se ver\u00e1 m\u00e1s afectada por el cambio clim\u00e1tico?","og_description":"The country is situated in the region of the world which is most vulnerable to climate change. Which is it? Read our latest insight piece to find out more","og_url":"https:\/\/focus.s.nomatter.dev\/es\/blog\/as-cop27-rumbles-on-which-regional-economy-will-be-most-affected-by-climate-change\/","og_site_name":"FocusEconomics [ES]","article_publisher":"https:\/\/www.facebook.com\/FocusEconomics","article_published_time":"2023-04-13T11:41:34+00:00","article_modified_time":"2023-05-30T13:10:57+00:00","author":"Sibel A\u011flamaz","twitter_card":"summary_large_image","twitter_creator":"@FocusEconomics","twitter_site":"@FocusEconomics","twitter_misc":{"Escrito por":"Sibel A\u011flamaz","Tiempo de lectura":"3 minutos"},"schema":{"@context":"https:\/\/schema.org","@graph":[{"@type":"Article","@id":"https:\/\/focus.s.nomatter.dev\/es\/blog\/as-cop27-rumbles-on-which-regional-economy-will-be-most-affected-by-climate-change\/#article","isPartOf":{"@id":"https:\/\/focus.s.nomatter.dev\/es\/blog\/as-cop27-rumbles-on-which-regional-economy-will-be-most-affected-by-climate-change\/"},"author":{"name":"Sibel A\u011flamaz","@id":"https:\/\/focus.s.nomatter.dev\/es\/#\/schema\/person\/74ccc4de3a3df5da86a5bd7d82f542bc"},"headline":"A medida que avanza la COP27, \u00bfqu\u00e9 econom\u00eda regional se ver\u00e1 m\u00e1s afectada por el cambio clim\u00e1tico?","datePublished":"2023-04-13T11:41:34+00:00","dateModified":"2023-05-30T13:10:57+00:00","mainEntityOfPage":{"@id":"https:\/\/focus.s.nomatter.dev\/es\/blog\/as-cop27-rumbles-on-which-regional-economy-will-be-most-affected-by-climate-change\/"},"wordCount":754,"publisher":{"@id":"https:\/\/focus.s.nomatter.dev\/es\/#organization"},"keywords":["GDP","COP27","Climate Change"],"articleSection":["Newsletters"],"inLanguage":"es"},{"@type":"WebPage","@id":"https:\/\/focus.s.nomatter.dev\/es\/blog\/as-cop27-rumbles-on-which-regional-economy-will-be-most-affected-by-climate-change\/","url":"https:\/\/focus.s.nomatter.dev\/es\/blog\/as-cop27-rumbles-on-which-regional-economy-will-be-most-affected-by-climate-change\/","name":"A medida que avanza la COP27, \u00bfqu\u00e9 econom\u00eda regional se ver\u00e1 m\u00e1s afectada por el cambio clim\u00e1tico? - FocusEconomics [ES]","isPartOf":{"@id":"https:\/\/focus.s.nomatter.dev\/es\/#website"},"datePublished":"2023-04-13T11:41:34+00:00","dateModified":"2023-05-30T13:10:57+00:00","description":"The country is situated in the region of the world which is most vulnerable to climate change. Which is it? Read our latest insight piece to find out more","breadcrumb":{"@id":"https:\/\/focus.s.nomatter.dev\/es\/blog\/as-cop27-rumbles-on-which-regional-economy-will-be-most-affected-by-climate-change\/#breadcrumb"},"inLanguage":"es","potentialAction":[{"@type":"ReadAction","target":["https:\/\/focus.s.nomatter.dev\/es\/blog\/as-cop27-rumbles-on-which-regional-economy-will-be-most-affected-by-climate-change\/"]}]},{"@type":"BreadcrumbList","@id":"https:\/\/focus.s.nomatter.dev\/es\/blog\/as-cop27-rumbles-on-which-regional-economy-will-be-most-affected-by-climate-change\/#breadcrumb","itemListElement":[{"@type":"ListItem","position":1,"name":"Home","item":"https:\/\/focus.s.nomatter.dev\/es\/"},{"@type":"ListItem","position":2,"name":"A medida que avanza la COP27, \u00bfqu\u00e9 econom\u00eda regional se ver\u00e1 m\u00e1s afectada por el cambio clim\u00e1tico?"}]},{"@type":"WebSite","@id":"https:\/\/focus.s.nomatter.dev\/es\/#website","url":"https:\/\/focus.s.nomatter.dev\/es\/","name":"FocusEconomics","description":"Economic Indicators, News and Forecasts","publisher":{"@id":"https:\/\/focus.s.nomatter.dev\/es\/#organization"},"potentialAction":[{"@type":"SearchAction","target":{"@type":"EntryPoint","urlTemplate":"https:\/\/focus.s.nomatter.dev\/es\/search-results\/?global-search={search_term_string}"},"query-input":{"@type":"PropertyValueSpecification","valueRequired":true,"valueName":"search_term_string"}}],"inLanguage":"es"},{"@type":"Organization","@id":"https:\/\/focus.s.nomatter.dev\/es\/#organization","name":"FocusEconomics","url":"https:\/\/focus.s.nomatter.dev\/es\/","logo":{"@type":"ImageObject","inLanguage":"es","@id":"https:\/\/focus.s.nomatter.dev\/es\/#\/schema\/logo\/image\/","url":"https:\/\/focus-d7op8.kinsta.storage\/production\/uploads\/sites\/5\/2022\/08\/logo.svg","contentUrl":"https:\/\/focus-d7op8.kinsta.storage\/production\/uploads\/sites\/5\/2022\/08\/logo.svg","width":277,"height":54,"caption":"FocusEconomics"},"image":{"@id":"https:\/\/focus.s.nomatter.dev\/es\/#\/schema\/logo\/image\/"},"sameAs":["https:\/\/www.facebook.com\/FocusEconomics","https:\/\/x.com\/FocusEconomics"]},{"@type":"Person","@id":"https:\/\/focus.s.nomatter.dev\/es\/#\/schema\/person\/74ccc4de3a3df5da86a5bd7d82f542bc","name":"Sibel A\u011flamaz"}]}},"_links":{"self":[{"href":"https:\/\/focus.s.nomatter.dev\/es\/wp-json\/wp\/v2\/posts\/48977","targetHints":{"allow":["GET"]}}],"collection":[{"href":"https:\/\/focus.s.nomatter.dev\/es\/wp-json\/wp\/v2\/posts"}],"about":[{"href":"https:\/\/focus.s.nomatter.dev\/es\/wp-json\/wp\/v2\/types\/post"}],"author":[{"embeddable":true,"href":"https:\/\/focus.s.nomatter.dev\/es\/wp-json\/wp\/v2\/users\/7"}],"replies":[{"embeddable":true,"href":"https:\/\/focus.s.nomatter.dev\/es\/wp-json\/wp\/v2\/comments?post=48977"}],"version-history":[{"count":0,"href":"https:\/\/focus.s.nomatter.dev\/es\/wp-json\/wp\/v2\/posts\/48977\/revisions"}],"wp:attachment":[{"href":"https:\/\/focus.s.nomatter.dev\/es\/wp-json\/wp\/v2\/media?parent=48977"}],"wp:term":[{"taxonomy":"category","embeddable":true,"href":"https:\/\/focus.s.nomatter.dev\/es\/wp-json\/wp\/v2\/categories?post=48977"},{"taxonomy":"post_tag","embeddable":true,"href":"https:\/\/focus.s.nomatter.dev\/es\/wp-json\/wp\/v2\/tags?post=48977"}],"curies":[{"name":"wp","href":"https:\/\/api.w.org\/{rel}","templated":true}]}}