{"id":49753,"date":"2023-04-13T11:15:31","date_gmt":"2023-04-13T11:15:31","guid":{"rendered":"https:\/\/focus.s.nomatter.dev\/?p=49753"},"modified":"2023-05-30T13:07:46","modified_gmt":"2023-05-30T13:07:46","slug":"as-putin-turns-down-the-gas-taps-the-direction-of-european-gas-prices-is-set-to-be-up-2","status":"publish","type":"post","link":"https:\/\/focus.s.nomatter.dev\/es\/blog\/as-putin-turns-down-the-gas-taps-the-direction-of-european-gas-prices-is-set-to-be-up-2\/","title":{"rendered":"Putin cierra el grifo del gas y los precios del gas en Europa van a subir"},"content":{"rendered":"<p>El precio de referencia del gas europeo se situ\u00f3 el 6 de diciembre en 42,8 d\u00f3lares por mill\u00f3n de unidades t\u00e9rmicas brit\u00e1nicas (MMBtu, unos 139 euros MWh). Esto significa que ha subido aproximadamente un 50% interanual y se mantiene en uno de los niveles m\u00e1s altos jam\u00e1s registrados, incluso despu\u00e9s de haber bajado desde los m\u00e1s de 100 d\u00f3lares por MMBtu registrados en agosto.<\/p>\n<p>Nuestros expertos consideran que los precios del gas en Europa aumentar\u00e1n gradualmente el pr\u00f3ximo a\u00f1o desde los niveles actuales, hasta acercarse a los 47 USD por MMBtu (unos 152 EUR MWh) en el cuarto trimestre de 2023. Para el conjunto de 2023, se prev\u00e9 que la media de los precios se sit\u00fae en un nivel r\u00e9cord.<\/p>\n<p>La causa principal ser\u00e1 la reducci\u00f3n del suministro ruso. La cuota de Rusia en las importaciones europeas de gas segu\u00eda siendo superior al 17% en agosto, lo que la convierte en uno de los principales proveedores de Europa. Parece poco probable que en 2023 se repita este invierno, en el que los inventarios de gas han superado el 90% de su capacidad. Como es probable que las exportaciones rusas a Europa sigan disminuyendo el a\u00f1o que viene, la presi\u00f3n sobre los suministros se agudizar\u00e1. Mientras tanto, Europa tendr\u00e1 que competir por los cargamentos de GNL con Asia, especialmente con China. Adem\u00e1s, la demanda se ver\u00e1 respaldada por las continuas subvenciones energ\u00e9ticas de los gobiernos europeos.<\/p>\n<p>Entre los factores clave que habr\u00e1 que vigilar figuran la actividad econ\u00f3mica mundial, el tiempo que haga este invierno y en 2023, la reapertura de la terminal estadounidense de GNL de Freeport y el suministro ruso, con la posibilidad de que Mosc\u00fa cierre completamente los grifos del gas.<\/p>\n<h3>Informes de nuestra red de analistas:<\/h3>\n<p><strong>Warren Patterson de ING <\/strong>coment\u00f3<strong>:<\/strong><br \/>\n<em>\u00abEl ritmo de acumulaci\u00f3n de inventarios durante la temporada de inyecci\u00f3n de 2023 ser\u00e1 mucho m\u00e1s modesto en comparaci\u00f3n con lo que hemos visto este a\u00f1o, dadas las reducciones del suministro ruso [&#8230;]. La capacidad de la UE para recurrir completamente a otras fuentes es simplemente imposible. Existen limitaciones en cuanto a la cantidad de GNL que Europa puede importar. Hay informes de que los buques de GNL est\u00e1n haciendo cola para conseguir plazas en las unidades de regasificaci\u00f3n. Esto pone de manifiesto la falta de capacidad de regasificaci\u00f3n en Europa en estos momentos\u00bb.<\/em><\/p>\n<p>Seg\u00fan <strong>los analistas de la EIU:<\/strong><br \/>\n<em>\u00abLa verdadera prueba de resistencia europea llegar\u00e1 en plena temporada de calefacci\u00f3n dom\u00e9stica, entre noviembre y febrero, y las reservas podr\u00edan agotarse r\u00e1pidamente en caso de temperaturas fr\u00edas prolongadas. El suministro de GNL procedente de EE.UU. tambi\u00e9n se ver\u00e1 afectado por el cierre de la terminal Freeport LNG desde un incendio en junio. Estaba previsto que la planta volviera a funcionar a finales de noviembre, con el objetivo de alcanzar su plena capacidad a finales de marzo de 2023. Con la improbable reanudaci\u00f3n del suministro por gasoducto ruso al norte de Europa, a mediados de 2023 habr\u00e1 un nuevo reto para rellenar el almacenamiento en Europa, sobre todo si se produce un resurgimiento de la demanda de GNL desde Asia\u00bb.<\/em><\/p>\n<p>&nbsp;<\/p>\n","protected":false},"excerpt":{"rendered":"<p>El precio de referencia del gas europeo se situ\u00f3 el 6 de diciembre en 42,8 d\u00f3lares por mill\u00f3n de unidades t\u00e9rmicas brit\u00e1nicas (MMBtu, unos 139 euros MWh). Esto significa que ha subido aproximadamente un 50% interanual y se mantiene en uno de los niveles m\u00e1s altos jam\u00e1s registrados, incluso despu\u00e9s de haber bajado desde los<\/p>\n","protected":false},"author":7,"featured_media":49001,"comment_status":"closed","ping_status":"closed","sticky":false,"template":"","format":"standard","meta":{"_acf_changed":false,"editor_notices":[],"footnotes":""},"categories":[1702],"tags":[1728,1737,1740],"class_list":["post-49753","post","type-post","status-publish","format-standard","has-post-thumbnail","hentry","category-newsletters","tag-commodities","tag-energy","tag-russia"],"acf":[],"yoast_head":"<!-- This site is optimized with the Yoast SEO Premium plugin v26.9 (Yoast SEO v26.9) - https:\/\/yoast.com\/product\/yoast-seo-premium-wordpress\/ -->\n<title>European gas prices expected to rise - FocusEconomics [ES]<\/title>\n<meta name=\"description\" content=\"As Putin turns down the gas taps, the direction of European gas prices is set to be up. View our commodity reports to see more.\" class=\"yoast-seo-meta-tag\" \/>\n<meta name=\"robots\" content=\"noindex, nofollow\" \/>\n<meta property=\"og:locale\" content=\"es_ES\" class=\"yoast-seo-meta-tag\" \/>\n<meta property=\"og:type\" content=\"article\" class=\"yoast-seo-meta-tag\" \/>\n<meta property=\"og:title\" content=\"Putin cierra el grifo del gas y los precios del gas en Europa van a subir\" class=\"yoast-seo-meta-tag\" \/>\n<meta property=\"og:description\" content=\"As Putin turns down the gas taps, the direction of European gas prices is set to be up. View our commodity reports to see more.\" class=\"yoast-seo-meta-tag\" \/>\n<meta property=\"og:url\" content=\"https:\/\/focus.s.nomatter.dev\/es\/blog\/as-putin-turns-down-the-gas-taps-the-direction-of-european-gas-prices-is-set-to-be-up-2\/\" class=\"yoast-seo-meta-tag\" \/>\n<meta property=\"og:site_name\" content=\"FocusEconomics [ES]\" class=\"yoast-seo-meta-tag\" \/>\n<meta property=\"article:publisher\" content=\"https:\/\/www.facebook.com\/FocusEconomics\" class=\"yoast-seo-meta-tag\" \/>\n<meta property=\"article:published_time\" content=\"2023-04-13T11:15:31+00:00\" class=\"yoast-seo-meta-tag\" \/>\n<meta property=\"article:modified_time\" content=\"2023-05-30T13:07:46+00:00\" class=\"yoast-seo-meta-tag\" \/>\n<meta property=\"og:image\" content=\"https:\/\/focus.nm-img.net\/uploads\/sites\/5\/2022\/12\/doris-morgan-mXUFJ1U2AeA-unsplash-scaled.jpg\" class=\"yoast-seo-meta-tag\" \/>\n\t<meta property=\"og:image:width\" content=\"2560\" class=\"yoast-seo-meta-tag\" \/>\n\t<meta property=\"og:image:height\" content=\"1704\" class=\"yoast-seo-meta-tag\" \/>\n\t<meta property=\"og:image:type\" content=\"image\/jpeg\" class=\"yoast-seo-meta-tag\" \/>\n<meta name=\"author\" content=\"Sibel A\u011flamaz\" class=\"yoast-seo-meta-tag\" \/>\n<meta name=\"twitter:card\" content=\"summary_large_image\" class=\"yoast-seo-meta-tag\" \/>\n<meta name=\"twitter:creator\" content=\"@FocusEconomics\" class=\"yoast-seo-meta-tag\" \/>\n<meta name=\"twitter:site\" content=\"@FocusEconomics\" class=\"yoast-seo-meta-tag\" \/>\n<meta name=\"twitter:label1\" content=\"Escrito por\" class=\"yoast-seo-meta-tag\" \/>\n\t<meta name=\"twitter:data1\" content=\"Sibel A\u011flamaz\" class=\"yoast-seo-meta-tag\" \/>\n\t<meta name=\"twitter:label2\" content=\"Tiempo de lectura\" class=\"yoast-seo-meta-tag\" \/>\n\t<meta name=\"twitter:data2\" content=\"2 minutos\" class=\"yoast-seo-meta-tag\" \/>\n<script type=\"application\/ld+json\" class=\"yoast-schema-graph\">{\"@context\":\"https:\/\/schema.org\",\"@graph\":[{\"@type\":\"Article\",\"@id\":\"https:\/\/focus.s.nomatter.dev\/es\/blog\/as-putin-turns-down-the-gas-taps-the-direction-of-european-gas-prices-is-set-to-be-up-2\/#article\",\"isPartOf\":{\"@id\":\"https:\/\/focus.s.nomatter.dev\/es\/blog\/as-putin-turns-down-the-gas-taps-the-direction-of-european-gas-prices-is-set-to-be-up-2\/\"},\"author\":{\"name\":\"Sibel A\u011flamaz\",\"@id\":\"https:\/\/focus.s.nomatter.dev\/es\/#\/schema\/person\/74ccc4de3a3df5da86a5bd7d82f542bc\"},\"headline\":\"Putin cierra el grifo del gas y los precios del gas en Europa van a subir\",\"datePublished\":\"2023-04-13T11:15:31+00:00\",\"dateModified\":\"2023-05-30T13:07:46+00:00\",\"mainEntityOfPage\":{\"@id\":\"https:\/\/focus.s.nomatter.dev\/es\/blog\/as-putin-turns-down-the-gas-taps-the-direction-of-european-gas-prices-is-set-to-be-up-2\/\"},\"wordCount\":552,\"publisher\":{\"@id\":\"https:\/\/focus.s.nomatter.dev\/es\/#organization\"},\"image\":{\"@id\":\"https:\/\/focus.s.nomatter.dev\/es\/blog\/as-putin-turns-down-the-gas-taps-the-direction-of-european-gas-prices-is-set-to-be-up-2\/#primaryimage\"},\"thumbnailUrl\":\"https:\/\/focus-stg.nm-img.net\/uploads\/sites\/5\/2022\/12\/doris-morgan-mXUFJ1U2AeA-unsplash-scaled.jpg\",\"keywords\":[\"Commodities\",\"Energy\",\"Russia\"],\"articleSection\":[\"Newsletters\"],\"inLanguage\":\"es\"},{\"@type\":\"WebPage\",\"@id\":\"https:\/\/focus.s.nomatter.dev\/es\/blog\/as-putin-turns-down-the-gas-taps-the-direction-of-european-gas-prices-is-set-to-be-up-2\/\",\"url\":\"https:\/\/focus.s.nomatter.dev\/es\/blog\/as-putin-turns-down-the-gas-taps-the-direction-of-european-gas-prices-is-set-to-be-up-2\/\",\"name\":\"European gas prices expected to rise - FocusEconomics [ES]\",\"isPartOf\":{\"@id\":\"https:\/\/focus.s.nomatter.dev\/es\/#website\"},\"primaryImageOfPage\":{\"@id\":\"https:\/\/focus.s.nomatter.dev\/es\/blog\/as-putin-turns-down-the-gas-taps-the-direction-of-european-gas-prices-is-set-to-be-up-2\/#primaryimage\"},\"image\":{\"@id\":\"https:\/\/focus.s.nomatter.dev\/es\/blog\/as-putin-turns-down-the-gas-taps-the-direction-of-european-gas-prices-is-set-to-be-up-2\/#primaryimage\"},\"thumbnailUrl\":\"https:\/\/focus-stg.nm-img.net\/uploads\/sites\/5\/2022\/12\/doris-morgan-mXUFJ1U2AeA-unsplash-scaled.jpg\",\"datePublished\":\"2023-04-13T11:15:31+00:00\",\"dateModified\":\"2023-05-30T13:07:46+00:00\",\"description\":\"As Putin turns down the gas taps, the direction of European gas prices is set to be up. View our commodity reports to see more.\",\"breadcrumb\":{\"@id\":\"https:\/\/focus.s.nomatter.dev\/es\/blog\/as-putin-turns-down-the-gas-taps-the-direction-of-european-gas-prices-is-set-to-be-up-2\/#breadcrumb\"},\"inLanguage\":\"es\",\"potentialAction\":[{\"@type\":\"ReadAction\",\"target\":[\"https:\/\/focus.s.nomatter.dev\/es\/blog\/as-putin-turns-down-the-gas-taps-the-direction-of-european-gas-prices-is-set-to-be-up-2\/\"]}]},{\"@type\":\"ImageObject\",\"inLanguage\":\"es\",\"@id\":\"https:\/\/focus.s.nomatter.dev\/es\/blog\/as-putin-turns-down-the-gas-taps-the-direction-of-european-gas-prices-is-set-to-be-up-2\/#primaryimage\",\"url\":\"https:\/\/focus-stg.nm-img.net\/uploads\/sites\/5\/2022\/12\/doris-morgan-mXUFJ1U2AeA-unsplash-scaled.jpg\",\"contentUrl\":\"https:\/\/focus-stg.nm-img.net\/uploads\/sites\/5\/2022\/12\/doris-morgan-mXUFJ1U2AeA-unsplash-scaled.jpg\",\"width\":2560,\"height\":1704,\"caption\":\"Natural Gas Outlet Box\"},{\"@type\":\"BreadcrumbList\",\"@id\":\"https:\/\/focus.s.nomatter.dev\/es\/blog\/as-putin-turns-down-the-gas-taps-the-direction-of-european-gas-prices-is-set-to-be-up-2\/#breadcrumb\",\"itemListElement\":[{\"@type\":\"ListItem\",\"position\":1,\"name\":\"Home\",\"item\":\"https:\/\/focus.s.nomatter.dev\/es\/\"},{\"@type\":\"ListItem\",\"position\":2,\"name\":\"Putin cierra el grifo del gas y los precios del gas en Europa van a subir\"}]},{\"@type\":\"WebSite\",\"@id\":\"https:\/\/focus.s.nomatter.dev\/es\/#website\",\"url\":\"https:\/\/focus.s.nomatter.dev\/es\/\",\"name\":\"FocusEconomics\",\"description\":\"Economic Indicators, News and Forecasts\",\"publisher\":{\"@id\":\"https:\/\/focus.s.nomatter.dev\/es\/#organization\"},\"potentialAction\":[{\"@type\":\"SearchAction\",\"target\":{\"@type\":\"EntryPoint\",\"urlTemplate\":\"https:\/\/focus.s.nomatter.dev\/es\/search-results\/?global-search={search_term_string}\"},\"query-input\":{\"@type\":\"PropertyValueSpecification\",\"valueRequired\":true,\"valueName\":\"search_term_string\"}}],\"inLanguage\":\"es\"},{\"@type\":\"Organization\",\"@id\":\"https:\/\/focus.s.nomatter.dev\/es\/#organization\",\"name\":\"FocusEconomics\",\"url\":\"https:\/\/focus.s.nomatter.dev\/es\/\",\"logo\":{\"@type\":\"ImageObject\",\"inLanguage\":\"es\",\"@id\":\"https:\/\/focus.s.nomatter.dev\/es\/#\/schema\/logo\/image\/\",\"url\":\"https:\/\/focus-d7op8.kinsta.storage\/production\/uploads\/sites\/5\/2022\/08\/logo.svg\",\"contentUrl\":\"https:\/\/focus-d7op8.kinsta.storage\/production\/uploads\/sites\/5\/2022\/08\/logo.svg\",\"width\":277,\"height\":54,\"caption\":\"FocusEconomics\"},\"image\":{\"@id\":\"https:\/\/focus.s.nomatter.dev\/es\/#\/schema\/logo\/image\/\"},\"sameAs\":[\"https:\/\/www.facebook.com\/FocusEconomics\",\"https:\/\/x.com\/FocusEconomics\"]},{\"@type\":\"Person\",\"@id\":\"https:\/\/focus.s.nomatter.dev\/es\/#\/schema\/person\/74ccc4de3a3df5da86a5bd7d82f542bc\",\"name\":\"Sibel A\u011flamaz\"}]}<\/script>\n<!-- \/ Yoast SEO Premium plugin. -->","yoast_head_json":{"title":"European gas prices expected to rise - FocusEconomics [ES]","description":"As Putin turns down the gas taps, the direction of European gas prices is set to be up. View our commodity reports to see more.","robots":{"index":"noindex","follow":"nofollow"},"og_locale":"es_ES","og_type":"article","og_title":"Putin cierra el grifo del gas y los precios del gas en Europa van a subir","og_description":"As Putin turns down the gas taps, the direction of European gas prices is set to be up. View our commodity reports to see more.","og_url":"https:\/\/focus.s.nomatter.dev\/es\/blog\/as-putin-turns-down-the-gas-taps-the-direction-of-european-gas-prices-is-set-to-be-up-2\/","og_site_name":"FocusEconomics [ES]","article_publisher":"https:\/\/www.facebook.com\/FocusEconomics","article_published_time":"2023-04-13T11:15:31+00:00","article_modified_time":"2023-05-30T13:07:46+00:00","og_image":[{"width":2560,"height":1704,"url":"https:\/\/focus.nm-img.net\/uploads\/sites\/5\/2022\/12\/doris-morgan-mXUFJ1U2AeA-unsplash-scaled.jpg","type":"image\/jpeg"}],"author":"Sibel A\u011flamaz","twitter_card":"summary_large_image","twitter_creator":"@FocusEconomics","twitter_site":"@FocusEconomics","twitter_misc":{"Escrito por":"Sibel A\u011flamaz","Tiempo de lectura":"2 minutos"},"schema":{"@context":"https:\/\/schema.org","@graph":[{"@type":"Article","@id":"https:\/\/focus.s.nomatter.dev\/es\/blog\/as-putin-turns-down-the-gas-taps-the-direction-of-european-gas-prices-is-set-to-be-up-2\/#article","isPartOf":{"@id":"https:\/\/focus.s.nomatter.dev\/es\/blog\/as-putin-turns-down-the-gas-taps-the-direction-of-european-gas-prices-is-set-to-be-up-2\/"},"author":{"name":"Sibel A\u011flamaz","@id":"https:\/\/focus.s.nomatter.dev\/es\/#\/schema\/person\/74ccc4de3a3df5da86a5bd7d82f542bc"},"headline":"Putin cierra el grifo del gas y los precios del gas en Europa van a subir","datePublished":"2023-04-13T11:15:31+00:00","dateModified":"2023-05-30T13:07:46+00:00","mainEntityOfPage":{"@id":"https:\/\/focus.s.nomatter.dev\/es\/blog\/as-putin-turns-down-the-gas-taps-the-direction-of-european-gas-prices-is-set-to-be-up-2\/"},"wordCount":552,"publisher":{"@id":"https:\/\/focus.s.nomatter.dev\/es\/#organization"},"image":{"@id":"https:\/\/focus.s.nomatter.dev\/es\/blog\/as-putin-turns-down-the-gas-taps-the-direction-of-european-gas-prices-is-set-to-be-up-2\/#primaryimage"},"thumbnailUrl":"https:\/\/focus-stg.nm-img.net\/uploads\/sites\/5\/2022\/12\/doris-morgan-mXUFJ1U2AeA-unsplash-scaled.jpg","keywords":["Commodities","Energy","Russia"],"articleSection":["Newsletters"],"inLanguage":"es"},{"@type":"WebPage","@id":"https:\/\/focus.s.nomatter.dev\/es\/blog\/as-putin-turns-down-the-gas-taps-the-direction-of-european-gas-prices-is-set-to-be-up-2\/","url":"https:\/\/focus.s.nomatter.dev\/es\/blog\/as-putin-turns-down-the-gas-taps-the-direction-of-european-gas-prices-is-set-to-be-up-2\/","name":"European gas prices expected to rise - FocusEconomics [ES]","isPartOf":{"@id":"https:\/\/focus.s.nomatter.dev\/es\/#website"},"primaryImageOfPage":{"@id":"https:\/\/focus.s.nomatter.dev\/es\/blog\/as-putin-turns-down-the-gas-taps-the-direction-of-european-gas-prices-is-set-to-be-up-2\/#primaryimage"},"image":{"@id":"https:\/\/focus.s.nomatter.dev\/es\/blog\/as-putin-turns-down-the-gas-taps-the-direction-of-european-gas-prices-is-set-to-be-up-2\/#primaryimage"},"thumbnailUrl":"https:\/\/focus-stg.nm-img.net\/uploads\/sites\/5\/2022\/12\/doris-morgan-mXUFJ1U2AeA-unsplash-scaled.jpg","datePublished":"2023-04-13T11:15:31+00:00","dateModified":"2023-05-30T13:07:46+00:00","description":"As Putin turns down the gas taps, the direction of European gas prices is set to be up. View our commodity reports to see more.","breadcrumb":{"@id":"https:\/\/focus.s.nomatter.dev\/es\/blog\/as-putin-turns-down-the-gas-taps-the-direction-of-european-gas-prices-is-set-to-be-up-2\/#breadcrumb"},"inLanguage":"es","potentialAction":[{"@type":"ReadAction","target":["https:\/\/focus.s.nomatter.dev\/es\/blog\/as-putin-turns-down-the-gas-taps-the-direction-of-european-gas-prices-is-set-to-be-up-2\/"]}]},{"@type":"ImageObject","inLanguage":"es","@id":"https:\/\/focus.s.nomatter.dev\/es\/blog\/as-putin-turns-down-the-gas-taps-the-direction-of-european-gas-prices-is-set-to-be-up-2\/#primaryimage","url":"https:\/\/focus-stg.nm-img.net\/uploads\/sites\/5\/2022\/12\/doris-morgan-mXUFJ1U2AeA-unsplash-scaled.jpg","contentUrl":"https:\/\/focus-stg.nm-img.net\/uploads\/sites\/5\/2022\/12\/doris-morgan-mXUFJ1U2AeA-unsplash-scaled.jpg","width":2560,"height":1704,"caption":"Natural Gas Outlet Box"},{"@type":"BreadcrumbList","@id":"https:\/\/focus.s.nomatter.dev\/es\/blog\/as-putin-turns-down-the-gas-taps-the-direction-of-european-gas-prices-is-set-to-be-up-2\/#breadcrumb","itemListElement":[{"@type":"ListItem","position":1,"name":"Home","item":"https:\/\/focus.s.nomatter.dev\/es\/"},{"@type":"ListItem","position":2,"name":"Putin cierra el grifo del gas y los precios del gas en Europa van a subir"}]},{"@type":"WebSite","@id":"https:\/\/focus.s.nomatter.dev\/es\/#website","url":"https:\/\/focus.s.nomatter.dev\/es\/","name":"FocusEconomics","description":"Economic Indicators, News and Forecasts","publisher":{"@id":"https:\/\/focus.s.nomatter.dev\/es\/#organization"},"potentialAction":[{"@type":"SearchAction","target":{"@type":"EntryPoint","urlTemplate":"https:\/\/focus.s.nomatter.dev\/es\/search-results\/?global-search={search_term_string}"},"query-input":{"@type":"PropertyValueSpecification","valueRequired":true,"valueName":"search_term_string"}}],"inLanguage":"es"},{"@type":"Organization","@id":"https:\/\/focus.s.nomatter.dev\/es\/#organization","name":"FocusEconomics","url":"https:\/\/focus.s.nomatter.dev\/es\/","logo":{"@type":"ImageObject","inLanguage":"es","@id":"https:\/\/focus.s.nomatter.dev\/es\/#\/schema\/logo\/image\/","url":"https:\/\/focus-d7op8.kinsta.storage\/production\/uploads\/sites\/5\/2022\/08\/logo.svg","contentUrl":"https:\/\/focus-d7op8.kinsta.storage\/production\/uploads\/sites\/5\/2022\/08\/logo.svg","width":277,"height":54,"caption":"FocusEconomics"},"image":{"@id":"https:\/\/focus.s.nomatter.dev\/es\/#\/schema\/logo\/image\/"},"sameAs":["https:\/\/www.facebook.com\/FocusEconomics","https:\/\/x.com\/FocusEconomics"]},{"@type":"Person","@id":"https:\/\/focus.s.nomatter.dev\/es\/#\/schema\/person\/74ccc4de3a3df5da86a5bd7d82f542bc","name":"Sibel A\u011flamaz"}]}},"_links":{"self":[{"href":"https:\/\/focus.s.nomatter.dev\/es\/wp-json\/wp\/v2\/posts\/49753","targetHints":{"allow":["GET"]}}],"collection":[{"href":"https:\/\/focus.s.nomatter.dev\/es\/wp-json\/wp\/v2\/posts"}],"about":[{"href":"https:\/\/focus.s.nomatter.dev\/es\/wp-json\/wp\/v2\/types\/post"}],"author":[{"embeddable":true,"href":"https:\/\/focus.s.nomatter.dev\/es\/wp-json\/wp\/v2\/users\/7"}],"replies":[{"embeddable":true,"href":"https:\/\/focus.s.nomatter.dev\/es\/wp-json\/wp\/v2\/comments?post=49753"}],"version-history":[{"count":0,"href":"https:\/\/focus.s.nomatter.dev\/es\/wp-json\/wp\/v2\/posts\/49753\/revisions"}],"wp:featuredmedia":[{"embeddable":true,"href":"https:\/\/focus.s.nomatter.dev\/es\/wp-json\/wp\/v2\/media\/49001"}],"wp:attachment":[{"href":"https:\/\/focus.s.nomatter.dev\/es\/wp-json\/wp\/v2\/media?parent=49753"}],"wp:term":[{"taxonomy":"category","embeddable":true,"href":"https:\/\/focus.s.nomatter.dev\/es\/wp-json\/wp\/v2\/categories?post=49753"},{"taxonomy":"post_tag","embeddable":true,"href":"https:\/\/focus.s.nomatter.dev\/es\/wp-json\/wp\/v2\/tags?post=49753"}],"curies":[{"name":"wp","href":"https:\/\/api.w.org\/{rel}","templated":true}]}}