{"id":50079,"date":"2023-04-13T08:46:33","date_gmt":"2023-04-13T08:46:33","guid":{"rendered":"https:\/\/focus.s.nomatter.dev\/?p=50079"},"modified":"2023-05-30T12:44:46","modified_gmt":"2023-05-30T12:44:46","slug":"the-pension-reform-for-french-fiscal-metrics","status":"publish","type":"post","link":"https:\/\/focus.s.nomatter.dev\/es\/blog\/the-pension-reform-for-french-fiscal-metrics\/","title":{"rendered":"La reforma de las pensiones para la m\u00e9trica fiscal francesa"},"content":{"rendered":"<p>En medio de las mayores huelgas desde 1995, examinamos si<a href=\"http:\/\/ft.com\/content\/93ab1203-88ef-4ffe-9cc3-1107e3ce4982\"> la reforma de las pensiones del presidente franc\u00e9s Macron es inevitable<\/a>.<\/p>\n<p>Desde que el Gobierno franc\u00e9s desvel\u00f3 su plan para aumentar la edad de jubilaci\u00f3n de 62 a 64 a\u00f1os a principios de enero, han estallado las huelgas. 1,3 millones de personas participaron en la \u00faltima manifestaci\u00f3n del 31 de enero, la mayor desde 1995.<\/p>\n<p>Las huelgas podr\u00edan obligar al gobierno a modificar o incluso abandonar sus reformas. Seg\u00fan el gobierno, urge reformar el sistema de pensiones para garantizar la sostenibilidad a largo plazo del gasto en pensiones a medida que disminuye la proporci\u00f3n de trabajadores en activo con respecto a los jubilados.<\/p>\n<p>La reforma consiste ante todo en colmar el d\u00e9ficit anual entre las cotizaciones y el gasto en pensiones. Tras registrar un super\u00e1vit en 2021 y 2022, se prev\u00e9 que el sistema de pensiones entre en d\u00e9ficit a partir de 2023. Ese d\u00e9ficit alcanzar\u00e1 los 13.500 millones de euros en 2030, seg\u00fan el COR, organismo p\u00fablico franc\u00e9s encargado de supervisar el sistema de pensiones. As\u00ed, entre 2023 y 2030, el d\u00e9ficit acumulado de las pensiones alcanzar\u00eda entre 60.000 y 80.000 millones de euros. Como respuesta, la reforma del Gobierno ofrecer\u00eda 18.000 millones de euros anuales de espacio fiscal de aqu\u00ed a 2030.<\/p>\n<p><img loading=\"lazy\" decoding=\"async\" class=\"alignnone size-large wp-image-50242\" src=\"https:\/\/focus-d7op8.kinsta.storage\/production\/uploads\/2023\/02\/newsletter-france-feb-2023-2-1024x795.png\" alt=\"\" width=\"1024\" height=\"795\" srcset=\"https:\/\/focus-d7op8.kinsta.storage\/staging\/uploads\/sites\/5\/2023\/02\/newsletter-france-feb-2023-2-1024x795.png 1024w, https:\/\/focus-d7op8.kinsta.storage\/staging\/uploads\/sites\/5\/2023\/02\/newsletter-france-feb-2023-2-300x233.png 300w, https:\/\/focus-d7op8.kinsta.storage\/staging\/uploads\/sites\/5\/2023\/02\/newsletter-france-feb-2023-2-768x597.png 768w, https:\/\/focus-d7op8.kinsta.storage\/staging\/uploads\/sites\/5\/2023\/02\/newsletter-france-feb-2023-2.png 1272w\" sizes=\"auto, (max-width: 1024px) 100vw, 1024px\" \/><\/p>\n<p>Sin embargo, nuestras Previsiones de Consenso arrojan dudas sobre la necesidad de la reforma. Durante varios meses antes de que se anunciara la reforma, el Consenso de nuestro panel de analistas era que el d\u00e9ficit fiscal franc\u00e9s disminuir\u00eda gradualmente y que el ratio deuda\/PIB oscilar\u00eda entre el 112% y el 115% a lo largo de nuestro horizonte de previsi\u00f3n hasta 2027.<\/p>\n<p>Los detractores argumentan que la elecci\u00f3n de cubrir el d\u00e9ficit es una decisi\u00f3n pol\u00edtica m\u00e1s que vital; Macron espera seguir siendo visto como un reformista en su segundo mandato. Este argumento se ve respaldado en parte por nuestras previsiones, que han sugerido sistem\u00e1ticamente en los \u00faltimos meses que el d\u00e9ficit fiscal y el ratio deuda\/PIB no se descontrolar\u00e1n en los pr\u00f3ximos a\u00f1os. Adem\u00e1s, los entre 7.000 y 8.000 millones de euros de costes de refinanciaci\u00f3n del d\u00e9ficit de las pensiones de aqu\u00ed a 2030 parecen insignificantes en comparaci\u00f3n con los 165.000 millones de euros de deuda emitidos en menos de dos a\u00f1os para responder a Covid-19 y los 100.000 millones de euros en medidas de mitigaci\u00f3n de los costes energ\u00e9ticos gastados desde el <a href=\"https:\/\/focus.s.nomatter.dev\/es\/blog\/ukraine-war-economic-implications\/\">estallido de la guerra entre Rusia y Ucrania<\/a>.<\/p>\n<h3>Opiniones de nuestra red de analistas<\/h3>\n<p>Thomas Gillet, <strong>director asociado de Scope Ratings<\/strong>, coment\u00f3:<\/p>\n<p><em>\u00abLa subida de los tipos de inter\u00e9s y el endurecimiento previsto de la pol\u00edtica monetaria del BCE son motores m\u00e1s importantes del gasto p\u00fablico en Francia (AA\/Estable) en los pr\u00f3ximos a\u00f1os que el d\u00e9ficit de las pensiones. [&#8230;] La deuda p\u00fablica en relaci\u00f3n con el PIB aumentar\u00eda probablemente entre 2,5 y 3,0 puntos porcentuales de aqu\u00ed a 2030, en caso de que la Asamblea Nacional francesa no apruebe la reforma o de que el Gobierno la retire ante la oposici\u00f3n de los sindicatos.\u00bb<\/em><\/p>\n<p><em>Descargo de responsabilidad: Los puntos de vista y opiniones expresados en este art\u00edculo son los de los autores y no reflejan necesariamente la opini\u00f3n de FocusEconomics S.L.U. Los puntos de vista, previsiones o estimaciones se refieren a la fecha de la publicaci\u00f3n y est\u00e1n sujetos a cambios sin previo aviso. Este informe puede proporcionar direcciones o contener hiperv\u00ednculos a otros sitios web de Internet. FocusEconomics S.L.U. no se hace responsable de los contenidos de los sitios web de terceros.<\/em><\/p>\n<p>Fecha: 3 de febrero de 2023<\/p>\n","protected":false},"excerpt":{"rendered":"<p>En medio de las mayores huelgas desde 1995, examinamos si la reforma de las pensiones del presidente franc\u00e9s Macron es inevitable. Desde que el Gobierno franc\u00e9s desvel\u00f3 su plan para aumentar la edad de jubilaci\u00f3n de 62 a 64 a\u00f1os a principios de enero, han estallado las huelgas. 1,3 millones de personas participaron en la<\/p>\n","protected":false},"author":13,"featured_media":45362,"comment_status":"closed","ping_status":"closed","sticky":false,"template":"","format":"standard","meta":{"_acf_changed":false,"editor_notices":[],"footnotes":""},"categories":[1],"tags":[1751,1752],"class_list":["post-50079","post","type-post","status-publish","format-standard","has-post-thumbnail","hentry","category-uncategorized","tag-france","tag-reforms"],"acf":[],"yoast_head":"<!-- This site is optimized with the Yoast SEO Premium plugin v26.9 (Yoast SEO v26.9) - https:\/\/yoast.com\/product\/yoast-seo-premium-wordpress\/ -->\n<title>La reforma de las pensiones para la m\u00e9trica fiscal francesa - FocusEconomics [ES]<\/title>\n<meta name=\"description\" content=\"We examine whether French President Macron\u2019s pension reform is inevitable. How necessary is the pension reform for French fiscal metrics?\" class=\"yoast-seo-meta-tag\" \/>\n<meta name=\"robots\" content=\"noindex, nofollow\" \/>\n<meta property=\"og:locale\" content=\"es_ES\" class=\"yoast-seo-meta-tag\" \/>\n<meta property=\"og:type\" content=\"article\" class=\"yoast-seo-meta-tag\" \/>\n<meta property=\"og:title\" content=\"La reforma de las pensiones para la m\u00e9trica fiscal francesa\" class=\"yoast-seo-meta-tag\" \/>\n<meta property=\"og:description\" content=\"We examine whether French President Macron\u2019s pension reform is inevitable. How necessary is the pension reform for French fiscal metrics?\" class=\"yoast-seo-meta-tag\" \/>\n<meta property=\"og:url\" content=\"https:\/\/focus.s.nomatter.dev\/es\/blog\/the-pension-reform-for-french-fiscal-metrics\/\" class=\"yoast-seo-meta-tag\" \/>\n<meta property=\"og:site_name\" content=\"FocusEconomics [ES]\" class=\"yoast-seo-meta-tag\" \/>\n<meta property=\"article:publisher\" content=\"https:\/\/www.facebook.com\/FocusEconomics\" class=\"yoast-seo-meta-tag\" \/>\n<meta property=\"article:published_time\" content=\"2023-04-13T08:46:33+00:00\" class=\"yoast-seo-meta-tag\" \/>\n<meta property=\"article:modified_time\" content=\"2023-05-30T12:44:46+00:00\" class=\"yoast-seo-meta-tag\" \/>\n<meta property=\"og:image\" content=\"https:\/\/focus.nm-img.net\/uploads\/sites\/5\/2022\/11\/FocusEconomics_CentralBankFrance_197607137.jpg\" class=\"yoast-seo-meta-tag\" \/>\n\t<meta property=\"og:image:width\" content=\"1500\" class=\"yoast-seo-meta-tag\" \/>\n\t<meta property=\"og:image:height\" content=\"1000\" class=\"yoast-seo-meta-tag\" \/>\n\t<meta property=\"og:image:type\" content=\"image\/jpeg\" class=\"yoast-seo-meta-tag\" \/>\n<meta name=\"author\" content=\"Taylor\" class=\"yoast-seo-meta-tag\" \/>\n<meta name=\"twitter:card\" content=\"summary_large_image\" class=\"yoast-seo-meta-tag\" \/>\n<meta name=\"twitter:creator\" content=\"@FocusEconomics\" class=\"yoast-seo-meta-tag\" \/>\n<meta name=\"twitter:site\" content=\"@FocusEconomics\" class=\"yoast-seo-meta-tag\" \/>\n<meta name=\"twitter:label1\" content=\"Escrito por\" class=\"yoast-seo-meta-tag\" \/>\n\t<meta name=\"twitter:data1\" content=\"Taylor\" class=\"yoast-seo-meta-tag\" \/>\n\t<meta name=\"twitter:label2\" content=\"Tiempo de lectura\" class=\"yoast-seo-meta-tag\" \/>\n\t<meta name=\"twitter:data2\" content=\"3 minutos\" class=\"yoast-seo-meta-tag\" \/>\n<script type=\"application\/ld+json\" class=\"yoast-schema-graph\">{\"@context\":\"https:\/\/schema.org\",\"@graph\":[{\"@type\":\"Article\",\"@id\":\"https:\/\/focus.s.nomatter.dev\/es\/blog\/the-pension-reform-for-french-fiscal-metrics\/#article\",\"isPartOf\":{\"@id\":\"https:\/\/focus.s.nomatter.dev\/es\/blog\/the-pension-reform-for-french-fiscal-metrics\/\"},\"author\":{\"name\":\"Taylor\",\"@id\":\"https:\/\/focus.s.nomatter.dev\/es\/#\/schema\/person\/a05533977b70cda059081186a397e017\"},\"headline\":\"La reforma de las pensiones para la m\u00e9trica fiscal francesa\",\"datePublished\":\"2023-04-13T08:46:33+00:00\",\"dateModified\":\"2023-05-30T12:44:46+00:00\",\"mainEntityOfPage\":{\"@id\":\"https:\/\/focus.s.nomatter.dev\/es\/blog\/the-pension-reform-for-french-fiscal-metrics\/\"},\"wordCount\":631,\"publisher\":{\"@id\":\"https:\/\/focus.s.nomatter.dev\/es\/#organization\"},\"image\":{\"@id\":\"https:\/\/focus.s.nomatter.dev\/es\/blog\/the-pension-reform-for-french-fiscal-metrics\/#primaryimage\"},\"thumbnailUrl\":\"https:\/\/focus-stg.nm-img.net\/uploads\/sites\/5\/2022\/11\/FocusEconomics_CentralBankFrance_197607137.jpg\",\"keywords\":[\"France\",\"Reforms\"],\"articleSection\":[\"Uncategorized\"],\"inLanguage\":\"es\"},{\"@type\":\"WebPage\",\"@id\":\"https:\/\/focus.s.nomatter.dev\/es\/blog\/the-pension-reform-for-french-fiscal-metrics\/\",\"url\":\"https:\/\/focus.s.nomatter.dev\/es\/blog\/the-pension-reform-for-french-fiscal-metrics\/\",\"name\":\"La reforma de las pensiones para la m\u00e9trica fiscal francesa - FocusEconomics [ES]\",\"isPartOf\":{\"@id\":\"https:\/\/focus.s.nomatter.dev\/es\/#website\"},\"primaryImageOfPage\":{\"@id\":\"https:\/\/focus.s.nomatter.dev\/es\/blog\/the-pension-reform-for-french-fiscal-metrics\/#primaryimage\"},\"image\":{\"@id\":\"https:\/\/focus.s.nomatter.dev\/es\/blog\/the-pension-reform-for-french-fiscal-metrics\/#primaryimage\"},\"thumbnailUrl\":\"https:\/\/focus-stg.nm-img.net\/uploads\/sites\/5\/2022\/11\/FocusEconomics_CentralBankFrance_197607137.jpg\",\"datePublished\":\"2023-04-13T08:46:33+00:00\",\"dateModified\":\"2023-05-30T12:44:46+00:00\",\"description\":\"We examine whether French President Macron\u2019s pension reform is inevitable. How necessary is the pension reform for French fiscal metrics?\",\"breadcrumb\":{\"@id\":\"https:\/\/focus.s.nomatter.dev\/es\/blog\/the-pension-reform-for-french-fiscal-metrics\/#breadcrumb\"},\"inLanguage\":\"es\",\"potentialAction\":[{\"@type\":\"ReadAction\",\"target\":[\"https:\/\/focus.s.nomatter.dev\/es\/blog\/the-pension-reform-for-french-fiscal-metrics\/\"]}]},{\"@type\":\"ImageObject\",\"inLanguage\":\"es\",\"@id\":\"https:\/\/focus.s.nomatter.dev\/es\/blog\/the-pension-reform-for-french-fiscal-metrics\/#primaryimage\",\"url\":\"https:\/\/focus-stg.nm-img.net\/uploads\/sites\/5\/2022\/11\/FocusEconomics_CentralBankFrance_197607137.jpg\",\"contentUrl\":\"https:\/\/focus-stg.nm-img.net\/uploads\/sites\/5\/2022\/11\/FocusEconomics_CentralBankFrance_197607137.jpg\",\"width\":1500,\"height\":1000},{\"@type\":\"BreadcrumbList\",\"@id\":\"https:\/\/focus.s.nomatter.dev\/es\/blog\/the-pension-reform-for-french-fiscal-metrics\/#breadcrumb\",\"itemListElement\":[{\"@type\":\"ListItem\",\"position\":1,\"name\":\"Home\",\"item\":\"https:\/\/focus.s.nomatter.dev\/es\/\"},{\"@type\":\"ListItem\",\"position\":2,\"name\":\"La reforma de las pensiones para la m\u00e9trica fiscal francesa\"}]},{\"@type\":\"WebSite\",\"@id\":\"https:\/\/focus.s.nomatter.dev\/es\/#website\",\"url\":\"https:\/\/focus.s.nomatter.dev\/es\/\",\"name\":\"FocusEconomics\",\"description\":\"Economic Indicators, News and Forecasts\",\"publisher\":{\"@id\":\"https:\/\/focus.s.nomatter.dev\/es\/#organization\"},\"potentialAction\":[{\"@type\":\"SearchAction\",\"target\":{\"@type\":\"EntryPoint\",\"urlTemplate\":\"https:\/\/focus.s.nomatter.dev\/es\/search-results\/?global-search={search_term_string}\"},\"query-input\":{\"@type\":\"PropertyValueSpecification\",\"valueRequired\":true,\"valueName\":\"search_term_string\"}}],\"inLanguage\":\"es\"},{\"@type\":\"Organization\",\"@id\":\"https:\/\/focus.s.nomatter.dev\/es\/#organization\",\"name\":\"FocusEconomics\",\"url\":\"https:\/\/focus.s.nomatter.dev\/es\/\",\"logo\":{\"@type\":\"ImageObject\",\"inLanguage\":\"es\",\"@id\":\"https:\/\/focus.s.nomatter.dev\/es\/#\/schema\/logo\/image\/\",\"url\":\"https:\/\/focus-d7op8.kinsta.storage\/production\/uploads\/sites\/5\/2022\/08\/logo.svg\",\"contentUrl\":\"https:\/\/focus-d7op8.kinsta.storage\/production\/uploads\/sites\/5\/2022\/08\/logo.svg\",\"width\":277,\"height\":54,\"caption\":\"FocusEconomics\"},\"image\":{\"@id\":\"https:\/\/focus.s.nomatter.dev\/es\/#\/schema\/logo\/image\/\"},\"sameAs\":[\"https:\/\/www.facebook.com\/FocusEconomics\",\"https:\/\/x.com\/FocusEconomics\"]},{\"@type\":\"Person\",\"@id\":\"https:\/\/focus.s.nomatter.dev\/es\/#\/schema\/person\/a05533977b70cda059081186a397e017\",\"name\":\"Taylor\"}]}<\/script>\n<!-- \/ Yoast SEO Premium plugin. -->","yoast_head_json":{"title":"La reforma de las pensiones para la m\u00e9trica fiscal francesa - FocusEconomics [ES]","description":"We examine whether French President Macron\u2019s pension reform is inevitable. How necessary is the pension reform for French fiscal metrics?","robots":{"index":"noindex","follow":"nofollow"},"og_locale":"es_ES","og_type":"article","og_title":"La reforma de las pensiones para la m\u00e9trica fiscal francesa","og_description":"We examine whether French President Macron\u2019s pension reform is inevitable. How necessary is the pension reform for French fiscal metrics?","og_url":"https:\/\/focus.s.nomatter.dev\/es\/blog\/the-pension-reform-for-french-fiscal-metrics\/","og_site_name":"FocusEconomics [ES]","article_publisher":"https:\/\/www.facebook.com\/FocusEconomics","article_published_time":"2023-04-13T08:46:33+00:00","article_modified_time":"2023-05-30T12:44:46+00:00","og_image":[{"width":1500,"height":1000,"url":"https:\/\/focus.nm-img.net\/uploads\/sites\/5\/2022\/11\/FocusEconomics_CentralBankFrance_197607137.jpg","type":"image\/jpeg"}],"author":"Taylor","twitter_card":"summary_large_image","twitter_creator":"@FocusEconomics","twitter_site":"@FocusEconomics","twitter_misc":{"Escrito por":"Taylor","Tiempo de lectura":"3 minutos"},"schema":{"@context":"https:\/\/schema.org","@graph":[{"@type":"Article","@id":"https:\/\/focus.s.nomatter.dev\/es\/blog\/the-pension-reform-for-french-fiscal-metrics\/#article","isPartOf":{"@id":"https:\/\/focus.s.nomatter.dev\/es\/blog\/the-pension-reform-for-french-fiscal-metrics\/"},"author":{"name":"Taylor","@id":"https:\/\/focus.s.nomatter.dev\/es\/#\/schema\/person\/a05533977b70cda059081186a397e017"},"headline":"La reforma de las pensiones para la m\u00e9trica fiscal francesa","datePublished":"2023-04-13T08:46:33+00:00","dateModified":"2023-05-30T12:44:46+00:00","mainEntityOfPage":{"@id":"https:\/\/focus.s.nomatter.dev\/es\/blog\/the-pension-reform-for-french-fiscal-metrics\/"},"wordCount":631,"publisher":{"@id":"https:\/\/focus.s.nomatter.dev\/es\/#organization"},"image":{"@id":"https:\/\/focus.s.nomatter.dev\/es\/blog\/the-pension-reform-for-french-fiscal-metrics\/#primaryimage"},"thumbnailUrl":"https:\/\/focus-stg.nm-img.net\/uploads\/sites\/5\/2022\/11\/FocusEconomics_CentralBankFrance_197607137.jpg","keywords":["France","Reforms"],"articleSection":["Uncategorized"],"inLanguage":"es"},{"@type":"WebPage","@id":"https:\/\/focus.s.nomatter.dev\/es\/blog\/the-pension-reform-for-french-fiscal-metrics\/","url":"https:\/\/focus.s.nomatter.dev\/es\/blog\/the-pension-reform-for-french-fiscal-metrics\/","name":"La reforma de las pensiones para la m\u00e9trica fiscal francesa - FocusEconomics [ES]","isPartOf":{"@id":"https:\/\/focus.s.nomatter.dev\/es\/#website"},"primaryImageOfPage":{"@id":"https:\/\/focus.s.nomatter.dev\/es\/blog\/the-pension-reform-for-french-fiscal-metrics\/#primaryimage"},"image":{"@id":"https:\/\/focus.s.nomatter.dev\/es\/blog\/the-pension-reform-for-french-fiscal-metrics\/#primaryimage"},"thumbnailUrl":"https:\/\/focus-stg.nm-img.net\/uploads\/sites\/5\/2022\/11\/FocusEconomics_CentralBankFrance_197607137.jpg","datePublished":"2023-04-13T08:46:33+00:00","dateModified":"2023-05-30T12:44:46+00:00","description":"We examine whether French President Macron\u2019s pension reform is inevitable. How necessary is the pension reform for French fiscal metrics?","breadcrumb":{"@id":"https:\/\/focus.s.nomatter.dev\/es\/blog\/the-pension-reform-for-french-fiscal-metrics\/#breadcrumb"},"inLanguage":"es","potentialAction":[{"@type":"ReadAction","target":["https:\/\/focus.s.nomatter.dev\/es\/blog\/the-pension-reform-for-french-fiscal-metrics\/"]}]},{"@type":"ImageObject","inLanguage":"es","@id":"https:\/\/focus.s.nomatter.dev\/es\/blog\/the-pension-reform-for-french-fiscal-metrics\/#primaryimage","url":"https:\/\/focus-stg.nm-img.net\/uploads\/sites\/5\/2022\/11\/FocusEconomics_CentralBankFrance_197607137.jpg","contentUrl":"https:\/\/focus-stg.nm-img.net\/uploads\/sites\/5\/2022\/11\/FocusEconomics_CentralBankFrance_197607137.jpg","width":1500,"height":1000},{"@type":"BreadcrumbList","@id":"https:\/\/focus.s.nomatter.dev\/es\/blog\/the-pension-reform-for-french-fiscal-metrics\/#breadcrumb","itemListElement":[{"@type":"ListItem","position":1,"name":"Home","item":"https:\/\/focus.s.nomatter.dev\/es\/"},{"@type":"ListItem","position":2,"name":"La reforma de las pensiones para la m\u00e9trica fiscal francesa"}]},{"@type":"WebSite","@id":"https:\/\/focus.s.nomatter.dev\/es\/#website","url":"https:\/\/focus.s.nomatter.dev\/es\/","name":"FocusEconomics","description":"Economic Indicators, News and Forecasts","publisher":{"@id":"https:\/\/focus.s.nomatter.dev\/es\/#organization"},"potentialAction":[{"@type":"SearchAction","target":{"@type":"EntryPoint","urlTemplate":"https:\/\/focus.s.nomatter.dev\/es\/search-results\/?global-search={search_term_string}"},"query-input":{"@type":"PropertyValueSpecification","valueRequired":true,"valueName":"search_term_string"}}],"inLanguage":"es"},{"@type":"Organization","@id":"https:\/\/focus.s.nomatter.dev\/es\/#organization","name":"FocusEconomics","url":"https:\/\/focus.s.nomatter.dev\/es\/","logo":{"@type":"ImageObject","inLanguage":"es","@id":"https:\/\/focus.s.nomatter.dev\/es\/#\/schema\/logo\/image\/","url":"https:\/\/focus-d7op8.kinsta.storage\/production\/uploads\/sites\/5\/2022\/08\/logo.svg","contentUrl":"https:\/\/focus-d7op8.kinsta.storage\/production\/uploads\/sites\/5\/2022\/08\/logo.svg","width":277,"height":54,"caption":"FocusEconomics"},"image":{"@id":"https:\/\/focus.s.nomatter.dev\/es\/#\/schema\/logo\/image\/"},"sameAs":["https:\/\/www.facebook.com\/FocusEconomics","https:\/\/x.com\/FocusEconomics"]},{"@type":"Person","@id":"https:\/\/focus.s.nomatter.dev\/es\/#\/schema\/person\/a05533977b70cda059081186a397e017","name":"Taylor"}]}},"_links":{"self":[{"href":"https:\/\/focus.s.nomatter.dev\/es\/wp-json\/wp\/v2\/posts\/50079","targetHints":{"allow":["GET"]}}],"collection":[{"href":"https:\/\/focus.s.nomatter.dev\/es\/wp-json\/wp\/v2\/posts"}],"about":[{"href":"https:\/\/focus.s.nomatter.dev\/es\/wp-json\/wp\/v2\/types\/post"}],"author":[{"embeddable":true,"href":"https:\/\/focus.s.nomatter.dev\/es\/wp-json\/wp\/v2\/users\/13"}],"replies":[{"embeddable":true,"href":"https:\/\/focus.s.nomatter.dev\/es\/wp-json\/wp\/v2\/comments?post=50079"}],"version-history":[{"count":0,"href":"https:\/\/focus.s.nomatter.dev\/es\/wp-json\/wp\/v2\/posts\/50079\/revisions"}],"wp:featuredmedia":[{"embeddable":true,"href":"https:\/\/focus.s.nomatter.dev\/es\/wp-json\/wp\/v2\/media\/45362"}],"wp:attachment":[{"href":"https:\/\/focus.s.nomatter.dev\/es\/wp-json\/wp\/v2\/media?parent=50079"}],"wp:term":[{"taxonomy":"category","embeddable":true,"href":"https:\/\/focus.s.nomatter.dev\/es\/wp-json\/wp\/v2\/categories?post=50079"},{"taxonomy":"post_tag","embeddable":true,"href":"https:\/\/focus.s.nomatter.dev\/es\/wp-json\/wp\/v2\/tags?post=50079"}],"curies":[{"name":"wp","href":"https:\/\/api.w.org\/{rel}","templated":true}]}}