{"id":85475,"date":"2023-05-29T09:07:18","date_gmt":"2023-05-29T09:07:18","guid":{"rendered":"https:\/\/focus.s.nomatter.dev\/es\/?p=85475"},"modified":"2023-06-27T08:15:53","modified_gmt":"2023-06-27T08:15:53","slug":"when-will-asias-export-downturn-bottom-out","status":"publish","type":"post","link":"https:\/\/focus.s.nomatter.dev\/es\/blog\/when-will-asias-export-downturn-bottom-out\/","title":{"rendered":"\u00bfCu\u00e1ndo tocar\u00e1 fondo la ca\u00edda de las exportaciones asi\u00e1ticas?"},"content":{"rendered":"<div>\n<h2>Descensos de dos d\u00edgitos:<\/h2>\n<p>Las exportaciones de mercanc\u00edas llevan meses contray\u00e9ndose en varias econom\u00edas asi\u00e1ticas. Los pa\u00edses con grandes sectores electr\u00f3nicos se han visto especialmente afectados: En el primer trimestre, las exportaciones cayeron un 12% interanual en Corea, un 16% en Singapur, un 18% en Hong Kong y un 19% en Taiw\u00e1n.<\/p>\n<h2>Una tormenta perfecta:<\/h2>\n<p>La desaceleraci\u00f3n se debe a la tibia demanda china de importaciones, las subidas de tipos en las econom\u00edas desarrolladas, un giro mundial hacia el gasto en servicios y la reducci\u00f3n de la demanda de trabajo desde casa ahora que la pandemia ha quedado en el pasado. Adem\u00e1s, el exceso de oferta est\u00e1 afectando a los precios en el mercado de semiconductores, mientras que los exportadores de materias primas, como Indonesia y Malasia, est\u00e1n viendo bajar los precios del crudo y el aceite de palma. Estos factores se ven contrarrestados en parte por la mayor demanda de electr\u00f3nica del sector del autom\u00f3vil, debido al aumento de las ventas de coches el\u00e9ctricos y a la creciente complejidad tecnol\u00f3gica de los veh\u00edculos.<\/p>\n<h2>Perspectivas d\u00e9biles a corto plazo:<\/h2>\n<p>El consenso entre nuestros panelistas es de una contracci\u00f3n media del 2,5% en las exportaciones de bienes de Asia-Pac\u00edfico en 2023, seguida de un peque\u00f1o repunte en 2024. En el segundo semestre de 2023, ya deber\u00eda haber algunos signos de mejora, y las principales econom\u00edas volver\u00e1n a registrar un crecimiento interanual en el cuarto trimestre. Los riesgos parecen sesgados a la baja, dada la recuperaci\u00f3n sorprendentemente lenta de la demanda china de importaciones en lo que va de a\u00f1o.<\/p>\n<h2>Retos y oportunidades a largo plazo:<\/h2>\n<p>Los esfuerzos de EE.UU. por deslocalizar la producci\u00f3n manufacturera se han acelerado bajo el mandato de Biden, y la UE tambi\u00e9n pretende impulsar su autonom\u00eda estrat\u00e9gica. El resultado es que el 20% de la carga procedente de Asia podr\u00eda trasladarse a mercados m\u00e1s cercanos a los clientes finales en 2025, seg\u00fan un reciente estudio de Deloitte, proporci\u00f3n que podr\u00eda aumentar al 40% en 2030. La deslocalizaci\u00f3n cercana ser\u00eda una mala noticia para los exportadores de mercanc\u00edas asi\u00e1ticos, que dependen de las ventas a los mercados occidentales. Por otro lado, la actual migraci\u00f3n de la actividad manufacturera de China a la regi\u00f3n en general es una oportunidad para otras econom\u00edas asi\u00e1ticas.<\/p>\n<\/div>\n<div>\n<p><img loading=\"lazy\" decoding=\"async\" class=\"CToWUd a6T\" tabindex=\"0\" src=\"https:\/\/ci6.googleusercontent.com\/proxy\/OFnBAShR3doc8hAJ7lqSMFjHtyUwXZ2GqDqyjA8wyyh6WlhPLKr8m9Ps-d0iLXEt1gL3dW0JOsjc9DFk4uPO-IhAAASG8gwQcZrCmTKYRaTy8PR-40L-zLMY34CHV0Zhtg0uglqrZl0sHxKTzc83LPhE7pNdtw=s0-d-e1-ft#https:\/\/info.focus-economics.com\/l\/871881\/2023-05-26\/nc3g3r\/871881\/1685085999OGnCV4fZ\/NL_26_May.png\" alt=\"\" width=\"591\" height=\"439\" border=\"0\" data-bit=\"iit\" \/><\/p>\n<div>\n<div>\n<h2><\/h2>\n<h2><strong>Informes de Nuestra Red de Analistas<\/strong><\/h2>\n<\/div>\n<\/div>\n<\/div>\n<p>En cuanto a la demanda china, <strong>los analistas de EIU<\/strong> afirmaron:<br \/>\n<em>\u00abLos beneficios de la reapertura de China ser\u00e1n menos evidentes para los productores asi\u00e1ticos de materias primas. [&#8230;] Esto refleja nuestra previsi\u00f3n de un entorno de inversi\u00f3n a\u00fan tibio en China este a\u00f1o\u00bb. Los mercados tambi\u00e9n parecen haber adoptado este punto de vista, ya que los precios de las materias primas sensibles a la demanda china, como el crudo, el gas y el mineral de hierro, han retrocedido despu\u00e9s de haber subido inicialmente al conocerse la reapertura de China\u00bb.<\/em><\/p>\n<p>En cuanto a las exportaciones y las perspectivas, <strong>los analistas de Nomura<\/strong> se\u00f1alaron:<br \/>\n<em>\u00abLa ca\u00edda de las exportaciones asi\u00e1ticas dura ya m\u00e1s de un a\u00f1o. Por tipo de producto, las exportaciones de semiconductores y electr\u00f3nica, productos qu\u00edmicos y maquinaria el\u00e9ctrica se han desplomado [&#8230;]. Por destinos, las exportaciones a China son las que m\u00e1s se han debilitado, seguidas de las de EE.UU. y la UE, mientras que las exportaciones a la ASEAN y al resto del mundo se han mantenido. Nuestra opini\u00f3n desde hace alg\u00fan tiempo es que el segundo trimestre marcar\u00eda el punto m\u00e1s bajo del ciclo descendente de las exportaciones asi\u00e1ticas. Los datos de alta frecuencia muestran que las exportaciones asi\u00e1ticas est\u00e1n tocando fondo. El 2T ser\u00e1 probablemente peor que el 1T (de media), pero deber\u00eda marcar el fondo del ciclo\u00bb.<\/em><\/p>\n<p>&nbsp;<\/p>\n","protected":false},"excerpt":{"rendered":"<p>En las \u00faltimas d\u00e9cadas, el impacto de China en el crecimiento mundial no ha mostrado signos de disminuir; esto fue especialmente evidente en los a\u00f1os posteriores a la crisis financiera mundial. De hecho, la influencia del pa\u00eds en Am\u00e9rica Latina es cada a\u00f1o mayor, y esto se debe principalmente a tres factores principales.<\/p>\n","protected":false},"author":7,"featured_media":0,"comment_status":"closed","ping_status":"closed","sticky":false,"template":"","format":"standard","meta":{"_acf_changed":false,"editor_notices":[],"footnotes":""},"categories":[1],"tags":[1695,1745,1770],"class_list":["post-85475","post","type-post","status-publish","format-standard","hentry","category-uncategorized","tag-gdp","tag-asia","tag-exports"],"acf":[],"yoast_head":"<!-- This site is optimized with the Yoast SEO Premium plugin v26.9 (Yoast SEO v26.9) - https:\/\/yoast.com\/product\/yoast-seo-premium-wordpress\/ -->\n<title>\u00bfCu\u00e1ndo tocar\u00e1 fondo la ca\u00edda de las exportaciones asi\u00e1ticas? - FocusEconomics [ES]<\/title>\n<meta name=\"robots\" content=\"noindex, nofollow\" \/>\n<meta property=\"og:locale\" content=\"es_ES\" class=\"yoast-seo-meta-tag\" \/>\n<meta property=\"og:type\" content=\"article\" class=\"yoast-seo-meta-tag\" \/>\n<meta property=\"og:title\" content=\"\u00bfCu\u00e1ndo tocar\u00e1 fondo la ca\u00edda de las exportaciones asi\u00e1ticas?\" class=\"yoast-seo-meta-tag\" \/>\n<meta property=\"og:description\" content=\"En las \u00faltimas d\u00e9cadas, el impacto de China en el crecimiento mundial no ha mostrado signos de disminuir; esto fue especialmente evidente en los a\u00f1os posteriores a la crisis financiera mundial. De hecho, la influencia del pa\u00eds en Am\u00e9rica Latina es cada a\u00f1o mayor, y esto se debe principalmente a tres factores principales.\" class=\"yoast-seo-meta-tag\" \/>\n<meta property=\"og:url\" content=\"https:\/\/focus.s.nomatter.dev\/es\/blog\/when-will-asias-export-downturn-bottom-out\/\" class=\"yoast-seo-meta-tag\" \/>\n<meta property=\"og:site_name\" content=\"FocusEconomics [ES]\" class=\"yoast-seo-meta-tag\" \/>\n<meta property=\"article:publisher\" content=\"https:\/\/www.facebook.com\/FocusEconomics\" class=\"yoast-seo-meta-tag\" \/>\n<meta property=\"article:published_time\" content=\"2023-05-29T09:07:18+00:00\" class=\"yoast-seo-meta-tag\" \/>\n<meta property=\"article:modified_time\" content=\"2023-06-27T08:15:53+00:00\" class=\"yoast-seo-meta-tag\" \/>\n<meta property=\"og:image\" content=\"https:\/\/ci6.googleusercontent.com\/proxy\/OFnBAShR3doc8hAJ7lqSMFjHtyUwXZ2GqDqyjA8wyyh6WlhPLKr8m9Ps-d0iLXEt1gL3dW0JOsjc9DFk4uPO-IhAAASG8gwQcZrCmTKYRaTy8PR-40L-zLMY34CHV0Zhtg0uglqrZl0sHxKTzc83LPhE7pNdtw=s0-d-e1-ft#https:\/\/info.focus-economics.com\/l\/871881\/2023-05-26\/nc3g3r\/871881\/1685085999OGnCV4fZ\/NL_26_May.png\" class=\"yoast-seo-meta-tag\" \/>\n<meta name=\"author\" content=\"Sibel A\u011flamaz\" class=\"yoast-seo-meta-tag\" \/>\n<meta name=\"twitter:card\" content=\"summary_large_image\" class=\"yoast-seo-meta-tag\" \/>\n<meta name=\"twitter:creator\" content=\"@FocusEconomics\" class=\"yoast-seo-meta-tag\" \/>\n<meta name=\"twitter:site\" content=\"@FocusEconomics\" class=\"yoast-seo-meta-tag\" \/>\n<meta name=\"twitter:label1\" content=\"Escrito por\" class=\"yoast-seo-meta-tag\" \/>\n\t<meta name=\"twitter:data1\" content=\"Sibel A\u011flamaz\" class=\"yoast-seo-meta-tag\" \/>\n\t<meta name=\"twitter:label2\" content=\"Tiempo de lectura\" class=\"yoast-seo-meta-tag\" \/>\n\t<meta name=\"twitter:data2\" content=\"4 minutos\" class=\"yoast-seo-meta-tag\" \/>\n<script type=\"application\/ld+json\" class=\"yoast-schema-graph\">{\"@context\":\"https:\/\/schema.org\",\"@graph\":[{\"@type\":\"Article\",\"@id\":\"https:\/\/focus.s.nomatter.dev\/es\/blog\/when-will-asias-export-downturn-bottom-out\/#article\",\"isPartOf\":{\"@id\":\"https:\/\/focus.s.nomatter.dev\/es\/blog\/when-will-asias-export-downturn-bottom-out\/\"},\"author\":{\"name\":\"Sibel A\u011flamaz\",\"@id\":\"https:\/\/focus.s.nomatter.dev\/es\/#\/schema\/person\/74ccc4de3a3df5da86a5bd7d82f542bc\"},\"headline\":\"\u00bfCu\u00e1ndo tocar\u00e1 fondo la ca\u00edda de las exportaciones asi\u00e1ticas?\",\"datePublished\":\"2023-05-29T09:07:18+00:00\",\"dateModified\":\"2023-06-27T08:15:53+00:00\",\"mainEntityOfPage\":{\"@id\":\"https:\/\/focus.s.nomatter.dev\/es\/blog\/when-will-asias-export-downturn-bottom-out\/\"},\"wordCount\":673,\"publisher\":{\"@id\":\"https:\/\/focus.s.nomatter.dev\/es\/#organization\"},\"image\":{\"@id\":\"https:\/\/focus.s.nomatter.dev\/es\/blog\/when-will-asias-export-downturn-bottom-out\/#primaryimage\"},\"thumbnailUrl\":\"https:\/\/ci6.googleusercontent.com\/proxy\/OFnBAShR3doc8hAJ7lqSMFjHtyUwXZ2GqDqyjA8wyyh6WlhPLKr8m9Ps-d0iLXEt1gL3dW0JOsjc9DFk4uPO-IhAAASG8gwQcZrCmTKYRaTy8PR-40L-zLMY34CHV0Zhtg0uglqrZl0sHxKTzc83LPhE7pNdtw=s0-d-e1-ft#https:\/\/info.focus-economics.com\/l\/871881\/2023-05-26\/nc3g3r\/871881\/1685085999OGnCV4fZ\/NL_26_May.png\",\"keywords\":[\"GDP\",\"Asia\",\"exports\"],\"articleSection\":[\"Uncategorized\"],\"inLanguage\":\"es\"},{\"@type\":\"WebPage\",\"@id\":\"https:\/\/focus.s.nomatter.dev\/es\/blog\/when-will-asias-export-downturn-bottom-out\/\",\"url\":\"https:\/\/focus.s.nomatter.dev\/es\/blog\/when-will-asias-export-downturn-bottom-out\/\",\"name\":\"\u00bfCu\u00e1ndo tocar\u00e1 fondo la ca\u00edda de las exportaciones asi\u00e1ticas? - FocusEconomics [ES]\",\"isPartOf\":{\"@id\":\"https:\/\/focus.s.nomatter.dev\/es\/#website\"},\"primaryImageOfPage\":{\"@id\":\"https:\/\/focus.s.nomatter.dev\/es\/blog\/when-will-asias-export-downturn-bottom-out\/#primaryimage\"},\"image\":{\"@id\":\"https:\/\/focus.s.nomatter.dev\/es\/blog\/when-will-asias-export-downturn-bottom-out\/#primaryimage\"},\"thumbnailUrl\":\"https:\/\/ci6.googleusercontent.com\/proxy\/OFnBAShR3doc8hAJ7lqSMFjHtyUwXZ2GqDqyjA8wyyh6WlhPLKr8m9Ps-d0iLXEt1gL3dW0JOsjc9DFk4uPO-IhAAASG8gwQcZrCmTKYRaTy8PR-40L-zLMY34CHV0Zhtg0uglqrZl0sHxKTzc83LPhE7pNdtw=s0-d-e1-ft#https:\/\/info.focus-economics.com\/l\/871881\/2023-05-26\/nc3g3r\/871881\/1685085999OGnCV4fZ\/NL_26_May.png\",\"datePublished\":\"2023-05-29T09:07:18+00:00\",\"dateModified\":\"2023-06-27T08:15:53+00:00\",\"breadcrumb\":{\"@id\":\"https:\/\/focus.s.nomatter.dev\/es\/blog\/when-will-asias-export-downturn-bottom-out\/#breadcrumb\"},\"inLanguage\":\"es\",\"potentialAction\":[{\"@type\":\"ReadAction\",\"target\":[\"https:\/\/focus.s.nomatter.dev\/es\/blog\/when-will-asias-export-downturn-bottom-out\/\"]}]},{\"@type\":\"ImageObject\",\"inLanguage\":\"es\",\"@id\":\"https:\/\/focus.s.nomatter.dev\/es\/blog\/when-will-asias-export-downturn-bottom-out\/#primaryimage\",\"url\":\"https:\/\/ci6.googleusercontent.com\/proxy\/OFnBAShR3doc8hAJ7lqSMFjHtyUwXZ2GqDqyjA8wyyh6WlhPLKr8m9Ps-d0iLXEt1gL3dW0JOsjc9DFk4uPO-IhAAASG8gwQcZrCmTKYRaTy8PR-40L-zLMY34CHV0Zhtg0uglqrZl0sHxKTzc83LPhE7pNdtw=s0-d-e1-ft#https:\/\/info.focus-economics.com\/l\/871881\/2023-05-26\/nc3g3r\/871881\/1685085999OGnCV4fZ\/NL_26_May.png\",\"contentUrl\":\"https:\/\/ci6.googleusercontent.com\/proxy\/OFnBAShR3doc8hAJ7lqSMFjHtyUwXZ2GqDqyjA8wyyh6WlhPLKr8m9Ps-d0iLXEt1gL3dW0JOsjc9DFk4uPO-IhAAASG8gwQcZrCmTKYRaTy8PR-40L-zLMY34CHV0Zhtg0uglqrZl0sHxKTzc83LPhE7pNdtw=s0-d-e1-ft#https:\/\/info.focus-economics.com\/l\/871881\/2023-05-26\/nc3g3r\/871881\/1685085999OGnCV4fZ\/NL_26_May.png\"},{\"@type\":\"BreadcrumbList\",\"@id\":\"https:\/\/focus.s.nomatter.dev\/es\/blog\/when-will-asias-export-downturn-bottom-out\/#breadcrumb\",\"itemListElement\":[{\"@type\":\"ListItem\",\"position\":1,\"name\":\"Home\",\"item\":\"https:\/\/focus.s.nomatter.dev\/es\/\"},{\"@type\":\"ListItem\",\"position\":2,\"name\":\"\u00bfCu\u00e1ndo tocar\u00e1 fondo la ca\u00edda de las exportaciones asi\u00e1ticas?\"}]},{\"@type\":\"WebSite\",\"@id\":\"https:\/\/focus.s.nomatter.dev\/es\/#website\",\"url\":\"https:\/\/focus.s.nomatter.dev\/es\/\",\"name\":\"FocusEconomics\",\"description\":\"Economic Indicators, News and Forecasts\",\"publisher\":{\"@id\":\"https:\/\/focus.s.nomatter.dev\/es\/#organization\"},\"potentialAction\":[{\"@type\":\"SearchAction\",\"target\":{\"@type\":\"EntryPoint\",\"urlTemplate\":\"https:\/\/focus.s.nomatter.dev\/es\/search-results\/?global-search={search_term_string}\"},\"query-input\":{\"@type\":\"PropertyValueSpecification\",\"valueRequired\":true,\"valueName\":\"search_term_string\"}}],\"inLanguage\":\"es\"},{\"@type\":\"Organization\",\"@id\":\"https:\/\/focus.s.nomatter.dev\/es\/#organization\",\"name\":\"FocusEconomics\",\"url\":\"https:\/\/focus.s.nomatter.dev\/es\/\",\"logo\":{\"@type\":\"ImageObject\",\"inLanguage\":\"es\",\"@id\":\"https:\/\/focus.s.nomatter.dev\/es\/#\/schema\/logo\/image\/\",\"url\":\"https:\/\/focus-d7op8.kinsta.storage\/production\/uploads\/sites\/5\/2022\/08\/logo.svg\",\"contentUrl\":\"https:\/\/focus-d7op8.kinsta.storage\/production\/uploads\/sites\/5\/2022\/08\/logo.svg\",\"width\":277,\"height\":54,\"caption\":\"FocusEconomics\"},\"image\":{\"@id\":\"https:\/\/focus.s.nomatter.dev\/es\/#\/schema\/logo\/image\/\"},\"sameAs\":[\"https:\/\/www.facebook.com\/FocusEconomics\",\"https:\/\/x.com\/FocusEconomics\"]},{\"@type\":\"Person\",\"@id\":\"https:\/\/focus.s.nomatter.dev\/es\/#\/schema\/person\/74ccc4de3a3df5da86a5bd7d82f542bc\",\"name\":\"Sibel A\u011flamaz\"}]}<\/script>\n<!-- \/ Yoast SEO Premium plugin. -->","yoast_head_json":{"title":"\u00bfCu\u00e1ndo tocar\u00e1 fondo la ca\u00edda de las exportaciones asi\u00e1ticas? - FocusEconomics [ES]","robots":{"index":"noindex","follow":"nofollow"},"og_locale":"es_ES","og_type":"article","og_title":"\u00bfCu\u00e1ndo tocar\u00e1 fondo la ca\u00edda de las exportaciones asi\u00e1ticas?","og_description":"En las \u00faltimas d\u00e9cadas, el impacto de China en el crecimiento mundial no ha mostrado signos de disminuir; esto fue especialmente evidente en los a\u00f1os posteriores a la crisis financiera mundial. De hecho, la influencia del pa\u00eds en Am\u00e9rica Latina es cada a\u00f1o mayor, y esto se debe principalmente a tres factores principales.","og_url":"https:\/\/focus.s.nomatter.dev\/es\/blog\/when-will-asias-export-downturn-bottom-out\/","og_site_name":"FocusEconomics [ES]","article_publisher":"https:\/\/www.facebook.com\/FocusEconomics","article_published_time":"2023-05-29T09:07:18+00:00","article_modified_time":"2023-06-27T08:15:53+00:00","og_image":[{"url":"https:\/\/ci6.googleusercontent.com\/proxy\/OFnBAShR3doc8hAJ7lqSMFjHtyUwXZ2GqDqyjA8wyyh6WlhPLKr8m9Ps-d0iLXEt1gL3dW0JOsjc9DFk4uPO-IhAAASG8gwQcZrCmTKYRaTy8PR-40L-zLMY34CHV0Zhtg0uglqrZl0sHxKTzc83LPhE7pNdtw=s0-d-e1-ft#https:\/\/info.focus-economics.com\/l\/871881\/2023-05-26\/nc3g3r\/871881\/1685085999OGnCV4fZ\/NL_26_May.png","type":"","width":"","height":""}],"author":"Sibel A\u011flamaz","twitter_card":"summary_large_image","twitter_creator":"@FocusEconomics","twitter_site":"@FocusEconomics","twitter_misc":{"Escrito por":"Sibel A\u011flamaz","Tiempo de lectura":"4 minutos"},"schema":{"@context":"https:\/\/schema.org","@graph":[{"@type":"Article","@id":"https:\/\/focus.s.nomatter.dev\/es\/blog\/when-will-asias-export-downturn-bottom-out\/#article","isPartOf":{"@id":"https:\/\/focus.s.nomatter.dev\/es\/blog\/when-will-asias-export-downturn-bottom-out\/"},"author":{"name":"Sibel A\u011flamaz","@id":"https:\/\/focus.s.nomatter.dev\/es\/#\/schema\/person\/74ccc4de3a3df5da86a5bd7d82f542bc"},"headline":"\u00bfCu\u00e1ndo tocar\u00e1 fondo la ca\u00edda de las exportaciones asi\u00e1ticas?","datePublished":"2023-05-29T09:07:18+00:00","dateModified":"2023-06-27T08:15:53+00:00","mainEntityOfPage":{"@id":"https:\/\/focus.s.nomatter.dev\/es\/blog\/when-will-asias-export-downturn-bottom-out\/"},"wordCount":673,"publisher":{"@id":"https:\/\/focus.s.nomatter.dev\/es\/#organization"},"image":{"@id":"https:\/\/focus.s.nomatter.dev\/es\/blog\/when-will-asias-export-downturn-bottom-out\/#primaryimage"},"thumbnailUrl":"https:\/\/ci6.googleusercontent.com\/proxy\/OFnBAShR3doc8hAJ7lqSMFjHtyUwXZ2GqDqyjA8wyyh6WlhPLKr8m9Ps-d0iLXEt1gL3dW0JOsjc9DFk4uPO-IhAAASG8gwQcZrCmTKYRaTy8PR-40L-zLMY34CHV0Zhtg0uglqrZl0sHxKTzc83LPhE7pNdtw=s0-d-e1-ft#https:\/\/info.focus-economics.com\/l\/871881\/2023-05-26\/nc3g3r\/871881\/1685085999OGnCV4fZ\/NL_26_May.png","keywords":["GDP","Asia","exports"],"articleSection":["Uncategorized"],"inLanguage":"es"},{"@type":"WebPage","@id":"https:\/\/focus.s.nomatter.dev\/es\/blog\/when-will-asias-export-downturn-bottom-out\/","url":"https:\/\/focus.s.nomatter.dev\/es\/blog\/when-will-asias-export-downturn-bottom-out\/","name":"\u00bfCu\u00e1ndo tocar\u00e1 fondo la ca\u00edda de las exportaciones asi\u00e1ticas? - FocusEconomics [ES]","isPartOf":{"@id":"https:\/\/focus.s.nomatter.dev\/es\/#website"},"primaryImageOfPage":{"@id":"https:\/\/focus.s.nomatter.dev\/es\/blog\/when-will-asias-export-downturn-bottom-out\/#primaryimage"},"image":{"@id":"https:\/\/focus.s.nomatter.dev\/es\/blog\/when-will-asias-export-downturn-bottom-out\/#primaryimage"},"thumbnailUrl":"https:\/\/ci6.googleusercontent.com\/proxy\/OFnBAShR3doc8hAJ7lqSMFjHtyUwXZ2GqDqyjA8wyyh6WlhPLKr8m9Ps-d0iLXEt1gL3dW0JOsjc9DFk4uPO-IhAAASG8gwQcZrCmTKYRaTy8PR-40L-zLMY34CHV0Zhtg0uglqrZl0sHxKTzc83LPhE7pNdtw=s0-d-e1-ft#https:\/\/info.focus-economics.com\/l\/871881\/2023-05-26\/nc3g3r\/871881\/1685085999OGnCV4fZ\/NL_26_May.png","datePublished":"2023-05-29T09:07:18+00:00","dateModified":"2023-06-27T08:15:53+00:00","breadcrumb":{"@id":"https:\/\/focus.s.nomatter.dev\/es\/blog\/when-will-asias-export-downturn-bottom-out\/#breadcrumb"},"inLanguage":"es","potentialAction":[{"@type":"ReadAction","target":["https:\/\/focus.s.nomatter.dev\/es\/blog\/when-will-asias-export-downturn-bottom-out\/"]}]},{"@type":"ImageObject","inLanguage":"es","@id":"https:\/\/focus.s.nomatter.dev\/es\/blog\/when-will-asias-export-downturn-bottom-out\/#primaryimage","url":"https:\/\/ci6.googleusercontent.com\/proxy\/OFnBAShR3doc8hAJ7lqSMFjHtyUwXZ2GqDqyjA8wyyh6WlhPLKr8m9Ps-d0iLXEt1gL3dW0JOsjc9DFk4uPO-IhAAASG8gwQcZrCmTKYRaTy8PR-40L-zLMY34CHV0Zhtg0uglqrZl0sHxKTzc83LPhE7pNdtw=s0-d-e1-ft#https:\/\/info.focus-economics.com\/l\/871881\/2023-05-26\/nc3g3r\/871881\/1685085999OGnCV4fZ\/NL_26_May.png","contentUrl":"https:\/\/ci6.googleusercontent.com\/proxy\/OFnBAShR3doc8hAJ7lqSMFjHtyUwXZ2GqDqyjA8wyyh6WlhPLKr8m9Ps-d0iLXEt1gL3dW0JOsjc9DFk4uPO-IhAAASG8gwQcZrCmTKYRaTy8PR-40L-zLMY34CHV0Zhtg0uglqrZl0sHxKTzc83LPhE7pNdtw=s0-d-e1-ft#https:\/\/info.focus-economics.com\/l\/871881\/2023-05-26\/nc3g3r\/871881\/1685085999OGnCV4fZ\/NL_26_May.png"},{"@type":"BreadcrumbList","@id":"https:\/\/focus.s.nomatter.dev\/es\/blog\/when-will-asias-export-downturn-bottom-out\/#breadcrumb","itemListElement":[{"@type":"ListItem","position":1,"name":"Home","item":"https:\/\/focus.s.nomatter.dev\/es\/"},{"@type":"ListItem","position":2,"name":"\u00bfCu\u00e1ndo tocar\u00e1 fondo la ca\u00edda de las exportaciones asi\u00e1ticas?"}]},{"@type":"WebSite","@id":"https:\/\/focus.s.nomatter.dev\/es\/#website","url":"https:\/\/focus.s.nomatter.dev\/es\/","name":"FocusEconomics","description":"Economic Indicators, News and Forecasts","publisher":{"@id":"https:\/\/focus.s.nomatter.dev\/es\/#organization"},"potentialAction":[{"@type":"SearchAction","target":{"@type":"EntryPoint","urlTemplate":"https:\/\/focus.s.nomatter.dev\/es\/search-results\/?global-search={search_term_string}"},"query-input":{"@type":"PropertyValueSpecification","valueRequired":true,"valueName":"search_term_string"}}],"inLanguage":"es"},{"@type":"Organization","@id":"https:\/\/focus.s.nomatter.dev\/es\/#organization","name":"FocusEconomics","url":"https:\/\/focus.s.nomatter.dev\/es\/","logo":{"@type":"ImageObject","inLanguage":"es","@id":"https:\/\/focus.s.nomatter.dev\/es\/#\/schema\/logo\/image\/","url":"https:\/\/focus-d7op8.kinsta.storage\/production\/uploads\/sites\/5\/2022\/08\/logo.svg","contentUrl":"https:\/\/focus-d7op8.kinsta.storage\/production\/uploads\/sites\/5\/2022\/08\/logo.svg","width":277,"height":54,"caption":"FocusEconomics"},"image":{"@id":"https:\/\/focus.s.nomatter.dev\/es\/#\/schema\/logo\/image\/"},"sameAs":["https:\/\/www.facebook.com\/FocusEconomics","https:\/\/x.com\/FocusEconomics"]},{"@type":"Person","@id":"https:\/\/focus.s.nomatter.dev\/es\/#\/schema\/person\/74ccc4de3a3df5da86a5bd7d82f542bc","name":"Sibel A\u011flamaz"}]}},"_links":{"self":[{"href":"https:\/\/focus.s.nomatter.dev\/es\/wp-json\/wp\/v2\/posts\/85475","targetHints":{"allow":["GET"]}}],"collection":[{"href":"https:\/\/focus.s.nomatter.dev\/es\/wp-json\/wp\/v2\/posts"}],"about":[{"href":"https:\/\/focus.s.nomatter.dev\/es\/wp-json\/wp\/v2\/types\/post"}],"author":[{"embeddable":true,"href":"https:\/\/focus.s.nomatter.dev\/es\/wp-json\/wp\/v2\/users\/7"}],"replies":[{"embeddable":true,"href":"https:\/\/focus.s.nomatter.dev\/es\/wp-json\/wp\/v2\/comments?post=85475"}],"version-history":[{"count":0,"href":"https:\/\/focus.s.nomatter.dev\/es\/wp-json\/wp\/v2\/posts\/85475\/revisions"}],"wp:attachment":[{"href":"https:\/\/focus.s.nomatter.dev\/es\/wp-json\/wp\/v2\/media?parent=85475"}],"wp:term":[{"taxonomy":"category","embeddable":true,"href":"https:\/\/focus.s.nomatter.dev\/es\/wp-json\/wp\/v2\/categories?post=85475"},{"taxonomy":"post_tag","embeddable":true,"href":"https:\/\/focus.s.nomatter.dev\/es\/wp-json\/wp\/v2\/tags?post=85475"}],"curies":[{"name":"wp","href":"https:\/\/api.w.org\/{rel}","templated":true}]}}